{"id":46797,"date":"2024-03-08T08:42:15","date_gmt":"2024-03-08T07:42:15","guid":{"rendered":"https:\/\/www.invarena.cz\/?p=46797"},"modified":"2024-03-08T08:42:16","modified_gmt":"2024-03-08T07:42:16","slug":"t-mobile-spousti-dorucovani-ve-vratnych-obalech-navazuje-na-uspesny-pilotni-projekt","status":"publish","type":"post","link":"https:\/\/www.invarena.cz\/?p=46797","title":{"rendered":"T-Mobile spou\u0161t\u00ed doru\u010dov\u00e1n\u00ed ve vratn\u00fdch obalech, navazuje na \u00fasp\u011b\u0161n\u00fd pilotn\u00ed projekt"},"content":{"rendered":"\n<p><strong>Od 7. b\u0159ezna T-Mobile doru\u010d\u00ed z\u00e1kazn\u00edk\u016fm z\u00e1silky z&nbsp;e-shopu ve vratn\u00fdch obalech. Navazuje tak na \u00fasp\u011b\u0161n\u00fd pilotn\u00ed projekt, kter\u00fd prob\u011bhl na podzim lo\u0148sk\u00e9ho roku. V&nbsp;prvn\u00ed f\u00e1zi budou vratn\u00e9 krabice vyu\u017eity pouze p\u0159i doru\u010den\u00ed kur\u00fdrem, pozd\u011bji se roz\u0161\u00ed\u0159\u00ed i na v\u00fddejn\u00ed m\u00edsta.<\/strong><\/p>\n\n\n\n<p>Pilotn\u00ed projekt, na n\u011bm\u017e si T-Mobile ov\u011b\u0159il vhodnost tohoto zp\u016fsobu balen\u00ed a doru\u010dov\u00e1n\u00ed sv\u00fdch z\u00e1silek, prob\u00edhal b\u011bhem z\u00e1\u0159\u00ed a \u0159\u00edjna minul\u00e9ho roku ve spolupr\u00e1ci se start-upem ReKrabice, kdy bylo \u010desk\u00fdm z\u00e1kazn\u00edk\u016fm doru\u010deno 2 484 objedn\u00e1vek. D\u00edky pozitivn\u00ed zp\u011btn\u00e9 vazb\u011b nyn\u00ed spou\u0161t\u00ed T-Mobile projekt naplno. <em>\u201eN\u00e1\u0161 z\u00e1kaznick\u00fd pr\u016fzkum uk\u00e1zal, \u017ee v\u00edce ne\u017e 95 % z\u00e1kazn\u00edk\u016f bylo z&nbsp;vratn\u00fdch obal\u016f nad\u0161eno a p\u0159es 80 % ocenilo tak\u00e9 mo\u017enost ihned ho vr\u00e1tit kur\u00fdrovi,\u201c<\/em> uv\u00e1d\u00ed <strong>Martin Zme\u0161kal, mana\u017eer retailov\u00e9 logistiky v&nbsp;T-Mobile<\/strong>.<\/p>\n\n\n\n<h2 class=\"wp-block-heading\">T\u0159i velikosti vratn\u00fdch obal\u016f<\/h2>\n\n\n\n<p>Pilotn\u00ed provoz prob\u00edhal ve stejn\u00e9 dob\u011b tak\u00e9 ve Slovak Telekomu s&nbsp;firmou Corplex, kter\u00e1 byla na z\u00e1klad\u011b zku\u0161enosti z&nbsp;pilotn\u00edho provozu vybr\u00e1na jako jednotn\u00fd v\u00fdrobce jak pro \u010cesko, tak pro Slovensko. Nab\u00eddne t\u0159i typy obal\u016f \u2013 men\u0161\u00ed na mobily a drobn\u00e1 za\u0159\u00edzen\u00ed, v\u011bt\u0161\u00ed na tablety \u010di chytr\u00e9 hodinky a pak tak\u00e9 ob\u00e1lky na SIM karty a dokumenty. To v\u0161e pro koncov\u00e9 i firemn\u00ed z\u00e1kazn\u00edky. Dodavatelem box\u016f pro \u010cesko je spole\u010dnost PJ Expedis zaji\u0161\u0165uj\u00edc\u00ed tak\u00e9 ve\u0161kerou logistiku a \u010di\u0161t\u011bn\u00ed krabic. V&nbsp;dal\u0161\u00ed f\u00e1zi projektu se doru\u010dov\u00e1n\u00ed roz\u0161\u00ed\u0159\u00ed i na v\u00fddejn\u00ed m\u00edsta.<\/p>\n\n\n\n<p>Doru\u010den\u00ed ve vratn\u00fdch krabic\u00edch prob\u011bhne obdobn\u011b jako v&nbsp;pilotn\u00edm projektu. Objedn\u00e1vka bude zabalena v&nbsp;centr\u00e1ln\u00edm skladu a opat\u0159ena speci\u00e1ln\u00ed bezpe\u010dnostn\u00ed p\u00e1skou, kter\u00e1 zaru\u010d\u00ed neporu\u0161enost bal\u00ed\u010dku. Unik\u00e1tn\u00ed je i zp\u016fsob p\u0159ed\u00e1n\u00ed, kdy si z\u00e1kazn\u00edk nejprve ov\u011b\u0159\u00ed, \u017ee je z\u00e1silka kompletn\u00ed, v&nbsp;po\u0159\u00e1dku a dost\u00e1v\u00e1 neporu\u0161en\u00e9 zbo\u017e\u00ed v&nbsp;origin\u00e1ln\u00edm balen\u00ed. Kur\u00fdr pak zajist\u00ed vr\u00e1cen\u00ed obalu zp\u011bt na sklad, kde je obal odborn\u011b vy\u010di\u0161t\u011bn, jsou z&nbsp;n\u011bj odstran\u011bny p\u0159epravn\u00ed \u0161t\u00edtky a je p\u0159ipraven k&nbsp;op\u011btovn\u00e9mu pou\u017eit\u00ed.<\/p>\n\n\n\n<h2 class=\"wp-block-heading\">Jednoduch\u00e1 recyklace<\/h2>\n\n\n\n<p>Vratn\u00e9 obaly jsou vyrobeny z&nbsp;materi\u00e1lu Akylux\u00ae, dutinkov\u00e9ho polypropyl\u00e9nov\u00e9ho archu a jejich \u017eivotnost je n\u011bkolik let. Po skon\u010den\u00ed \u017eivotn\u00edho cyklu krabice odkoup\u00ed zp\u011bt v\u00fdrobce, kter\u00fd zajist\u00ed jejich recyklaci ve vlastn\u00ed recykla\u010dn\u00ed lince. <em>\u201ePilotn\u00ed provoz n\u00e1m umo\u017enil odladit drobn\u00e9 nedostatky, kter\u00e9 se n\u00e1m poda\u0159ilo vy\u0159e\u0161it. Design obal\u016f umo\u017e\u0148uje bezpe\u010dn\u00e9 vnit\u0159n\u00ed uchycen\u00ed doru\u010dovan\u00e9ho zbo\u017e\u00ed, d\u00edky n\u011bmu\u017e nen\u00ed nutn\u00e9 p\u0159id\u00e1vat dal\u0161\u00ed v\u00fdpln\u011b a spot\u0159ebov\u00e1vat tak nadbyte\u010dn\u00fd obalov\u00fd materi\u00e1l,\u201c<\/em> uzav\u00edr\u00e1 <strong>Martin<\/strong> <strong>Zme\u0161kal<\/strong>.<\/p>\n\n\n\n<p>Zaveden\u00ed vratn\u00fdch obal\u016f je dal\u0161\u00edm krokem T-Mobilu ke klimatick\u00e9 neutralit\u011b, j\u00ed\u017e se spole\u010dnost zav\u00e1zala dos\u00e1hnout nejpozd\u011bji do roku 2040. Ji\u017e nyn\u00ed je 80 % z\u00e1silek doru\u010dov\u00e1no na v\u00fddejn\u00ed m\u00edsta a z\u00e1sobov\u00e1n\u00ed prodejen vyu\u017e\u00edv\u00e1 znovupou\u017eiteln\u00e9 obaly. Na \u00fazem\u00ed Prahy je doru\u010dov\u00e1n\u00ed z\u00e1silek koncov\u00fdm z\u00e1kazn\u00edk\u016fm, ale i z\u00e1sobov\u00e1n\u00ed prodejen a technik\u016f realizov\u00e1no elektrodod\u00e1vkami spole\u010dnosti PJ Expedis.<\/p>\n","protected":false},"excerpt":{"rendered":"<div class=\"mh-excerpt\"><p>Od 7. b\u0159ezna T-Mobile doru\u010d\u00ed z\u00e1kazn\u00edk\u016fm z\u00e1silky z&nbsp;e-shopu ve vratn\u00fdch obalech. Navazuje tak na \u00fasp\u011b\u0161n\u00fd pilotn\u00ed projekt, kter\u00fd prob\u011bhl na podzim lo\u0148sk\u00e9ho roku. V&nbsp;prvn\u00ed f\u00e1zi <a class=\"mh-excerpt-more\" href=\"https:\/\/www.invarena.cz\/?p=46797\" title=\"T-Mobile spou\u0161t\u00ed doru\u010dov\u00e1n\u00ed ve vratn\u00fdch obalech, navazuje na \u00fasp\u011b\u0161n\u00fd pilotn\u00ed projekt\">[&#8230;]<\/a><\/p>\n<\/div>","protected":false},"author":1,"featured_media":46798,"comment_status":"open","ping_status":"closed","sticky":false,"template":"","format":"standard","meta":{"footnotes":""},"categories":[9],"tags":[],"class_list":["post-46797","post","type-post","status-publish","format-standard","has-post-thumbnail","hentry","category-zpravy"],"_links":{"self":[{"href":"https:\/\/www.invarena.cz\/index.php?rest_route=\/wp\/v2\/posts\/46797","targetHints":{"allow":["GET"]}}],"collection":[{"href":"https:\/\/www.invarena.cz\/index.php?rest_route=\/wp\/v2\/posts"}],"about":[{"href":"https:\/\/www.invarena.cz\/index.php?rest_route=\/wp\/v2\/types\/post"}],"author":[{"embeddable":true,"href":"https:\/\/www.invarena.cz\/index.php?rest_route=\/wp\/v2\/users\/1"}],"replies":[{"embeddable":true,"href":"https:\/\/www.invarena.cz\/index.php?rest_route=%2Fwp%2Fv2%2Fcomments&post=46797"}],"version-history":[{"count":0,"href":"https:\/\/www.invarena.cz\/index.php?rest_route=\/wp\/v2\/posts\/46797\/revisions"}],"wp:featuredmedia":[{"embeddable":true,"href":"https:\/\/www.invarena.cz\/index.php?rest_route=\/wp\/v2\/media\/46798"}],"wp:attachment":[{"href":"https:\/\/www.invarena.cz\/index.php?rest_route=%2Fwp%2Fv2%2Fmedia&parent=46797"}],"wp:term":[{"taxonomy":"category","embeddable":true,"href":"https:\/\/www.invarena.cz\/index.php?rest_route=%2Fwp%2Fv2%2Fcategories&post=46797"},{"taxonomy":"post_tag","embeddable":true,"href":"https:\/\/www.invarena.cz\/index.php?rest_route=%2Fwp%2Fv2%2Ftags&post=46797"}],"curies":[{"name":"wp","href":"https:\/\/api.w.org\/{rel}","templated":true}]}}