{"id":46817,"date":"2024-03-08T09:56:02","date_gmt":"2024-03-08T08:56:02","guid":{"rendered":"https:\/\/www.invarena.cz\/?p=46817"},"modified":"2024-03-08T09:56:03","modified_gmt":"2024-03-08T08:56:03","slug":"napeti-kvuli-duchodove-reforme","status":"publish","type":"post","link":"https:\/\/www.invarena.cz\/?p=46817","title":{"rendered":"Nap\u011bt\u00ed kv\u016fli d\u016fchodov\u00e9 reform\u011b\u00a0\u00a0"},"content":{"rendered":"\n<p>Prima\u00a0&#8211; Hlavn\u00ed zpr\u00e1vy<br \/><br \/>Nap\u011bt\u00ed mezi vl\u00e1dou a nejsiln\u011bj\u0161\u00edm opozi\u010dn\u00edm hnut\u00edm kv\u016fli d\u016fchodov\u00e9 reform\u011b roste<br \/><br \/>Pot\u00e9, co si z\u00e1stupci opozice st\u011b\u017eovali, \u017ee s nimi kabinet zm\u011bny nekonzultuje, a vyhro\u017eovali reviz\u00ed v\u0161ech z\u00e1kon\u016f, pokud se dostanou do vl\u00e1dy, vlo\u017eil se do v\u011bci prezident Petr Pavel.<br \/><br \/>U\u017e v\u010dera jednal kv\u016fli d\u016fchod\u016fm pr\u00e1v\u011b se z\u00e1stupci hnut\u00ed ANO a dnes prohl\u00e1sil, \u017ee v\u011b\u0159\u00ed v dosa\u017een\u00ed kompromisu. No a pokud si na\u010dtete QR k\u00f3d z report\u00e1\u017ee, zjist\u00edte, jak vl\u00e1dn\u00ed reformu penz\u00ed hodnot\u00ed exprezident V\u00e1clav Klaus.<br \/><br \/>Alena Schillerov\u00e1, p\u0159edsedkyn\u011b poslaneck\u00e9ho klubu, m\u00edstop\u0159edsedkyn\u011b hnut\u00ed \/ANO\/<br \/>&#8212;&#8212;&#8212;&#8212;&#8212;&#8212;&#8211;<br \/>Zat\u00edm se s n\u00e1mi hr\u00e1la pouze fale\u0161n\u00e1 hra.<br \/><br \/>redaktorka<br \/>&#8212;&#8212;&#8212;&#8212;&#8212;&#8212;&#8211;<br \/>Opozice si st\u011b\u017euje, \u017ee s nimi vl\u00e1da nejedn\u00e1 o d\u016fchodov\u00e9 reform\u011b. A vyhro\u017euje, \u017ee a\u017e bude u vl\u00e1dy, zru\u0161\u00ed, co Fialova koalice stihne schv\u00e1lit. Nejv\u011bt\u0161\u00ed neshody mezi vl\u00e1dou a hnut\u00edm ANO panuj\u00ed okolo zvy\u0161ov\u00e1n\u00ed v\u011bku odchodu do d\u016fchodu a definice n\u00e1ro\u010dn\u00fdch profes\u00ed. Z\u00e1stupci vl\u00e1dy odr\u00e1\u017e\u00ed \u00fatok.<br \/><br \/>Marian Jure\u010dka, vicepremi\u00e9r,\u00a0<strong>ministr<\/strong>\u00a0<strong>pr\u00e1ce<\/strong>\u00a0a soci\u00e1ln\u00edch v\u011bc\u00ed, p\u0159edseda strany \/KDU-\u010cSL\/<br \/>&#8212;&#8212;&#8212;&#8212;&#8212;&#8212;&#8211;<br \/>J\u00e1 jsem p\u0159ipraven nejenom jednat, ale i do t\u00e9 d\u016fchodov\u00e9 reformy d\u00e1t n\u00e1vrhy ze strany opozice, ale mus\u00ed u\u017e kone\u010dn\u011b n\u011bjak\u00e9 p\u0159ij\u00edt. Kdy p\u0159ijdou ty n\u00e1vrhy?<br \/><br \/>Ale\u0161 Juchelka, m\u00edstop\u0159edseda poslaneck\u00e9ho klubu \/ANO\/<br \/>&#8212;&#8212;&#8212;&#8212;&#8212;&#8212;&#8211;<br \/>Ty n\u00e1vrhy samoz\u0159ejm\u011b p\u0159ich\u00e1zej\u00ed. My jsme ud\u011blali n\u011bkolik pozm\u011b\u0148ovac\u00edch n\u00e1vrh\u016f u druh\u00e9 vlny, nap\u0159\u00edklad, kdy\u017e se se\u0161n\u011brov\u00e1valy p\u0159ed\u010dasn\u00e9 d\u016fchody.<br \/><br \/>, redaktorka<br \/>&#8212;&#8212;&#8212;&#8212;&#8212;&#8212;&#8211;<br \/>Vl\u00e1da tvrd\u00ed, \u017ee bez zm\u011bn v d\u016fchodov\u00e9m syst\u00e9mu nebude na penze dost pen\u011bz. Do vyjedn\u00e1v\u00e1n\u00ed se vlo\u017eil prezident a varoval, aby se u tak d\u016fle\u017eit\u00e9 a dlouhodob\u00e9 v\u011bci, jako jsou d\u016fchody, neschvalovalo n\u011bco, co p\u0159\u00ed\u0161t\u00ed vl\u00e1da zru\u0161\u00ed.<br \/><br \/>Petr Pavel, prezident republiky<br \/>&#8212;&#8212;&#8212;&#8212;&#8212;&#8212;&#8211;<br \/>J\u00e1 jsem m\u011bl v\u010dera z toho jedn\u00e1n\u00ed se z\u00e1stupci hnut\u00ed ANO pocit, \u017ee prostor pro debatu tady je\u0161t\u011b je, kr\u00e1tce p\u0159ed t\u00edm jsem jednal s ministrem Jure\u010dkou.<br \/><br \/>, redaktorka<br \/>&#8212;&#8212;&#8212;&#8212;&#8212;&#8212;&#8211;<br \/>Sch\u016fzka mezi z\u00e1stupci vl\u00e1dy a opozice by podle prezidenta m\u011bla b\u00fdt svol\u00e1na v nejbli\u017e\u0161\u00edch dnech.<br \/><br \/>Miroslav Singer (hlavn\u00ed ekonom spole\u010dnosti Generali CEE Holding, b\u00fdval\u00fd guvern\u00e9r \u010cNB) ,<br \/>&#8212;&#8212;&#8212;&#8212;&#8212;&#8212;&#8211;<br \/>Ta reforma se prost\u011b p\u0159ipravuje stra\u0161n\u011b pozd\u011b. My jsme v z\u00e1sad\u011b v posledn\u00edm roce a n\u011bco existence t\u00e9to vl\u00e1dy a ona najednou jako m\u00e1 d\u016fchodovou reformu. Mn\u011b to p\u0159ipadne tro\u0161ku neuv\u011b\u0159iteln\u00fd.<br \/><br \/>, redaktorka<br \/>&#8212;&#8212;&#8212;&#8212;&#8212;&#8212;&#8211;<br \/>Podle n\u011bkdej\u0161\u00edho guvern\u00e9ra centr\u00e1ln\u00ed banky to znamen\u00e1, \u017ee vl\u00e1da chce reformu d\u016fchod\u016f m\u00edt jako jedno z hlavn\u00edch t\u00e9mat p\u0159\u00ed\u0161t\u00edch parlamentn\u00edch voleb. <\/p>\n\n\n\n<p>CNN Prima News.<\/p>\n\n\n\n<p><\/p>\n","protected":false},"excerpt":{"rendered":"<div class=\"mh-excerpt\"><p>Prima\u00a0&#8211; Hlavn\u00ed zpr\u00e1vy Nap\u011bt\u00ed mezi vl\u00e1dou a nejsiln\u011bj\u0161\u00edm opozi\u010dn\u00edm hnut\u00edm kv\u016fli d\u016fchodov\u00e9 reform\u011b roste Pot\u00e9, co si z\u00e1stupci opozice st\u011b\u017eovali, \u017ee s nimi kabinet zm\u011bny <a class=\"mh-excerpt-more\" href=\"https:\/\/www.invarena.cz\/?p=46817\" title=\"Nap\u011bt\u00ed kv\u016fli d\u016fchodov\u00e9 reform\u011b\u00a0\u00a0\">[&#8230;]<\/a><\/p>\n<\/div>","protected":false},"author":1,"featured_media":18700,"comment_status":"open","ping_status":"closed","sticky":false,"template":"","format":"standard","meta":{"footnotes":""},"categories":[6],"tags":[],"class_list":["post-46817","post","type-post","status-publish","format-standard","has-post-thumbnail","hentry","category-politika"],"_links":{"self":[{"href":"https:\/\/www.invarena.cz\/index.php?rest_route=\/wp\/v2\/posts\/46817","targetHints":{"allow":["GET"]}}],"collection":[{"href":"https:\/\/www.invarena.cz\/index.php?rest_route=\/wp\/v2\/posts"}],"about":[{"href":"https:\/\/www.invarena.cz\/index.php?rest_route=\/wp\/v2\/types\/post"}],"author":[{"embeddable":true,"href":"https:\/\/www.invarena.cz\/index.php?rest_route=\/wp\/v2\/users\/1"}],"replies":[{"embeddable":true,"href":"https:\/\/www.invarena.cz\/index.php?rest_route=%2Fwp%2Fv2%2Fcomments&post=46817"}],"version-history":[{"count":0,"href":"https:\/\/www.invarena.cz\/index.php?rest_route=\/wp\/v2\/posts\/46817\/revisions"}],"wp:featuredmedia":[{"embeddable":true,"href":"https:\/\/www.invarena.cz\/index.php?rest_route=\/wp\/v2\/media\/18700"}],"wp:attachment":[{"href":"https:\/\/www.invarena.cz\/index.php?rest_route=%2Fwp%2Fv2%2Fmedia&parent=46817"}],"wp:term":[{"taxonomy":"category","embeddable":true,"href":"https:\/\/www.invarena.cz\/index.php?rest_route=%2Fwp%2Fv2%2Fcategories&post=46817"},{"taxonomy":"post_tag","embeddable":true,"href":"https:\/\/www.invarena.cz\/index.php?rest_route=%2Fwp%2Fv2%2Ftags&post=46817"}],"curies":[{"name":"wp","href":"https:\/\/api.w.org\/{rel}","templated":true}]}}