{"id":46868,"date":"2024-03-10T08:22:07","date_gmt":"2024-03-10T07:22:07","guid":{"rendered":"https:\/\/www.invarena.cz\/?p=46868"},"modified":"2024-03-10T08:22:08","modified_gmt":"2024-03-10T07:22:08","slug":"jak-dlouho-trva-nez-se-chovani-kastrovaneho-psa-zmeni","status":"publish","type":"post","link":"https:\/\/www.invarena.cz\/?p=46868","title":{"rendered":"Jak dlouho trv\u00e1, ne\u017e se chov\u00e1n\u00ed kastrovan\u00e9ho psa zm\u011bn\u00ed?"},"content":{"rendered":"\n<p>Jak dlouho trv\u00e1, ne\u017e se chov\u00e1n\u00ed kastrovan\u00e9ho psa zm\u011bn\u00ed? Dva dny. M\u00e9mu psovi dva dny, ne\u017e se po kastraci \u00fapln\u011b zm\u011bnil. Kdysi d\u00e1vno jsme s man\u017eelem adoptovali nov\u00e9ho, ale star\u0161\u00edho rotvajlera. P\u0159i\u0161li k n\u00e1m dva v p\u011bti a osmi letech. Oba samci. Star\u0161\u00ed z nich, Rowdy, nebyl vykastrov\u00e1n a byl do zna\u010dn\u00e9 m\u00edry alfa. Jedin\u00e9, co musel d\u011blat, bylo z\u0159ejm\u011b st\u00e1t a vypadat sebev\u011bdom\u011b. Okam\u017eit\u011b si vynucoval respekt a odstup. <\/p>\n\n\n\n<p>Asi po t\u0159ech nebo \u010dty\u0159ech letech se u psa objevil probl\u00e9m s prostatou. Vyt\u00e9kala z n\u011bj p\u0159\u00ed\u0161ern\u00e1 zelen\u00e1 tekutina a byl neuv\u011b\u0159iteln\u011b nep\u0159\u00edjemn\u00fd. Veterin\u00e1\u0159 doporu\u010dil nechat ho vykastrovat, aby dal mo\u010den\u00ed v\u00edce prostoru. (Tomu jsem fandila, proto\u017ee jsem ho cht\u011bla nechat vykastrovat u\u017e dlouho.) <\/p>\n\n\n\n<p>Rowdy p\u0159istoupil k operaci, p\u0159i kter\u00e9 byla odstran\u011bna prostata, a v\u0161e o\u010dividn\u011b \u0161lo dob\u0159e. M\u016fj man\u017eel ho vyzvedl na cest\u011b dom\u016f z pr\u00e1ce. Byl to bezprobl\u00e9mov\u00fd p\u0159evoz. Kdy\u017e se vr\u00e1tili dom\u016f, star\u0161\u00ed pes \u0161el trochu opatrn\u011b a v\u00e1hav\u011b. Kdy\u017e se poprv\u00e9 posadil, v\u011bd\u011bl, \u017ee jsou v\u011bci \u201e\u0161patn\u011b\u201c, ale nebyl si zcela jist\u00fd pro\u010d. <\/p>\n\n\n\n<p>B\u011bhem dvou dn\u016f se z m\u00e9ho velmi sebev\u011bdom\u00e9ho psa stal mamin\u010din kluk a gau\u010dov\u00fd povale\u010d. D\u0159\u00edve psi nebyli moc uvnit\u0159 ani nesm\u011bli na n\u00e1bytek, gau\u010de, k\u0159esla. M\u016fj uboh\u00fd mal\u00fd pes (p\u0159es 140 liber) ztratil sv\u016fj machismus a chu\u0165 br\u00e1nit d\u016fm. <\/p>\n\n\n\n<p>Pokud jste dost sta\u0159\u00ed, abyste si pamatovali Married with Children z 90. let, m\u016fj pes se prom\u011bnil v Peg Bundy. Kdy\u017e le\u017eel na pohovce, cht\u011bl vychlazen\u00fd drink. B\u011bhem roku p\u0159ibral asi 12 kilo a nemohl se naba\u017eit toho, \u017ee ho lidi \u0161kr\u00e1bou a zbo\u017e\u0148uj\u00ed. Mlad\u0161\u00ed ze ps\u016f byl v ml\u00e1d\u00ed vykastrov\u00e1n a \u010dekal, a\u017e na n\u011bj p\u0159ijde \u0159ada a stane se alfou. Ve sv\u00e9m &#8222;m\u011bste\u010dk&#8220; jsme nyn\u00ed m\u011bli nov\u00e9ho \u0161erifa. Oba psi si vym\u011bnili pozice v po\u0159ad\u00ed, vym\u011bnili si role. Mysl\u00edm, \u017ee Rowdymu se vlastn\u011b ulevilo, \u017ee u\u017e nemus\u00ed po\u0159\u00e1d br\u00e1nit sv\u00e9 lidi a tr\u00e1vn\u00edk.<a href=\"https:\/\/www.quora.com\/profile\/Lisa-Dooley-Fisk\" target=\"_blank\" rel=\"noreferrer noopener\"><\/a><\/p>\n\n\n\n<p>Lisa Dooley Fisk<\/p>\n\n\n\n<p>Desert Southwest<\/p>\n\n\n\n<p><\/p>\n","protected":false},"excerpt":{"rendered":"<div class=\"mh-excerpt\"><p>Jak dlouho trv\u00e1, ne\u017e se chov\u00e1n\u00ed kastrovan\u00e9ho psa zm\u011bn\u00ed? Dva dny. M\u00e9mu psovi dva dny, ne\u017e se po kastraci \u00fapln\u011b zm\u011bnil. Kdysi d\u00e1vno jsme s <a class=\"mh-excerpt-more\" href=\"https:\/\/www.invarena.cz\/?p=46868\" title=\"Jak dlouho trv\u00e1, ne\u017e se chov\u00e1n\u00ed kastrovan\u00e9ho psa zm\u011bn\u00ed?\">[&#8230;]<\/a><\/p>\n<\/div>","protected":false},"author":1,"featured_media":46871,"comment_status":"open","ping_status":"closed","sticky":false,"template":"","format":"standard","meta":{"footnotes":""},"categories":[4],"tags":[],"class_list":["post-46868","post","type-post","status-publish","format-standard","has-post-thumbnail","hentry","category-nazory"],"_links":{"self":[{"href":"https:\/\/www.invarena.cz\/index.php?rest_route=\/wp\/v2\/posts\/46868","targetHints":{"allow":["GET"]}}],"collection":[{"href":"https:\/\/www.invarena.cz\/index.php?rest_route=\/wp\/v2\/posts"}],"about":[{"href":"https:\/\/www.invarena.cz\/index.php?rest_route=\/wp\/v2\/types\/post"}],"author":[{"embeddable":true,"href":"https:\/\/www.invarena.cz\/index.php?rest_route=\/wp\/v2\/users\/1"}],"replies":[{"embeddable":true,"href":"https:\/\/www.invarena.cz\/index.php?rest_route=%2Fwp%2Fv2%2Fcomments&post=46868"}],"version-history":[{"count":0,"href":"https:\/\/www.invarena.cz\/index.php?rest_route=\/wp\/v2\/posts\/46868\/revisions"}],"wp:featuredmedia":[{"embeddable":true,"href":"https:\/\/www.invarena.cz\/index.php?rest_route=\/wp\/v2\/media\/46871"}],"wp:attachment":[{"href":"https:\/\/www.invarena.cz\/index.php?rest_route=%2Fwp%2Fv2%2Fmedia&parent=46868"}],"wp:term":[{"taxonomy":"category","embeddable":true,"href":"https:\/\/www.invarena.cz\/index.php?rest_route=%2Fwp%2Fv2%2Fcategories&post=46868"},{"taxonomy":"post_tag","embeddable":true,"href":"https:\/\/www.invarena.cz\/index.php?rest_route=%2Fwp%2Fv2%2Ftags&post=46868"}],"curies":[{"name":"wp","href":"https:\/\/api.w.org\/{rel}","templated":true}]}}