{"id":46896,"date":"2024-03-11T03:58:00","date_gmt":"2024-03-11T02:58:00","guid":{"rendered":"https:\/\/www.invarena.cz\/?p=46896"},"modified":"2024-03-11T05:59:08","modified_gmt":"2024-03-11T04:59:08","slug":"nove-prostory-pro-klienty-barevnych-domu","status":"publish","type":"post","link":"https:\/\/www.invarena.cz\/?p=46896","title":{"rendered":"Nov\u00e9 prostory pro klienty Barevn\u00fdch dom\u016f\u00a0\u00a0"},"content":{"rendered":"\n<p>\u00a0\u010cT 1<\/p>\n\n\n\n<p><br \/>V Hanici na Trutnovsku se otev\u0159ely nov\u00e9 modern\u00ed prostory pro klienty organizace barevn\u00e9 domky. Ta poskytuje soci\u00e1ln\u00ed slu\u017eby lidem s ment\u00e1ln\u00edm anebo jin\u00fdm druhem\u00a0<strong>posti\u017een\u00ed<\/strong>. Kr\u00e1lov\u00e9hradeck\u00fd kraj investoval do nov\u00e9 budovy 130 000 000.<br \/><br \/>Veronika KA\u0160PAROV\u00c1, redaktorka<br \/>&#8212;&#8212;&#8212;&#8212;&#8212;&#8212;&#8211;<br \/>Z\u00e1v\u011bsn\u00fd syst\u00e9m po cel\u00e9 budov\u011b, prostorn\u00e9 pokoje s vlastn\u00edm vstupem na terasu a koupelnou nebo ordinace l\u00e9ka\u0159e. Barevn\u00e9 domky v Hajnici maj\u00ed novou budovu.<br \/><br \/>Lucie \u0160t\u00edhlov\u00e1, soci\u00e1ln\u00ed pracovnice<br \/>&#8212;&#8212;&#8212;&#8212;&#8212;&#8212;&#8211;<br \/>Pomoc\u00ed vlastn\u011b t\u011bchhle t\u011bch li\u0161t si s t\u00edm klientem popojedeme, kam pot\u0159ebujeme.<br \/><br \/>Lucie SKALKOV\u00c1, \u0159editelka, Baren\u00e9 doky Hajice<br \/>&#8212;&#8212;&#8212;&#8212;&#8212;&#8212;&#8211;<br \/>Na\u0161\u00ed viz\u00ed nov\u00e9 budovy bylo, abysme vlastn\u011b co nejv\u00edce se p\u0159ibl\u00ed\u017eili b\u011b\u017en\u00e9 vlastn\u011b dom\u00e1cnosti a za druh\u00e9, abysme uzp\u016fsobili vlastn\u011b nebo uleh\u010dili pr\u00e1ci asistent\u016fm.<br \/><br \/> redaktorka<br \/>&#8212;&#8212;&#8212;&#8212;&#8212;&#8212;&#8211;<br \/>36 klient\u016f s ment\u00e1ln\u00edm nebo kombinovan\u00fdm handicapem se p\u0159est\u011bhuje z p\u016fvodn\u00ed hlavn\u00ed budovy, kter\u00e1 u\u017e je nevyhovuj\u00edc\u00ed.<br \/><br \/>uk\u00e1zka<br \/>&#8212;&#8212;&#8212;&#8212;&#8212;&#8212;&#8211;<br \/>M\u016f\u017eete vid\u011bt, \u017ee vlastn\u011b ten pokoj je st\u00edsn\u011bn\u00fd, u\u017e vlastn\u011b to soci\u00e1ln\u00ed z\u00e1zem\u00ed by se sem ani neve\u0161lo, tak\u017ee vlastn\u011b klient mus\u00ed doch\u00e1zet vlastn\u011b p\u0159es chodbu, tak\u017ee tam to pro n\u00e1s bude vlastn\u011b velk\u00fd plus.<br \/><br \/>Lucie \u0161TRI\u0147OV\u00c1, st\u00e1tn\u00ed pracovnice<br \/>&#8212;&#8212;&#8212;&#8212;&#8212;&#8212;&#8211;<br \/>Tohle u\u017e jsou novinky, \u017ee je to r\u016fzn\u011b vylep\u0161en\u00fd, maj\u00ed t\u0159eba vlastn\u011b tu sprchu po obou stran\u00e1ch, co\u017e je velk\u00e1 v\u00fdhoda. Nov\u00e9 prostory nab\u00edz\u00ed tak\u00e9 nov\u00e9 mo\u017enosti, t\u0159eba d\u00edky t\u00e9to kuchyni se sami klienti budou moci zapojit do p\u0159\u00edpravy j\u00eddel.<br \/><br \/> redaktorka<br \/>&#8212;&#8212;&#8212;&#8212;&#8212;&#8212;&#8211;<br \/>Tady vlastn\u011b v tom nov\u00e9m objektu u\u017e budou vlastn\u011b takov\u00e9 jakoby komunitn\u00ed dom\u00e1cnosti.<br \/><br \/>Lucie \u0161TRI\u0147OV\u00c1, st\u00e1tn\u00ed pracovnice<br \/>&#8212;&#8212;&#8212;&#8212;&#8212;&#8212;&#8211;<br \/>Kr\u00e1lov\u00e9hradeck\u00fd kraj chce zrekonstruovat i p\u016fvodn\u00ed budovu, na kterou m\u00e1 hotov\u00fd projekt. Pr\u00e1ce by m\u011bly za\u010d\u00edt letos v kv\u011btnu. Veronika Ka\u0161parov\u00e1, \u010cesk\u00e1 televize, Hajnice.<br \/><br \/>moder\u00e1torka<br \/>&#8212;&#8212;&#8212;&#8212;&#8212;&#8212;&#8211;<br \/>Ano, i takhle p\u0159ed za\u010d\u00e1tkem rann\u00edho vyu\u010dov\u00e1n\u00ed v p\u0159\u00edrod\u011b b\u011bhaj\u00ed a cvi\u010d\u00ed \u0161kol\u00e1ci z \u010cist\u00e9 u Horek na Petra Semilsku. Barbora. Teprve potom usedaj\u00ed do lavic, i kdy\u017e je pro n\u011b tahle dobrovoln\u00e1.<br \/><br \/>redaktor \u010cT<br \/>&#8212;&#8212;&#8212;&#8212;&#8212;&#8212;&#8211;<br \/>Museli si p\u0159ivstat kv\u016fli p\u0159edm\u011btu, kter\u00fd v osnov\u00e1ch nen\u00ed, samy d\u011bti s u\u010ditelkami si ho vymyslely.<br \/><br \/>\u017eena<br \/>&#8212;&#8212;&#8212;&#8212;&#8212;&#8212;&#8211;<br \/>B\u011bh kolem \u010dist\u00fdch Horek asi 1 km.<br \/><br \/>redaktor \u010cT<br \/>&#8212;&#8212;&#8212;&#8212;&#8212;&#8212;&#8211;<br \/>Eli\u00e1\u0161i, pros\u00edm, spo\u010d\u00edtej v\u0161echny \u00fa\u010dastn\u00edky toho b\u011bhu.<br \/><br \/>mu\u017e<br \/>&#8212;&#8212;&#8212;&#8212;&#8212;&#8212;&#8211;<br \/>36. Dokonce te\u010fka tam je\u0161t\u011b jeden kluk p\u0159i\u0161el, tak\u017ee rekord, je to rekord.<br \/><br \/>redaktor \u010cT<br \/>&#8212;&#8212;&#8212;&#8212;&#8212;&#8212;&#8211;<br \/>7 hodin 35 minut, do za\u010d\u00e1tku v\u00fduky chyb\u00ed p\u016fl hodiny. Jdeme, odch\u00e1z\u00edme.36 d\u011bt\u00ed vyr\u00e1\u017e\u00ed do p\u0159\u00edrody, za\u010d\u00ednaj\u00ed rozcvi\u010dkou.<br \/><br \/>mu\u017e<br \/>&#8212;&#8212;&#8212;&#8212;&#8212;&#8212;&#8211;<br \/>Hlava do strany a co nejv\u00edc dol\u016f. Hlava ke kolen\u016fm.<br \/><br \/>redaktor \u010cT<br \/>&#8212;&#8212;&#8212;&#8212;&#8212;&#8212;&#8211;<br \/>Nep\u0159ehnal z toho dnes.<br \/><br \/>Gabriel KUB\u00cdK, \u017d\u00c1K<br \/>&#8212;&#8212;&#8212;&#8212;&#8212;&#8212;&#8211;<br \/>Tri\u010dko. No jo, mn\u011b u\u017e nen\u00ed zima, j\u00e1 kdy\u017e chod\u00edm tri\u010dku cel\u00fd rok. J\u00e1 si mysl\u00edm, \u017ee n\u00e1m to tak rozpumpuje tu krev a beztak sed\u00edte celej den v t\u00e9 lavici, tak\u017ee aspo\u0148 se r\u00e1no takhle rozjedete.<br \/><br \/>redaktor \u010cT<br \/>&#8212;&#8212;&#8212;&#8212;&#8212;&#8212;&#8211;<br \/>Kdy\u017e n\u011bkdo nest\u00edh\u00e1, voln\u011b kr\u00e1\u010d\u00ed za spolu\u017e\u00e1ky.P\u016flhodinu pro zdrav\u00ed si \u0161kol\u00e1ci z \u010cist\u00e9 u Horek p\u0159id\u00e1vaj\u00ed do rozvrhu nav\u00edc ka\u017ed\u00e9 pond\u011bl\u00ed, st\u0159edu a p\u00e1tek.<br \/><br \/>Igor DVO\u0158\u00c1K, \u0159editel Z\u0160 \u010c\u00e1sllavsk\u00e1<br \/>&#8212;&#8212;&#8212;&#8212;&#8212;&#8212;&#8211;<br \/>Proberou se a pak maj\u00ed jako lep\u0161\u00ed v\u00fdsledky ve \u0161kole.<br \/><br \/>Sylvia p\u0159edsedkyn\u011b,<br \/>&#8212;&#8212;&#8212;&#8212;&#8212;&#8212;&#8211;<br \/>Je to v\u00fdborn\u00fd n\u00e1pad, povede to ke zlep\u0161en\u00ed fyzick\u00e9 kondice. Ur\u010dit\u011b se zlep\u0161\u00ed pozornost d\u011bt\u00ed a jejich vn\u00edmavost v\u016f\u010di vyu\u010dovan\u00e9.<br \/><br \/> redaktor \u010cT<br \/>&#8212;&#8212;&#8212;&#8212;&#8212;&#8212;&#8211;<br \/>Za 20 \u010dasn\u00fdch bud\u00ed\u010dk\u016f p\u0159ijde odm\u011bna. <\/p>\n","protected":false},"excerpt":{"rendered":"<div class=\"mh-excerpt\"><p>\u00a0\u010cT 1 V Hanici na Trutnovsku se otev\u0159ely nov\u00e9 modern\u00ed prostory pro klienty organizace barevn\u00e9 domky. Ta poskytuje soci\u00e1ln\u00ed slu\u017eby lidem s ment\u00e1ln\u00edm anebo jin\u00fdm <a class=\"mh-excerpt-more\" href=\"https:\/\/www.invarena.cz\/?p=46896\" title=\"Nov\u00e9 prostory pro klienty Barevn\u00fdch dom\u016f\u00a0\u00a0\">[&#8230;]<\/a><\/p>\n<\/div>","protected":false},"author":1,"featured_media":22016,"comment_status":"open","ping_status":"closed","sticky":false,"template":"","format":"standard","meta":{"footnotes":""},"categories":[7],"tags":[],"class_list":["post-46896","post","type-post","status-publish","format-standard","has-post-thumbnail","hentry","category-spolecnost"],"_links":{"self":[{"href":"https:\/\/www.invarena.cz\/index.php?rest_route=\/wp\/v2\/posts\/46896","targetHints":{"allow":["GET"]}}],"collection":[{"href":"https:\/\/www.invarena.cz\/index.php?rest_route=\/wp\/v2\/posts"}],"about":[{"href":"https:\/\/www.invarena.cz\/index.php?rest_route=\/wp\/v2\/types\/post"}],"author":[{"embeddable":true,"href":"https:\/\/www.invarena.cz\/index.php?rest_route=\/wp\/v2\/users\/1"}],"replies":[{"embeddable":true,"href":"https:\/\/www.invarena.cz\/index.php?rest_route=%2Fwp%2Fv2%2Fcomments&post=46896"}],"version-history":[{"count":0,"href":"https:\/\/www.invarena.cz\/index.php?rest_route=\/wp\/v2\/posts\/46896\/revisions"}],"wp:featuredmedia":[{"embeddable":true,"href":"https:\/\/www.invarena.cz\/index.php?rest_route=\/wp\/v2\/media\/22016"}],"wp:attachment":[{"href":"https:\/\/www.invarena.cz\/index.php?rest_route=%2Fwp%2Fv2%2Fmedia&parent=46896"}],"wp:term":[{"taxonomy":"category","embeddable":true,"href":"https:\/\/www.invarena.cz\/index.php?rest_route=%2Fwp%2Fv2%2Fcategories&post=46896"},{"taxonomy":"post_tag","embeddable":true,"href":"https:\/\/www.invarena.cz\/index.php?rest_route=%2Fwp%2Fv2%2Ftags&post=46896"}],"curies":[{"name":"wp","href":"https:\/\/api.w.org\/{rel}","templated":true}]}}