{"id":46927,"date":"2024-03-11T15:49:12","date_gmt":"2024-03-11T14:49:12","guid":{"rendered":"https:\/\/www.invarena.cz\/?p=46927"},"modified":"2024-03-11T15:49:13","modified_gmt":"2024-03-11T14:49:13","slug":"od-padu-z-balkonu-k-athenske-medaili-handicapovany-sperk-diky-sportu-si-verim","status":"publish","type":"post","link":"https:\/\/www.invarena.cz\/?p=46927","title":{"rendered":"Od p\u00e1du z balkonu k ath\u00e9nsk\u00e9 medaili. Handicapovan\u00fd \u0160perk: D\u00edky sportu si v\u011b\u0159\u00edm"},"content":{"rendered":"\n<p>Kdy\u017e mu bylo \u0161estn\u00e1ct, mladick\u00e1 nerozv\u00e1\u017enost, jak s\u00e1m naz\u00fdv\u00e1 p\u0159\u00ed\u010dinu sv\u00e9ho \u00farazu, ho posadila na voz\u00edk. Miroslavu \u0160perkovi trvalo, ne\u017e zase na\u0161el ztracen\u00e9 sebev\u011bdom\u00ed. Nakonec se mu to poda\u0159ilo d\u00edky sportu. Dnes m\u00e1 dev\u011btat\u0159icetilet\u00fd sportovec ve sb\u00edrce \u0159adu \u00fasp\u011bch\u016f a nav\u00edc pom\u00e1h\u00e1 t\u011bm, kter\u00e9 potkal podobn\u00fd osud.<\/p>\n\n\n\n<p>\u201eV roce 2000 se mi stal \u00faraz p\u00e1dem z v\u00fd\u0161ky, kdy\u017e jsem lezl po balkonech a d\u011blal klasick\u00e9 mladick\u00e9 nerozv\u00e1\u017enosti. Spadl jsem z p\u011bti nebo \u0161esti metr\u016f na z\u00e1da a pohmo\u017edil si dva obratle v hrudn\u00ed oblasti, Th11 a Th12, s n\u00e1slednou takzvanou chabou paraplegi\u00ed, co\u017e znamen\u00e1, \u017ee jsem od pasu ochrnut\u00fd tak na devades\u00e1t procent,\u201c ohl\u00ed\u017e\u00ed se Miroslav \u0160perk po \u010dty\u0159iadvaceti letech za chv\u00edlemi, kter\u00e9 jej ve velmi mlad\u00e9m v\u011bku potkaly.<\/p>\n\n\n\n<p>T\u0159i t\u00fddny str\u00e1vil v nemocnici, pak ho \u010dekal pobyt v rehabilita\u010dn\u00edm centru v Ko\u0161umberku. \u201eNejt\u011b\u017e\u0161\u00ed nebylo to, \u017ee \u010dlov\u011bk najednou nechodil, ale sp\u00ed\u0161 \u017ee se musel znovu nau\u010dit sob\u011bsta\u010dnosti. S t\u00edm jsem n\u011bjakou dobu bojoval,\u201c p\u0159izn\u00e1v\u00e1.<\/p>\n\n\n\n<p>P\u016fl roku trvalo, ne\u017e se dostal dom\u016f. M\u00edsto aby mu to ale pomohlo, v\u0161echno na n\u011bj padlo. \u201eV rehabili\u0165\u00e1ku to \u010dlov\u011bk tolik nevn\u00edmal, proto\u017ee tam byl mezi lidmi se stejn\u00fdmi probl\u00e9my. Doma ne,\u201c vysv\u011btluje s t\u00edm, \u017ee zat\u00edm ani nechodil do \u0161koly kv\u016fli bari\u00e9rovosti budovy.<\/p>\n\n\n\n<p>Zlom p\u0159i\u0161el d\u00edky Miroslavovu tat\u00ednkovi, kter\u00fd b\u00fdval atletem, v\u011bnoval se hodu diskem. \u201eJednoho dne m\u011b vzal ven a \u0159ekl, \u017ee to zkus\u00edme. J\u00e1 jsem v t\u00e9 dob\u011b ani nev\u011bd\u011bl, pro\u010d to d\u011bl\u00e1m, ale poslechl jsem a \u0161el h\u00e1zet,\u201c popisuje sv\u00e9 prvn\u00ed paraatletick\u00e9 zku\u0161enosti.<\/p>\n\n\n\n<p>Kl\u00ed\u010dov\u00e9 sezn\u00e1men\u00ed<\/p>\n\n\n\n<p>P\u0159i dal\u0161\u00edm pobytu v rehabilita\u010dn\u00edm centru se se sv\u00fdmi pokusy sezn\u00e1mit se s diskem sv\u011b\u0159il prim\u00e1\u0159ce Frant\u00e1lov\u00e9, pozd\u011bj\u0161\u00ed man\u017eelce \u010desk\u00e9ho paralympionika Vojt\u011bcha Va\u0161\u00ed\u010dka, kter\u00fd m\u00e1 zlatou paralympijskou medaili z p\u011btiboje v Barcelon\u011b.<\/p>\n\n\n\n<p>D\u00edky tomu z\u00edskal \u0160perk kontakt na \u0160tefana Danka, paralympijsk\u00e9ho \u0161ampiona v hodu o\u0161t\u011bpem ze Sydney. A pak u\u017e to \u0161lo r\u00e1z na r\u00e1z. Danko domluvil mlad\u00e9mu sportovci soust\u0159ed\u011bn\u00ed nov\u00e1\u010dk\u016f v Nov\u00e9m M\u011bst\u011b nad Metuj\u00ed, kde se sezn\u00e1mil s jedn\u00edm z nej\u00fasp\u011b\u0161n\u011bj\u0161\u00edch \u010desk\u00fdch paralympionik\u016f Martinem N\u011bmcem.<\/p>\n\n\n\n<p>\u201eOkam\u017eit\u011b jsem si v\u0161iml Martina N\u011bmce, jak sed\u00ed na vrha\u010dsk\u00e9 koze a h\u00e1z\u00ed diskem p\u0159es t\u0159icet metr\u016f. Vypadalo to neuv\u011b\u0159iteln\u011b. Martin byl d\u011bsn\u011b nabu\u0161en\u00fd a pln\u00fd sebev\u011bdom\u00ed, a nav\u00edc vypadal velmi dob\u0159e, nebyl to \u010dlov\u011bk, kter\u00fd je zdrcen\u00fd osudem. Vid\u011bl jsem ho i v posilovn\u011b, jak zved\u00e1 \u0161\u00edlen\u011b t\u011b\u017ek\u00e9 \u010dinky, a za\u010dal jsem to d\u011blat taky. Pro m\u011b se tehdy stal velk\u00fdm vzorem,\u201c p\u0159ibli\u017euje.<\/p>\n\n\n\n<p>Sport si z\u00edskal jeho srdce. Tr\u00e9noval a\u017e t\u0159ikr\u00e1t denn\u011b, co\u017e mu brzy p\u0159ineslo pov\u011bstn\u00e9 ovoce. U\u017e v roce 2002 odjel na sv\u00e9 prvn\u00ed mistrovstv\u00ed sv\u011bta a zdaleka nez\u016fstalo jen u \u00fa\u010dasti. Ve francouzsk\u00e9m Lille skon\u010dil \u010dtvrt\u00fd, co\u017e mu vyneslo \u00fa\u010dast na paralympi\u00e1d\u011b v Ath\u00e9n\u00e1ch. A tam u\u017e to cinklo, v hodu diskem z\u00edskal st\u0159\u00edbrnou medaili.<\/p>\n\n\n\n<p>\u201eTo byl nejv\u011bt\u0161\u00ed z\u00e1\u017eitek a moje sebev\u011bdom\u00ed se d\u00edky tomu za\u010dalo srovn\u00e1vat s m\u00fdm osudem. Najednou jsem nebyl jen v roli voz\u00ed\u010dk\u00e1\u0159e, ale i v roli sportovce. Op\u011bt jsem se dostal tak\u00e9 do role studenta, dokon\u010dil jsem st\u0159edn\u00ed \u0161kolu a pak i vysokou. Za\u010dal jsem cestovat a v\u011b\u0159it si\u2026 To v\u0161e d\u00edky sportu,\u201c uzav\u00edr\u00e1.<\/p>\n\n\n\n<p>Nez\u016fstalo jen u atletiky<\/p>\n\n\n\n<p>Miroslav \u0160perk je u sportu st\u00e1le. Mimochodem, k srdci mu nep\u0159irostla jen atletika. Stal se \u010dlenem florbalov\u00e9 i basketbalov\u00e9 reprezentace voz\u00ed\u010dk\u00e1\u0159\u016f, usp\u011bl i v zimn\u00edm sportu, kdy\u017e vyhr\u00e1l Evropsk\u00fd poh\u00e1r v monoski.<\/p>\n\n\n\n<p>Dnes Miroslav s\u00e1m pom\u00e1h\u00e1 lidem s podobn\u00fdm osudem, jako potkal jeho samotn\u00e9ho. Pracuje jako gener\u00e1ln\u00ed sekret\u00e1\u0159 \u010cesk\u00e9ho paralympijsk\u00e9ho v\u00fdboru a anga\u017euje se i v projektu ParaRestart, kter\u00fd pom\u00e1h\u00e1 lidem se prost\u0159ednictv\u00edm sportu vypo\u0159\u00e1dat s t\u011b\u017ekou \u017eivotn\u00ed etapou.<\/p>\n\n\n\n<p>Miroslav \u0160perk<\/p>\n\n\n\n<p>narozen 10. \u0159\u00edjna 1984 v Mlad\u00e9 Boleslavi<\/p>\n\n\n\n<p>vystudoval obchodn\u00ed akademii v Jansk\u00fdch L\u00e1zn\u00edch a pedagogickou fakultu na Univerzit\u011b Hradec Kr\u00e1lov\u00e9<\/p>\n\n\n\n<p>v \u0161estn\u00e1cti letech spadl z balk\u00f3nu a pohmo\u017edil si dva obratle v hrudn\u00ed oblasti, od t\u00e9 doby je od pasu dol\u016f na 90 procent ochrnut\u00fd<\/p>\n\n\n\n<p>v sou\u010dasn\u00e9 dob\u011b p\u016fsob\u00ed jako u\u010ditel angli\u010dtiny a informatiky na st\u0159edn\u00ed \u0161kole a tak\u00e9 jako gener\u00e1ln\u00ed sekret\u00e1\u0159 \u010cesk\u00e9ho paralympijsk\u00e9ho v\u00fdboru<\/p>\n\n\n\n<p>je \u017eenat\u00fd<\/p>\n\n\n\n<p>Parasporty a \u00fasp\u011bchy<\/p>\n\n\n\n<p>atletika &#8211; hod diskem: 2. m\u00edsto na paralympi\u00e1d\u011b v Ath\u00e9n\u00e1ch (2004), 1. m\u00edsto na ME 2005, 2. m\u00edsto na MS 2006, 1. m\u00edsto na ME 2007, 5. m\u00edsto na paralympi\u00e1d\u011b v Pekingu (2008)<\/p>\n\n\n\n<p>florbal: 3x mistr \u010cesk\u00e9 republiky s t\u00fdmem Jansk\u00e9 L\u00e1zn\u011b<\/p>\n\n\n\n<p>monoski: v\u00edt\u011bz Evropsk\u00e9ho poh\u00e1ru ve \u0160pindlerov\u011b Ml\u00fdn\u011b, n\u011bkolikr\u00e1t v\u00edt\u011bz mistrovstv\u00ed \u010cR, mistr Rakouska v ob\u0159\u00edm slalomu, 12. m\u00edsto ve Sv\u011btov\u00e9m poh\u00e1ru, 8. m\u00edsto ve sjezdu na Evropsk\u00e9m poh\u00e1ru ve Francii<\/p>\n\n\n\n<p>basketbal: kapit\u00e1n \u010desk\u00e9 reprezentace, 1. m\u00edsto na ME skupiny B (2024), \u00fa\u010dast na ME skupiny A v Anglii<\/p>\n\n\n\n<p>kanoistika<\/p>\n\n\n\n<p>ParaRestart<\/p>\n\n\n\n<p>V \u010cesk\u00e9 republice \u017eije t\u00e9m\u011b\u0159 13 procent lid\u00ed s ur\u010dit\u00fdm typem handicapu, kter\u00fd je dlouhodob\u011b limituje v b\u011b\u017en\u00e9m \u017eivot\u011b. Vlivem nehod, zran\u011bn\u00ed a z\u00e1va\u017en\u00fdch onemocn\u011bn\u00ed mezi n\u011b p\u0159ibude ka\u017ed\u00fd rok pr\u016fm\u011brn\u011b 200 \u010cech\u016f, kte\u0159\u00ed p\u0159ijdou o kon\u010detinu nebo jsou upout\u00e1ni na invalidn\u00ed voz\u00edk. Vyrovnat se s nelehkou \u017eivotn\u00ed situac\u00ed a vr\u00e1tit se k b\u011b\u017en\u00e9mu \u017eivotu jim nyn\u00ed pom\u00e1h\u00e1 nov\u00fd projekt ParaRestart. Ten seznamuje klienty rehabilita\u010dn\u00edch center s mo\u017enost\u00ed aktivn\u00edho sportov\u00e1n\u00ed.<\/p>\n\n\n\n<p>ParaRestart vznikl ve spolupr\u00e1ci \u010cesk\u00e9ho paralympijsk\u00e9ho v\u00fdboru a spole\u010dnosti Sazka. M\u00e1 zv\u00fd\u0161it pov\u011bdom\u00ed o mo\u017enostech sportov\u00e1n\u00ed handicapovan\u00fdch osob a prost\u0159ednictv\u00edm sportu jim pomoci vyrovnat se s t\u011b\u017ek\u00fdm \u017eivotn\u00edm obdob\u00edm. Z\u00e1rove\u0148 se jedn\u00e1 o prvn\u00ed systematick\u00fd projekt na vyhled\u00e1v\u00e1n\u00ed budouc\u00edch paralympijsk\u00fdch sportovc\u016f.<\/p>\n\n\n\n<p>Martin Slab\u00fd<\/p>\n\n\n\n<p>Den\u00edk.cz<\/p>\n\n\n\n<p><a href=\"https:\/\/www.denik.cz\/\" target=\"_blank\" rel=\"noreferrer noopener\">https:\/\/www.denik.cz\/<\/a><\/p>\n","protected":false},"excerpt":{"rendered":"<div class=\"mh-excerpt\"><p>Kdy\u017e mu bylo \u0161estn\u00e1ct, mladick\u00e1 nerozv\u00e1\u017enost, jak s\u00e1m naz\u00fdv\u00e1 p\u0159\u00ed\u010dinu sv\u00e9ho \u00farazu, ho posadila na voz\u00edk. Miroslavu \u0160perkovi trvalo, ne\u017e zase na\u0161el ztracen\u00e9 sebev\u011bdom\u00ed. Nakonec <a class=\"mh-excerpt-more\" href=\"https:\/\/www.invarena.cz\/?p=46927\" title=\"Od p\u00e1du z balkonu k ath\u00e9nsk\u00e9 medaili. Handicapovan\u00fd \u0160perk: D\u00edky sportu si v\u011b\u0159\u00edm\">[&#8230;]<\/a><\/p>\n<\/div>","protected":false},"author":1,"featured_media":13669,"comment_status":"open","ping_status":"closed","sticky":false,"template":"","format":"standard","meta":{"footnotes":""},"categories":[9],"tags":[],"class_list":["post-46927","post","type-post","status-publish","format-standard","has-post-thumbnail","hentry","category-zpravy"],"_links":{"self":[{"href":"https:\/\/www.invarena.cz\/index.php?rest_route=\/wp\/v2\/posts\/46927","targetHints":{"allow":["GET"]}}],"collection":[{"href":"https:\/\/www.invarena.cz\/index.php?rest_route=\/wp\/v2\/posts"}],"about":[{"href":"https:\/\/www.invarena.cz\/index.php?rest_route=\/wp\/v2\/types\/post"}],"author":[{"embeddable":true,"href":"https:\/\/www.invarena.cz\/index.php?rest_route=\/wp\/v2\/users\/1"}],"replies":[{"embeddable":true,"href":"https:\/\/www.invarena.cz\/index.php?rest_route=%2Fwp%2Fv2%2Fcomments&post=46927"}],"version-history":[{"count":0,"href":"https:\/\/www.invarena.cz\/index.php?rest_route=\/wp\/v2\/posts\/46927\/revisions"}],"wp:featuredmedia":[{"embeddable":true,"href":"https:\/\/www.invarena.cz\/index.php?rest_route=\/wp\/v2\/media\/13669"}],"wp:attachment":[{"href":"https:\/\/www.invarena.cz\/index.php?rest_route=%2Fwp%2Fv2%2Fmedia&parent=46927"}],"wp:term":[{"taxonomy":"category","embeddable":true,"href":"https:\/\/www.invarena.cz\/index.php?rest_route=%2Fwp%2Fv2%2Fcategories&post=46927"},{"taxonomy":"post_tag","embeddable":true,"href":"https:\/\/www.invarena.cz\/index.php?rest_route=%2Fwp%2Fv2%2Ftags&post=46927"}],"curies":[{"name":"wp","href":"https:\/\/api.w.org\/{rel}","templated":true}]}}