{"id":46984,"date":"2024-03-13T05:52:47","date_gmt":"2024-03-13T04:52:47","guid":{"rendered":"https:\/\/www.invarena.cz\/?p=46984"},"modified":"2024-03-13T05:52:53","modified_gmt":"2024-03-13T04:52:53","slug":"v-brne-se-otevrelo-nove-psychoterapeuticke-centrum","status":"publish","type":"post","link":"https:\/\/www.invarena.cz\/?p=46984","title":{"rendered":"V Brn\u011b se otev\u0159elo nov\u00e9 psychoterapeutick\u00e9 centrum"},"content":{"rendered":"\n<p>Neziskov\u00e1 organizace Podan\u00e9 ruce otev\u0159ela v Brn\u011b terapeutick\u00e9 centrum, kde p\u0159i l\u00e9\u010db\u011b vyu\u017e\u00edvaj\u00ed ketamin. To je druh anestetika, kter\u00e9 navozuje s nov\u00fd stav a pom\u00e1h\u00e1 p\u0159i l\u00e9\u010db\u011b n\u011bkter\u00fdch druh\u016f depres\u00ed nebo posttraumatick\u00e9 stresov\u00e9 poruchy. Ambulance je druh\u00fdm takov\u00fdm za\u0159\u00edzen\u00edm v \u010cesku, pracuj\u00ed tam psychologov\u00e9, psychiat\u0159i i adiktolog. Ketaminem asistovan\u00e1 psychoterapie neboli Cup trv\u00e1 a\u017e \u0161est t\u00fddn\u016f, \u0159\u00edk\u00e1 Viktor Mrav\u010d\u00edk ze spole\u010dnosti Podan\u00e9 ruce.<\/p>\n\n\n\n<p>Viktor Mrav\u010d\u00edk,<br \/>&#8212;&#8212;&#8212;&#8212;&#8212;&#8212;&#8211;<br \/>Seznam z\u00e1jemc\u016f se pln\u00ed postupn\u011b. Je tam n\u011bjak\u00e1 f\u00e1ze, \u0159ekn\u011bme, screeningu a diagnostiky, no a pak n\u00e1sleduje teda to rozhodnut\u00ed, zda je vhodn\u00fd, p\u0159\u00edpadn\u011b. Mo\u017en\u00e1, \u017ee budeme m\u00edt tak\u00e9 klienty, kte\u0159\u00ed nebudou m\u00edt z\u00e1jem o kap, proto\u017ee budeme fungovat jako provoz v oblasti du\u0161evn\u00edho zdrav\u00ed.<\/p>\n","protected":false},"excerpt":{"rendered":"<div class=\"mh-excerpt\"><p>Neziskov\u00e1 organizace Podan\u00e9 ruce otev\u0159ela v Brn\u011b terapeutick\u00e9 centrum, kde p\u0159i l\u00e9\u010db\u011b vyu\u017e\u00edvaj\u00ed ketamin. To je druh anestetika, kter\u00e9 navozuje s nov\u00fd stav a pom\u00e1h\u00e1 <a class=\"mh-excerpt-more\" href=\"https:\/\/www.invarena.cz\/?p=46984\" title=\"V Brn\u011b se otev\u0159elo nov\u00e9 psychoterapeutick\u00e9 centrum\">[&#8230;]<\/a><\/p>\n<\/div>","protected":false},"author":1,"featured_media":14168,"comment_status":"open","ping_status":"closed","sticky":false,"template":"","format":"standard","meta":{"footnotes":""},"categories":[9],"tags":[],"class_list":["post-46984","post","type-post","status-publish","format-standard","has-post-thumbnail","hentry","category-zpravy"],"_links":{"self":[{"href":"https:\/\/www.invarena.cz\/index.php?rest_route=\/wp\/v2\/posts\/46984","targetHints":{"allow":["GET"]}}],"collection":[{"href":"https:\/\/www.invarena.cz\/index.php?rest_route=\/wp\/v2\/posts"}],"about":[{"href":"https:\/\/www.invarena.cz\/index.php?rest_route=\/wp\/v2\/types\/post"}],"author":[{"embeddable":true,"href":"https:\/\/www.invarena.cz\/index.php?rest_route=\/wp\/v2\/users\/1"}],"replies":[{"embeddable":true,"href":"https:\/\/www.invarena.cz\/index.php?rest_route=%2Fwp%2Fv2%2Fcomments&post=46984"}],"version-history":[{"count":0,"href":"https:\/\/www.invarena.cz\/index.php?rest_route=\/wp\/v2\/posts\/46984\/revisions"}],"wp:featuredmedia":[{"embeddable":true,"href":"https:\/\/www.invarena.cz\/index.php?rest_route=\/wp\/v2\/media\/14168"}],"wp:attachment":[{"href":"https:\/\/www.invarena.cz\/index.php?rest_route=%2Fwp%2Fv2%2Fmedia&parent=46984"}],"wp:term":[{"taxonomy":"category","embeddable":true,"href":"https:\/\/www.invarena.cz\/index.php?rest_route=%2Fwp%2Fv2%2Fcategories&post=46984"},{"taxonomy":"post_tag","embeddable":true,"href":"https:\/\/www.invarena.cz\/index.php?rest_route=%2Fwp%2Fv2%2Ftags&post=46984"}],"curies":[{"name":"wp","href":"https:\/\/api.w.org\/{rel}","templated":true}]}}