{"id":46988,"date":"2024-03-13T06:53:26","date_gmt":"2024-03-13T05:53:26","guid":{"rendered":"https:\/\/www.invarena.cz\/?p=46988"},"modified":"2024-03-13T06:53:39","modified_gmt":"2024-03-13T05:53:39","slug":"blizi-se-danova-priznani","status":"publish","type":"post","link":"https:\/\/www.invarena.cz\/?p=46988","title":{"rendered":"Bl\u00ed\u017e\u00ed se da\u0148ov\u00e1 p\u0159izn\u00e1n\u00ed"},"content":{"rendered":"\n<p><\/p>\n\n\n\n<p>\u010cRo Dvojka\u00a0<\/p>\n\n\n\n<p><br \/>Da\u0148 z p\u0159\u00edjmu fyzick\u00fdch osob. Bl\u00ed\u017e\u00ed konec b\u0159ezna, co\u017e je pro mnoh\u00e9 \u017eivnostn\u00edky term\u00edn, kdy bychom m\u011bli podat da\u0148ov\u00e9 p\u0159izn\u00e1n\u00ed. Na\u0161\u00edm hostem je Ing. Ji\u0159\u00ed Nesrovnal, da\u0148ov\u00fd poradce, \u010dlen prezidia komory da\u0148ov\u00fdch poradc\u016f a vedouc\u00ed sekce dan\u011b z p\u0159\u00edjm\u016f pr\u00e1vnick\u00fdch osob, dobr\u00fd den, pane in\u017een\u00fdre.<br \/><br \/>Tak j\u00e1 jsem zm\u00ednila, \u017ee konec b\u0159ezna, je to mo\u017en\u00e1 za\u017eit\u00fd term\u00edn pro mnoh\u00e9 \u017eivnostn\u00edky, \u017ee je pot\u0159eba podat da\u0148ov\u00e9 p\u0159izn\u00e1n\u00ed, pokud si ho tedy pod\u00e1v\u00e1me sami a nem\u00e1me da\u0148ov\u00e9ho poradce, ale letos tam vlastn\u011b bude je\u0161t\u011b takov\u00e1, \u0159ekla bych, term\u00ednov\u00e1 zm\u011bna nebo \u00faleva pro ty, kte\u0159\u00ed pod\u00e1vaj\u00ed elektronicky.<\/p>\n\n\n\n<p>Ji\u0159\u00ed Nesrovnal,<br \/>V z\u00e1kon\u011b u\u017e je to del\u0161\u00ed dobu, akor\u00e1t do\u0161lo k tomu, \u017ee se v\u00fdrazn\u011b roz\u0161\u00ed\u0159il po\u010det t\u011bch, kte\u0159\u00ed maj\u00ed povinnost to elektronickou formou pod\u00e1vat, proto\u017ee ta povinnost se v z\u00e1sad\u011b vztahuje na ty, kte\u0159\u00ed maj\u00ed povinn\u011b z\u0159\u00edzenou datovou schr\u00e1nku, a to v tuto chv\u00edli jsou de facto u\u017e v\u0161ichni \u017eivnostn\u00edci a ti maj\u00ed povinnost pod\u00e1vat da\u0148ov\u00e9 p\u0159izn\u00e1n\u00ed elektronicky, s t\u00edm se v\u00e1\u017ee i to, j\u00e1 bych malinko opravil ten term\u00edn, nen\u00ed konec b\u0159ezna, ale je 1. 4. Jsou t\u0159i term\u00edny 1. 4. 1. 5. a 1. 7. p\u0159i\u010dem\u017e pokud ten term\u00edn p\u0159ipadne na ned\u011bli, sobotu nebo sv\u00e1tkem, st\u00e1tem uzn\u00e1van\u00fd sv\u00e1tek, tak se posouv\u00e1 na nejbli\u017e\u0161\u00ed pracovn\u00ed den.<br \/><br \/>moder\u00e1torka<br \/>&#8212;&#8212;&#8212;&#8212;&#8212;&#8212;&#8211;<br \/>Co\u017e je v p\u0159\u00edpad\u011b toho 1. kv\u011btna, 2. kv\u011bten.<br \/><br \/>mluv\u010d\u00ed 1,<br \/>&#8212;&#8212;&#8212;&#8212;&#8212;&#8212;&#8211;<br \/>2. kv\u011btna. Tak\u017ee pokud pod\u00e1v\u00e1m p\u0159izn\u00e1n\u00ed v pap\u00edrov\u00e9 podob\u011b, je to toho 1. 4. Co\u017e, jestli jsem se dob\u0159e d\u00edval, v roce 2024 je pracovn\u00ed den, pokud m\u00e1m povinnost to pod\u00e1vat elektronicky, tak ten term\u00edn se posouv\u00e1 na toho prvn\u00edho, respektive tady 2. kv\u011btna.<br \/><br \/>mluv\u010d\u00ed 2,<br \/>&#8212;&#8212;&#8212;&#8212;&#8212;&#8212;&#8211;<br \/>S t\u00edm, \u017ee.<br \/><br \/>mluv\u010d\u00ed 1,<br \/>&#8212;&#8212;&#8212;&#8212;&#8212;&#8212;&#8211;<br \/>Ta forma elektronick\u00e1 je mo\u017en\u00e9 ji realizovat n\u011bkolika zp\u016fsoby, ten z\u00e1kladn\u00ed je, \u017ee to pod\u00e1m prost\u0159ednictv\u00edm datov\u00e9 schr\u00e1nky, ale je tak\u00e9 mo\u017en\u00e9 vyu\u017e\u00edt email, ale tam mus\u00ed b\u00fdt elektronick\u00fd podpis, p\u0159\u00edpadn\u011b je mo\u017en\u00e9 vyu\u017e\u00edt da\u0148ovou informa\u010dn\u00ed schr\u00e1nku, kterou si mohou z\u0159\u00eddit. A kdy\u017e se tam p\u0159ihl\u00e1s\u00edm zase prost\u0159ednictv\u00edm datov\u00e9 schr\u00e1nky nebo p\u0159es e identitu ob\u010dana, tak to m\u016f\u017eu podat prost\u0159ednictv\u00edm t\u00e9 da\u0148ov\u00e9 schr\u00e1nky, kterou mi z\u0159\u00edd\u00ed spr\u00e1vce dan\u011b a je tak\u00e9 mo\u017en\u00e9 vyu\u017e\u00edt ten formul\u00e1\u0159 moje dan\u011b, to EPO, kde tak\u00e9 p\u0159es e identitu ob\u010dana je mo\u017en\u00e9 tu elektronickou formu zabezpe\u010dit. Tak\u017ee to je ten druh\u00fd term\u00edn, kter\u00fd zde m\u00e1me, a posledn\u00ed term\u00edn, kter\u00fd je nejdel\u0161\u00ed, to je toho 1. 7. je ve dvou p\u0159\u00edpadech. Bu\u010fto je to situace v\u011bt\u0161\u00edch firem, kter\u00e9 maj\u00ed povinnost m\u00edt ov\u011b\u0159enou \u00fa\u010detn\u00ed z\u00e1v\u011brku auditorem a u v\u0161ech ostatn\u00edch, v\u010detn\u011b fyzick\u00fdch osob, je to situace, kdy\u017e to p\u0159izn\u00e1n\u00ed pod\u00e1v\u00e1 na z\u00e1klad\u011b pln\u00e9 moci da\u0148ov\u00fd poradce, co\u017e bych v\u0159ele doporu\u010dil pr\u00e1v\u011b nejenom kv\u016fli tomu posunut\u00e9mu term\u00ednu, ale v situaci, kdy si ten podnikatel s t\u00edm nev\u00ed rady, tak da\u0148ov\u00fd poradce je odborn\u00edk, kter\u00fd ze z\u00e1kona mu to p\u0159izn\u00e1n\u00ed zpracuje a na rozd\u00edl t\u0159eba od \u00fa\u010detn\u00ed je ze z\u00e1kona poji\u0161t\u011bn proti p\u0159\u00edpadn\u00fdm \u0161kod\u00e1m, kter\u00fd m\u016f\u017ee sv\u00e9mu klientovi zp\u016fsobit.<br \/><br \/>moder\u00e1torka<br \/>&#8212;&#8212;&#8212;&#8212;&#8212;&#8212;&#8211;<br \/>Z va\u0161\u00ed zku\u0161enosti, pane in\u017een\u00fdre, kolik lid\u00ed skute\u010dn\u011b pod\u00e1v\u00e1 da\u0148ov\u00e9 p\u0159izn\u00e1n\u00ed samo z t\u011bch drobn\u00fdch \u017eivnostn\u00edk\u016f a kolik to rad\u011bji tedy deleguje na n\u011bkoho povolan\u011bj\u0161\u00edho? To znamen\u00e1, koho se t\u00fdk\u00e1 ten term\u00edn 1. 4. Koho a\u017e tak.<br \/><br \/>mluv\u010d\u00ed 1,<br \/>&#8212;&#8212;&#8212;&#8212;&#8212;&#8212;&#8211;<br \/>Zku\u0161enost je, \u017ee v tom z\u00e1kladn\u00edm term\u00ednu je to v\u011bt\u0161inou situace, kdy je to velmi jednoduch\u00e9. Kdybych dal p\u0159\u00edklad, t\u0159eba je to z titulu toho, \u017ee m\u00e1m soub\u011b\u017en\u011b dva pracovn\u00ed pom\u011bry a mus\u00edm tedy pod\u00e1vat da\u0148ov\u00e9 p\u0159izn\u00e1n\u00ed v t\u00e9to situaci. Nebo kdy\u017e je to n\u011bjak\u00fd jednoduch\u00fd p\u0159\u00edklad, t\u0159eba prodeje pozemku \u010di n\u011bjak\u00e9 nemovit\u00e9 v\u011bci. Tak tady je n\u011bkdy schopn\u00fd ten \u010dlov\u011bk to zvl\u00e1dnout s\u00e1m, ale j\u00e1 bych tady upozornil, \u017ee i v tomto p\u0159\u00edpad\u011b bych byl opatrn\u00fd a prost\u011b ty da\u0148ov\u00e9 p\u0159edpisy nejsou jednoduch\u00e9 a dneska u\u017e bolav\u00fdm zubem tak\u00e9 nechod\u00ed ke kov\u00e1\u0159i, jdete k zuba\u0159i, da\u0148ov\u00fd poradce, takov\u00fd v\u00e1\u0161 zuba\u0159 na nich.<br \/><br \/>Tereza St\u00fdblov\u00e1, moder\u00e1torka<br \/>&#8212;&#8212;&#8212;&#8212;&#8212;&#8212;&#8211;<br \/>Kdy\u017e jste zm\u00ednil mo\u017enost elektronick\u00e9ho pod\u00e1n\u00ed nebo ty t\u0159i mo\u017enosti, vlastn\u011b ty t\u0159i cesty, kdy\u017e m\u00e1m datovou schr\u00e1nku, tak mus\u00edm vyu\u017e\u00edt datovou schr\u00e1nku, nebo i p\u0159esto m\u016f\u017eu vyu\u017e\u00edt ty dal\u0161\u00ed dv\u011b, m\u016f\u017eete vyu\u017e\u00edt.<br \/><br \/>mluv\u010d\u00ed 1,<br \/>&#8212;&#8212;&#8212;&#8212;&#8212;&#8212;&#8211;<br \/>Ty dal\u0161\u00ed dv\u011b mo\u017enosti. Je to, je to v z\u00e1sad\u011b na v\u00e1s, je to podle jaksi gustu. J\u00e1 t\u0159eba ve sv\u00e9 praxi jsem zvykl\u00fd vyu\u017e\u00edvat tu datovou schr\u00e1nku, ale to je o tom, \u017ee m\u00e1m n\u011bjak\u00fd speci\u00e1ln\u00ed software, abych si tady ned\u011bl\u00e1 reklamu, nebudu ho jmenovat, kter\u00fd potom komunikuje p\u0159\u00edmo s tou datovou schr\u00e1nkou. J\u00e1 jenom mo\u017en\u00e1 takov\u00fd mal\u00fd povzdech je na to t\u00e9ma, \u017ee ty datov\u00e9 schr\u00e1nky byly povinn\u011b z\u0159\u00edzeny pro v\u0161echny podnikaj\u00edc\u00ed osoby, ale bohu\u017eel funguje model, \u017ee jednotliv\u00e1 ministerstva separ\u00e1tn\u011b buduj\u00ed svoje informa\u010dn\u00ed syst\u00e9my a \u0159\u00edkaj\u00ed tady datov\u00e1 schr\u00e1nka, ale b\u011b\u017ete touhle cestou. J\u00e1 si mysl\u00edm, \u017ee, a my to dlouhodob\u011b jako komora da\u0148ov\u00fdch poradc\u016f prosazujeme, \u017ee by ten st\u00e1t m\u011bl zvolit jeden komunika\u010dn\u00ed kan\u00e1l, spole\u010dn\u00fd komunika\u010dn\u00ed kan\u00e1l a m\u011bli by ho tak\u00e9 budovat v\u00edce z pohledu t\u011bch u\u017eivatel\u016f, aby to i jim zjednodu\u0161ilo \u017eivot. My m\u00e1me t\u0159eba velk\u00e9 t\u00e9ma, aby obecn\u00fd form\u00e1t, kter\u00fd ka\u017ed\u00fd pou\u017e\u00edv\u00e1, byl Pdf a pro obecnou komunikaci se st\u00e1tem, nejenom s finan\u010dn\u00edm \u00fa\u0159adem.<br \/><br \/>Tereza St\u00fdblov\u00e1, moder\u00e1torka<br \/>&#8212;&#8212;&#8212;&#8212;&#8212;&#8212;&#8211;<br \/>Kdy\u017e to zjednodu\u0161\u00edm, pokud m\u00e1m datovou schr\u00e1nku a budu 1. dubna m\u00e1vat r\u016f\u017eov\u00fdm pap\u00edrem na finan\u010dn\u00edm \u00fa\u0159ad\u011b, \u017ee to chci podat pap\u00edrov\u011b, tak mn\u011b \u0159eknou, \u017ee bohu\u017eel.<br \/><br \/>mluv\u010d\u00ed 1,<br \/>&#8212;&#8212;&#8212;&#8212;&#8212;&#8212;&#8211;<br \/>potom by tam byla n\u011bjak\u00e1 pokuta, ale nedoporu\u010duju to. Ze z\u00e1kona, je prost\u011b povinnost to pod\u00e1vat elektronicky.<br \/><br \/>moder\u00e1torka<br \/>&#8212;&#8212;&#8212;&#8212;&#8212;&#8212;&#8211;<br \/>Da\u0148 z p\u0159\u00edjmu fyzick\u00fdch osob. U\u017e jsme tu zm\u00ednili t\u0159i term\u00edny, \u0159\u00edkali jsme tedy 1. 4. ale p\u00ed\u0161e n\u00e1m Radka, \u017ee to m\u016f\u017eeme p\u0159ij\u00edt tak s poml\u00e1zkou na Finan\u010dn\u00ed \u00fa\u0159ad, proto\u017ee jsou Velikonoce, tak\u017ee 2. 4. Je to ten den po tom sv\u00e1tku. <br \/>Tak\u017ee m\u00e1me to 2. 4. To je pro ty, kte\u0159\u00ed tedy pod\u00e1vaj\u00ed pap\u00edrov\u011b da\u0148ov\u00e9 p\u0159izn\u00e1n\u00ed, pak je tam 2. 5. to je pro ty, kte\u0159\u00ed pod\u00e1vaj\u00ed elektronicky. A 1. \u010dervence, tam n\u00e1m to snad z\u016fstane.<br \/><br \/>mluv\u010d\u00ed 1,<br \/>&#8212;&#8212;&#8212;&#8212;&#8212;&#8212;&#8211;<br \/>Tak dalo by se \u0159\u00edct, kdo m\u00e1 zdaniteln\u00e9 p\u0159\u00edjmy, kter\u00e9 podl\u00e9haj\u00ed dani, ale jsou tam n\u011bjak\u00e9 v\u00fdjimky, tak\u017ee ta z\u00e1kladn\u00ed v\u00fdjimka, pokud jsem zam\u011bstnanec a m\u00e1m p\u0159\u00edjmy pouze od jednoho zam\u011bstnavatele, anebo postupn\u011b od v\u00edce zam\u011bstnavatel\u016f, ne paraleln\u011b soub\u011b\u017en\u011b, ale postupn\u011b za sebou, tak v takov\u00e9to situaci j\u00e1 p\u0159izn\u00e1n\u00ed pod\u00e1vat nemus\u00edm, m\u016f\u017eu po\u017e\u00e1dat zam\u011bstnavatele o proveden\u00ed ro\u010dn\u00edho z\u00fa\u010dtov\u00e1n\u00ed a tam je to tak, \u017ee kdy\u017e vyjde p\u0159eplatek, tak m\u011b vrac\u00ed, kdy\u017e nedoplatek, tak se nedopl\u00e1c\u00ed a v t\u00e9to situaci da\u0148ov\u00e9 p\u0159izn\u00e1n\u00ed pod\u00e1vat nebudu. Tak\u017ee to je jedna velk\u00e1 skupina, kter\u00e1 nemus\u00ed pod\u00e1vat da\u0148ov\u00e9 p\u0159izn\u00e1n\u00ed, je tam zase n\u011bjak\u00e1 v\u00fdjimka, kdy\u017e bych ukon\u010dil \u017eivotn\u00ed, d\u016fchodov\u00e9 p\u0159ipoji\u0161t\u011bn\u00ed, a pak plat\u00ed, \u017ee kdy\u017e je ta situace, \u017ee m\u00e1m ostatn\u00ed p\u0159\u00edjmy, kter\u00e9 podl\u00e9haj\u00ed dani, to znamen\u00e1 p\u0159\u00edjmy z podnik\u00e1n\u00ed, Textem z\u00e1kona samostatn\u011b v\u00fdd\u011ble\u010dn\u00e9 \u010dinnosti nebo z kapit\u00e1lov\u00e9ho majetku, aby si to n\u011bkdo dok\u00e1zal p\u0159edstavit, kdy\u017e by t\u0159eba n\u011bkomu p\u016fj\u010dil pen\u00edze a plynuly mu \u00faroky nebo p\u0159\u00edjmy z n\u00e1jmu nebo ostatn\u00ed p\u0159\u00edjmy &#8211; aby si n\u011bkdo dok\u00e1zal p\u0159edstavit, kdy\u017e bude prod\u00e1vat t\u0159eba byt, v kter\u00e9m bydlel m\u00e9n\u011b jak dva roky, tak mus\u00ed pod\u00e1vat p\u0159izn\u00e1n\u00ed. Ale v z\u00e1kon\u011b je jak\u00e9si toleran\u010dn\u00ed p\u00e1smo a tady je jedna ze zm\u011bn, kter\u00e1 oproti roku 2022 nastala a je p\u0159\u00edzniv\u00e1, proto\u017ee ty limity jsou nastaveny jinak. Podle toho, jestli m\u00e1m p\u0159\u00edjmy ze zam\u011bstn\u00e1n\u00ed, to nen\u00ed jenom zam\u011bstn\u00e1n\u00ed, ale pro v\u011bt\u0161inu poslucha\u010d\u016f zam\u011bstn\u00e1n\u00ed, tak v tomto p\u0159\u00edpad\u011b, pokud ty ostatn\u00ed p\u0159\u00edjmy budou, zd\u016fraz\u0148uju, p\u0159\u00edjmy, nen\u00ed to zisk, jsou to hrub\u00e9 p\u0159\u00edjmy v roce 2023 do 20 000 K\u010d, tak nemus\u00edm pod\u00e1vat to da\u0148ov\u00e9 p\u0159izn\u00e1n\u00ed a t\u00edm p\u00e1dem vlastn\u011b to nemus\u00edm zda\u0148ovat. Tady do\u0161lo k n\u00e1r\u016fstu, proto\u017ee v tom roce 22 ten limit byl 6 000 K\u010d. Pokud nem\u00e1m p\u0159\u00edjmy ze zam\u011bstn\u00e1n\u00ed, tak je tam limit 50 000 K\u010d za ten cel\u00fd rok, za ten cel\u00fd rok, je to suma v\u0161ech t\u011bch ostatn\u00edch p\u0159\u00edjm\u016f, aby to n\u011bkdo nebral, jeden n\u00e1jem, jeden prodej, je to suma za v\u0161echny tyhle ty ostatn\u00ed p\u0159\u00edjmy, tak je tam limit 50 000 K\u010d, kdy zase nemus\u00edm pod\u00e1vat p\u0159izn\u00e1n\u00ed. U\u017e jsem zmi\u0148oval, \u017ee dal\u0161\u00ed situace, kdy p\u0159izn\u00e1n\u00ed pod\u00e1vat mus\u00edm, je, kdy\u017e m\u00e1m paraleln\u011b vedle sebe dva zam\u011bstnaneck\u00e9 pom\u011bry a nejde t\u0159eba o situaci, kdy ten druh\u00fd je zda\u0148ov\u00e1n sr\u00e1\u017ekovou dan\u00ed, typicky t\u0159eba dohody o proveden\u00ed pr\u00e1ce, ty se do toho nepo\u010d\u00edtaj\u00ed, ale pokud bych m\u011bl dva paraleln\u00ed zam\u011bstnaneck\u00e9 pom\u011bry, tak to p\u0159izn\u00e1n\u00ed j\u00e1 pod\u00e1vat mus\u00edm.<br \/><br \/>moder\u00e1torka<br \/>&#8212;&#8212;&#8212;&#8212;&#8212;&#8212;&#8211;<br \/> zm\u00ednil jste rozd\u00edl mezi p\u0159\u00edjmem a ziskem, tak jenom pro po\u0159\u00e1dek, p\u0159\u00edjem a zisk, zisky, u\u017e to, kdy\u017e ode\u010dtu v\u00fddaje z p\u0159\u00edjm\u016f, tak to je to, co opravdu mi z\u016fstane.<br \/><br \/>mluv\u010d\u00ed 1,<br \/>&#8212;&#8212;&#8212;&#8212;&#8212;&#8212;&#8211;<br \/>Je to s tak, s t\u00edm, \u017ee ten pojem slangov\u011b zisk textem z\u00e1kona, z\u00e1klad dan\u011b je vlastn\u011b ur\u010dov\u00e1n jako p\u0159\u00edjmy,  v\u00fddaje hlavn\u011b u p\u0159\u00edjm\u016f z podnik\u00e1n\u00ed a p\u0159\u00edjm\u016f z n\u00e1jmu, kde ode\u010d\u00edt\u00e1m ty v\u00fddaje \u010d\u00e1ste\u010dn\u011b i u t\u011bch p\u0159\u00edjm\u016f podle \u00a7 10, ale ono to v t\u00e9 dani z p\u0159\u00edjm\u016f je slo\u017eit\u00e9, typicky hodn\u011b, u t\u011bch kapit\u00e1lov\u00fdch p\u0159\u00edjm\u016f se zda\u0148uj\u00ed, v z\u00e1sad\u011b je tam n\u011bjak\u00e1 zase drobn\u00e1 v\u00fdjimka, ale v z\u00e1sad\u011b hrub\u00e9 p\u0159\u00edjmy, jsou tam n\u011bjak\u00e9 zase v\u00fdjimky, ale nechci zabru\u0161ovat do detail\u016f, abych z toho slo\u017eit\u011b nevybru\u0161oval. <br \/>Stejn\u011b tak typicky je to u t\u011bch p\u0159\u00edjm\u016f ze zam\u011bstn\u00e1n\u00ed, kde se zda\u0148uj\u00ed hrub\u00fd p\u0159\u00edjmy, ale u toho podnik\u00e1n\u00ed a n\u00e1jmu je to o tom, \u017ee m\u00e1m p\u0159\u00edjmy z podnik\u00e1n\u00ed a proti tomu uplat\u0148uj\u00ed v\u00fddaje. Zase aby poslucha\u010di nebrali, \u017ee jak\u00e9koliv v\u00fddaje mohu uplatnit, \u017ee t\u0159eba jdu na ve\u010de\u0159i s obchodn\u00edm partnerem, co\u017e ur\u010dit\u011b n\u011bkdy v\u00fddaj, kter\u00fd rozumn\u00fd je, by mohl b\u00fdt uplatniteln\u00fd, ale ten z\u00e1kon m\u00e1 pom\u011brn\u011b spoustu kli\u010dek a z\u00e1kout\u00ed, kde pom\u011brn\u011b slo\u017eit\u011b \u0159\u00edk\u00e1, kter\u00e9 ty v\u00fddaje a tak\u00e9 v jak\u00e9m \u010dasov\u00e9m horizontu jsou proti t\u011bm p\u0159\u00edjm\u016fm uplatniteln\u00e9.<br \/><br \/>moder\u00e1torka<br \/>&#8212;&#8212;&#8212;&#8212;&#8212;&#8212;&#8211;<br \/>Kdy\u017e hovo\u0159\u00edte o v\u00fddaj\u00edch, tak jsou asi dva zp\u016fsoby, jak si je vlastn\u011b m\u016f\u017eeme, pokud si d\u011bl\u00e1me da\u0148ov\u00e9 p\u0159izn\u00e1n\u00ed, sami spo\u010d\u00edtat nebo v\u00e9st, bu\u010f si tedy vedeme da\u0148ov\u00fd den\u00edk, anebo m\u00e1me.<br \/><br \/>mluv\u010d\u00ed 5,<br \/>&#8212;&#8212;&#8212;&#8212;&#8212;&#8212;&#8211;<br \/>Pau\u0161\u00e1ln\u00ed v\u00fddaje.<br \/><br \/>moder\u00e1torka<br \/>&#8212;&#8212;&#8212;&#8212;&#8212;&#8212;&#8211;<br \/>Co je vlastn\u011b z va\u0161eho pohledu pro, \u0159ekn\u011bme, b\u011b\u017en\u00e9ho drobn\u00e9ho \u017eivnostn\u00edka v\u00fdhodn\u011bj\u0161\u00ed? Asi z\u00e1le\u017e\u00ed na oblasti, v kter\u00e9 podnik\u00e1.<br \/><br \/>mluv\u010d\u00ed 1,<br \/>&#8212;&#8212;&#8212;&#8212;&#8212;&#8212;&#8211;<br \/>Nejde na to odpov\u011bd\u011bt pau\u0161\u00e1ln\u011b, ale mus\u00ed se to posuzovat p\u0159\u00edpad od p\u0159\u00edpadu. Samoz\u0159ejm\u011b, \u017ee ty pau\u0161\u00e1ln\u00ed v\u00fddaje, kter\u00e9 v z\u00e1kon\u011b jsou nastaveny podle toho, co d\u011bl\u00e1m od 80 do 40 %, jsou v\u00fdhodn\u00e9 tam, kde t\u011bch faktick\u00fdch v\u00fddaj\u016f je m\u00e9n\u011b, typicky t\u0159eba moje \u0159emeslo da\u0148ov\u00e9ho poradce. Ale na druh\u00e9 stran\u011b, pokud budu m\u00edt t\u0159eba obor, kde t\u011bch v\u00fddaj\u016f je v\u00edce a je ta n\u00edzk\u00e1 ziskov\u00e1 p\u0159ir\u00e1\u017eka, tak ty pau\u0161\u00e1ln\u00ed v\u00fddaje jsou nev\u00fdhodn\u00e9 a mohou b\u00fdt tak\u00e9 nev\u00fdhodn\u00e9 v situaci, kdy ty v\u00fddaje budou vy\u0161\u0161\u00ed, jak p\u0159\u00edjmy, takzvan\u011b dos\u00e1hnu da\u0148ovou ztr\u00e1tu a ta da\u0148ov\u00e1 ztr\u00e1ta m\u00e1 jakousi da\u0148ovou hodnotu, proto\u017ee z\u00e1kon mi umo\u017e\u0148uje, t\u00fdk\u00e1 se to toho podnik\u00e1n\u00ed a toho n\u00e1jmu, tam ta ztr\u00e1ta m\u016f\u017ee vzniknout. Z\u00e1kon mi umo\u017e\u0148uje, \u017ee kdy\u017e v t\u011bch dal\u0161\u00edch letech a ty roky dop\u0159edu jich je p\u011bt, dos\u00e1hnu zisk, tak tu ztr\u00e1tu ode\u010dtu. Tu ztr\u00e1tu m\u016f\u017eu uplat\u0148ovat i dva roky zp\u00e1tky. Ta logika je v tom, \u017ee za\u010d\u00edn\u00e1m podnikat, m\u00e1m v\u00edce v\u00fddaj\u016f, pak vyd\u011bl\u00e1v\u00e1m, ale m\u016f\u017ee nastat situace a nemus\u00ed to b\u00fdt jenom pandemie. Sho\u0159\u00ed mi tov\u00e1rna, nikomu bych to nep\u0159\u00e1l, kdy jsem ziskov\u00fd a najednou m\u00e1m ztr\u00e1tu, tak\u017ee tu ztr\u00e1tu uplatn\u00edm zp\u011btn\u011b a vlastn\u011b tu da\u0148, kterou jsem v t\u011bch dvou letech p\u0159edt\u00edm platil, mi st\u00e1t vr\u00e1t\u00ed.<br \/><br \/>moder\u00e1torka<br \/>&#8212;&#8212;&#8212;&#8212;&#8212;&#8212;&#8211;<br \/>M\u00ed\u0159\u00ed sem spoustu dotaz\u016f na email dvojka@rozhlas.cz od pracuj\u00edc\u00edch d\u016fchodc\u016f, jestli mus\u00ed pod\u00e1vat da\u0148ov\u00e9 p\u0159izn\u00e1n\u00ed a pokud ano, tak jakou formou, kdy\u017e ty dotazy v\u0161echny polo\u017e\u00edm jako jeden?<br \/><br \/>mluv\u010d\u00ed 1,<br \/>&#8212;&#8212;&#8212;&#8212;&#8212;&#8212;&#8211;<br \/>Nen\u00ed \u017e\u00e1dn\u00e1 v\u00fdjimka, \u017ee by pracuj\u00edc\u00ed d\u016fchodci m\u011bli n\u011bjakou v\u00fdjimku. Tam samoz\u0159ejm\u011b n\u011bjak\u00fd osvobozen\u00ed do n\u011bjak\u00e9ho limitu t\u011bch d\u016fchod\u016f, kter\u00e9 oni dost\u00e1vaj\u00ed, v\u011bt\u0161inou vlezou, tady jde akor\u00e1t o to, \u017ee ned\u00e1 se to zase \u0159\u00edct pau\u0161\u00e1ln\u011b, z\u00e1le\u017e\u00ed, na z\u00e1klad\u011b jak\u00e9ho pr\u00e1vn\u00edho vztahu oni pracuj\u00ed, pokud budou t\u0159eba zam\u011bstn\u00e1ni, typicky na dohodu o proveden\u00ed pr\u00e1ce a ta \u010d\u00e1stka bude ni\u017e\u0161\u00ed, proto\u017ee mus\u00edme si uv\u011bdomit, \u017ee ka\u017ed\u00fd poplatn\u00edk, a tady byla jakoby sv\u00e9ho \u010dasu takov\u00e1 velk\u00e1 akce, jestli z\u00e1kladn\u00ed sleva na poplatn\u00edka, kter\u00e1 je pro ka\u017ed\u00e9ho v t\u00e9to zemi a \u010din\u00ed 30 840 K\u010d. Tak jestli to omezen\u00ed, \u017ee ji nemohli uplat\u0148ovat d\u016fchodci, je \u00fastavn\u011b komfortn\u00ed. Nakonec \u00dastavn\u00ed soud \u0159ekl, \u017ee nikoliv. Mimochodem, my jsme tu p\u0159ipom\u00ednku jako komora da\u0148ov\u00fdch poradc\u016f uplat\u0148ovali, tak kdy\u017e se vezme ta z\u00e1kladn\u00ed sleva, zd\u016fraz\u0148uji, je pot\u0159eba si uv\u011bdomit, sleva na dani je vlastn\u011b, kdy\u017e si spo\u010d\u00edt\u00e1te ten z\u00e1klad dan\u011b a vyjde v\u00e1m da\u0148, tak do t\u00e9 v\u00fd\u0161e slevy ji neplat\u00edte, tak\u017ee pokud ten v\u00fdd\u011blek je do toho limitu, o kter\u00fdm se tady bav\u00edme, tak da\u0148 platit nebudu, ale zase plat\u00ed to, co jsem \u0159\u00edkal na za\u010d\u00e1tku, pokud jsou t\u0159eba zam\u011bstn\u00e1n\u00ed a jsou jenom v zam\u011bstn\u00e1n\u00ed u jednoho zam\u011bstnavatele, by\u0165 by to nebyla ta dohoda, tak nemus\u00ed pod\u00e1vat da\u0148ov\u00e9 p\u0159izn\u00e1n\u00ed. Samoz\u0159ejm\u011b jin\u00e1 situace bude, kdy\u017e t\u0159eba ten d\u016fchodce bude pronaj\u00edmat n\u011bjakou svoji nemovitou v\u011bc. Tak pokud p\u0159es\u00e1hne ten limit, o kter\u00e9m jsem tady mluvil, co\u017e je ten 50 000 K\u010d, kdybych \u0159ekl, \u017ee nem\u00e1 p\u0159\u00edjmy z t\u00e9 z\u00e1visl\u00e9 \u010dinnosti, pokud by m\u011bl ty p\u0159\u00edjmy z t\u00e9 z\u00e1visl\u00e9 \u010dinnosti, je to t\u011bch 20 000 K\u010d, tak to p\u0159izn\u00e1n\u00ed pod\u00e1vat mus\u00ed a nen\u00ed tam \u017e\u00e1dn\u00e1 speci\u00e1ln\u00ed \u00faleva, je tam samoz\u0159ejm\u011b t\u0159eba sleva na dr\u017eitele pr\u016fkazu ZTPP.<br \/><br \/>Tereza St\u00fdblov\u00e1, moder\u00e1torka<br \/>&#8212;&#8212;&#8212;&#8212;&#8212;&#8212;&#8211;<br \/>Ta se pt\u00e1 Jarda pr\u00e1v\u011b, jestli m\u00e1 n\u011bjakou \u00falevu, m\u00e1 t\u0159et\u00ed stupe\u0148\u00a0<strong>invalidn\u00edho<\/strong>\u00a0d\u016fchodu na da\u0148 z nemovitosti, tak to nen\u00ed dne\u0161n\u00ed t\u00e9ma, ale pop\u0159\u00edpad\u011b z pron\u00e1jmu, tak to u\u017e je p\u0159\u00edjem.<br \/><br \/>mluv\u010d\u00ed 1,<br \/>&#8212;&#8212;&#8212;&#8212;&#8212;&#8212;&#8211;<br \/>To by m\u011bl p\u0159\u00edjem a tam je ta speci\u00e1ln\u00ed sleva, kter\u00e1 je ve v\u00fd\u0161i 16 140 K\u010d na ty dr\u017eitele pr\u016fkazu ZTPP, kterou on m\u016f\u017ee zase uplatnit nad r\u00e1mec je\u0161t\u011b t\u00e9 z\u00e1kladn\u00ed slevy na poplatn\u00edka.<br \/><br \/>moder\u00e1torka<br \/>&#8212;&#8212;&#8212;&#8212;&#8212;&#8212;&#8211;<br \/>Pak m\u00e1me da\u0148ov\u00e9 \u00falevy a odpo\u010ditateln\u00e9 polo\u017eky.<br \/><br \/>mluv\u010d\u00ed 1,<br \/>&#8212;&#8212;&#8212;&#8212;&#8212;&#8212;&#8211;<br \/>A pak mus\u00ed m\u00edt, a pak m\u00e1m n\u011bkter\u00e9 tak, abysme si zase to vysv\u011btlit, od\u010ditateln\u00e9 polo\u017eky, co\u017e u t\u011bch fyzick\u00fdch osob je komplikovan\u00e9 v tom, \u017ee j\u00e1 se\u010dtu ty d\u00edl\u010d\u00ed z\u00e1klady dan\u011b. Je\u0161t\u011b jednou opakuji, zam\u011bstn\u00e1n\u00ed, zkr\u00e1cen\u011b podnik\u00e1n\u00ed, kapit\u00e1lov\u00fd majetek, n\u00e1jem a ostatn\u00ed p\u0159\u00edjmy, se\u010dtu to a vyjde m\u011b jeden z\u00e1klad dan\u011b, od tohoto z\u00e1kladu dan\u011b m\u016f\u017eu ode\u010d\u00edtat zase jeden p\u0159\u00edklad, abych tady uvedl, mohu t\u0159eba ode\u010d\u00edst dary, kter\u00e9 d\u00e1v\u00e1m vyjmenovan\u00fdm subjekt\u016fm a p\u0159\u00edklad, tak t\u0159eba, kdy\u017e chcete podpo\u0159it nejlep\u0161\u00ed basketbalov\u00fd t\u00fdm v zemi.<br \/><br \/>mluv\u010d\u00ed 3,<br \/>&#8212;&#8212;&#8212;&#8212;&#8212;&#8212;&#8211;<br \/>Basketbal, kter\u00fd, to je basket Brno, to je v\u017edycky Brno, v\u017edycky basket.<br \/><br \/>mluv\u010d\u00ed 1,<br \/>&#8212;&#8212;&#8212;&#8212;&#8212;&#8212;&#8211;<br \/>V\u017edycky basket Brno. Tak kdy\u017e mu budete d\u00e1vat dar, tak ten se ode\u010d\u00edt\u00e1 a\u017e od toho sou\u010dtu. Tady upozor\u0148uju poslucha\u010de, je tady jedna zm\u011bna, kter\u00e1 je z toho da\u0148ov\u00e9ho konsolida\u010dn\u00edho bal\u00ed\u010dku a m\u00e1 dopad zp\u011btn\u011b na ten rok 2023, a sice, \u017ee ten limit pro rok 2023 toho ode\u010dtu pro fyzick\u00e9 i pr\u00e1vnick\u00e9 osoby je 30 %, to je zv\u00fd\u0161en\u00fd limit, kter\u00fd se zv\u00fd\u0161il na za\u010d\u00e1tku v d\u016fsledku pandemie, te\u010f se to prot\u00e1hlo je\u0161t\u011b do roku 2023.<br \/><br \/>Tereza St\u00fdblov\u00e1, moder\u00e1torka<br \/>&#8212;&#8212;&#8212;&#8212;&#8212;&#8212;&#8211;<br \/>Mimochodem mezi ty od\u010ditateln\u00e9 polo\u017eky pat\u0159\u00ed penzijn\u00ed, \u017eivotn\u00ed, hypot\u00e9ka, dary na humanit\u00e1rn\u00ed charita, tu\u0161\u00edm, \u010dili darov\u00e1n\u00ed krve, kostn\u00ed d\u0159en\u011b, dary na podporu Ukrajin\u011b i letos.<br \/><br \/>mluv\u010d\u00ed 1,<br \/>&#8212;&#8212;&#8212;&#8212;&#8212;&#8212;&#8211;<br \/>Jsou tam i letos a je to i situace, proto\u017ee pr\u00e1v\u011b v tom bal\u00ed\u010dku se to, \u010demu j\u00e1 \u0159\u00edk\u00e1m, my jsme byli, kdy\u017e to vznikalo, ten z\u00e1kon dokonce byl jako z\u00e1kon roku, tak ten z\u00e1kon Lex Ukrajina, text se posunul na rok 23, tak\u017ee t\u0159eba, kdy\u017e po\u0161lete dar ukrajinsk\u00e9 ambas\u00e1d\u011b na obranyschopnost Ukrajiny, tak i ten je ode\u010ditateln\u00fd,<\/p>\n\n\n\n<p>Je d\u016fle\u017eit\u00e9 prost\u011b \u0159\u00edct, kdo ten dar poskytuje, ide\u00e1ln\u00ed z toho \u00fa\u010dtu, kdy\u017e tam nen\u00ed darovac\u00ed smlouva, by m\u011bl j\u00edt ty pen\u00edze a tento dar si potom uplatn\u00ed bu\u010fto nete\u0159 nebo pan\u00ed.<br \/><br \/>Tereza St\u00fdblov\u00e1, moder\u00e1torka<br \/>&#8212;&#8212;&#8212;&#8212;&#8212;&#8212;&#8211;<br \/>Dal\u0161\u00ed dotaz po telefonu, dobr\u00fd den.<br \/><br \/>mluv\u010d\u00ed 9,<br \/>&#8212;&#8212;&#8212;&#8212;&#8212;&#8212;&#8211;<br \/>Poslucha\u010dka z Plzn\u011b, pros\u00edm v\u00e1s, m\u00e1m dotaz. Jsem ve starobn\u00edm d\u016fchodu a pronaj\u00edm\u00e1m pozemky zem\u011bd\u011blsk\u00fd spole\u010dnosti, mus\u00edm ka\u017ed\u00fd rok d\u011blat nov\u00fd da\u0148ov\u00fd p\u0159izn\u00e1.<br \/><br \/>mluv\u010d\u00ed 1,<br \/>&#8212;&#8212;&#8212;&#8212;&#8212;&#8212;&#8211;<br \/>Z\u00e1le\u017e\u00ed zase to, co jsem \u0159\u00edkal na tom \u00favodu. J\u00e1 si mysl\u00edm aspo\u0148, proto\u017ee v\u00edm, \u017ee rodi\u010de n\u011bco podobn\u00e9ho m\u011bli tak\u00e9 a v rodin\u011b, \u017ee ty p\u0159\u00edjmy z toho propachtov\u00e1n\u00ed jsou v\u011bt\u0161inou tak n\u00edzk\u00e9, \u017ee se dostanete pod tu hranici, kdy mus\u00edte pod\u00e1vat da\u0148ov\u00e9 p\u0159izn\u00e1n\u00ed, kdyby t\u011bch pozemk\u016f bylo v\u00edce a dostala jste se nad tu hranici, vych\u00e1z\u00edm z toho, \u017ee nem\u00e1te p\u0159\u00edjmy ze zam\u011bstn\u00e1n\u00ed, to znamen\u00e1, ta hranice je t\u011bch 50 000, tak pak to p\u0159izn\u00e1n\u00ed pod\u00e1vat mus\u00edte, tady v tomto p\u0159\u00edpad\u011b je asi v\u00fdhodn\u011bj\u0161\u00ed uplat\u0148ovat, p\u0159\u00edpadn\u011b, kdyby ta situace nastala, v\u00fddaje pau\u0161\u00e1lem, proto\u017ee p\u0159edpokl\u00e1d\u00e1m, \u017ee tam skute\u010dn\u00e9 v\u00fddaje \u017e\u00e1dn\u00e9, \u017e\u00e1dn\u00e9 nebudou, co\u017e ten \u00a7 9 umo\u017e\u0148uje.<br \/><br \/> moder\u00e1torka<br \/>&#8212;&#8212;&#8212;&#8212;&#8212;&#8212;&#8211;<br \/>Da\u0148ov\u00e9 slevy, pane in\u017een\u00fdre, letem sv\u011btem da\u0148ov\u00e9 slevy. <\/p>\n\n\n\n<p>mluv\u010d\u00ed 1,<br \/>&#8212;&#8212;&#8212;&#8212;&#8212;&#8212;&#8211;<br \/>tedy jsme se\u010detli ty z\u00e1klady dan\u011b, ode\u010detli jsme ty polo\u017eky a vy\u0161el n\u00e1m n\u011bjak\u00fd upraven\u00fd z\u00e1klad dan\u011b, z toho spo\u010d\u00edt\u00e1me tu da\u0148, kter\u00e1 je dneska podle toho, v jak\u00e9m p\u00e1smu jsme, ale u t\u011bch ni\u017e\u0161\u00edch skupin to bude t\u011bch 15 %. Progrese asi nebude \u00fapln\u011b hrozit. U nich ale po\u010d\u00edt\u00e1me da\u0148 a od t\u00e9 dan\u011b ode\u010d\u00edt\u00e1me slevy, z\u00e1kladn\u00ed sleva. U\u017e jsem tady \u0159\u00edkal, je sleva na poplatn\u00edka, to je t\u011bch 30 840 K\u010d, pak tam m\u00e1me slevu na man\u017eelku, slevu na invaliditu, slevu na\u00a0<strong>ZTP<\/strong>, kterou jsem tady u\u017e zmi\u0148oval, je tam i sleva na \u0161kolkovn\u00e9, je tam sleva na d\u011bti.<br \/><br \/> moder\u00e1torka<br \/>&#8212;&#8212;&#8212;&#8212;&#8212;&#8212;&#8211;<br \/>M\u00e1me dotaz po telefonu.<br \/><br \/>mluv\u010d\u00ed 10,<br \/>&#8212;&#8212;&#8212;&#8212;&#8212;&#8212;&#8211;<br \/>Dobr\u00fd den, pros\u00edm, Kalhous. J\u00e1 bych se pot\u0159eboval zeptat. Kdy\u017e je dcera zam\u011bstnanec a p\u0159iv\u00fdd\u011bl\u00e1, jako u\u010d\u00ed ve \u0161kole, p\u0159ivyd\u011bl\u00e1 si jenom 14 000 za rok. Oni na n\u00ed cht\u011bj\u00ed, \u017ee j\u00ed tady potvrzen\u00ed po t\u011bch z zdaiteln\u00fdch t\u0159\u00edd\u00e1ch a \u017ee si ty dan\u011b m\u00e1 dod\u011blat sama a j\u00e1 tomu rozum\u00edm, kdy\u017e teda m\u00e1 14 000, \u017ee nemus\u00ed d\u00e1vat da\u0148ov\u00fd p\u0159izn\u00e1n\u00ed, pro\u010d by si to m\u011bla d\u011blat? Pro\u010d to neud\u011bl\u00e1 \u0161kola za n\u00ed?<br \/><br \/>mluv\u010d\u00ed 2,<br \/>&#8212;&#8212;&#8212;&#8212;&#8212;&#8212;&#8211;<br \/>Ano, m\u00e1m b\u00fdt rychl\u00fd. Tak ano, proto\u017ee tam je ten limit 20 000. Pokud se bav\u00edme o p\u0159izn\u00e1n\u00ed za rok 2023 a pokud vedle p\u0159\u00edjm\u016f ze zam\u011bstn\u00e1n\u00ed m\u00e1 vedle ty p\u0159\u00edjmy, kter\u00fd jsou 14 000 nebo kolik, \u0159\u00edkal pan 14, jestli si to pamatuju dob\u0159e, tak tam je pr\u00e1v\u011b ten limit, kter\u00fd se nav\u00fd\u0161il na 20 000, tak\u017ee v\u016fbec nemus\u00ed pod\u00e1vat da\u0148ov\u00e9 p\u0159izn\u00e1n\u00ed, nejenom, \u017ee nemus\u00ed platit da\u0148, ale nemus\u00ed to p\u0159izn\u00e1n\u00ed ani pod\u00e1vat. Dal\u0161\u00ed dotaz po telefonu. Dobr\u00fd den.<br \/><br \/>mluv\u010d\u00ed 12,<br \/>&#8212;&#8212;&#8212;&#8212;&#8212;&#8212;&#8211;<br \/>Dobr\u00fd den, cht\u011bl jsem se jenom zeptat. Od 11. \u010dervna. Leto\u0161n\u00edho roku budu jako starobn\u00ed d\u016fchodce, moment\u00e1ln\u011b jsem teda p\u0159ed \u010dasem d\u016fchodu, ale bez v\u00fdb\u011bru pen\u011bz a podnik\u00e1m jako OSV\u010c. A v re\u017eimu pau\u0161\u00e1ln\u00ed dan\u011b, kdy\u017e to pau\u0161\u00e1ln\u00ed da\u0148 do des\u00e1t\u00e9ho, na p\u0159\u00ed\u0161t\u00edho roku zru\u0161\u00edm. Jak\u00e9? Pak se budou platit z\u00e1lohy na soci\u00e1ln\u00ed A zdravotn\u00ed? <br \/><br \/>mluv\u010d\u00ed 1,<br \/>&#8212;&#8212;&#8212;&#8212;&#8212;&#8212;&#8211;<br \/>To si mysl\u00edm, \u017ee asi by se musela posoudit ta konkr\u00e9tn\u00ed situace. Z\u00e1le\u017eelo by, jak\u00fdm zp\u016fsobem budete d\u00e1l podnikat, jestli budete hlavn\u00ed OSV\u010c, tady by to asi cht\u011blo podrobn\u011bj\u0161\u00ed posoudit.<br \/><br \/>Tereza St\u00fdblov\u00e1, moder\u00e1torka<br \/>&#8212;&#8212;&#8212;&#8212;&#8212;&#8212;&#8211;<br \/>Mimochodem pau\u0161\u00e1ln\u00ed dan\u011b, ur\u010dit\u011b jedna z mo\u017enost\u00ed, jak vlastn\u011b odv\u00e1d\u011bt da\u0148 a z\u00e1rove\u0148 soci\u00e1ln\u00ed i zdravotn\u00ed poji\u0161t\u011bn\u00ed? Jenom takov\u00fd.<br \/><br \/>mluv\u010d\u00ed 2,<br \/>&#8212;&#8212;&#8212;&#8212;&#8212;&#8212;&#8211;<br \/>Tady v tom roce 2023 je to jedna ze zm\u011bn, Pau\u0161\u00e1ln\u00ed dan\u011b se mus\u00edte p\u0159ihl\u00e1sit do 10. ledna. Roku 2024. Pokud ho chcete v roce 2024 uplat\u0148ovat, ta z\u00e1sadn\u00ed zm\u011bna spo\u010d\u00edv\u00e1 v tom, \u017ee se ten limit do p\u0159\u00edjm\u016f, do jeho\u017e v\u00fd\u0161e jste mohli pau\u0161\u00e1ln\u00ed da\u0148 uplat\u0148ovat, zv\u00fd\u0161il dvojn\u00e1sobn\u011b na 2 miliony K\u010d. Na druh\u00e9 stran\u011b je to tam rozvrstveno do t\u0159\u00ed p\u00e1sem. U\u017e ta \u010d\u00e1stka nen\u00ed jenom jedna, pokud m\u00e1te t\u0159eba v\u00edce \u017eivnost\u00ed, tak je to pom\u011brn\u011b komplikovan\u00e9, my jsme jako komora da\u0148ov\u00fdch poradc\u016f navrhovali jednodu\u0161\u0161\u00ed syst\u00e9m, ale samoz\u0159ejm\u011b pro n\u011bkoho to m\u016f\u017ee b\u00fdt v\u00fdhodn\u00e9 a samoz\u0159ejm\u011b ta z\u00e1kladn\u00ed v\u00fdhoda tady je, \u017ee by se, j\u00e1 bych ne\u0159ekl v\u016fbec \u017e\u00e1dn\u00e1 evidence, ale v\u00fdrazn\u011b se ta evidence Zjednodu\u0161\u00ed a nepod\u00e1v\u00e1 se ani p\u0159izn\u00e1n\u00ed, ani se nepod\u00e1vaj\u00ed p\u0159ehledy na soci\u00e1ln\u00ed a zdravotn\u00ed poji\u0161t\u011bn\u00ed, tak\u017ee pro n\u011bkoho to m\u016f\u017ee b\u00fdt v\u00fdhodn\u00e9. Zase typick\u00fd p\u0159\u00edklad je. M\u00e1 men\u0161\u00ed n\u00e1klady, m\u00e1 men\u0161\u00ed od\u010ditateln\u00e9 polo\u017eky, m\u00e1 men\u0161\u00ed slevy na dani, tam se to m\u016f\u017ee vyplatit.<br \/><br \/>moder\u00e1torka<br \/>&#8212;&#8212;&#8212;&#8212;&#8212;&#8212;&#8211;<br \/>Je tady dotaz od Aleny, kter\u00e1 za\u010dala podnikat v polovin\u011b roku, jak je to s tou slevou na poplatn\u00edka, jestli je tam ta cel\u00e1 30 840 nebo jenom polovi\u010dn\u00ed.<br \/><br \/>mluv\u010d\u00ed 1,<br \/>&#8212;&#8212;&#8212;&#8212;&#8212;&#8212;&#8211;<br \/>Ta sleva na Poplatn\u00edka se vyzna\u010duje t\u00edm, \u017ee jedin\u00e1 se ned\u011bl\u00ed a jedin\u00e1 je vlastn\u011b pro ka\u017ed\u00e9ho bez ohledu na to, jak dlouho podnikal, jak dlouho m\u011bl p\u0159\u00edjmy, ta je prost\u011b t\u011bch 30 840 K\u010d.<br \/><br \/>Tereza St\u00fdblov\u00e1, moder\u00e1torka<br \/>&#8212;&#8212;&#8212;&#8212;&#8212;&#8212;&#8211;<br \/>V\u017edycky, zmi\u0148oval jste z\u00e1lohy na dani, \u017ee potom od vlastn\u011b ode\u010dteme od toho v\u00fdsledku, kter\u00e9 n\u00e1m vyjde u da\u0148ov\u00e9ho p\u0159izn\u00e1n\u00ed, to si plat\u00ed, ale da\u0148ov\u00fd nebo \u010dlov\u011bk dobrovoln\u011b, nen\u00ed to povinnost, nebo jak.<br \/><br \/>mluv\u010d\u00ed 1,<br \/>&#8212;&#8212;&#8212;&#8212;&#8212;&#8212;&#8211;<br \/>To, nen\u00ed to tak \u00fapln\u011b dobrovoln\u011b, je to povinn\u011b od ur\u010dit\u00e9ho, jsou tam n\u011bjak\u00e9 hranice a je tam n\u011bjak\u00e1 frekvence, zase je to tro\u0161ku slo\u017eit\u011bj\u0161\u00ed. Na vysv\u011btlen\u00ed v t\u00e9 kr\u00e1tk\u00e9m \u010dase, ale z\u00e1kon p\u0159esn\u011b definuje za jak\u00fdch podm\u00ednek a v jak\u00e9 \u010d\u00e1stce podnikatel, p\u0159\u00edpadn\u011b jako pronaj\u00edmatel m\u00e1 povinnost platit ty z\u00e1lohy. Zase je to t\u0159eba r\u016fzn\u00e9 podle toho, kdy\u017e m\u00e1m vedle toho i p\u0159\u00edjmy ze zam\u011bstn\u00e1n\u00ed, tak za ur\u010dit\u00fdch okolnost\u00ed tam ta povinnost platit z\u00e1lohy nen\u00ed, \u010dili je to stanoveno z\u00e1konem. Nen\u00ed to \u00fapln\u011b dobrovoln\u00e9, je to povinn\u00e9 a je to stanoveno z\u00e1konem, zase, kdybych to cht\u011bl je\u0161t\u011b slo\u017eit\u011b zkomplikovat, tak m\u016f\u017eete po\u017e\u00e1dat o stanoven\u00ed z\u00e1loh jinak, kdy\u017e t\u0159eba se v\u00e1m to podnik\u00e1n\u00ed v tom dal\u0161\u00edm roce tak neda\u0159\u00ed jako v tom p\u0159edchoz\u00edm.<br \/><br \/> moder\u00e1torka<br \/>&#8212;&#8212;&#8212;&#8212;&#8212;&#8212;&#8211;<br \/>Ot\u00e1zka, pokud to d\u011bl\u00e1m chybu.V tom p\u0159izn\u00e1n\u00ed, nebo pokud to pod\u00e1m pozd\u011b, tak to je \u00fapln\u011b posledn\u00ed ot\u00e1zka, popros\u00edm o stru\u010dnou odpov\u011b\u010f.<br \/><br \/>mluv\u010d\u00ed 1,<br \/>&#8212;&#8212;&#8212;&#8212;&#8212;&#8212;&#8211;<br \/>Velmi zjednodu\u0161en\u011b, kdy\u017e ud\u011bl\u00e1te chybu, tak je tam dvoj\u00ed typ sankce, jeden typ sankce je za pozdn\u00ed pod\u00e1n\u00ed toho da\u0148ov\u00e9ho p\u0159izn\u00e1n\u00ed, kter\u00fd se a priori po\u010d\u00edt\u00e1 z v\u00fd\u0161e t\u00e9 da\u0148ov\u00e9 Povinnosti, ne, co m\u00e1m doplatit, kter\u00fd je 0,05 %, denn\u011b z t\u00e9 dan\u011b. <br \/>Druh\u00fd typ sankce je \u00farok z prodlen\u00ed, to znamen\u00e1 Kdy\u017e zaplat\u00edm pozd\u011b, a to je situace Kdy\u017e p\u016fvodn\u011b si mysl\u00edm, \u017ee to m\u00e1m dob\u0159e. A pak se zjist\u00ed chyba, ta se dopl\u00e1c\u00ed repo plus 8 %, a kdy\u017e m\u011b je\u0161t\u011b spr\u00e1vce dan\u011b najde chybu, tak dom\u011b\u0159uje tzv. pen\u00e1le ve v\u00fd\u0161i 20 % nebo 1 % z da\u0148ov\u00e9 ztr\u00e1ty.<br \/><br \/>Tereza St\u00fdblov\u00e1, moder\u00e1torka<br \/>&#8212;&#8212;&#8212;&#8212;&#8212;&#8212;&#8211;<br \/>Ing. Ji\u0159\u00ed nesrovnal, da\u0148ov\u00fd poradce, \u010dlen prezidia komory da\u0148ov\u00fdch poradc\u016f a vedouc\u00ed sekce dan\u011b z p\u0159\u00edjmu pr\u00e1vnick\u00fdch osob, byl dne\u0161n\u00edm hostem. K\u00e1vy o \u010dtvrt\u00e9, moc v\u00e1m d\u011bkuji a t\u011b\u0161\u00edm se zase za rok, j\u00e1 d\u011bkuji za pozv\u00e1n\u00ed a na vid\u011bnou<\/p>\n","protected":false},"excerpt":{"rendered":"<div class=\"mh-excerpt\"><p>\u010cRo Dvojka\u00a0 Da\u0148 z p\u0159\u00edjmu fyzick\u00fdch osob. Bl\u00ed\u017e\u00ed konec b\u0159ezna, co\u017e je pro mnoh\u00e9 \u017eivnostn\u00edky term\u00edn, kdy bychom m\u011bli podat da\u0148ov\u00e9 p\u0159izn\u00e1n\u00ed. Na\u0161\u00edm hostem je <a class=\"mh-excerpt-more\" href=\"https:\/\/www.invarena.cz\/?p=46988\" title=\"Bl\u00ed\u017e\u00ed se da\u0148ov\u00e1 p\u0159izn\u00e1n\u00ed\">[&#8230;]<\/a><\/p>\n<\/div>","protected":false},"author":1,"featured_media":14519,"comment_status":"open","ping_status":"closed","sticky":false,"template":"","format":"standard","meta":{"footnotes":""},"categories":[1],"tags":[],"class_list":["post-46988","post","type-post","status-publish","format-standard","has-post-thumbnail","hentry","category-nezarazene"],"_links":{"self":[{"href":"https:\/\/www.invarena.cz\/index.php?rest_route=\/wp\/v2\/posts\/46988","targetHints":{"allow":["GET"]}}],"collection":[{"href":"https:\/\/www.invarena.cz\/index.php?rest_route=\/wp\/v2\/posts"}],"about":[{"href":"https:\/\/www.invarena.cz\/index.php?rest_route=\/wp\/v2\/types\/post"}],"author":[{"embeddable":true,"href":"https:\/\/www.invarena.cz\/index.php?rest_route=\/wp\/v2\/users\/1"}],"replies":[{"embeddable":true,"href":"https:\/\/www.invarena.cz\/index.php?rest_route=%2Fwp%2Fv2%2Fcomments&post=46988"}],"version-history":[{"count":0,"href":"https:\/\/www.invarena.cz\/index.php?rest_route=\/wp\/v2\/posts\/46988\/revisions"}],"wp:featuredmedia":[{"embeddable":true,"href":"https:\/\/www.invarena.cz\/index.php?rest_route=\/wp\/v2\/media\/14519"}],"wp:attachment":[{"href":"https:\/\/www.invarena.cz\/index.php?rest_route=%2Fwp%2Fv2%2Fmedia&parent=46988"}],"wp:term":[{"taxonomy":"category","embeddable":true,"href":"https:\/\/www.invarena.cz\/index.php?rest_route=%2Fwp%2Fv2%2Fcategories&post=46988"},{"taxonomy":"post_tag","embeddable":true,"href":"https:\/\/www.invarena.cz\/index.php?rest_route=%2Fwp%2Fv2%2Ftags&post=46988"}],"curies":[{"name":"wp","href":"https:\/\/api.w.org\/{rel}","templated":true}]}}