{"id":47031,"date":"2024-03-14T04:39:00","date_gmt":"2024-03-14T03:39:00","guid":{"rendered":"https:\/\/www.invarena.cz\/?p=47031"},"modified":"2024-03-14T04:38:25","modified_gmt":"2024-03-14T03:38:25","slug":"cesko-ma-zrychlit-reseni-diskriminace-romskych-deti-ve-vzdelavani","status":"publish","type":"post","link":"https:\/\/www.invarena.cz\/?p=47031","title":{"rendered":"\u010cesko m\u00e1 zrychlit \u0159e\u0161en\u00ed diskriminace romsk\u00fdch d\u011bt\u00ed \u00a0\u00a0"},"content":{"rendered":"\n<p>Radio\u017eurn\u00e1l&nbsp;<\/p>\n\n\n\n<p><br \/>\u010cesko m\u00e1 zrychlit \u0159e\u0161en\u00ed diskriminace romsk\u00fdch d\u011bt\u00ed ve vzd\u011bl\u00e1v\u00e1n\u00ed. Ve \u0160trasburku o tom jednaly st\u00e1ty Rady Evropy. V \u010cesku je po\u0159\u00e1d 130 \u0161kol, kam chod\u00ed v\u00edc ne\u017e t\u0159etina \u017e\u00e1k\u016f romsk\u00e9ho p\u016fvodu. Podle \u010desk\u00fdch z\u00e1stupc\u016f st\u00e1ty na jedn\u00e1n\u00ed podpo\u0159ily pl\u00e1n ministerstva \u0161kolstv\u00ed, jak situaci zlep\u0161it.<br \/><br \/>Z\u00e1rove\u0148 ale upozornily na to, \u017ee rozsudek Evropsk\u00e9ho soudu pro lidsk\u00e1 pr\u00e1va, kter\u00fd \u010cesku diskriminaci vytkl, je star\u00fd u\u017e v\u00edc ne\u017e 16 let. P\u0159izn\u00e1v\u00e1 n\u00e1m\u011bstek ministra \u0161kolstv\u00ed Ji\u0159\u00ed Nantl z ODS.<br \/><br \/>Ji\u0159\u00ed NANTL, n\u00e1m\u011bstek ministra \u0161kolstv\u00ed \/ODS\/<br \/>&#8212;&#8212;&#8212;&#8212;&#8212;&#8212;&#8211;<br \/>T\u00e9m\u011b\u0159 jedn\u00e9 generace a existuje o\u010dek\u00e1v\u00e1n\u00ed v Evrop\u011b, aby ten pokrok byl v\u00fdznamn\u011bj\u0161\u00ed.<br \/><br \/>Jana Karasov\u00e1, redaktorka<br \/>&#8212;&#8212;&#8212;&#8212;&#8212;&#8212;&#8211;<br \/>Do dvou let by tak \u010cesko m\u011blo p\u0159ijmout podstatnou \u010d\u00e1st zm\u011bn, kter\u00e9 si napl\u00e1novalo, popisuje vl\u00e1dn\u00ed zmocn\u011bnec Petr Kon\u016fpka.<br \/><br \/>Petr Kon\u016fpka, zmocn\u011bnec vl\u00e1dy pro zastupov\u00e1n\u00ed \u010cR p\u0159ed Evropsk\u00fdm soudem pro lidsk\u00e1 pr\u00e1va<br \/>&#8212;&#8212;&#8212;&#8212;&#8212;&#8212;&#8211;<br \/>Je to ta desegregace, co\u017e je vlastn\u011b takov\u00e1 pom\u011brn\u011b jako nov\u00e1 v\u011bc, podpora \u0161kol, vlastn\u011b zm\u011bna v tom poradensk\u00e9m syst\u00e9mu.<br \/><br \/>Jana Karasov\u00e1, redaktorka<br \/>&#8212;&#8212;&#8212;&#8212;&#8212;&#8212;&#8211;<br \/>Tento syst\u00e9m toti\u017e d\u00e1v\u00e1 diagn\u00f3zu lehk\u00e9ho ment\u00e1ln\u00edho\u00a0<strong>posti\u017een\u00ed<\/strong>\u00a0romsk\u00fdm d\u011btem \u010dast\u011bji ne\u017e jin\u00fdm a ty pak kv\u016fli tomu \u010dasto chod\u00ed do speci\u00e1ln\u00edch \u0161kol. <\/p>\n\n\n\n<p>\u00a0Rezort te\u010f pl\u00e1nuje jednat se z\u0159izovateli \u0161kol, jak situaci \u0159e\u0161it, t\u0159eba podle z\u00e1stupkyn\u011b \u0159editelky z\u00e1kladn\u00ed \u0161koly n\u00e1m\u011bst\u00ed 28. \u0159\u00edjna. V Brn\u011b chyb\u00ed v \u010cesku syst\u00e9mov\u00e9 \u0159e\u0161en\u00ed probl\u00e9mu. &#8222;Tak obecn\u011b tahle situace nen\u00ed dobr\u00e1 pro nikoho, \u017ee jo, tak\u017ee m\u011bly by ty \u0161koly v\u0161echny b\u00fdt nam\u00edch\u00e1ny tak, aby to odpov\u00eddalo vlastn\u011b rozlo\u017een\u00ed populace, a\u0165 u\u017e to jsou RO Romov\u00e9, p\u0159ist\u011bhovalci, uprchl\u00edci, t\u011blesn\u011b\u00a0<strong>posti\u017een\u00ed<\/strong>, ment\u00e1ln\u011b\u00a0<strong>posti\u017een\u00ed<\/strong>\u00a0atd.,&#8220; \u0159\u00edk\u00e1.<\/p>\n\n\n\n<p>Jana Gulda, moder\u00e1torka<br \/>&#8212;&#8212;&#8212;&#8212;&#8212;&#8212;&#8211;<br \/>\u010cesko za segregaci romsk\u00fdch d\u011bt\u00ed dlouhodob\u011b kritizuje Rada Evropy.&nbsp;<\/p>\n\n\n\n<p><br \/><br \/><\/p>\n","protected":false},"excerpt":{"rendered":"<div class=\"mh-excerpt\"><p>Radio\u017eurn\u00e1l&nbsp; \u010cesko m\u00e1 zrychlit \u0159e\u0161en\u00ed diskriminace romsk\u00fdch d\u011bt\u00ed ve vzd\u011bl\u00e1v\u00e1n\u00ed. Ve \u0160trasburku o tom jednaly st\u00e1ty Rady Evropy. V \u010cesku je po\u0159\u00e1d 130 \u0161kol, kam <a class=\"mh-excerpt-more\" href=\"https:\/\/www.invarena.cz\/?p=47031\" title=\"\u010cesko m\u00e1 zrychlit \u0159e\u0161en\u00ed diskriminace romsk\u00fdch d\u011bt\u00ed \u00a0\u00a0\">[&#8230;]<\/a><\/p>\n<\/div>","protected":false},"author":1,"featured_media":14680,"comment_status":"open","ping_status":"closed","sticky":false,"template":"","format":"standard","meta":{"footnotes":""},"categories":[6],"tags":[],"class_list":["post-47031","post","type-post","status-publish","format-standard","has-post-thumbnail","hentry","category-politika"],"_links":{"self":[{"href":"https:\/\/www.invarena.cz\/index.php?rest_route=\/wp\/v2\/posts\/47031","targetHints":{"allow":["GET"]}}],"collection":[{"href":"https:\/\/www.invarena.cz\/index.php?rest_route=\/wp\/v2\/posts"}],"about":[{"href":"https:\/\/www.invarena.cz\/index.php?rest_route=\/wp\/v2\/types\/post"}],"author":[{"embeddable":true,"href":"https:\/\/www.invarena.cz\/index.php?rest_route=\/wp\/v2\/users\/1"}],"replies":[{"embeddable":true,"href":"https:\/\/www.invarena.cz\/index.php?rest_route=%2Fwp%2Fv2%2Fcomments&post=47031"}],"version-history":[{"count":0,"href":"https:\/\/www.invarena.cz\/index.php?rest_route=\/wp\/v2\/posts\/47031\/revisions"}],"wp:featuredmedia":[{"embeddable":true,"href":"https:\/\/www.invarena.cz\/index.php?rest_route=\/wp\/v2\/media\/14680"}],"wp:attachment":[{"href":"https:\/\/www.invarena.cz\/index.php?rest_route=%2Fwp%2Fv2%2Fmedia&parent=47031"}],"wp:term":[{"taxonomy":"category","embeddable":true,"href":"https:\/\/www.invarena.cz\/index.php?rest_route=%2Fwp%2Fv2%2Fcategories&post=47031"},{"taxonomy":"post_tag","embeddable":true,"href":"https:\/\/www.invarena.cz\/index.php?rest_route=%2Fwp%2Fv2%2Ftags&post=47031"}],"curies":[{"name":"wp","href":"https:\/\/api.w.org\/{rel}","templated":true}]}}