{"id":4704,"date":"2013-05-13T23:58:04","date_gmt":"2013-05-13T21:58:04","guid":{"rendered":"http:\/\/www.invarena.cz\/?p=4704"},"modified":"2014-10-20T20:12:59","modified_gmt":"2014-10-20T18:12:59","slug":"na-vystavisti-muzete-najit-lek-na-starosti-se-zdravim","status":"publish","type":"post","link":"https:\/\/www.invarena.cz\/?p=4704","title":{"rendered":"Dnes za\u010dal Rehaprotex. Zde m\u016f\u017eete naj\u00edt l\u00e9k na starosti se zdrav\u00edm"},"content":{"rendered":"<p><strong>Ve dnech 14.\u201317. kv\u011btna bude brn\u011bnsk\u00e9 v\u00fdstavi\u0161t\u011b pat\u0159it novink\u00e1m z oblasti zdrav\u00ed, rehabilitace a soci\u00e1ln\u00ed p\u00e9\u010de, kter\u00e9 nab\u00eddnou veletrhy Medical Fair Brno a Rehaprotex. Nab\u00eddka je poprv\u00e9 c\u00edlen\u011b zam\u011b\u0159en\u00e1 na seniory. N\u011bkter\u00e9 zbo\u017e\u00ed si mohou na veletrz\u00edch i koupit.<\/strong><\/p>\n<p><!--more--><\/p>\n<p>Pro ty, co maj\u00ed probl\u00e9my se zdrav\u00edm, i pro ty, kte\u0159\u00ed se jim sna\u017e\u00ed p\u0159edch\u00e1zet a mysl\u00ed na prevenci, jsou p\u0159edev\u0161\u00edm ur\u010deny veletrhy Medical Fair Brno a Rehaprotex, kter\u00e9 v \u00fater\u00fd startuj\u00ed na brn\u011bnsk\u00e9m v\u00fdstavi\u0161ti. N\u00e1v\u0161t\u011bvn\u00edky \u010dekaj\u00ed zaj\u00edmav\u00e9 novinky z oblasti zdravotn\u00ed, rehabilita\u010dn\u00ed a soci\u00e1ln\u00ed p\u00e9\u010de a tak\u00e9 nab\u00eddka poprv\u00e9 c\u00edlen\u011b zam\u011b\u0159en\u00e1 na seniory. N\u011bkter\u00e9 zbo\u017e\u00ed si mohou na veletrz\u00edch i koupit.<\/p>\n<p>Prezentace novinek a trend\u016f zdravotn\u00ed a rehabilita\u010dn\u00ed techniky m\u00e1 v Brn\u011b dlouhou tradici. V posledn\u00edch letech se konala v\u017edy na podzim, ale na z\u00e1klad\u011b po\u017eadavk\u016f hlavn\u00edch vystavovatel\u016f se letos p\u0159esunula do jarn\u00edho term\u00ednu 14.\u201317. kv\u011btna.<\/p>\n<p>Zachov\u00e1no z\u016fst\u00e1v\u00e1 spojen\u00ed obou p\u0159\u00edbuzn\u00fdch obor\u016f, tak\u017ee spole\u010dn\u011b s Mezin\u00e1rodn\u00edm veletrhem zdravotnick\u00e9 techniky a zdrav\u00ed Medical Fair Brno je na programu tak\u00e9 Mezin\u00e1rodn\u00ed veletrh rehabilita\u010dn\u00edch, kompenza\u010dn\u00edch a protetick\u00fdch pom\u016fcek Rehaprotex.<\/p>\n<p>&#8222;Mezi \u00fa\u010dastn\u00edky nechyb\u011bj\u00ed tradi\u010dn\u00ed a v\u00fdznamn\u00ed vystavovatel\u00e9 jako Altech, Patron Bohemia, Sivak, Erilens, Meyra \u010cR, Vecom, BTL zdravotnick\u00e1 technika, Madisson, RESI T\u0159ebo\u0148 a dal\u0161\u00ed. Poprv\u00e9 se k \u00fa\u010dasti p\u0159ihl\u00e1sila nap\u0159\u00edklad italsk\u00e1 spole\u010dnost Medinet nebo firma Ophardt Hygienetechnik z N\u011bmecka,&#8220; vyjmenovala Mark\u00e9ta Kamenick\u00e1 ze spole\u010dnosti Veletrhy Brno.<\/p>\n<p><strong>P\u0159ipravte se na novinky<\/strong><\/p>\n<p>Krom\u011b p\u0159esunu term\u00ednu se \u010d\u00e1ste\u010dn\u011b zm\u011bnila i n\u00e1pl\u0148 veletrh\u016f, kter\u00e1 se roz\u0161\u00ed\u0159ila o aktu\u00e1ln\u00ed t\u00e9mata souvisej\u00edc\u00ed p\u0159edev\u0161\u00edm s n\u00e1r\u016fstem po\u010dtu z\u00e1kazn\u00edk\u016f star\u0161\u00edho v\u011bku. &#8222;Novinkou jsou projekty Senior, P\u00e9\u010de o pacienty ve st\u00e1\u0159\u00ed, Soci\u00e1ln\u00ed p\u00e9\u010de a L\u00e9\u010debn\u00e9 l\u00e1ze\u0148stv\u00ed,&#8220; doplnila Kamenick\u00e1.<\/p>\n<p>Veletrh Rehaprotex bude op\u011bt nejv\u011bt\u0161\u00ed p\u0159ehl\u00eddkou sv\u00e9ho druhu ve st\u0159edn\u00ed Evrop\u011b a p\u0159edstav\u00ed nejen \u0161irok\u00fd sortiment kompenza\u010dn\u00edch, protetick\u00fdch, ortopedick\u00fdch a rehabilita\u010dn\u00edch pom\u016fcek, ale tak\u00e9 slu\u017eby v oblasti wellness a nab\u00eddku pro seniory. Prostor pro prezentaci op\u011bt dostanou tak\u00e9 poskytovatel\u00e9 soci\u00e1ln\u00edch slu\u017eeb.<\/p>\n<p>Novinkou leto\u0161n\u00edho ro\u010dn\u00edku je Centrum mobility zam\u011b\u0159en\u00e9 na p\u00e9\u010di o osoby s omezen\u00fdm pohybem. Lid\u00e9 v n\u011bm najdou poradensk\u00e9 centrum a tak\u00e9 byt ide\u00e1ln\u011b vybaven\u00fd p\u0159\u00edstroji a pom\u016fckami, kter\u00e9 usnad\u0148uj\u00ed \u017eivot lidem s pohybov\u00fdmi probl\u00e9my.<\/p>\n<p>Poprv\u00e9 bude k dispozici d\u011btsk\u00fd koutek. &#8222;V n\u011bm sv\u00e9 slu\u017eby p\u0159edstav\u00ed Poradna ran\u00e9 p\u00e9\u010de Dorea,&#8220; \u0159ekla Mark\u00e9ta Kamenick\u00e1. Poradkyn\u011b p\u0159edvedou d\u011btem a jejich rodi\u010d\u016fm speci\u00e1ln\u00ed hra\u010dky pro rozvoj my\u0161len\u00ed i motoriky a tak\u00e9 vhodn\u00e9 v\u00fdukov\u00e9 aplikace pro tablety.<\/p>\n<p>Sou\u010d\u00e1st\u00ed bude tak\u00e9 prezentace celon\u00e1rodn\u00edho on-line projektu Spokojen\u00e9 d\u011bti, kter\u00fd je ur\u010den rodin\u00e1m staraj\u00edc\u00edm se o zdravotn\u011b znev\u00fdhodn\u011bn\u00e9 d\u011bti. Nejen holky a kluci s handicapem si mohou vyzkou\u0161et speci\u00e1ln\u00ed terapii nazvanou Kdy\u017e golf pom\u00e1h\u00e1\u2026 D\u011btsk\u00fd koutek bude v provozu zdarma po celou dobu kon\u00e1n\u00ed veletrh\u016f.<\/p>\n<p>Veletrh Medical Fair Brno oslov\u00ed prim\u00e1rn\u011b poskytovatele zdravotn\u00ed p\u00e9\u010de a z\u00e1\u0161titu nad n\u00edm op\u011bt p\u0159evzal ministr zdravotnictv\u00ed Leo\u0161 Heger. Pozornost bude v\u011bnov\u00e1na tak\u00e9 ot\u00e1zk\u00e1m zdrav\u00e9ho \u017eivotn\u00edho stylu. Op\u011bt se otev\u0159e Komplexn\u00ed centrum p\u00e9\u010de o nohu s nab\u00eddkou odborn\u00e9 podiatrick\u00e9 p\u00e9\u010de.<\/p>\n<p>Nejlep\u0161\u00ed expon\u00e1ty obou veletrh\u016f se budou uch\u00e1zet o presti\u017en\u00ed ceny Medical Fair Award a Rehaprotex Award.<br \/>\nVeletrhy letos tak\u00e9 roz\u0161\u00ed\u0159\u00ed prodejn\u00ed centrum \u2013 prezentace nest\u00e1tn\u00edch neziskov\u00fdch humanit\u00e1rn\u00edch organizac\u00ed, kde si n\u00e1v\u0161t\u011bvn\u00edci mohou vybrat n\u011bkter\u00fd z origin\u00e1ln\u00edch v\u00fdrobk\u016f chr\u00e1n\u011bn\u00fdch d\u00edlen.<\/p>\n<p><strong>PROGRAM<\/strong><\/p>\n<p><strong>Nab\u00eddka p\u0159edn\u00e1\u0161ek pro ve\u0159ejnost<\/strong><\/p>\n<p>\u00dater\u00fd 14. kv\u011btna<\/p>\n<p>Jak se \u017eije senior\u016fm v \u010cesk\u00e9 republice \u2013 10.00\u201312.00 \u2013 aktu\u00e1ln\u00ed probl\u00e9my seniorsk\u00e9 populace \u2013 administrativn\u00ed budova, s\u00e1l 103<\/p>\n<p>St\u0159eda 15. kv\u011btna<\/p>\n<p>Zaj\u00edmavosti ze sv\u011bta inkluzivn\u00ed mobility handicapovan\u00fdch osob \u2013 popul\u00e1rn\u011b-odborn\u00e1 p\u0159edn\u00e1\u0161ka Petra \u0160iky, specialisty na inkluz\u00edvn\u00ed mobilitu a tvorbu p\u0159\u00edstupn\u00e9ho prost\u0159ed\u00ed pro osoby s omezenou schopnost\u00ed pohybu a orientace \u2013 11.00\u201311.45, 12.00\u201312.45 \u2013 pavilon A1, p\u0159edn\u00e1\u0161kov\u00fd s\u00e1l<\/p>\n<p>Senio\u0159i v doprav\u011b \u2013 p\u0159edn\u00e1\u0161ky M\u011bstsk\u00e9 policie Brno &#8222;Senio\u0159i v doprav\u011b \u2013 \u0159idi\u010di \u2013 pr\u00e1va, povinnosti, mo\u017enosti&#8220; a &#8222;Senio\u0159i v doprav\u011b \u2013 chodci a cyklist\u00e9 \u2013 pr\u00e1va, povinnosti, mo\u017enosti&#8220; \u2013 13.00\u201314.45 \u2013 pavilon A1, p\u0159edn\u00e1\u0161kov\u00fd s\u00e1l<\/p>\n<p>Cyklus p\u0159edn\u00e1\u0161ek na t\u00e9ma P\u0159edv\u00e1d\u011bc\u00ed akce a podomn\u00ed prodej \u2013 15.00\u201316.45 \u2013 pavilon A1, p\u0159edn\u00e1\u0161kov\u00fd s\u00e1l<\/p>\n<p>\u010ctvrtek 16. kv\u011btna<\/p>\n<p>Senio\u0159i v doprav\u011b \u2013 13.00\u201314.45 \u2013 pavilon A1, p\u0159edn\u00e1\u0161kov\u00fd s\u00e1l<\/p>\n<p>Cyklus p\u0159edn\u00e1\u0161ek na t\u00e9ma P\u0159edv\u00e1d\u011bc\u00ed akce a podomn\u00ed prodej \u2013 15.00\u201316.45 \u2013 pavilon A1, p\u0159edn\u00e1\u0161kov\u00fd s\u00e1l<\/p>\n<p><strong>FAKTA Co je dobr\u00e9 v\u011bd\u011bt<\/strong><\/p>\n<p>Ve dnech 14.\u201317. kv\u011btna 2013 se na brn\u011bnsk\u00e9m v\u00fdstavi\u0161ti konaj\u00ed veletrhy * Medical Fair Brno \u2013 Mezin\u00e1rodn\u00ed veletrh zdravotnick\u00e9 techniky a zdrav\u00ed * Rehaprotex \u2013 Mezin\u00e1rodn\u00ed veletrh rehabilita\u010dn\u00edch, kompenza\u010dn\u00edch a protetick\u00fdch pom\u016fcek Otv\u00edrac\u00ed doba 14.\u201316. kv\u011btna 10.00\u201317.00 17. kv\u011btna 10.00\u201315.00<\/p>\n<p>Vstupy \u2013 hlavn\u00ed vstup \u2013 pavilon E<\/p>\n<p>Vstupn\u00e9 Z\u00e1kladn\u00ed 160 K\u010d Zlevn\u011bn\u00e9 100 K\u010d (p\u0159edregistrovan\u00ed na webu, studenti s potvrzen\u00edm o studiu, senio\u0159i, dr\u017eitel\u00e9 pr\u016fkazu ZTP) (Vstupenka na veletrh neplat\u00ed jako j\u00edzdenka na MHD.)<\/p>\n<p>Pozn.: Dal\u0161\u00ed informace o veletrz\u00edch a aktu\u00e1ln\u00ed verzi doprovodn\u00e9ho programu najdete na www.medicalfair.cz nebo www.rehaprotex.cz.<\/p>\n<p>Mlad\u00e1 fronta DNES<\/p>\n","protected":false},"excerpt":{"rendered":"<div class=\"mh-excerpt\"><p>Ve dnech 14.\u201317. kv\u011btna bude brn\u011bnsk\u00e9 v\u00fdstavi\u0161t\u011b pat\u0159it novink\u00e1m z oblasti zdrav\u00ed, rehabilitace a soci\u00e1ln\u00ed p\u00e9\u010de, kter\u00e9 nab\u00eddnou veletrhy Medical Fair Brno a Rehaprotex. Nab\u00eddka <a class=\"mh-excerpt-more\" href=\"https:\/\/www.invarena.cz\/?p=4704\" title=\"Dnes za\u010dal Rehaprotex. Zde m\u016f\u017eete naj\u00edt l\u00e9k na starosti se zdrav\u00edm\">[&#8230;]<\/a><\/p>\n<\/div>","protected":false},"author":1,"featured_media":4906,"comment_status":"open","ping_status":"open","sticky":false,"template":"","format":"standard","meta":{"footnotes":""},"categories":[9],"tags":[],"class_list":["post-4704","post","type-post","status-publish","format-standard","has-post-thumbnail","hentry","category-zpravy"],"_links":{"self":[{"href":"https:\/\/www.invarena.cz\/index.php?rest_route=\/wp\/v2\/posts\/4704","targetHints":{"allow":["GET"]}}],"collection":[{"href":"https:\/\/www.invarena.cz\/index.php?rest_route=\/wp\/v2\/posts"}],"about":[{"href":"https:\/\/www.invarena.cz\/index.php?rest_route=\/wp\/v2\/types\/post"}],"author":[{"embeddable":true,"href":"https:\/\/www.invarena.cz\/index.php?rest_route=\/wp\/v2\/users\/1"}],"replies":[{"embeddable":true,"href":"https:\/\/www.invarena.cz\/index.php?rest_route=%2Fwp%2Fv2%2Fcomments&post=4704"}],"version-history":[{"count":0,"href":"https:\/\/www.invarena.cz\/index.php?rest_route=\/wp\/v2\/posts\/4704\/revisions"}],"wp:featuredmedia":[{"embeddable":true,"href":"https:\/\/www.invarena.cz\/index.php?rest_route=\/wp\/v2\/media\/4906"}],"wp:attachment":[{"href":"https:\/\/www.invarena.cz\/index.php?rest_route=%2Fwp%2Fv2%2Fmedia&parent=4704"}],"wp:term":[{"taxonomy":"category","embeddable":true,"href":"https:\/\/www.invarena.cz\/index.php?rest_route=%2Fwp%2Fv2%2Fcategories&post=4704"},{"taxonomy":"post_tag","embeddable":true,"href":"https:\/\/www.invarena.cz\/index.php?rest_route=%2Fwp%2Fv2%2Ftags&post=4704"}],"curies":[{"name":"wp","href":"https:\/\/api.w.org\/{rel}","templated":true}]}}