{"id":47242,"date":"2024-03-21T07:33:23","date_gmt":"2024-03-21T06:33:23","guid":{"rendered":"https:\/\/www.invarena.cz\/?p=47242"},"modified":"2024-03-21T07:56:59","modified_gmt":"2024-03-21T06:56:59","slug":"horacek-svet-se-polarizuje-tristi-se-rodiny-je-to-nebezpecne","status":"publish","type":"post","link":"https:\/\/www.invarena.cz\/?p=47242","title":{"rendered":"Hor\u00e1\u010dek: Spole\u010dnost se polarizuje, t\u0159\u00ed\u0161t\u00ed se rodiny, je to nebezpe\u010dn\u00e9&#8230;"},"content":{"rendered":"\n<p>\u010cRo Plus<\/p>\n\n\n\n<p>Zab\u00fdv\u00e1 se t\u00edm, co se lidem d\u011bje v hlav\u011b, sleduje, jak se v jejich mozku projevuje i to, co pro\u017e\u00edvaj\u00ed ve ve\u0159ejn\u00e9m prostoru. Se svoj\u00ed skupinou v N\u00e1rodn\u00edm \u00fastavu du\u0161evn\u00edho zdrav\u00ed se zab\u00fdv\u00e1 i t\u00edm, pro\u010d lid\u00e9 tak snadno v\u011b\u0159\u00ed dezinformac\u00edm. Neurobiolog a profesor psychiatrie\u00a0<strong>Ji\u0159\u00ed<\/strong>\u00a0<strong>Hor\u00e1\u010dek<\/strong>, host \u010cRo Plus, v\u00edt\u00e1m v\u00e1s<\/p>\n\n\n\n<p>Pane profesore, existuje jednoduch\u00e1 a stru\u010dn\u00e1 odpov\u011b\u010f na ot\u00e1zku, pro\u010d lid\u00e9 v\u011b\u0159\u00ed dezinformac\u00edm.<br \/><br \/><strong>Ji\u0159\u00ed<\/strong>&nbsp;<strong>Hor\u00e1\u010dek<\/strong>, vedouc\u00ed v\u00fdzkumn\u00e9ho centra N\u00e1rodn\u00edho \u00fastavu du\u0161evn\u00edho zdrav\u00ed<br \/>&#8212;&#8212;&#8212;&#8212;&#8212;&#8212;&#8211;<br \/>No, \u00fapln\u011b jednoduch\u00e1 odpov\u011b\u010f neexistuje, ale my jsme to nast\u00ednili. P\u0159edpokl\u00e1d\u00e1me, \u017ee se jedn\u00e1 o v\u00fdsledek n\u011bjak\u00e9 kombinace faktor\u016f, kter\u00e9 se odehr\u00e1valy v posledn\u00edch asi 20 letech, kter\u00e9 vedly k tomu, \u017ee se zv\u00fd\u0161ila \u00farove\u0148 nejistoty u lid\u00ed a tato zv\u00fd\u0161en\u00e1 \u00farove\u0148 nejistoty vede nakonec k pom\u011brn\u011b rigidn\u00edmu my\u0161len\u00ed, rigidn\u00edm interpretac\u00edm sv\u011bta a rigidn\u00ed my\u0161len\u00ed je velmi citliv\u00e9 na to, aby uv\u011b\u0159ilo jak\u00e9koliv dezinformaci, kter\u00e1 p\u0159ijde a p\u0159\u00edpadn\u011b j\u00ed je\u0161t\u011b d\u00e1le rozvinulo do komplexn\u00ed n\u011bjak\u00e9 konspira\u010dn\u00ed teorie.<br \/><br \/>Barbora Tachec\u00ed, moder\u00e1torka<br \/>&#8212;&#8212;&#8212;&#8212;&#8212;&#8212;&#8211;<br \/>\u0158\u00edk\u00e1te nejistota, ten pocit nejistoty, ten je mo\u017en\u00e1 pro ty lidi d\u016fle\u017eit\u011bj\u0161\u00ed ne\u017e skute\u010dn\u00e1 nejistota, kter\u00e1 panuje, ale ten pocit nejistoty b\u00fdv\u00e1 u r\u016fzn\u00fdch lid\u00ed r\u016fzn\u00fd, a to je d\u00e1no t\u00edm, \u017ee maj\u00ed odli\u0161n\u00fd mozek.<br \/><br \/><strong>Ji\u0159\u00ed<\/strong>&nbsp;<strong>Hor\u00e1\u010dek<\/strong>, vedouc\u00ed v\u00fdzkumn\u00e9ho centra N\u00e1rodn\u00edho \u00fastavu du\u0161evn\u00edho zdrav\u00ed<br \/>&#8212;&#8212;&#8212;&#8212;&#8212;&#8212;&#8211;<br \/>No, mo\u017en\u00e1 bysme si mohli \u0159\u00edct jenom kr\u00e1tce, co to vlastn\u011b je ta nejistota, proto\u017ee to je kl\u00ed\u010dov\u00e1 v\u011bc, nejistota odpov\u00edd\u00e1 n\u011bjak\u00e9 situaci, v kter\u00e9 jsme, kdy n\u00e1\u0161 mozek nen\u00ed schopen predikovat, co bude za chv\u00edli nebo co bude v budoucnosti, n\u00e1\u0161 mozek je postaven na trval\u00e9m vytv\u00e1\u0159en\u00ed predikc\u00ed a jejich testov\u00e1n\u00ed. A kdy\u017e se zkonfiguruje vn\u011bj\u0161\u00ed sv\u011bt tak, \u017ee ty predikce prost\u011b se neda\u0159\u00ed vystabilizovat a naj\u00edt tu nejlep\u0161\u00ed a otestovat j\u00ed, tak jsme dlouhodob\u011b v n\u011bjak\u00e9m procesu nejistoty, a to odpov\u00edd\u00e1 vysok\u00e9 \u00farovni stresu, samoz\u0159ejm\u011b ka\u017ed\u00fd je jinak citliv\u00fd na tu nejistotu.<br \/><br \/>moder\u00e1torka<br \/>&#8212;&#8212;&#8212;&#8212;&#8212;&#8212;&#8211;<br \/>Kdybyste m\u011bl na misky vah d\u00e1t jenom dispozice ka\u017ed\u00e9ho jednoho z n\u00e1s a k tomu vn\u011bj\u0161\u00ed prost\u0159ed\u00ed. Tak co tedy m\u00e1 v\u011bt\u0161\u00ed v\u00e1hu v tom, \u017ee \u010dlov\u011bk m\u00e1 pocit s\u00edl\u00edc\u00ed nejistoty nebo stresu? <br \/><br \/><strong>Ji\u0159\u00ed<\/strong>&nbsp;<strong>Hor\u00e1\u010dek<\/strong>, <br \/>&#8212;&#8212;&#8212;&#8212;&#8212;&#8212;&#8211;<br \/>To jsou dv\u011b v\u011bci, kter\u00e9 jsou spojen\u00e9 n\u00e1doby a samoz\u0159ejm\u011b tolerance nejistoty, osobnostn\u00ed rys, ka\u017ed\u00fd to m\u00e1 jin\u00fd. Tro\u0161ku to souvis\u00ed s \u00fazkostnost\u00ed, tolerance nejistoty jako vnit\u0159n\u00ed dispozice a v okam\u017eiku, kdy vlastn\u011b vn\u011bj\u0161\u00ed sv\u011bt se dostane do n\u011bjak\u00e9 komplikovan\u00e9 situace, kup\u0159\u00edkladu pandemie covid, co\u017e byl klasick\u00fd p\u0159\u00edpad, tak pochopiteln\u011b i lid\u00e9, kte\u0159\u00ed maj\u00ed tu toleranci nejistoty p\u0159ibli\u017en\u011b norm\u00e1ln\u00ed, vlastn\u011b za\u010dnou nejistotu pro\u017e\u00edvat, tak\u017ee je to spojeno.<br \/><br \/>moder\u00e1torka<br \/>&#8212;&#8212;&#8212;&#8212;&#8212;&#8212;&#8211;<br \/>\u0158ekn\u011bte, pane profesore, d\u00e1 se n\u011bjak vn\u00edm\u00e1n\u00ed vlastn\u00ed nejistoty? D\u00e1 se n\u011bjak tr\u00e9novat k v\u011bt\u0161\u00ed odolnosti?<br \/><br \/><strong>Ji\u0159\u00ed<\/strong>&nbsp;<strong>Hor\u00e1\u010dek<\/strong>, vedouc\u00ed v\u00fdzkumn\u00e9ho centra N\u00e1rodn\u00edho \u00fastavu du\u0161evn\u00edho zdrav\u00ed<br \/>&#8212;&#8212;&#8212;&#8212;&#8212;&#8212;&#8211;<br \/>D\u00e1. Podle m\u011b se jedn\u00e1 o nesm\u00edrn\u011b d\u016fle\u017eitou oblast, do kter\u00e9 je pot\u0159eba investovat, je tam pot\u0159eba investovat v\u00fdzkum a vyv\u00edjet terapeutick\u00e9 metody na to, abychom c\u00edlen\u011b toleranci nejistoty u lid\u00ed zvy\u0161ovali. Co\u017e je p\u0159esn\u011b ta v\u00fdzkumn\u00e1 oblast, kterou te\u010fka se zab\u00fdv\u00e1me.<br \/><br \/>moder\u00e1torka<br \/>&#8212;&#8212;&#8212;&#8212;&#8212;&#8212;&#8211;<br \/>Dob\u0159e, ale krom\u011b, \u0159ekn\u011bme, takov\u00e9hle odborn\u00e9, p\u0159\u00edpadn\u011b pomoci existuje, jak by si ka\u017ed\u00fd jeden z n\u00e1s mohl s\u00e1m tr\u00e9novat odolnost v\u016f\u010di nejistot\u011b?<br \/><br \/><strong>Ji\u0159\u00ed<\/strong>&nbsp;<strong>Hor\u00e1\u010dek<\/strong>, <br \/>&#8212;&#8212;&#8212;&#8212;&#8212;&#8212;&#8211;<br \/>Ur\u010dit\u011b v prvn\u00ed \u0159ad\u011b je pot\u0159eba rozum\u011bt tomu, \u017ee tolerance nejistoty je n\u011bjak\u00fd rys, je to n\u011bco, co je \u010d\u00e1ste\u010dn\u011b pod na\u0161\u00ed kontrolou a m\u011bli bychom o tom v\u011bd\u011bt, \u017ee je pot\u0159eba toleranci nejistoty si zvy\u0161ovat. Zvl\u00e1\u0161t\u011b v p\u0159\u00edpad\u011b, \u017ee sv\u011bt je v n\u011bjak\u00e9 nejasn\u00e9 nebo nespecifick\u00e9 situaci.<br \/><br \/>moder\u00e1torka<br \/>&#8212;&#8212;&#8212;&#8212;&#8212;&#8212;&#8211;<br \/>No, ale tak mysl\u00edte, \u0159ekn\u011bme, na tom p\u0159\u00edkladu, kter\u00fd pr\u00e1v\u011b m\u00e1me, kter\u00fd pro\u017e\u00edv\u00e1me. V\u00e1lka za humny, takzvan\u011b tady r\u016fzn\u00e9 cenov\u00e9 krize, inflace, nev\u00edme, jak\u00e1 bude, o co p\u0159ijdem. Tak co byste te\u010f doporu\u010dil lidem? Aby si zvy\u0161ovali odolnost?<br \/><br \/><strong>Ji\u0159\u00ed<\/strong>&nbsp;<strong>Hor\u00e1\u010dek<\/strong>, vedouc\u00ed v\u00fdzkumn\u00e9ho centra N\u00e1rodn\u00edho \u00fastavu du\u0161evn\u00edho zdrav\u00ed<br \/>&#8212;&#8212;&#8212;&#8212;&#8212;&#8212;&#8211;<br \/>J\u00e1 v\u00e1m \u0159eknu, co u\u017e doporu\u010duji te\u010fka lidem. Samoz\u0159ejm\u011b na\u0161i pacienti tak\u00e9 str\u00e1daj\u00ed, \u0159ada diagn\u00f3z je zalo\u017eena na intoleranci nejistoty, v prvn\u00ed \u0159ad\u011b je pot\u0159eba se sna\u017eit porozum\u011bt t\u00e9 situaci, ve kter\u00e9 jsem. Situace, kter\u00e9 rozum\u00edm, ta m\u011b neznejis\u0165uje, situace, jej\u00ed\u017e mechanismus je mi zn\u00e1m\u00fd kup\u0159\u00edkladu geneze posledn\u00edch 20 let, kter\u00e1 nakonec vedla k v\u00e1lce na Ukrajin\u011b. Pokud je to n\u011bjak\u00fd politick\u00fd proces, kter\u00fd je celkem p\u0159ehledn\u00fd a d\u00e1 se pochopit, tak najednou to p\u0159estane zneji\u0161\u0165ovat, proto\u017ee zneji\u0161\u0165uje to, co nech\u00e1pu a co nem\u016f\u017eu predikovat.<br \/><br \/>moder\u00e1torka<br \/>&#8212;&#8212;&#8212;&#8212;&#8212;&#8212;&#8211;<br \/>\u010cili tam nen\u00ed nejistota, to, \u017ee nev\u00edme, jak to dopadne.<br \/><br \/><strong>Ji\u0159\u00ed<\/strong>&nbsp;<strong>Hor\u00e1\u010dek<\/strong>, vedouc\u00ed v\u00fdzkumn\u00e9ho centra N\u00e1rodn\u00edho \u00fastavu du\u0161evn\u00edho zdrav\u00ed<br \/>&#8212;&#8212;&#8212;&#8212;&#8212;&#8212;&#8211;<br \/>Tam, jak \u0159\u00edk\u00e1m, proces, kter\u00fd je mi srozumiteln\u00fd proto\u017ee mu rozum\u00edm, prostuduji t\u0159eba historick\u00e9 souvislosti, p\u016fsob\u00ed men\u0161\u00ed \u00farove\u0148 nejistoty, nejistota je skute\u010dn\u011b relativn\u00ed, to je subjektivn\u00ed v\u011bc, m\u00e1m n\u011bjak\u00fd pr\u00e1h nastaven\u00ed pro to, co u\u017e je nejistota a nejistota je toxick\u00e1. To je jako premisa, to je to d\u016fle\u017eit\u00e9, to, abychom ochr\u00e1nili svoje du\u0161evn\u00ed zdrav\u00ed a sou\u010dasn\u011b, abysme chr\u00e1nili demokracii, tak pot\u0159ebujeme si c\u00edlen\u011b na\u0161i odolnost, jinak t\u00e9\u017e pr\u00e1h pro vn\u00edm\u00e1n\u00ed nejistoty, zvy\u0161ovat a ten m\u016f\u017eeme zv\u00fd\u0161it t\u00edm, \u017ee pochop\u00edme, spr\u00e1vn\u011b porozum\u00edme t\u00e9 situaci.<br \/><br \/>moder\u00e1torka<br \/>&#8212;&#8212;&#8212;&#8212;&#8212;&#8212;&#8211;<br \/>D\u00e1 se, pane profesore, t\u0159eba vychov\u00e1vat d\u00edt\u011b odmali\u010dka k tomu, aby byl odoln\u00fd v\u016f\u010di nejistot\u00e1m?<br \/><br \/><strong>Ji\u0159\u00ed<\/strong>&nbsp;<strong>Hor\u00e1\u010dek<\/strong>, vedouc\u00ed v\u00fdzkumn\u00e9ho centra N\u00e1rodn\u00edho \u00fastavu du\u0161evn\u00edho zdrav\u00ed<br \/>&#8212;&#8212;&#8212;&#8212;&#8212;&#8212;&#8211;<br \/>P\u0159esn\u011b tak. O tom je vzd\u011bl\u00e1n\u00ed, kdy\u017e dob\u0159e funguje, ale to je jenom jedna v\u011bc, druh\u00e1 v\u011bc, kter\u00e1 se d\u00e1 d\u011blat, jsou pochopiteln\u011b r\u016fzn\u00e9 psychoterapi\u00ed inspirovan\u00e9 praktiky, jako je t\u0159eba mindfulness a n\u011bkter\u00e9 jin\u00e9 psychoterapeutick\u00e9 postupy, kter\u00e9 p\u0159\u00edmo c\u00edl\u00ed na toleranci nejistoty a tu toleranci v\u00fdrazn\u011b zlep\u0161uj\u00ed, jejich princip je d\u00e1n hlavn\u011b t\u00edm, \u017ee \u010dlov\u011bk se u\u010d\u00ed jakoby \u010derpat s\u00edlu z p\u0159\u00edtomn\u00e9ho okam\u017eiku a v tom p\u0159\u00edpad\u011b pochopiteln\u011b ta nejist\u00e1 budoucnost je m\u00e9n\u011b zneji\u0161\u0165uj\u00edc\u00ed. Jo, to je jakoby trik t\u00e9 terapie.<br \/><br \/>moder\u00e1torka<br \/>&#8212;&#8212;&#8212;&#8212;&#8212;&#8212;&#8211;<br \/>Jasn\u011b, kdy\u017e jenom postav\u00edm vedle sebe prost\u011b norm\u00e1ln\u00edho \u010cecha, jako jsme my dva, kte\u0159\u00ed n\u011bjak vn\u00edmaj\u00ed tu v\u00e1lku na Ukrajin\u011b, a k tomu Ukrajince, kter\u00fd tam bojuje se zbran\u00ed v ruce. Ka\u017ed\u00fd den mu jde o \u017eivot, ale v\u00ed, o \u010dem mu b\u011b\u017e\u00ed, prost\u011b aktivn\u011b zasahuje do toho d\u011bje, tak nen\u00ed, pokud jde o takov\u00fd ten pocit nejistot, vlastn\u011b ten voj\u00e1k mnohem jako v men\u0161\u00edm psychick\u00e9m riziku.<br \/><br \/><strong>Ji\u0159\u00ed<\/strong>&nbsp;<strong>Hor\u00e1\u010dek<\/strong>, vedouc\u00ed v\u00fdzkumn\u00e9ho centra N\u00e1rodn\u00edho \u00fastavu du\u0161evn\u00edho zdrav\u00ed<br \/>&#8212;&#8212;&#8212;&#8212;&#8212;&#8212;&#8211;<br \/>Pochopiteln\u011b, j\u00e1 jsem se vr\u00e1til ned\u00e1vno z Ukrajiny zrovna, tak\u017ee jsem to vid\u011bl, nejen voj\u00e1ci, ale cel\u00e1 ta spole\u010dnost je v \u00fapln\u011b jin\u00e9m nastaven\u00ed ne\u017e my, ta spole\u010dnost je odhodlan\u00e1. Maj\u00ed jasnou vizi, jasn\u00fd c\u00edl, sm\u011b\u0159uj\u00ed proaktivn\u011b k n\u011bjak\u00e9mu budouc\u00edmu c\u00edli, co\u017e je por\u00e1\u017eka Ruska a ta atmosf\u00e9ra je \u00fapln\u011b jin\u00e1 ne\u017e u n\u00e1s. Do zna\u010dn\u00e9 m\u00edry jakoby energi\u010dt\u011bj\u0161\u00ed.<br \/><br \/> moder\u00e1torka<br \/>&#8212;&#8212;&#8212;&#8212;&#8212;&#8212;&#8211;<br \/>Kdy\u017e to \u00fapln\u011b zjednodu\u0161\u00edm. \u010clov\u011bk s ni\u017e\u0161\u00edm vzd\u011bl\u00e1n\u00edm, kter\u00fd nem\u00e1 jakoby \u017e\u00e1dn\u00fd sv\u016fj vlastn\u00ed c\u00edl a jenom to zvn\u011bj\u0161ku na n\u011bj pad\u00e1, to, co se d\u011bje, tak je vlastn\u011b nejvd\u011b\u010dn\u011bj\u0161\u00edm p\u0159\u00edjemcem fake News.<br \/><br \/><strong>Ji\u0159\u00ed<\/strong>&nbsp;<strong>Hor\u00e1\u010dek<\/strong>, vedouc\u00ed v\u00fdzkumn\u00e9ho centra N\u00e1rodn\u00edho \u00fastavu du\u0161evn\u00edho zdrav\u00ed<br \/>&#8212;&#8212;&#8212;&#8212;&#8212;&#8212;&#8211;<br \/>T\u0159eba to je je\u0161t\u011b slo\u017eit\u011bj\u0161\u00ed. Empirick\u00e9 v\u00fdzkumy ukazuj\u00ed, \u017ee konspira\u010dn\u00edm teori\u00edm a dezinformac\u00edm podl\u00e9haj\u00ed v\u0161ichni, \u017ee vzd\u011bl\u00e1n\u00ed nebo v\u00fd\u0161ka vzd\u011bl\u00e1n\u00ed p\u0159\u00edli\u0161 nepom\u00e1h\u00e1 v t\u00e9 obran\u011b a my to vid\u00edme i u n\u00e1s, kdy slovutn\u00ed univerzitn\u00ed profeso\u0159i \u0161\u00ed\u0159ili konspira\u010dn\u00ed teorie jak o Ukrajin\u011b, tak o covidu a podobn\u011b, to znamen\u00e1, vzd\u011bl\u00e1n\u00ed nen\u00ed stoprocentn\u00ed jako obrana. Pro\u010d? Prost\u011b proto, \u017ee ty mechanismy, kter\u00e9 nakonec vedou k tomu, aby \u010dlov\u011bk uv\u011b\u0159il dezinformac\u00edm a t\u011bm konspira\u010dn\u00edm teori\u00edm, co\u017e je kvalitativn\u011b n\u011bco \u00fapln\u011b jin\u00e9ho, tak to je jako systematick\u00fd tlak, syst\u00e9mov\u00fd tlak digit\u00e1ln\u00edch ekosyst\u00e9m\u016f, to znamen\u00e1, my v\u0161ichni jsme vlastn\u011b pod tlakem toho digit\u00e1ln\u00edho sv\u011bta, hlavn\u011b internetu a soci\u00e1ln\u00ed s\u00edt\u011b a pravidel, kter\u00e1 te\u010fka tam jsou nastavena, kter\u00e9 nakonec vedou k tomu, \u017ee \u010dlov\u011bk uv\u011b\u0159\u00ed nesmysl\u016fm.<br \/><br \/> moder\u00e1torka<br \/>&#8212;&#8212;&#8212;&#8212;&#8212;&#8212;&#8211;<br \/>J\u00e1 se v\u00e1s na tohle pt\u00e1m, pane profesore, proto\u017ee jste \u0159ekl, \u017ee vlastn\u011b nejistoty zbavuje v\u011bd\u011bn\u00ed.<br \/><br \/><strong>Ji\u0159\u00ed<\/strong>&nbsp;<strong>Hor\u00e1\u010dek<\/strong>, vedouc\u00ed v\u00fdzkumn\u00e9ho centra N\u00e1rodn\u00edho \u00fastavu du\u0161evn\u00edho zdrav\u00ed<br \/>&#8212;&#8212;&#8212;&#8212;&#8212;&#8212;&#8211;<br \/>J\u00e1 jsem \u0159ekl, \u017ee nejistoty zbavuj\u00ed porozum\u011bn\u00ed t\u00e9 situaci, t\u00e9 situaci m\u016f\u017eeme porozum\u011bt na r\u016fzn\u00e9 \u00farovni, t\u00e9 situaci se m\u016f\u017eeme sna\u017eit porozum\u011bt, i kdy\u017e m\u00e1me jen z\u00e1kladn\u00ed vzd\u011bl\u00e1n\u00ed, st\u0159edo\u0161kolsk\u00e9 atd. jin\u00fdmi slovy, jde o kognitivn\u00ed styl, sp\u00ed\u0161 ne\u017e o to vzd\u011bl\u00e1n\u00ed a sou\u010dasn\u011b jako c\u00edlenou snahu tomu porozum\u011bt, c\u00edlenou snahu nastudovat si v\u00edc a porozum\u011bt t\u00e9 situaci, co\u017e je tro\u0161ku n\u011bco jin\u00e9ho, ne\u017e je to vzd\u011bl\u00e1n\u00ed.<br \/><br \/> moder\u00e1torka<br \/>&#8212;&#8212;&#8212;&#8212;&#8212;&#8212;&#8211;<br \/>Mn\u011b to ned\u00e1. Kdy\u017e se pod\u00edv\u00e1me na dek\u00e1dy re\u00e1ln\u00e9ho socialismu v \u010cesku, tak v\u011bt\u0161ina spole\u010dnosti \u017e\u00e1dn\u00fd takov\u00fdhle stres neza\u017e\u00edvala, p\u0159esto\u017ee nev\u011bd\u011bla, co bol\u0161evik druh\u00fd den ud\u011bl\u00e1. Rozum\u00edte mi?<br \/><br \/><strong>Ji\u0159\u00ed<\/strong>&nbsp;<strong>Hor\u00e1\u010dek<\/strong>, <br \/>&#8212;&#8212;&#8212;&#8212;&#8212;&#8212;&#8211;<br \/>No, rozum\u00edm, ale hluboce nesouhlas\u00edm.<br \/><br \/>moder\u00e1torka<br \/>&#8212;&#8212;&#8212;&#8212;&#8212;&#8212;&#8211;<br \/>Mysl\u00edte, \u017ee lid\u00e9 ten stres c\u00edtili?<br \/><br \/><strong>Ji\u0159\u00ed<\/strong>&nbsp;<strong>Hor\u00e1\u010dek<\/strong>, vedouc\u00ed v\u00fdzkumn\u00e9ho centra N\u00e1rodn\u00edho \u00fastavu du\u0161evn\u00edho zdrav\u00ed<br \/>&#8212;&#8212;&#8212;&#8212;&#8212;&#8212;&#8211;<br \/>To byl jin\u00fd, to byl absolutn\u011b jin\u00fd stres. Ta situace dneska a za komunismu je \u00fapln\u011b odli\u0161n\u00e1 v tom, \u017ee naopak v tom komunismu situace byla naprosto p\u0159ehledn\u00e1, my jsme v\u011bd\u011bli, co ud\u011blal bol\u0161evik a v\u011bd\u011bli, co \u0159ekne na prvn\u00edho m\u00e1je, my jsme prost\u011b v\u011bd\u011bli, co bude, bylo to t\u00ed\u017eiv\u00e9, vedlo to k n\u011bjak\u00e9 patologii, ale nebylo to, \u017ee by vlastn\u011b predik\u010dn\u00ed syst\u00e9m na\u0161eho mozku nebyl schopn\u00fd vlastn\u011b vytvo\u0159it predikci, kter\u00e1 by byla n\u00e1sledn\u011b potvrzena, jako to bylo t\u0159eba za covidu, to byl \u00fapln\u011b jin\u00fd syst\u00e9m.<br \/><br \/>moder\u00e1torka<br \/>&#8212;&#8212;&#8212;&#8212;&#8212;&#8212;&#8211;<br \/>J\u00e1 s v\u00e1mi souhlas\u00edm, ale p\u0159ece jenom ta nejistota ve stylu jako koho z\u00edtra vyhod\u00ed z pr\u00e1ce, koho za t\u00fdden zav\u0159ou?<br \/><br \/><strong>Ji\u0159\u00ed<\/strong>&nbsp;<strong>Hor\u00e1\u010dek<\/strong>, <br \/>&#8212;&#8212;&#8212;&#8212;&#8212;&#8212;&#8211;<br \/>No, tahle nejistota nebyla, kdy\u017e \u010dlov\u011bk prost\u011b moc nezlobil, tak ho z pr\u00e1ce nevyhodili, kdy\u017e nepodepsal Chartu, tak v t\u00e9 pr\u00e1ci mohl vesele vegetovat. Na v\u00edkend jel prost\u011b na zahr\u00e1dku nebo na chatu. Naopak ta situace byla nesm\u00edrn\u011b stabiln\u00ed, co\u017e je taky d\u016fvod, pro\u010d dneska se sentimentem na komunismus n\u011bkte\u0159\u00ed vzpom\u00ednaj\u00ed.<br \/><br \/> moder\u00e1torka<br \/>&#8212;&#8212;&#8212;&#8212;&#8212;&#8212;&#8211;<br \/>\u017de jo, p\u0159esn\u011b tam jsem c\u00edlila. Trochu se zd\u00e1, \u017ee velk\u00e1 \u010d\u00e1st spole\u010dnosti vlastn\u011b z pohledu toho stresu tedy a nejistot, tak\u017ee se jim vlastn\u011b jakoby tedy l\u00edp \u017eilo v dob\u011b tohoto bahna prost\u011b proto, \u017ee sice se jim to hrub\u011b nel\u00edbilo, ale rozum\u011bli tomu, pro\u010d to ten bol\u0161evik d\u011bl\u00e1.<br \/><br \/><strong>Ji\u0159\u00ed<\/strong>&nbsp;<strong>Hor\u00e1\u010dek<\/strong>, vedouc\u00ed v\u00fdzkumn\u00e9ho centra N\u00e1rodn\u00edho \u00fastavu du\u0161evn\u00edho zdrav\u00ed<br \/>&#8212;&#8212;&#8212;&#8212;&#8212;&#8212;&#8211;<br \/>Je to tak. Ne, to jsem ne\u0159ekl, \u017ee se lep\u0161\u00ed \u017eilo, j\u00e1 jsem \u0159ekl, \u017ee prost\u011b ta situace byla jin\u00e1 a te\u010fka vlastn\u011b to, \u010demu \u0159\u00edk\u00e1me krize pozn\u00e1vac\u00edho procesu, kter\u00e1 je spojen\u00e1 s naprosto bezprecedentn\u00edm \u0161\u00ed\u0159en\u00edm dezinformac\u00ed a konspira\u010dn\u00edch teori\u00ed, m\u00e1 n\u011bjak\u00e9 svoje podm\u00ednky, m\u00e1 n\u011bjakou svoji logiku, mechanismy, kter\u00e9 mus\u00edme studovat a lidi to z\u00fazkost\u0148uje ta nejistota a vede to k n\u011bjak\u00fdm specifick\u00fdm spole\u010densko patologick\u00fdm fenom\u00e9n\u016fm, kter\u00fdch jsme sv\u011bdky, co\u017e je polarizace, \u0161t\u011bpen\u00ed spole\u010dnosti, radikalizace a v\u00edra v konspira\u010dn\u00ed teorie. Co bylo t\u00ed\u017eiv\u011bj\u0161\u00ed, jestli komunismus nebo te\u010f, to asi nejsem&#8230;.<br \/><br \/>moder\u00e1torka<br \/>&#8212;&#8212;&#8212;&#8212;&#8212;&#8212;&#8211;<br \/>Jasn\u011b, ale vy \u010dasto mluv\u00edte n\u011bco, \u010demu se \u0159\u00edk\u00e1 krize d\u016fv\u011bry v pravdivost. Rozum\u00edm tomuhle term\u00ednu, dob\u0159e, \u017ee to je to, kdy\u017e v\u00e1m prost\u011b n\u011bkdo p\u0159edest\u0159e zem\u011b kulat\u00e1. A vy na to \u0159ekne, ale kdov\u00ed Jak to je.<br \/><br \/><strong>Ji\u0159\u00ed<\/strong>&nbsp;<strong>Hor\u00e1\u010dek<\/strong>, <br \/>&#8212;&#8212;&#8212;&#8212;&#8212;&#8212;&#8211;<br \/>P\u0159esn\u011b tak bu\u010f, anebo dokonce \u0159eknete ne, zem\u011b je placat\u00e1, co\u017e jsou tis\u00edce, tis\u00edce lid\u00ed a hlavn\u011b ve Spojen\u00fdch st\u00e1tech, kte\u0159\u00ed prost\u011b skute\u010dn\u011b by dali \u017eivot za to, \u017ee zem\u011b je placat\u00e1 a kulatost sv\u011bta, \u017ee je konspirace.<br \/><br \/>moder\u00e1torka<br \/>&#8212;&#8212;&#8212;&#8212;&#8212;&#8212;&#8211;<br \/>Jakou roli v tom hraj\u00ed soci\u00e1ln\u00ed s\u00edt\u011b, to je prost\u011b naprosto z\u0159ejm\u00e9, ale m\u011b by sp\u00ed\u0161 zaj\u00edmalo, jestli vlastn\u011b tahle krize d\u016fv\u011bry v pravdivost nep\u0159i\u0161la mnohem d\u0159\u00edv v takov\u00e9m tom proudu lid\u00ed, kte\u0159\u00ed hl\u00e1sali kdov\u00edjak to bylo, ale kte\u0159\u00ed hl\u00e1sili takov\u00e9to. Pravda m\u00e1 v\u00edce \u00fahl\u016f, pravd je nekone\u010dn\u011b mnoho, ka\u017ed\u00fd \u010dlov\u011bk m\u00e1 svou pravdu. A to byl proud. Ur\u010dit\u011b si pamatujete jeho velk\u00fd n\u00e1stup. J\u00e1 to tipuji tak 15, 10, 15 let, kdy ve velk\u00e9m se tohle za\u010dalo objevovat. Nen\u00ed to ono?<br \/><br \/><strong>Ji\u0159\u00ed<\/strong>&nbsp;<strong>Hor\u00e1\u010dek<\/strong>, vedouc\u00ed v\u00fdzkumn\u00e9ho centra N\u00e1rodn\u00edho \u00fastavu du\u0161evn\u00edho zdrav\u00ed<br \/>&#8212;&#8212;&#8212;&#8212;&#8212;&#8212;&#8211;<br \/>Nen\u00ed to ono, to je n\u011bco \u00fapln\u011b jin\u00e9ho, to, o \u010dem hovo\u0159\u00edte. V\u00fdsledek postrukturalismu a postmoderny, kter\u00e1 za\u010d\u00edn\u00e1 libtardem, co\u017e je francouzsk\u00e9 my\u0161len\u00ed, kter\u00e9 vedlo nakonec k definici jak\u00e9si plurality pravdy a pravdy jako sou\u010d\u00e1st\u00ed jazykov\u00fdch her.<br \/><br \/>moder\u00e1torka<br \/>&#8212;&#8212;&#8212;&#8212;&#8212;&#8212;&#8211;<br \/>Pluralita pravdy.<br \/><br \/><strong>Ji\u0159\u00ed<\/strong>&nbsp;<strong>Hor\u00e1\u010dek<\/strong>, vedouc\u00ed v\u00fdzkumn\u00e9ho centra N\u00e1rodn\u00edho \u00fastavu du\u0161evn\u00edho zdrav\u00ed<br \/>&#8212;&#8212;&#8212;&#8212;&#8212;&#8212;&#8211;<br \/>To je vlastn\u011b jeden my\u0161lenkov\u00fd trend, ale kter\u00fd podle m\u011b nesouvis\u00ed s t\u00edm, o \u010dem se bav\u00edme te\u010f, proto\u017ee to, to, \u010d\u00edm lid\u00e9 str\u00e1daj\u00ed, nen\u00ed to, \u017ee by prost\u011b \u017eili v p\u0159edstav\u011b, \u017ee existuj\u00ed r\u016fzn\u00e9 jazykov\u00e9 hry, kter\u00fd mohou interpretovat sv\u011bt a lidi \u017eij\u00ed jako ob\u011bti p\u0159edstavy, \u017ee tento sv\u011bt nebo ta situace, kterou si ti vysv\u011btlit, je sou\u010d\u00e1st\u00ed n\u011bjak\u00e9 konspirace, n\u011bjak\u00fd struktury, kter\u00e9 s n\u00e1mi zlovoln\u011b manipuluj\u00ed a podobn\u011b, naopak, tak\u017ee ti lid\u00e9 na rozd\u00edl od t\u00e9 postmoderny, kterou vy zmi\u0148ujete, v\u011b\u0159\u00ed velmi rigidn\u011b v n\u011bjak\u00e9 nesmysln\u00e9 a pom\u011brn\u011b toxick\u00e9 a nebezpe\u010dn\u00e9 vysv\u011btlen\u00ed. Jin\u00fdmi slovy, podle m\u011b postmoderna, kterou vy zmi\u0148ujete, a to, co, \u010demu te\u010fka \u010del\u00edme masivn\u011b a co ohro\u017euje demokracii, jsou na \u00fapln\u011b opa\u010dn\u00fdch p\u00f3lech.<br \/><br \/> moder\u00e1torka<br \/>&#8212;&#8212;&#8212;&#8212;&#8212;&#8212;&#8211;<br \/>Pane profesore, \u0159ekn\u011bte mi, zem\u011b, kter\u00e9 jsou p\u0159\u00edsn\u011b n\u00e1bo\u017eensky orientovan\u00e9, mysl\u00edm t\u0159eba isl\u00e1msk\u00e9 zem\u011b nebo prost\u011b zem\u011b, kde maj\u00ed jeden velk\u00fd spole\u010dn\u00fd c\u00edl, jako t\u0159eba Izrael ubr\u00e1nit svou existenci nebo n\u011bco takov\u00e9ho, tak tyhle zem\u011b, t\u011bm by se teoreticky m\u011bly ty konspira\u010dn\u00ed teorie vyh\u00fdbat. J\u00e1 se pt\u00e1m, tam je otazn\u00edk, jo.<br \/><br \/><strong>Ji\u0159\u00ed<\/strong>&nbsp;<strong>Hor\u00e1\u010dek<\/strong>, vedouc\u00ed v\u00fdzkumn\u00e9ho centra N\u00e1rodn\u00edho \u00fastavu du\u0161evn\u00edho zdrav\u00ed<br \/>&#8212;&#8212;&#8212;&#8212;&#8212;&#8212;&#8211;<br \/>to, co j\u00e1 tvrd\u00edm, nebo co vlastn\u011b te\u010fka testujeme s na\u0161\u00ed skupinou, o \u010dem jsem p\u0159esv\u011bd\u010den, je to, \u017ee v\u00edra, dezinformace a konspirace je sou\u010d\u00e1st\u00ed systematick\u00e9ho tlaku digit\u00e1ln\u00edho prost\u0159ed\u00ed, tak, jak v n\u011bm te\u010fka \u017eijeme, \u017ee to je prost\u011b ne\u010dekan\u00fd efekt, se kter\u00fdm auto\u0159i internetu, ale ani ti p\u016fvodn\u00ed auto\u0159i soci\u00e1ln\u00edch s\u00edt\u00ed nepo\u010d\u00edtali. Jakmile tam dosadili algoritmy, tak ty vlastn\u011b za\u010dali \u0161t\u011bpit spole\u010dnosti a vlastn\u011b m\u00e1st lidi a tla\u010dit je do Rigidn\u00ed&#8230;<br \/><br \/>moder\u00e1torka<br \/>&#8212;&#8212;&#8212;&#8212;&#8212;&#8212;&#8211;<br \/> Jasn\u011b, ale nutno \u0159\u00edct, \u017ee to nebyl c\u00edl.<br \/><br \/><strong>Ji\u0159\u00ed<\/strong>&nbsp;<strong>Hor\u00e1\u010dek<\/strong>, vedouc\u00ed v\u00fdzkumn\u00e9ho centra N\u00e1rodn\u00edho \u00fastavu du\u0161evn\u00edho zdrav\u00ed<br \/>&#8212;&#8212;&#8212;&#8212;&#8212;&#8212;&#8211;<br \/>Nebyl to c\u00edl, ne\u0159\u00edk\u00e1m to. <br \/>mus\u00edme si to prost\u011b pojmenovat tak, jak to je, nakolik n\u011bjak\u00e1 st\u00e1tn\u00ed ideologie, t\u0159eba st\u00e1tn\u00ed islamismus nebo isl\u00e1m teda jsou schopny p\u0159ed t\u00edm ubr\u00e1nit, si nejsem \u00fapln\u011b jist\u00fd. M\u00e1m dojem, \u017ee mnohem v\u00edc ta intolerance, nejistoty, \u0161\u00ed\u0159en\u00ed informac\u00ed z\u00e1vis\u00ed na takov\u00fdch v\u011bcech, jako kup\u0159\u00edkladu penetrace mobiln\u00edmi telefony a podobn\u011b, a empirick\u00e9 v\u00fdzkumy to jasn\u011b potvrzuj\u00ed, \u017ee prost\u011b tohle jsou faktory, ty technologick\u00e9 faktory stoj\u00ed za t\u00edm, \u010demu dneska \u010del\u00edme jako dezinformace a konspirace<br \/><br \/> moder\u00e1torka<br \/>&#8212;&#8212;&#8212;&#8212;&#8212;&#8212;&#8211;<br \/>Mysl\u00edte si, \u017ee pr\u00e1v\u011b tyhle technologick\u00e9 faktory, to znamen\u00e1, mluv\u00edme te\u010f u\u017e ne o vzniku fake News, ale o jejich p\u0159enosu. Tak mysl\u00edte si si, \u017ee to m\u00e1 n\u011bjak\u00e9 \u0159e\u0161en\u00ed v\u00e1\u017en\u011b? Proto\u017ee u\u017e l\u00e9ta sl\u00fdch\u00e1me samoz\u0159ejm\u011b, jak se kdekdo sna\u017e\u00ed soci\u00e1ln\u00ed s\u00edt\u011b regulovat, ale mluv\u00edm o situaci, kdy by soci\u00e1ln\u00ed s\u00edt\u011b podl\u00e9haly stejn\u00fdm z\u00e1kon\u016fm a pravidl\u016fm jako norm\u00e1ln\u00ed m\u00e9dia. Mysl\u00edte si, \u017ee n\u011bco takov\u00e9ho je re\u00e1ln\u00e9?<br \/><br \/><strong>Ji\u0159\u00ed<\/strong>&nbsp;<strong>Hor\u00e1\u010dek<\/strong>, vedouc\u00ed v\u00fdzkumn\u00e9ho centra N\u00e1rodn\u00edho \u00fastavu du\u0161evn\u00edho zdrav\u00ed<br \/>&#8212;&#8212;&#8212;&#8212;&#8212;&#8212;&#8211;<br \/>No, t\u011bch rovin intervence je cel\u00e1 \u0159ada, ale nutno \u0159\u00edct, \u017ee soci\u00e1ln\u00ed s\u00edt\u011b je\u0161t\u011b, dopln\u00edm malinko, neslou\u017e\u00ed jenom k p\u0159enosu t\u011bch dezinformac\u00ed, ale ony skute\u010dn\u011b jejich logika, ty algoritmy vedou k tomu, \u017ee lid\u00e9 se radikalizuj\u00ed, vlastn\u011b zost\u0159uj\u00ed se jejich n\u00e1zory, to m\u00e1, ten dopad je mnohem hlub\u0161\u00ed, ne\u017e \u017ee to jenom&#8230; <br \/><br \/> moder\u00e1torka<br \/>&#8212;&#8212;&#8212;&#8212;&#8212;&#8212;&#8211;<br \/>, pardon, oni tvrd\u00ed samoz\u0159ejm\u011b, \u017ee ty algoritmy upravuj\u00ed.<br \/><br \/><strong>Ji\u0159\u00ed<\/strong>&nbsp;<strong>Hor\u00e1\u010dek<\/strong>, vedouc\u00ed v\u00fdzkumn\u00e9ho centra N\u00e1rodn\u00edho \u00fastavu du\u0161evn\u00edho zdrav\u00ed<br \/>&#8212;&#8212;&#8212;&#8212;&#8212;&#8212;&#8211;<br \/>R\u016fzn\u00e9 pokusy, celkem velmi p\u0159esv\u011bd\u010div\u00e9, \u017ee sta\u010d\u00ed malinko upravit ten algoritmus a on prost\u011b rozd\u011bluje, polarizuje ty u\u017eivatele, kdy\u017e se uprav\u00ed, tak zase naopak ti u\u017eivatel\u00e9 maj\u00ed tendenci inklinovat k n\u011bjak\u00e9mu pr\u016fm\u011brn\u00e9mu n\u00e1zoru. Prost\u011b jo, m\u016f\u017eete to, co je na tom jako hroziv\u00e9, \u017ee relativn\u011b mal\u00e1 zm\u011bna toho algoritmu m\u016f\u017ee z\u00e1sadn\u011b ovlivnit miliony a miliony lid\u00ed, v tom se skr\u00fdv\u00e1 velk\u00e9 nebezpe\u010d\u00ed. <br \/><br \/> moder\u00e1torka<br \/>&#8212;&#8212;&#8212;&#8212;&#8212;&#8212;&#8211;<br \/>Ne, te\u010fko, te\u010f m\u011b zaj\u00edm\u00e1 jenom, jestli jste zaregistroval, \u017ee t\u0159eba v posledn\u00edch p\u011bti letech, proto\u017ee ty soci\u00e1ln\u00ed s\u00edt\u011b studujete, \u017ee by do\u0161lo k z\u00e1sadn\u00edm zm\u011bn\u00e1m algoritm\u016f.<br \/><br \/><strong>Ji\u0159\u00ed<\/strong>&nbsp;<strong>Hor\u00e1\u010dek<\/strong>, vedouc\u00ed v\u00fdzkumn\u00e9ho centra N\u00e1rodn\u00edho \u00fastavu du\u0161evn\u00edho zdrav\u00ed<br \/>&#8212;&#8212;&#8212;&#8212;&#8212;&#8212;&#8211;<br \/>To nedo\u0161lo, ale v posledn\u00edch p\u011bti letech se o tom teprve za\u010dalo seri\u00f3zn\u011b mluvit, v posledn\u00edch p\u011bti let do\u0161lo ke srovn\u00e1n\u00ed prost\u011b Twitteru, Facebooku a redditu, kter\u00e9 prost\u011b nepou\u017e\u00edv\u00e1 \u017e\u00e1dn\u00e9 algoritmy a zjistilo se, \u017ee ty s\u00edt\u011b, jakmile zavedou algoritmus, tak do p\u016fl roku prost\u011b lidi polarizuj\u00ed a radikalizuj\u00ed.<br \/><br \/> moder\u00e1torka<br \/>&#8212;&#8212;&#8212;&#8212;&#8212;&#8212;&#8211;<br \/>\u010cili \u00fapln\u011b bez jak\u00fdchkoliv a algoritm\u016f. V\u0161echny zpr\u00e1vy dostupn\u00e9 v\u0161em.<br \/><br \/><strong>Ji\u0159\u00ed<\/strong>&nbsp;<strong>Hor\u00e1\u010dek<\/strong>, vedouc\u00ed v\u00fdzkumn\u00e9ho centra N\u00e1rodn\u00edho \u00fastavu du\u0161evn\u00edho zdrav\u00ed<br \/>&#8212;&#8212;&#8212;&#8212;&#8212;&#8212;&#8211;<br \/>to nen\u00ed o tom v\u0161echny zpr\u00e1vy, ale tam jde o to, aby vlastn\u011b ta zpr\u00e1va, kterou \u010dlov\u011bk dostane, byla p\u0159edm\u011btem jeho volby, jasn\u011b, byla n\u011bjak\u00fdm zp\u016fsobem zn\u00e1hodn\u011bn\u00e1 v okam\u017eiku, kdy vlastn\u011b j\u00e1 dost\u00e1v\u00e1m zpr\u00e1vy podle toho, co jsem d\u011blal p\u0159edt\u00edm, tak se m\u016fj pohled na sv\u011bt zost\u0159uje a v\u00fdse\u010d sv\u011bta nebo nakonec vid\u00edm, \u017ee se prost\u011b zu\u017euje, zu\u017euje, a\u017e nakonec vid\u00edm jenom prost\u011b rasismus, zem\u011b je placat\u00e1 nebo n\u011bco takov\u00e9ho.<br \/><br \/> moder\u00e1torka<br \/>&#8212;&#8212;&#8212;&#8212;&#8212;&#8212;&#8211;<br \/>No, a te\u010f mi \u0159ekn\u011bte, jestli si, si mysl\u00edte to, o \u010dem mluv\u00edte, to znamen\u00e1 pry\u010d tyhle algoritmy, jestli to je dosa\u017eiteln\u00fd c\u00edl.<br \/><br \/><strong>Ji\u0159\u00ed<\/strong>&nbsp;<strong>Hor\u00e1\u010dek<\/strong>, vedouc\u00ed v\u00fdzkumn\u00e9ho centra N\u00e1rodn\u00edho \u00fastavu du\u0161evn\u00edho zdrav\u00ed<br \/>&#8212;&#8212;&#8212;&#8212;&#8212;&#8212;&#8211;<br \/>To nev\u00edm, to j\u00e1 nejsem \u00fapln\u011b odborn\u00edk v t\u00e9to v\u011bci, ale samoz\u0159ejm\u011b regulace soci\u00e1ln\u00edch s\u00edt\u00ed je obrovsk\u00fd probl\u00e9m internetu, \u017ee jo, jednou to zkusila Evropsk\u00e1 unie, ud\u011blalo se GDPR a v\u00edme, jak to dopadlo, prost\u011b naprost\u00fd, naprost\u00fd paskvil, tak\u017ee \u0159ada pro a \u0159ada proti regulaci toho internetu, nicm\u00e9n\u011b druh\u00e1 cesta je prost\u011b ud\u011blat tak velkou osv\u011btu, aby lid\u00e9 byli ochotni si doplnit sv\u00e9 prohl\u00ed\u017ee\u010de o n\u011bjak\u00e9 n\u00e1stroje, kter\u00e9 jim potvrd\u00ed estemickou kvalitu toho, na co se koukaj\u00ed, co\u017e je vlastn\u011b to, kam dneska se nejv\u00edc jako investuje, prost\u011b nau\u010dit lidi, aby, kdy\u017e se koukaj\u00ed na ty zpr\u00e1vy, tak aby vedle m\u011bli n\u011bjak\u00fd n\u00e1stroje, kter\u00fd \u0159\u00edkaj\u00ed tahle zpr\u00e1va je nesmysl, tahle ta zpr\u00e1va je ozdrojovan\u00e1 atd. co\u017e je druh\u00e1 cesta, kter\u00e1 jakoby je takov\u00e1 liber\u00e1ln\u011bj\u0161\u00ed, nereguluje.<br \/><br \/> moder\u00e1torka<br \/>&#8212;&#8212;&#8212;&#8212;&#8212;&#8212;&#8211;<br \/>Nebyla by jako za\u010d\u00e1tek t\u00e9 cesty vlastn\u011b nejspolehliv\u011bj\u0161\u00ed metoda? Jenom, kdyby on to vypad\u00e1 jenom v uvozovk\u00e1ch, ale kdyby si prost\u011b v\u0161ichni uv\u011bdomili, \u017ee ta cesta t\u00e9 informace k tob\u011b je takov\u00e1hle. Rusko chce, aby sv\u011bt m\u011bl n\u00e1zor tenhle a prost\u011b jenom v\u011bd\u011bt, \u017ee to existuje.<br \/><br \/><strong>Ji\u0159\u00ed<\/strong>&nbsp;<strong>Hor\u00e1\u010dek<\/strong>, <br \/>&#8212;&#8212;&#8212;&#8212;&#8212;&#8212;&#8211;<br \/>rozum\u00edm, ale absolutn\u011b souhlas\u00edm. My dva to dneska d\u011bl\u00e1me zrovna.<br \/><br \/>moder\u00e1torka<br \/>&#8212;&#8212;&#8212;&#8212;&#8212;&#8212;&#8211;<br \/>jakou roli na t\u011bch soci\u00e1ln\u00edch s\u00edt\u00edch podle v\u00e1s bere touha ka\u017ed\u00e9ho jedince v podstat\u011b b\u00fdt \u010dlenem n\u011bjak\u00e9 velk\u00e9 party?<br \/><br \/><strong>Ji\u0159\u00ed<\/strong>&nbsp;<strong>Hor\u00e1\u010dek<\/strong>, <br \/>&#8212;&#8212;&#8212;&#8212;&#8212;&#8212;&#8211;<br \/>Bezpochyby to je jedna z d\u016fle\u017eit\u00fdch motivac\u00ed, pro\u010d tam lid\u00e9 jdou, ale na druhou stranu pr\u00e1v\u011b ty algoritmy, a to zu\u017eov\u00e1n\u00ed spektra zpr\u00e1v, kter\u00e9 dost\u00e1v\u00e1m, vede k tomu, \u017ee ty lid\u00e9 tak\u00e9 do t\u011bch skupin jsou jakoby technologicky automaticky agregov\u00e1ni. Bav\u00edme se o Komnat\u00e1ch Ozv\u011bn &#8211; Echo Chambers &#8211; , co\u017e je dal\u0161\u00ed nesm\u00edrn\u011b zaj\u00edmav\u00fd a nebezpe\u010dn\u00fd fenom\u00e9n. P\u0159esn\u011b, jak \u0159\u00edk\u00e1te, lid\u00e9 se sdru\u017euj\u00ed do n\u011bjak\u00fdch imagin\u00e1rn\u00edch virtu\u00e1ln\u00edch skupinek a vytv\u00e1\u0159\u00ed se u nich pocit soun\u00e1le\u017eitosti uvnit\u0159 t\u00e9 skupiny, co\u017e je na jednu stranu dobr\u00e9, ale na druhou stranu m\u00e1m-li pocit soun\u00e1le\u017eitosti s n\u011bjakou skupinou, tak sou\u010dasn\u011b se tak\u00e9 vymezuji proti v\u0161em ostatn\u00edm. To znamen\u00e1, stoup\u00e1 nebo vyost\u0159uje se dichotomie my a oni, co\u017e v p\u0159\u00edpad\u011b, \u017ee ta skupina, ta komnata Ozv\u011bn m\u00e1 n\u011bjak\u00e9 jako politick\u00e9 zam\u011b\u0159en\u00ed, je tam n\u011bjak\u00fd partyzan nebo dokonce n\u011bjak\u00e1 radikalizovan\u00e1 skupina, tak t\u00edm dramaticky stoup\u00e1 riziko n\u011bjak\u00e9 koordinovan\u00e9 agonistick\u00e9 aktivity proti jin\u00fdm skupin\u00e1m.<br \/><br \/>Barbora Tachec\u00ed, moder\u00e1torka<br \/>&#8212;&#8212;&#8212;&#8212;&#8212;&#8212;&#8211;<br \/>A jak se dostane jedinec do jak\u00e9koliv z t\u011bch echo chambers <br \/><br \/><strong>Ji\u0159\u00ed<\/strong>&nbsp;<strong>Hor\u00e1\u010dek<\/strong>, <br \/>&#8212;&#8212;&#8212;&#8212;&#8212;&#8212;&#8211;<br \/>Tam se dostane velmi rychle, dostane se tam zcela automaticky, proto\u017ee sta\u010d\u00ed to, co p\u00ed\u0161e, a sta\u010d\u00ed to, \u017ee algoritmus mu n\u011bjak\u00fdm zp\u016fsobem zost\u0159uje jeho p\u016fvodn\u00ed sv\u011bton\u00e1zor, kter\u00fd vedl k tomu, \u017ee si vyb\u00edral n\u011bjak\u00e9 zpr\u00e1vy, t\u00edm se zost\u0159uje a zu\u017euje vid\u011bn\u00ed sv\u011bta toho \u010dlov\u011bka a on se d\u0159\u00edv nebo pozd\u011bji automaticky nalep\u00ed na podobn\u011b sm\u00fd\u0161lej\u00edc\u00ed lidi a vznikne tato bublina.<br \/><br \/>mluv\u010d\u00ed 11,<br \/>&#8212;&#8212;&#8212;&#8212;&#8212;&#8212;&#8211;<br \/>A potom spole\u010dn\u011b se utvrzuj\u00ed.<br \/><br \/><strong>Ji\u0159\u00ed<\/strong>&nbsp;<strong>Hor\u00e1\u010dek<\/strong>, vedouc\u00ed v\u00fdzkumn\u00e9ho centra N\u00e1rodn\u00edho \u00fastavu du\u0161evn\u00edho zdrav\u00ed<br \/>&#8212;&#8212;&#8212;&#8212;&#8212;&#8212;&#8211;<br \/>Potom se spole\u010dn\u011b utvrzuj\u00ed a te\u010f se to prost\u011b cel\u00fd jako n\u00e1sob\u00ed a doopravdy to vede k tomu, \u017ee se jakoby t\u0159\u00ed\u0161t\u00ed ta spole\u010dnost, \u017ee n\u00e1zory nejsou rozd\u011blen\u00e9 prost\u011b jako v norm\u00e1ln\u011b Gausovsk\u00e9 k\u0159ivce, ale prost\u011b t\u0159\u00ed\u0161t\u00ed se na skupiny, kter\u00e9 jsou \u010d\u00edm d\u00e1l t\u00edm v\u00edc a v\u00edc bl\u00edzko nikoliv pr\u016fm\u011bru, ale extr\u00e9m\u016fm toho n\u00e1zorov\u00e9ho spektra, a to je pr\u00e1v\u011b to, co je probl\u00e9m, a to je to, \u017ee se n\u00e1m \u0161t\u011bp\u00ed spole\u010dnosti vlastn\u011b na v\u0161ech \u0161k\u00e1l\u00e1ch, od rodin a\u017e po st\u00e1ty.<br \/><br \/>moder\u00e1torka<br \/>&#8212;&#8212;&#8212;&#8212;&#8212;&#8212;&#8211;<br \/>Ale mimochodem podle va\u0161eho odhadu bylo d\u016fsledkem p\u0159esn\u011b t\u00e9hle cesty to, jak n\u011bkte\u0159\u00ed Trumpovi fanou\u0161ci vtrhli tenkr\u00e1t.<br \/><br \/><strong>Ji\u0159\u00ed<\/strong>&nbsp;<strong>Hor\u00e1\u010dek<\/strong>, vedouc\u00ed v\u00fdzkumn\u00e9ho centra N\u00e1rodn\u00edho \u00fastavu du\u0161evn\u00edho zdrav\u00ed<br \/>&#8212;&#8212;&#8212;&#8212;&#8212;&#8212;&#8211;<br \/>No, jasn\u011b, to je p\u0159esn\u011b, ono, to jsou ta nebezpe\u010d\u00ed, ta nebezpe\u010d\u00ed jsou dalekos\u00e1hl\u00e1. Pardon, b\u00fdt \u010dlenem n\u011bjak\u00e9 skupiny, na kterou c\u00edt\u00edm silnou vazbu. My dokonce v\u00edme, \u017ee existuje hormon, kter\u00fd se jmenuje oxytocin, kter\u00fd to zprost\u0159edkuje, v\u00edme, jak to vznik\u00e1 biologicky, ten pocit jednoty s n\u011bjakou skupinou, to je evolu\u010dn\u011b star\u00e1 v\u011bc, kter\u00e1 n\u00e1m, na\u0161im p\u0159edk\u016fm pom\u00e1hala p\u0159e\u017e\u00edt, \u017ee byli v part\u011b, ale to b\u00fdt v part\u011b znamen\u00e1, \u017ee za\u010d\u00edn\u00e1m \u010d\u00edm d\u00e1l t\u00edm v\u00edc a v\u00edce vymezovat proti jin\u00fdm part\u00e1m, za prv\u00e9, za druh\u00e9, \u017ee m\u00e1m pot\u0159ebu tzv. koordinovan\u00e9 aktivity nebo synchronizovan\u00e9 behaver\u00e1ln\u00ed aktivity, co\u017e znamen\u00e1 spole\u010dn\u00e1 demonstrace, spole\u010dn\u00fd \u00fatok na n\u011bco a podobn\u011b.<br \/><br \/>moder\u00e1torka<br \/>&#8212;&#8212;&#8212;&#8212;&#8212;&#8212;&#8211;<br \/>Nen\u00ed trochu s podivem a j\u00e1 to chci zaklepat, a to ka\u017ed\u00fd sly\u0161\u00ed, nen\u00ed trochu s podivem, \u017ee zat\u00edm krom\u011b tady t\u011bch Trumpov\u00fdch p\u0159\u00edznivc\u016f, \u017ee vlastn\u011b v\u011bt\u0161\u00ed konflikt vzbuzen\u00fd soci\u00e1ln\u00edmi s\u00edt\u011bmi, ale te\u010f mysl\u00edm takov\u00fdhle tvrd\u00fd, ne, \u017ee se sejdou prost\u011b na demonstraci, na druhou stranu d\u00edky tomu se t\u0159eba sejdou na n\u011b\u010dem jakoby. Pozitivn\u00edm, co jsem cht\u011bla \u0159\u00edct. S plusov\u00fdm znam\u00e9nkem, tak v\u00edte, n\u011bjak\u00e9m takov\u00e9m mal\u00e9ru.<br \/><br \/><strong>Ji\u0159\u00ed<\/strong>&nbsp;<strong>Hor\u00e1\u010dek<\/strong>, vedouc\u00ed v\u00fdzkumn\u00e9ho centra N\u00e1rodn\u00edho \u00fastavu du\u0161evn\u00edho zdrav\u00ed<br \/>&#8212;&#8212;&#8212;&#8212;&#8212;&#8212;&#8211;<br \/>Ten mal\u00e9r se odehr\u00e1v\u00e1 dnes a denn\u011b, je\u010fte do Ameriky, a to do Spojen\u00fdch st\u00e1t\u016f a uvid\u00edte, co se d\u011bje uvnit\u0159 rodin. Odm\u00edtaj\u00ed si pov\u00eddat o politice, \u0161t\u011bp\u00ed se rodiny, oddaluj\u00ed se man\u017eel\u00e9, proto\u017ee jeden je proti o\u010dkov\u00e1n\u00ed, druh\u00fd je pro o\u010dkov\u00e1n\u00ed, jo, ty trag\u00e9die se odehr\u00e1vaj\u00ed, to \u0161t\u011bpen\u00ed se d\u011bje, jak \u0159\u00edk\u00e1m, na v\u0161ech \u0161k\u00e1l\u00e1ch a d\u011bje se to masivn\u011b a je to velk\u00e9 ne\u0161t\u011bst\u00ed. Lid\u00e9 odm\u00edtaj\u00ed se bavit o politice, proto\u017ee to je prost\u011b nebezpe\u010dn\u00e9, \u017ee se st\u0159etnou a nepovede to nikam, to povede jen k h\u00e1dce. To je velk\u00fd probl\u00e9m. m\u016f\u017ee to nakonec v\u00e9st a\u017e k n\u011bjak\u00fdmu velk\u00fdmu konfliktu nebo k ob\u010dansk\u00e9 v\u00e1lce. Samoz\u0159ejm\u00e9, \u017ee k tomu nedo\u0161lo. Bu\u010fme jenom r\u00e1di.<br \/><br \/>Barbora Tachec\u00ed, moder\u00e1torka<br \/>&#8212;&#8212;&#8212;&#8212;&#8212;&#8212;&#8211;<br \/>To je ten d\u016fvod, pro\u010d nejste na soci\u00e1ln\u00edch s\u00edt\u00edch.<br \/><br \/><strong>Ji\u0159\u00ed<\/strong>&nbsp;<strong>Hor\u00e1\u010dek<\/strong>, <br \/>&#8212;&#8212;&#8212;&#8212;&#8212;&#8212;&#8211;<br \/>No, tak j\u00e1 jsem n\u011bjak nem\u011bl nikdy \u010das se p\u0159ihl\u00e1sit.<br \/><br \/>Barbora Tachec\u00ed, moder\u00e1torka<br \/>&#8212;&#8212;&#8212;&#8212;&#8212;&#8212;&#8211;<br \/>Dne\u0161n\u00edm hostem byl neurobiolog a profesor psychiatrie&nbsp;<strong>Ji\u0159\u00ed<\/strong>&nbsp;<strong>Hor\u00e1\u010dek<\/strong>, j\u00e1 v\u00e1m moc d\u011bkuju za to, \u017ee jste k n\u00e1m p\u0159i\u0161el, d\u011bkuju v\u00e1m.<br \/><br \/><\/p>\n","protected":false},"excerpt":{"rendered":"<div class=\"mh-excerpt\"><p>\u010cRo Plus Zab\u00fdv\u00e1 se t\u00edm, co se lidem d\u011bje v hlav\u011b, sleduje, jak se v jejich mozku projevuje i to, co pro\u017e\u00edvaj\u00ed ve ve\u0159ejn\u00e9m prostoru. <a class=\"mh-excerpt-more\" href=\"https:\/\/www.invarena.cz\/?p=47242\" title=\"Hor\u00e1\u010dek: Spole\u010dnost se polarizuje, t\u0159\u00ed\u0161t\u00ed se rodiny, je to nebezpe\u010dn\u00e9&#8230;\">[&#8230;]<\/a><\/p>\n<\/div>","protected":false},"author":1,"featured_media":5657,"comment_status":"open","ping_status":"closed","sticky":false,"template":"","format":"standard","meta":{"footnotes":""},"categories":[12],"tags":[],"class_list":["post-47242","post","type-post","status-publish","format-standard","has-post-thumbnail","hentry","category-rozhovory"],"_links":{"self":[{"href":"https:\/\/www.invarena.cz\/index.php?rest_route=\/wp\/v2\/posts\/47242","targetHints":{"allow":["GET"]}}],"collection":[{"href":"https:\/\/www.invarena.cz\/index.php?rest_route=\/wp\/v2\/posts"}],"about":[{"href":"https:\/\/www.invarena.cz\/index.php?rest_route=\/wp\/v2\/types\/post"}],"author":[{"embeddable":true,"href":"https:\/\/www.invarena.cz\/index.php?rest_route=\/wp\/v2\/users\/1"}],"replies":[{"embeddable":true,"href":"https:\/\/www.invarena.cz\/index.php?rest_route=%2Fwp%2Fv2%2Fcomments&post=47242"}],"version-history":[{"count":0,"href":"https:\/\/www.invarena.cz\/index.php?rest_route=\/wp\/v2\/posts\/47242\/revisions"}],"wp:featuredmedia":[{"embeddable":true,"href":"https:\/\/www.invarena.cz\/index.php?rest_route=\/wp\/v2\/media\/5657"}],"wp:attachment":[{"href":"https:\/\/www.invarena.cz\/index.php?rest_route=%2Fwp%2Fv2%2Fmedia&parent=47242"}],"wp:term":[{"taxonomy":"category","embeddable":true,"href":"https:\/\/www.invarena.cz\/index.php?rest_route=%2Fwp%2Fv2%2Fcategories&post=47242"},{"taxonomy":"post_tag","embeddable":true,"href":"https:\/\/www.invarena.cz\/index.php?rest_route=%2Fwp%2Fv2%2Ftags&post=47242"}],"curies":[{"name":"wp","href":"https:\/\/api.w.org\/{rel}","templated":true}]}}