{"id":4729,"date":"2013-05-26T15:31:30","date_gmt":"2013-05-26T13:31:30","guid":{"rendered":"http:\/\/www.invarena.cz\/?p=4729"},"modified":"2013-05-26T15:31:30","modified_gmt":"2013-05-26T13:31:30","slug":"co-byste-chtela-vzdyt-jen-neslysite","status":"publish","type":"post","link":"https:\/\/www.invarena.cz\/?p=4729","title":{"rendered":"Co byste cht\u011bla, v\u017edy\u0165 jen nesly\u0161\u00edte"},"content":{"rendered":"<h6>Bari\u00e9ry z hlediska sluchu jsou v lidech &#8211; jak kdo je ochoten svoji \u0159e\u010d p\u0159izp\u016fsobit, abychom mu rozum\u011bli. Kdy\u017e nesly\u0161\u00ed\u0161, co si lid\u00e9 pov\u00eddaj\u00ed, nepozn\u00e1\u0161 je bl\u00ed\u017e. A kdy\u017e dva dny nesly\u0161\u00ed\u0161 ani \u0148, tak ti to za\u010d\u00edn\u00e1 l\u00e9zt na mozek, bez zvuk\u016f se c\u00edt\u00ed\u0161 jako bezmocn\u00fd v\u011bze\u0148, p\u00ed\u0161e ohluchl\u00e1 blogerka.<\/h6>\n<p><!--more--><\/p>\n<p>Ono to je tak, \u017ee zkusit si voz\u00edk a jak\u00e9 to na n\u011bm je \u00fasil\u00ed p\u0159ekon\u00e1vat obruby chodn\u00edku anebo schody jde, zav\u0159\u00edt o\u010di a vz\u00edt do ruky h\u016fl a \u0161\u00e1trat taky jde zkusit. Ale &#8222;vypnout&#8220; sluch naprosto zkusit nejde, ani s vatou v u\u0161\u00edch &#8211; proto\u017ee pr\u00fd p\u0159es vatu je taky cosi sly\u0161et, tak\u017ee absolutn\u00ed ticho si prost\u011b nem\u016f\u017ee\u0161 vyzkou\u0161et.<\/p>\n<p>Krom toho ty ostatn\u00ed bari\u00e9ry jsou sp\u00ed\u0161 technick\u00e9, odstran\u00ed se jednou prov\u017edy nap\u0159. vybudov\u00e1n\u00edm n\u00e1jezdu, vodic\u00edho popruhu &#8211; zkr\u00e1tka technika se d\u00e1 do t\u00e9 situace vlo\u017eit a zm\u00edrnit bari\u00e9ry. Ov\u0161em bari\u00e9ry z hlediska sluchu neodstran\u00ed\u0161 technikou, pon\u011bvad\u017e jsou v lidech &#8211; jak kdo je ochoten svoji \u0159e\u010d p\u0159izp\u016fsobit, abychom mu rozum\u011bli.<\/p>\n<div>\n<p>Zkr\u00e1tka tu jde o v\u00edc ne\u017e jen o &#8222;technickou&#8220; str\u00e1nku, n\u00fdbr\u017e lidskou &#8211; ne nadarmo se tvrd\u00ed, \u017ee\u00a0<strong>slepota odd\u011bluje od v\u011bc\u00ed, a hluchota od lid\u00ed<\/strong>. A je to bohu\u017eel pravdiv\u00e9.<\/p>\n<p>Kdy\u017e nesly\u0161\u00ed\u0161, co si lid\u00e9 pov\u00eddaj\u00ed, nepozn\u00e1\u0161 je bl\u00ed\u017e, proto\u017ee \u010dlov\u011bk si d\u011bl\u00e1 obr\u00e1zek i v kontaktu s druh\u00fdmi, a m\u016f\u017ee \u0159\u00edct i v\u011bci, kter\u00e9 by norm\u00e1ln\u011b ne\u0159ekl. Kde\u017eto kdy\u017e mus\u00ed ti ostatn\u00ed v\u0161e napsat, tak se omez\u00ed ta komunikace jen na to nejnutn\u011bj\u0161\u00ed sd\u011blen\u00ed (je to m\u00edn nam\u00e1hav\u00e9) no a tak komunikace je pak omezen\u00e1, tud\u00ed\u017e v\u011bcn\u00e1, ne tolik lidsk\u00e1, emo\u010dn\u00ed.<\/p>\n<p>A kdy\u017e dva dny nesly\u0161\u00ed\u0161 ani \u0148, tak ti to za\u010d\u00edn\u00e1 l\u00e9zt na mozek, proto\u017ee trp\u00ed\u0161 smyslovou deprivac\u00ed, depres\u00ed, zvuky jsou v \u017eivot\u011b d\u016fle\u017eit\u00e9, a bez nich se c\u00edt\u00ed bezmocn\u00fd v\u011bze\u0148, a kudy ven, to u\u017e nejde &#8211; proto\u017ee ztratit sluch &#8211; to u\u017e je na do\u017eivot\u00ed a nikdy to nebude lep\u0161\u00ed a ty p\u0159ek\u00e1\u017eky (a lidi) tady budou furt, co ti to budou p\u0159ipom\u00ednat, \u017ee prd sly\u0161\u00ed\u0161. A je\u0161t\u011b si \u0159eknou, to je ale blbec, nech\u00e1pe. A za\u010dnou \u0159v\u00e1t jak na lesy, \u0161koda jen, \u017ee to \u0159van\u00ed ti k odstran\u011bn\u00ed hluchoty nepom\u016f\u017ee.<\/p>\n<p>A fakt si p\u0159ipad\u00e1\u0161 jako blbec, kdy\u017e nerozum\u00ed\u0161, kdo co \u0159\u00edk\u00e1, o\u010d jde. A to lidi berou tak, \u017ee kdy\u017e jsi mezi nima, \u017ee v\u00ed\u0161, o \u010dem je \u0159e\u010d, ale nenapadne je, \u017ee sice tam jsi, ale hovor nechyt\u00e1\u0161 a nerozum\u00ed\u0161. Je to stejn\u00e9, jako kdy\u017e pozoruje\u0161 d\u011bn\u00ed za sklem. Jsi p\u0159\u00edtomen, kouk\u00e1\u0161 na d\u011bn\u00ed na jevi\u0161ti, ale vypli ti zvuk.<\/p>\n<p>Jako kdy\u017e jsi v ciz\u00ed zemi a na tebe bude cizinec mluvit japonsky a ty bude\u0161 z\u00edrat, neschopnej rozlu\u0161tit h\u00e1danku, co\u017ee ti to ten Japonec bezhlasn\u011b \u0159\u00edk\u00e1.<\/p>\n<p>Proto hluchotu Sv\u011btov\u00e1 zdravotnick\u00e1 organizace \u0159ad\u00ed v \u0159eb\u0159\u00ed\u010dku t\u011b\u017ekosti posti\u017een\u00ed na druh\u00e9 m\u00edsto, hned za posti\u017een\u00edm ment\u00e1ln\u00edm. Hluchota na tob\u011b nen\u00ed vid\u011bt, av\u0161ak odd\u011bluje t\u011b od lid\u00ed a ka\u017edodenn\u00ed komunikace. Jsi mezi lidmi, ale s\u00e1m.<\/p>\n<p>Eva Liberdov\u00e1<\/p>\n<p>&nbsp;<\/p>\n<\/div>\n","protected":false},"excerpt":{"rendered":"<div class=\"mh-excerpt\"><p>Bari\u00e9ry z hlediska sluchu jsou v lidech &#8211; jak kdo je ochoten svoji \u0159e\u010d p\u0159izp\u016fsobit, abychom mu rozum\u011bli. Kdy\u017e nesly\u0161\u00ed\u0161, co si lid\u00e9 pov\u00eddaj\u00ed, nepozn\u00e1\u0161 <a class=\"mh-excerpt-more\" href=\"https:\/\/www.invarena.cz\/?p=4729\" title=\"Co byste cht\u011bla, v\u017edy\u0165 jen nesly\u0161\u00edte\">[&#8230;]<\/a><\/p>\n<\/div>","protected":false},"author":1,"featured_media":0,"comment_status":"open","ping_status":"open","sticky":false,"template":"","format":"standard","meta":{"footnotes":""},"categories":[7,9],"tags":[],"class_list":["post-4729","post","type-post","status-publish","format-standard","hentry","category-spolecnost","category-zpravy"],"_links":{"self":[{"href":"https:\/\/www.invarena.cz\/index.php?rest_route=\/wp\/v2\/posts\/4729","targetHints":{"allow":["GET"]}}],"collection":[{"href":"https:\/\/www.invarena.cz\/index.php?rest_route=\/wp\/v2\/posts"}],"about":[{"href":"https:\/\/www.invarena.cz\/index.php?rest_route=\/wp\/v2\/types\/post"}],"author":[{"embeddable":true,"href":"https:\/\/www.invarena.cz\/index.php?rest_route=\/wp\/v2\/users\/1"}],"replies":[{"embeddable":true,"href":"https:\/\/www.invarena.cz\/index.php?rest_route=%2Fwp%2Fv2%2Fcomments&post=4729"}],"version-history":[{"count":0,"href":"https:\/\/www.invarena.cz\/index.php?rest_route=\/wp\/v2\/posts\/4729\/revisions"}],"wp:attachment":[{"href":"https:\/\/www.invarena.cz\/index.php?rest_route=%2Fwp%2Fv2%2Fmedia&parent=4729"}],"wp:term":[{"taxonomy":"category","embeddable":true,"href":"https:\/\/www.invarena.cz\/index.php?rest_route=%2Fwp%2Fv2%2Fcategories&post=4729"},{"taxonomy":"post_tag","embeddable":true,"href":"https:\/\/www.invarena.cz\/index.php?rest_route=%2Fwp%2Fv2%2Ftags&post=4729"}],"curies":[{"name":"wp","href":"https:\/\/api.w.org\/{rel}","templated":true}]}}