{"id":47350,"date":"2024-03-25T07:15:02","date_gmt":"2024-03-25T06:15:02","guid":{"rendered":"https:\/\/www.invarena.cz\/?p=47350"},"modified":"2024-03-25T07:15:02","modified_gmt":"2024-03-25T06:15:02","slug":"projekt-zachranna-brzda-pomahal-zaplatit-energie","status":"publish","type":"post","link":"https:\/\/www.invarena.cz\/?p=47350","title":{"rendered":"Projekt Z\u00e1chrann\u00e1 brzda pom\u00e1hal zaplatit energie\u00a0\u00a0"},"content":{"rendered":"\n<p>\u010cT 1\u00a0<\/p>\n\n\n\n<p><br \/>Projekt Karlovarsk\u00e9ho kraje nazvan\u00fd Z\u00e1chrann\u00e1 brzda kon\u010d\u00ed. Jeho pomoc sm\u011b\u0159ovala k lidem, kte\u0159\u00ed sami nezvl\u00e1dli zv\u00fd\u0161en\u00e9 v\u00fddaje na bydlen\u00ed a energie v lo\u0148sk\u00e9m roce. Kraj na to vy\u010dlenil 10 000 000 K\u010d. Projekt te\u010f nahrazuje jin\u00fd s podobn\u00fdm zam\u011b\u0159en\u00edm. <br \/><br \/>Jarmila KRAV\u010cENKOV\u00c1, p\u0159\u00edjemkyn\u011b finan\u010dn\u00ed pomoci<br \/>&#8212;&#8212;&#8212;&#8212;&#8212;&#8212;&#8211;<br \/>Pen\u00edze nebyly potom, proto\u017ee nebyla v\u00fdplata, v\u017edycky opo\u017ed\u011bn\u011b ve v\u0161em.<br \/><br \/> redaktor<br \/>&#8212;&#8212;&#8212;&#8212;&#8212;&#8212;&#8211;<br \/>62let\u00e1 Jarmila Krav\u010denkov\u00e1 z A\u0161e, p\u016fvodn\u00edm povol\u00e1n\u00edm p\u0159adlena, se dostala do t\u011b\u017ek\u00e9 finan\u010dn\u00ed situace a nem\u011bla pen\u00edze na uhl\u00ed. Kamar\u00e1dka j\u00ed poradila, aby se o pomoc obr\u00e1tila na karlovarsk\u00fd krajsk\u00fd \u00fa\u0159ad.<br \/><br \/>Jarmila KRAV\u010cENKOV\u00c1, p\u0159\u00edjemkyn\u011b finan\u010dn\u00ed pomoci<br \/>&#8212;&#8212;&#8212;&#8212;&#8212;&#8212;&#8211;<br \/>Hodn\u011b mi s t\u00edm napom\u00e1hala.<br \/><br \/>redaktor<br \/>&#8212;&#8212;&#8212;&#8212;&#8212;&#8212;&#8211;<br \/>Vy jste o tom v\u016fbec nev\u011bd\u011bla?<br \/><br \/>Jarmila KRAV\u010cENKOV\u00c1, p\u0159\u00edjemkyn\u011b finan\u010dn\u00ed pomoci<br \/>&#8212;&#8212;&#8212;&#8212;&#8212;&#8212;&#8211;<br \/>Sepsali jenom \u017e\u00e1dost spolu, ale v\u011bt\u0161inou ona takhle to d\u011blala.<br \/><br \/>Jitka \u010cMOKOV\u00c1, mluv\u010d\u00ed, Karlovarsk\u00fd kraj<br \/>&#8212;&#8212;&#8212;&#8212;&#8212;&#8212;&#8211;<br \/>Karlovarsk\u00fd kraj vy\u010dlenil na n\u00e1stroj Z\u00e1chrann\u00e1 brzda 10 000 000 K\u010d pro rok 2023. Na krajsk\u00fd \u00fa\u0159ad bylo doru\u010deno 17 \u017e\u00e1dost\u00ed.<br \/><br \/>redaktor<br \/>&#8212;&#8212;&#8212;&#8212;&#8212;&#8212;&#8211;<br \/>Krom\u011b t\u00e9to \u017eadatelky finan\u010dn\u00ed pomoc z projektu z\u00edskalo dal\u0161\u00edch 6 z\u00e1jemc\u016f. N\u011bkdo neusp\u011bl a jin\u00e9mu zase kraj\u0161t\u00ed \u00fa\u0159edn\u00edci poradili s \u010derp\u00e1n\u00edm p\u0159\u00edsp\u011bvk\u016f z d\u00e1vek st\u00e1tn\u00ed soci\u00e1ln\u00ed podpory. Cel\u00fd ten projekt se v\u00fdhradn\u011b zam\u011b\u0159oval na lidi v nep\u0159\u00edzniv\u00e9 soci\u00e1ln\u00ed situaci, kter\u00fdm dokonce hrozila ztr\u00e1ta bydlen\u00ed. Krajsk\u00fd projekt kon\u010d\u00ed a nahrazuje ho dal\u0161\u00ed tzv. Nada\u010dn\u00ed fond, kter\u00fd se m\u00e1 zam\u011b\u0159ovat na podporu v oblastech, ve kter\u00fdch podle krajsk\u00fdch \u010di p\u0159edstavitel\u016f v\u00edce \u010di m\u00e9n\u011b st\u00e1t selh\u00e1v\u00e1.<br \/><br \/>Robert PIS\u00c1R, radn\u00ed pro soci\u00e1ln\u00ed v\u011bci, Karlovarsk\u00fd kraj<br \/>&#8212;&#8212;&#8212;&#8212;&#8212;&#8212;&#8211;<br \/>Tak ur\u010dit\u011b zabydlov\u00e1n\u00ed, s t\u00edm u\u017e jsme za\u010dali, dv\u011b rodiny u\u017e jsme zabydleli, dal\u0161\u00ed rodiny maj\u00ed schv\u00e1lenou podporu.<br \/><br \/>redaktor<br \/>&#8212;&#8212;&#8212;&#8212;&#8212;&#8212;&#8211;<br \/>Fond c\u00edl\u00ed i na pomoc\u00a0<strong>zdravotn\u011b<\/strong>\u00a0<strong>posti\u017een\u00fdm<\/strong>\u00a0osob\u00e1m a lidem zaji\u0161\u0165uj\u00edc\u00edm n\u00e1hradn\u00ed rodinnou p\u00e9\u010di. <\/p>\n\n\n\n<p>\u010cesk\u00e1 televize, Karlovarsk\u00fd kraj.<\/p>\n\n\n\n<p><\/p>\n","protected":false},"excerpt":{"rendered":"<div class=\"mh-excerpt\"><p>\u010cT 1\u00a0 Projekt Karlovarsk\u00e9ho kraje nazvan\u00fd Z\u00e1chrann\u00e1 brzda kon\u010d\u00ed. Jeho pomoc sm\u011b\u0159ovala k lidem, kte\u0159\u00ed sami nezvl\u00e1dli zv\u00fd\u0161en\u00e9 v\u00fddaje na bydlen\u00ed a energie v lo\u0148sk\u00e9m <a class=\"mh-excerpt-more\" href=\"https:\/\/www.invarena.cz\/?p=47350\" title=\"Projekt Z\u00e1chrann\u00e1 brzda pom\u00e1hal zaplatit energie\u00a0\u00a0\">[&#8230;]<\/a><\/p>\n<\/div>","protected":false},"author":1,"featured_media":38257,"comment_status":"open","ping_status":"closed","sticky":false,"template":"","format":"standard","meta":{"footnotes":""},"categories":[1],"tags":[],"class_list":["post-47350","post","type-post","status-publish","format-standard","has-post-thumbnail","hentry","category-nezarazene"],"_links":{"self":[{"href":"https:\/\/www.invarena.cz\/index.php?rest_route=\/wp\/v2\/posts\/47350","targetHints":{"allow":["GET"]}}],"collection":[{"href":"https:\/\/www.invarena.cz\/index.php?rest_route=\/wp\/v2\/posts"}],"about":[{"href":"https:\/\/www.invarena.cz\/index.php?rest_route=\/wp\/v2\/types\/post"}],"author":[{"embeddable":true,"href":"https:\/\/www.invarena.cz\/index.php?rest_route=\/wp\/v2\/users\/1"}],"replies":[{"embeddable":true,"href":"https:\/\/www.invarena.cz\/index.php?rest_route=%2Fwp%2Fv2%2Fcomments&post=47350"}],"version-history":[{"count":0,"href":"https:\/\/www.invarena.cz\/index.php?rest_route=\/wp\/v2\/posts\/47350\/revisions"}],"wp:featuredmedia":[{"embeddable":true,"href":"https:\/\/www.invarena.cz\/index.php?rest_route=\/wp\/v2\/media\/38257"}],"wp:attachment":[{"href":"https:\/\/www.invarena.cz\/index.php?rest_route=%2Fwp%2Fv2%2Fmedia&parent=47350"}],"wp:term":[{"taxonomy":"category","embeddable":true,"href":"https:\/\/www.invarena.cz\/index.php?rest_route=%2Fwp%2Fv2%2Fcategories&post=47350"},{"taxonomy":"post_tag","embeddable":true,"href":"https:\/\/www.invarena.cz\/index.php?rest_route=%2Fwp%2Fv2%2Ftags&post=47350"}],"curies":[{"name":"wp","href":"https:\/\/api.w.org\/{rel}","templated":true}]}}