{"id":47414,"date":"2024-03-27T07:32:54","date_gmt":"2024-03-27T06:32:54","guid":{"rendered":"https:\/\/www.invarena.cz\/?p=47414"},"modified":"2024-03-27T07:50:00","modified_gmt":"2024-03-27T06:50:00","slug":"poradna-2","status":"publish","type":"post","link":"https:\/\/www.invarena.cz\/?p=47414","title":{"rendered":"Poradna\u00a0ke karcinomu prsu\u00a0"},"content":{"rendered":"\n<p>\u010cRo Dvojka\u00a0&#8211; Poradna<br \/><\/p>\n\n\n\n<p>Karcinom prsu pat\u0159\u00ed k nej\u010dast\u011bj\u0161\u00edm n\u00e1dorov\u00fdm onemocn\u011bn\u00edm u \u017een, v\u00fdskyt rakoviny prsu v \u010cesk\u00e9 republice st\u00e1le stoup\u00e1 a proto jsou tedy tak d\u016fle\u017eit\u00e1 preventivn\u00ed vy\u0161et\u0159en\u00ed. <br \/>Jak\u00e9 jsou rizikov\u00e9 faktory onemocn\u011bn\u00ed, jak\u00e9 jsou mo\u017enosti l\u00e9\u010dby, to n\u00e1m v poradn\u011b \u0159ekne n\u00e1\u0161 host, pan\u00ed Dr. Katarina \u0160uta Kimle z prvn\u00ed chirurgick\u00e9 kliniky V\u0161eobecn\u00e9 fakultn\u00ed nemocnice v Praze. A dostanete mo\u017enost pt\u00e1t se na to, co v\u00e1s k t\u00e9matu zaj\u00edm\u00e1.<br \/>Karcinom prsu pat\u0159\u00ed k nej\u010dast\u011bj\u0161\u00edm n\u00e1dorov\u00fdm onemocn\u011bn\u00edm u \u017een. D\u00e1 se to v p\u0159\u00edpad\u011b \u010cesk\u00e9 republiky n\u011bjak vy\u010d\u00edslit? Abychom m\u011bli jasn\u011bj\u0161\u00ed p\u0159edstavu?<br \/><br \/>Dr. Katarina \u0160uta Kimle,<br \/>&#8212;&#8212;&#8212;&#8212;&#8212;&#8212;&#8211;<br \/>Ano, d\u00e1. Ro\u010dn\u011b je zachyceno cca 5000 nov\u00fdch onemocn\u011bn\u00ed jako nov\u011b diagnostikovan\u00fdch onemocn\u011bn\u00ed u \u017een.<br \/><br \/>moder\u00e1torka<br \/>&#8212;&#8212;&#8212;&#8212;&#8212;&#8212;&#8211;<br \/>My ur\u010dit\u011b v\u0161ichni v\u00edme, \u017ee existuj\u00ed screeningov\u00e9 programy pr\u00e1v\u011b v r\u00e1mci prevence rakoviny prsu. Pro koho jsou a kdo je vlastn\u011b tou ohro\u017eenou skupinou, kdo by si na to m\u011bl d\u00e1vat prim\u00e1rn\u011b pozor.<br \/><br \/>Dr. Katarina \u0160uta Kimle,<br \/>&#8212;&#8212;&#8212;&#8212;&#8212;&#8212;&#8211;<br \/>Tou vlastn\u011b nejohro\u017een\u011bj\u0161\u00ed skupinou pacientek, u kter\u00fdch hroz\u00ed riziko vzniku karcinomu prsu je od 40 let nahoru a potom zase po sedmdes\u00e1t\u00fdm p\u00e1t\u00fdm roce v\u011bku kles\u00e1.<br \/><br \/>moder\u00e1tor<br \/>&#8212;&#8212;&#8212;&#8212;&#8212;&#8212;&#8211;<br \/>jak\u00e9 jsou symptomy rakoviny prsu?<br \/><br \/>mluv\u010d\u00ed 2,<br \/>&#8212;&#8212;&#8212;&#8212;&#8212;&#8212;&#8211;<br \/>Tak m\u016f\u017ee s\u00ed \u017eena nahmatat sama bulku Bu\u010f v prsu, nebo v podpa\u017e\u00ed, m\u016f\u017ee doj\u00edt k zm\u011bn\u011b tvaru toho prsu, znakem pokro\u010dilej\u0161\u00edho onemocn\u011bn\u00ed t\u0159eba m\u016f\u017ee b\u00fdt i takov\u00e1 pomeran\u010dov\u00e1 k\u016f\u017ee na prsn\u00edku. Zm\u011bna \u017eiln\u00ed kresby vta\u017een\u00edm, m\u016f\u017ee to b\u00fdt t\u0159eba i vta\u017een\u00e1 bradavka nebo vyboulen\u00ed.<br \/><br \/>moder\u00e1torka<br \/>&#8212;&#8212;&#8212;&#8212;&#8212;&#8212;&#8211;<br \/>kdy\u017e \u017eena p\u0159ijde s takov\u00fdmi obt\u00ed\u017eemi t\u0159eba k v\u00e1m do ordinace \u010dek\u00e1 jist\u011b vy\u0161et\u0159en\u00ed, zn\u00e1me asi sonografick\u00e9 vy\u0161et\u0159en\u00ed, mamografick\u00e9 vy\u0161et\u0159en\u00ed, na jak\u00e9m principu pracuj\u00ed.<br \/><br \/>mluv\u010d\u00ed 2,<br \/>&#8212;&#8212;&#8212;&#8212;&#8212;&#8212;&#8211;<br \/>Mamografick\u00e9 vy\u0161et\u0159en\u00ed, pracuje na principu rentgenu, kdy se ud\u011bl\u00e1 v podstat\u011b jako rentgenov\u00fd sn\u00edmek toho prsu takov\u00fdm speci\u00e1ln\u00edm p\u0159\u00edstrojem, nen\u00ed to klasick\u00fd rentgen, jako zn\u00e1me t\u0159eba srdce, pl\u00edce a ultrazvukov\u00fd vy\u0161et\u0159en\u00ed, pracuje na podklad\u011b ultrazvukov\u00fd vln, tam se pou\u017e\u00edv\u00e1 speci\u00e1ln\u00ed sonda, d\u011bl\u00e1 ho p\u0159\u00edmo l\u00e9ka\u0159 a je vhodn\u00fd sp\u00ed\u0161 pro pacientky jakoby mlad\u0161\u00ed, kde\u017eto mamografie u\u017e pot\u0159ebuje to prso takzvan\u011b vyvinut\u011bj\u0161\u00ed, \u0159id\u0161\u00ed, tak\u017ee to je pro pacientky pr\u00e1v\u011b od \u010dty\u0159ic\u00e1t\u00e9ho roku v\u00fd\u0161e ide\u00e1ln\u00ed.<br \/><br \/>moder\u00e1tor<br \/>&#8212;&#8212;&#8212;&#8212;&#8212;&#8212;&#8211;<br \/>Ty v\u00fdsledky, ta informace z mamografu nebo ze sona jsou srovnateln\u00e9 nebo je to tak, \u017ee t\u0159eba jedno je t\u0159eba je\u0161t\u011b potvrdit, druh\u00fd nebo jedno je kvalitn\u011bj\u0161\u00ed, druh\u00e9 ne.<br \/><br \/>Dr. Katarina \u0160uta Kimle,<br \/>&#8212;&#8212;&#8212;&#8212;&#8212;&#8212;&#8211;<br \/>Jedno je pot\u0159eba doplnit druh\u00fdm. U mlad\u0161\u00edch pacientek za\u010d\u00edn\u00e1me v\u011bt\u0161inou sonografick\u00fdm vy\u0161et\u0159en\u00edm. Kdy\u017e je tam n\u011bjak\u00fd podez\u0159el\u00fd n\u00e1lez, tak dopl\u0148ujeme mamograf, kde\u017eto u t\u011bch star\u0161\u00edch pacientek, po \u010dty\u0159ic\u00e1t\u00e9m roku v\u011bku zase za\u010d\u00edn\u00e1me mamografem, proto\u017ee ta \u017el\u00e1za u\u017e pro\u0161la ur\u010dit\u00fdm v\u00fdvojem a je to pro ten rentgenov\u00fd p\u0159\u00edstroj l\u00e9pe p\u0159ehledn\u00fd.<br \/><br \/>moder\u00e1torka<br \/>&#8212;&#8212;&#8212;&#8212;&#8212;&#8212;&#8211;<br \/>A v jak\u00fdch intervalech m\u00e1me chodit na sonografick\u00e9, mamografick\u00e9 vy\u0161et\u0159en\u00ed?<br \/><br \/>Dr. Katarina \u0160uta Kimle,<br \/>&#8212;&#8212;&#8212;&#8212;&#8212;&#8212;&#8211;<br \/>Na mamografick\u00e9 vy\u0161et\u0159en\u00ed? V r\u00e1mci toho screeningov\u00fdho programu se chod\u00ed ka\u017ed\u00fd dva roky a u rizikov\u00fdch pacientek lze doplnit sonografem v tom meziintervalu.<br \/><br \/>moder\u00e1tor<br \/>&#8212;&#8212;&#8212;&#8212;&#8212;&#8212;&#8211;<br \/>my tady \u010dastokr\u00e1t sl\u00fdch\u00e1me p\u0159i n\u00e1v\u0161t\u011bv\u00e1ch l\u00e9ka\u0159\u016f, \u017ee mezi ty rozhoduj\u00edc\u00ed faktory ohledn\u011b rozvoje onemocn\u011bn\u00ed a mo\u017enosti l\u00e9\u010dby, je d\u016fle\u017eit\u00e1 v\u010dasnost, v\u010dasnost t\u00e9 diagnostiky, jak velkou m\u00edru a \u00falohu hraje pr\u00e1v\u011b u rakoviny prsu.<br \/><br \/>Dr. Katarina \u0160uta Kimle,<br \/>&#8212;&#8212;&#8212;&#8212;&#8212;&#8212;&#8211;<br \/>velmi velkou. Proto vlastn\u011b byl zaveden\u00fd ten plo\u0161n\u00fd s mamografick\u00fd screening pro pacientky, kter\u00fd jsou v t\u00fd rizikov\u00fd skupin\u011b, proto\u017ee ty \u010dasn\u00fd stadia n\u00e1dorov\u00fdho onemocn\u011bn\u00ed jsou mnohem l\u00edp l\u00e9\u010diteln\u00e1 a pacientky maj\u00ed v podstat\u011b t\u00e9m\u011b\u0159 stoprocentn\u00ed \u0161anci na vyl\u00e9\u010den\u00ed.<br \/><br \/>moder\u00e1tor<br \/>&#8212;&#8212;&#8212;&#8212;&#8212;&#8212;&#8211;<br \/> internet je sice mocn\u00fd n\u00e1stroj, ale \u010dasto se na n\u011bm p\u00ed\u0161\u00ed \u00fapln\u00e9 nesmysly a takhle se ob\u010das m\u016f\u017eeme do\u010d\u00edst, \u017ee mamografie je nebezpe\u010dn\u00e1. V\u00fdsledky v\u00fdzkumu t\u00fdmu Evropsk\u00e9 komise toto tvrzen\u00ed vyvr\u00e1tily. Tedy pov\u011bzte, jestli se s takov\u00fdmi obavami setk\u00e1v\u00e1te, anebo jestli ten dopad nen\u00ed takov\u00fd.<br \/><br \/>Dr. Katarina \u0160uta Kimle,<br \/>&#8212;&#8212;&#8212;&#8212;&#8212;&#8212;&#8211;<br \/>Ob\u010das se s t\u011bmihle obavami setk\u00e1v\u00e1me, potom vznik\u00e1 takov\u00e1 epidemie v \u010dek\u00e1rn\u011b, ale jsou to v podstat\u011b velmi \u0159\u00eddk\u00fd dny, kdy se tohleto st\u00e1v\u00e1.<br \/><br \/>moder\u00e1tor<br \/>&#8212;&#8212;&#8212;&#8212;&#8212;&#8212;&#8211;<br \/>Po\u010dkejte, opravdu jako potom, ono to vyb\u011bhne, ta informace, m\u00e1te plnou \u010dek\u00e1rnu?<br \/><br \/>Dr. Katarina \u0160uta Kimle,<br \/>&#8212;&#8212;&#8212;&#8212;&#8212;&#8212;&#8211;<br \/>Ne, ne, v \u010dek\u00e1rn\u011b vyb\u011bhne ta informace takhle, \u017ee mamografie je nebezpe\u010dn\u00e1 a potom chod\u011bj pacientky dovnit\u0159 a ptaj\u00ed se, jestli opravdu na tu mamografii mus\u00ed, jestli je opravdu tak nebezpe\u010dn\u00e1, tak to mus\u00edme potom vyvracet, \u017ee tomu tak nen\u00ed.<br \/><br \/>moder\u00e1torka<br \/>&#8212;&#8212;&#8212;&#8212;&#8212;&#8212;&#8211;<br \/>Jak\u00e9 jsou ty va\u0161e argumenty.<br \/><br \/>Dr. Katarina \u0160uta Kimle,<br \/>&#8212;&#8212;&#8212;&#8212;&#8212;&#8212;&#8211;<br \/>Ten screening je nastaven tak, \u017ee pro pacientku m\u00e1 p\u0159in\u00e1\u0161et co nejv\u011bt\u0161\u00ed benefit, co\u017e znamen\u00e1, \u017ee ta \u010detnost toho mamografick\u00e9ho vy\u0161et\u0159en\u00ed jednou za dva roky je posta\u010duj\u00edc\u00ed na to, aby do\u0161lo k z\u00e1chytu t\u011bch \u010dasn\u00fdch stadi\u00ed, aby se co nejv\u00edce omezil z\u00e1chyt t\u011bch intervalov\u00fdch karcinom\u016f, kter\u00e9 m\u016f\u017eou nar\u016fst rychle nebo mezi t\u00edm obdob\u00edm, abysme pacientku t\u00edm radioz\u00e1\u0159en\u00edm tolik jako neohrozily, ty d\u00e1vky, kter\u00fd dost\u00e1v\u00e1 pacientka u toho mamografu, jsou velmi n\u00edzk\u00e9.<br \/><br \/>moder\u00e1torka<br \/>&#8212;&#8212;&#8212;&#8212;&#8212;&#8212;&#8211;<br \/>Z hlediska toho z\u00e1\u0159en\u00ed. Mo\u017en\u00e1 by st\u00e1lo je\u0161t\u011b doplnit, \u017ee vlastn\u011b sonografick\u00e9 vy\u0161et\u0159en\u00ed to z\u00e1\u0159en\u00ed nem\u00e1.<br \/><br \/>Dr. Katarina \u0160uta Kimle,<br \/>&#8212;&#8212;&#8212;&#8212;&#8212;&#8212;&#8211;<br \/>Neobsahuje, ano, ale taky jsme u\u017e \u0159\u00edkali, vlastn\u011b nen\u00ed vhodn\u00fd pro v\u0161echny, pro v\u0161echny pacientky. Takov\u00fd ty, kter\u00fd maj\u00ed Tukov\u00fd prsa, star\u0161\u00ed d\u00e1my u\u017e prost\u011b v d\u016fchodov\u00fdm v\u011bku, pro tam u\u017e ten ultrazvuk jako prim\u00e1rn\u00ed diagnostick\u00fd vy\u0161et\u0159en\u00ed prost\u011b nen\u00ed vhodn\u00fd a m\u016f\u017ee nezachytit.<br \/><br \/> moder\u00e1torka<br \/>&#8212;&#8212;&#8212;&#8212;&#8212;&#8212;&#8211;<br \/>Ano, pan\u00ed doktorko, velmi \u017e\u00e1douc\u00ed metodou, kterou by \u017eeny m\u011bly prov\u00e1d\u011bt samy, to je samovy\u0161et\u0159en\u00ed prsu. O tom se mluv\u00ed dlouh\u00e1 l\u00e9ta, m\u00e1 ta dlouhodob\u00e1 diskuze a ta informace, kter\u00e1 by k pacientk\u00e1m m\u011bla doputovat, ten \u017e\u00e1douc\u00ed efekt tedy je samovy\u0161et\u0159en\u00ed prsu, n\u011bco, co\u017e je dnes naprosto b\u011b\u017en\u00e9.<br \/><br \/>Dr. Katarina \u0160uta Kimle,<br \/>&#8212;&#8212;&#8212;&#8212;&#8212;&#8212;&#8211;<br \/>Ano, doporu\u010dujeme to v\u0161em pacientk\u00e1m prov\u00e1d\u011bt samovy\u0161et\u0159en\u00ed prsu. M\u011blo by se prov\u00e1d\u011bt pravideln\u011b jednou m\u011bs\u00ed\u010dn\u011b u \u017een, kter\u00e9 menstruuj\u00ed ide\u00e1ln\u011b po menstruaci, a u pacientek, kter\u00e9 nemenstruuju, tak potom, tak potom si zvolit n\u011bjak\u00fd jeden den nebo jeden t\u00fdden m\u011bs\u00edci, kdy se na sebe pod\u00edv\u00e1 do zrcadla a svoje prsa si dob\u0159e prohl\u00eddne, proto\u017ee ona je nejl\u00e9pe zn\u00e1 a m\u016f\u017ee tam vid\u011bt pr\u00e1v\u011b ty zm\u011bny tvaru \u017eiln\u00ed kresby k\u016f\u017ee.<br \/><br \/>moder\u00e1torka<br \/>&#8212;&#8212;&#8212;&#8212;&#8212;&#8212;&#8211;<br \/>My jsme si je pov\u00eddali do t\u00e9 v\u010dasnosti z\u00e1chytu a samoz\u0159ejm\u011b daleko \u0161ir\u0161\u00ed \u0161k\u00e1le mo\u017en\u00fdch \u0159e\u0161en\u00ed, jak\u00e1 jsou v souvislosti S rakovinou prsu.<br \/><br \/>Dr. Katarina \u0160uta Kimle,<br \/>&#8212;&#8212;&#8212;&#8212;&#8212;&#8212;&#8211;<br \/>Jako jedno z hlavn\u00edch modalit modality l\u00e9\u010dby karcinomu prsu je pr\u00e1v\u011b to chirurgick\u00fd odstran\u011bn\u00ed toho n\u00e1doru, a kdy\u017e je zachycen\u00fd n\u00e1dor v\u010das, tak je p\u0159edpoklad, \u017ee je mal\u00fd a nebude m\u00edt\u00a0<strong>posti\u017een\u00fd<\/strong>\u00a0uzliny. To znamen\u00e1, \u017ee pacientka bude m\u00edt mnohem men\u0161\u00ed chirurgick\u00fd z\u00e1krok, sta\u010d\u00ed odstranit ten n\u00e1dor s lemem zdrav\u00ed tk\u00e1n\u011b. A prvn\u00ed sp\u00e1dovou str\u00e1\u017en\u00ed uzlinu.<br \/><br \/>moder\u00e1tor<br \/>&#8212;&#8212;&#8212;&#8212;&#8212;&#8212;&#8211;<br \/>Mo\u017en\u00e1 to budete muset dovysv\u011btlit, kdy\u017e mluv\u00edte o str\u00e1\u017en\u00e9 uzlin\u011b, ne v\u0161ichni, nap\u0159\u00edklad j\u00e1, v\u011bd\u00ed, o co p\u0159esn\u011b jde.<br \/><br \/>Dr. Katarina \u0160uta Kimle,<br \/>&#8212;&#8212;&#8212;&#8212;&#8212;&#8212;&#8211;<br \/>Ta Str\u00e1\u017en\u00e1 uzlina, to je uzlina, kter\u00e1 hl\u00edd\u00e1 tu danou oblast, pro prso jsou to v\u011bt\u0161inou uzliny v podpa\u017e\u00ed a ona vlastn\u011b je ta prvn\u00ed uzlina, kter\u00e1 p\u0159ijde na r\u00e1nu, kdy\u017e se ten n\u00e1dor rozhodne \u0161\u00ed\u0159it se lymfatick\u00fdmi cestami a je p\u0159edpoklad, \u017ee kdy\u017e se v n\u00ed nebudou nach\u00e1zet n\u00e1dorov\u00fd bu\u0148ky, tak\u017ee se nebudou nach\u00e1zet ani v ostatn\u00edch, v ostatn\u00edch uzlin\u00e1ch, tak\u017ee sta\u010d\u00ed odstranit tuhle tu jednu, n\u011bkdy b\u00fdvaj\u00ed dv\u011b, ale rozhodn\u011b je to pro pacienta men\u0161\u00ed z\u00e1t\u011b\u017e ne\u017e odstra\u0148ovat v\u0161echny.<br \/><br \/>moder\u00e1torka<br \/>&#8212;&#8212;&#8212;&#8212;&#8212;&#8212;&#8211;<br \/>n\u011bkdo z na\u0161ich poslucha\u010d\u016f vyu\u017eil telefonn\u00edho \u010d\u00edsla k n\u00e1m do studia, tud\u00ed\u017e m\u00e1 pr\u00e1vo se pt\u00e1t. Hezk\u00e9 dopoledne, v\u00edtejte u n\u00e1s.<br \/><br \/>mluv\u010d\u00ed 4,<br \/>&#8212;&#8212;&#8212;&#8212;&#8212;&#8212;&#8211;<br \/>Dobr\u00fd den. Dobr\u00fd den, tady je poslucha\u010dka Marie. M\u00e1m 72 let a m\u00e1m nalezen prsuta\u017eenou hodn\u011b bradavku, byla jsem na mamografick\u00e9m vy\u0161et\u0159en\u00ed v srpnu a tam mn\u011b pan\u00ed doktorka \u0159ekla, \u017ee m\u00e1m to vy\u0161et\u0159en\u00ed v po\u0159\u00e1dku, a kdy\u017e jsem j\u00ed teda uk\u00e1zala tu bradavku, tak m\u011b je\u0161t\u011b i ultrazvukem prohl\u00ed\u017eela a \u0159ekla, \u017ee to nen\u00ed probl\u00e9m. Tak te\u010f bych se cht\u011bla zeptat, jestli m\u00e1m a\u017e za dva roky, nebo jestli se tomu v\u00e1m n\u011bjak v\u011bnovat.<br \/><br \/>Dr. Katarina \u0160uta Kimle,<br \/>&#8212;&#8212;&#8212;&#8212;&#8212;&#8212;&#8211;<br \/>J\u00e1 bych se mo\u017en\u00e1 je\u0161t\u011b zeptala poslucha\u010dky, jak dlouho tu vta\u017eenou bradavku takhle m\u00e1?<br \/><br \/>mluv\u010d\u00ed 4,<br \/>&#8212;&#8212;&#8212;&#8212;&#8212;&#8212;&#8211;<br \/>P\u016fl roku, mo\u017en\u00e1 i v\u00edc, jako mo\u017en\u00e1 i d\u00e9le. J\u00e1 jsem tomu n\u011bjak nev\u011bnovala pozornost, a\u017e jsem to teda pan\u00ed doktorce uk\u00e1zala.<br \/><br \/>Dr. Katarina \u0160uta Kimle,<br \/>&#8212;&#8212;&#8212;&#8212;&#8212;&#8212;&#8211;<br \/>J\u00e1 bych mo\u017en\u00e1 za\u0161la tro\u0161ku je\u0161t\u011b d\u0159\u00edv a zejm\u00e9na, jestli tam t\u0159eba byla n\u011bjak\u00e1 je\u0161t\u011b sekrece, n\u011bco vyt\u00fdkalo z t\u00fd bradavky, ale i kdy\u017e ne, tak asi bych mo\u017en\u00e1 je\u0161t\u011b jednou za\u0161la, zejm\u00e9na pokud se to m\u011bn\u00ed.<br \/><br \/> moder\u00e1torka<br \/>&#8212;&#8212;&#8212;&#8212;&#8212;&#8212;&#8211;<br \/>Kdy\u017e \u0159\u00edk\u00e1te d\u0159\u00edve, tak za jak dlouho asi.<br \/><br \/>Dr. Katarina \u0160uta Kimle\u00ed 2,<br \/>&#8212;&#8212;&#8212;&#8212;&#8212;&#8212;&#8211;<br \/>Kdy\u017e to bylo v srpnu, tak u\u017e mo\u017en\u00e1 bych \u0161la.<br \/><br \/>moder\u00e1tor<br \/>&#8212;&#8212;&#8212;&#8212;&#8212;&#8212;&#8211;<br \/>Zaj\u00edmalo by n\u00e1s i to, \u017ee se ob\u010das mluv\u00ed v souvislosti s karcinomem prsu tak\u00e9 o mu\u017e\u00edch. Vy u\u017e jste mluvila o tom \u010d\u00edsle, co se t\u00fd\u010de \u017eensk\u00e9 populace, jak je to s mu\u017ei, tam je samoz\u0159ejm\u011b ten v\u00fdskyt pravd\u011bpodobn\u011b daleko men\u0161\u00ed, ale p\u0159ece jenom je.<br \/><br \/>Dr. Katarina \u0160uta Kimle,<br \/>&#8212;&#8212;&#8212;&#8212;&#8212;&#8212;&#8211;<br \/>Ano, to tvo\u0159\u00ed 1 % v\u0161ech z\u00e1chyt\u016f karcinomu prsu. Jsou mu\u017ei, ty jsou i vyjmut\u00fd ze statistik, proto\u017ee jinak by n\u00e1m to kazili.<br \/><br \/>moder\u00e1tor<br \/>&#8212;&#8212;&#8212;&#8212;&#8212;&#8212;&#8211;<br \/>To my d\u011bl\u00e1me, my to kaz\u00edme t\u011bm \u017eensk\u00fdm.<br \/><br \/>moder\u00e1torka<br \/>&#8212;&#8212;&#8212;&#8212;&#8212;&#8212;&#8211;<br \/>Pan\u00ed doktorko, mo\u017en\u00e1 je\u0161t\u011b d\u016fle\u017eit\u00e1 informace, pokud se u n\u011bkoho v rodin\u011b objevil karcinom prsu, m\u016f\u017eeme hovo\u0159it v souvislosti s n\u00edm o n\u011bjak\u00e9 genetick\u00e9 z\u00e1t\u011b\u017ei, o d\u011bdi\u010dnosti? M\u011bly by tyto \u017eeny b\u00fdt t\u0159eba pozorn\u011bj\u0161\u00ed?<br \/><br \/>Dr. Katarina \u0160uta Kimle,<br \/>&#8212;&#8212;&#8212;&#8212;&#8212;&#8212;&#8211;<br \/>Ano Zejm\u00e9na pokud to bylo, pokud ten p\u0159\u00edbuzn\u00fd m\u011bl ten karcinom v mlad\u00fdm v\u011bku t\u0159eba do t\u011bch 40 let, tak tam ur\u010dit\u011b p\u0159ijde na \u0159adu n\u011bjak\u00fd \u010dast\u011bj\u0161\u00ed sledov\u00e1n\u00ed nebo za\u010d\u00edt d\u0159\u00edve, pokud takhle ty p\u0159\u00edbuzn\u00ed t\u0159eba m\u011bli n\u011bjakou agresivn\u00ed formu toho n\u00e1doru v mlad\u00fdm v\u011bku, tak tam u\u017e p\u0159ich\u00e1z\u00ed na \u0159adu i se zeptat sv\u00fdho o\u0161et\u0159uj\u00edc\u00edho l\u00e9ka\u0159e, jestli by nebylo vhodn\u00fd podstoupit genetick\u00fd vy\u0161et\u0159en\u00ed.<br \/><br \/>moder\u00e1tor<br \/>&#8212;&#8212;&#8212;&#8212;&#8212;&#8212;&#8211;<br \/>A posledn\u00ed ot\u00e1zka, pokud u\u017e je detekov\u00e1n karcinom prsu, je provedena l\u00e9\u010dba, p\u0159\u00edpadn\u011b opera\u010dn\u00ed z\u00e1sah atd. jak\u00e1 je recidiva nebo mo\u017enost recidivy toho onemocn\u011bn\u00ed? Jak\u00e1 mo\u017en\u00e1 progn\u00f3za vyl\u00e9\u010den\u00ed.<br \/><br \/>Dr. Katarina \u0160uta Kimle,<br \/>&#8212;&#8212;&#8212;&#8212;&#8212;&#8212;&#8211;<br \/>U t\u011bch karcinom\u016f, kter\u00e9 jsou tzv. hodn\u00fd, to znamen\u00e1, obsahuj\u00ed hormon\u00e1ln\u00ed receptory, jsou u star\u0161\u00edch dam, maj\u00ed mal\u00e9 procento d\u011bl\u00edc\u00edch se bun\u011bk, tam je ta progn\u00f3za velmi dobr\u00e1, ale potom jsou tady agresivn\u00ed n\u00e1dory, kter\u00e9 se mohou objevit u mlad\u00fdch pacientek a tam pr\u00e1v\u011b se sna\u017e\u00edme jakoby zamezit ty recidiv\u011b t\u00edm, \u017ee za\u010dneme d\u0159\u00edve a mnohem agresivn\u011bji l\u00e9\u010dit a l\u00e9\u010dit ty pacientky, ale progn\u00f3za karcinomu prsu, pokud je zachycen v\u010dasn\u011b, tak je st\u00e1le pova\u017eov\u00e1na za dobrou. <br \/><br \/>moder\u00e1torka<br \/>&#8212;&#8212;&#8212;&#8212;&#8212;&#8212;&#8211;<br \/>Pozitivn\u00ed informace na z\u00e1v\u011br. T\u011bch nen\u00ed nikdy dost. Na\u0161\u00edm hostem ve studiu byla pan\u00ed Dr. Katar\u00edna \u0160uta kimle, d\u011bkujeme za n\u00e1v\u0161t\u011bvu a m\u011bjte se dob\u0159e, hodn\u011b zdrav\u00ed.<br \/><br \/><\/p>\n","protected":false},"excerpt":{"rendered":"<div class=\"mh-excerpt\"><p>\u010cRo Dvojka\u00a0&#8211; Poradna Karcinom prsu pat\u0159\u00ed k nej\u010dast\u011bj\u0161\u00edm n\u00e1dorov\u00fdm onemocn\u011bn\u00edm u \u017een, v\u00fdskyt rakoviny prsu v \u010cesk\u00e9 republice st\u00e1le stoup\u00e1 a proto jsou tedy tak <a class=\"mh-excerpt-more\" href=\"https:\/\/www.invarena.cz\/?p=47414\" title=\"Poradna\u00a0ke karcinomu prsu\u00a0\">[&#8230;]<\/a><\/p>\n<\/div>","protected":false},"author":1,"featured_media":14166,"comment_status":"open","ping_status":"closed","sticky":false,"template":"","format":"standard","meta":{"footnotes":""},"categories":[11],"tags":[],"class_list":["post-47414","post","type-post","status-publish","format-standard","has-post-thumbnail","hentry","category-zdravi"],"_links":{"self":[{"href":"https:\/\/www.invarena.cz\/index.php?rest_route=\/wp\/v2\/posts\/47414","targetHints":{"allow":["GET"]}}],"collection":[{"href":"https:\/\/www.invarena.cz\/index.php?rest_route=\/wp\/v2\/posts"}],"about":[{"href":"https:\/\/www.invarena.cz\/index.php?rest_route=\/wp\/v2\/types\/post"}],"author":[{"embeddable":true,"href":"https:\/\/www.invarena.cz\/index.php?rest_route=\/wp\/v2\/users\/1"}],"replies":[{"embeddable":true,"href":"https:\/\/www.invarena.cz\/index.php?rest_route=%2Fwp%2Fv2%2Fcomments&post=47414"}],"version-history":[{"count":0,"href":"https:\/\/www.invarena.cz\/index.php?rest_route=\/wp\/v2\/posts\/47414\/revisions"}],"wp:featuredmedia":[{"embeddable":true,"href":"https:\/\/www.invarena.cz\/index.php?rest_route=\/wp\/v2\/media\/14166"}],"wp:attachment":[{"href":"https:\/\/www.invarena.cz\/index.php?rest_route=%2Fwp%2Fv2%2Fmedia&parent=47414"}],"wp:term":[{"taxonomy":"category","embeddable":true,"href":"https:\/\/www.invarena.cz\/index.php?rest_route=%2Fwp%2Fv2%2Fcategories&post=47414"},{"taxonomy":"post_tag","embeddable":true,"href":"https:\/\/www.invarena.cz\/index.php?rest_route=%2Fwp%2Fv2%2Ftags&post=47414"}],"curies":[{"name":"wp","href":"https:\/\/api.w.org\/{rel}","templated":true}]}}