{"id":47430,"date":"2024-03-27T08:25:47","date_gmt":"2024-03-27T07:25:47","guid":{"rendered":"https:\/\/www.invarena.cz\/?p=47430"},"modified":"2024-03-27T08:35:04","modified_gmt":"2024-03-27T07:35:04","slug":"47430","status":"publish","type":"post","link":"https:\/\/www.invarena.cz\/?p=47430","title":{"rendered":"Nadace Vl\u010dkov\u00fdch pom\u00e1h\u00e1 d\u011btsk\u00e9 paliativn\u00ed p\u00e9\u010di"},"content":{"rendered":"\n<p>A11 TV<\/p>\n\n\n\n<p><br \/>D\u00edt\u011b je jeden t\u00fdden zdrav\u00e9 a za 14 dn\u00ed na to je v multiorg\u00e1nov\u00e9m selh\u00e1n\u00ed. Vlastn\u011b na tu paliativn\u00ed p\u00e9\u010di a podp\u016frnou p\u00e9\u010di by m\u011blo b\u00fdt my\u0161leno u\u017e v momentu stanoven\u00ed diagn\u00f3zy. V roce 26 bychom m\u011bli otev\u00edrat komplexn\u00ed centrum d\u011btsk\u00e9 paliativn\u00ed p\u00e9\u010de. <br \/>Maturovala na St\u0159edn\u00ed zdravotnick\u00e9 \u0161kole, na medic\u00ednu ale ne\u0161la z obavy, aby n\u011bco nespletla, a tak se rozhodla, \u017ee se nebude starat o t\u011blo, ale o du\u0161i. Z\u00edskala doktora\u00e1t na univerzit\u011b Karlov\u011b, jako mana\u017eerka vedla celou \u0159adu d\u016fle\u017eit\u00fdch a u\u017eite\u010dn\u00fdch projekt\u016f a v sou\u010dasn\u00e9 dob\u011b p\u016fsob\u00ed jako \u0159editelka nadace rodiny Vl\u010dkov\u00fdch Ivana Plechat\u00e1. Pan\u00ed doktorko, psychologie, psychologie, to je takov\u00fd kr\u00e1sn\u00fd obor, mnoho lid\u00ed tou\u017e\u00ed dostat se na psychologii, vystudovat psychologii, v\u011bnovat se psychologii, vy jste ale psychologii nikdy ned\u011blala a v\u011bnujete se mana\u017eersk\u00e9 pr\u00e1ci ve zdravotnictv\u00ed. Jak\u00fd byl ten d\u016fvod?<br \/><br \/>Ivana Plechat\u00e1,<br \/>&#8212;&#8212;&#8212;&#8212;&#8212;&#8212;&#8211;<br \/>Pravda je, \u017ee i za m\u00fdch dob, to znamen\u00e1, to byl n\u011bjakej rok 83, 84, byl o psychologii velk\u00fd z\u00e1jem. J\u00e1 v\u00edm, \u017ee tehdy n\u00e1s p\u0159ij\u00edmali na karlovku, ten pom\u011br byl n\u011bjak\u00fdch jedna ku 10, 1 ku 12. Probl\u00e9m tro\u0161ku byl v tom, \u017ee n\u011bkte\u0159\u00ed z n\u00e1s tu\u0161ili, n\u011bkte\u0159\u00ed z n\u00e1s to nev\u011bd\u011bli, \u017ee studujeme tak tro\u0161ku Mark s. Leninskou filozofii m\u00edsto psychologie, proto\u017ee to bylo samoz\u0159ejm\u011b je\u0161t\u011b p\u0159ed revoluc\u00ed, j\u00e1 dokonce, kdy\u017e jsme kon\u010dili, to znamen\u00e1, to byl n\u011bjakej rok 87, tak jsem byla velmi py\u0161n\u00e1 na to, \u017ee jsem nedostala doktor\u00e1t rovnou a musela jsem ho pak za dva roky d\u011blat, proto\u017ee jsem m\u011bla trojku z Marx leninismu, pr\u00e1v\u011b to byla jedin\u00e1 trojka za cel\u00fd studium, tak\u017ee vlastn\u011b ned\u011blala jsem j\u00ed ze dvou d\u016fvod\u016f, ten, ten prvn\u00ed d\u016fvod byl, \u017ee kdy\u017e jsem dokon\u010dovala \u0161kolu v osmdes\u00e1t\u00e9m sedm\u00e9m, tak u\u017e jsem byla v \u0161est\u00e9m m\u011bs\u00edci t\u011bhotenstv\u00ed a ten druhej d\u016fvod byl, \u017ee vlastn\u011b, kdy\u017e jsem u\u017e jakoby m\u011bla p\u0159ej\u00edt od d\u00edt\u011bte do t\u00e9 praxe, tak za\u010dala vlastn\u011b revoluce a j\u00e1 jsem se rozhodla, \u017ee, \u017ee vlastn\u011b p\u016fjdu do politiky, proto\u017ee to bylo tak jakoby \u00fa\u017easn\u00fd obdob\u00ed, kdy jsme m\u011bli v\u0161ichni pocit, jako \u017ee te\u010f se to bude m\u011bnit, te\u010f se to l\u00e1me, a kdy\u017e ta mo\u017enost byla, tak vlastn\u011b jsem \u0161la jako rovnou v t\u011bch devades\u00e1t\u00fdch letech do politiky, ale mus\u00edm \u0159\u00edct, \u017ee jsem tu psychologii jako v\u017edycky tro\u0161ku pou\u017e\u00edvala, jo, je to takov\u00fd, jako \u017ee na v\u011bci nezapomenete, \u017ee po\u0159\u00e1d to tam n\u011bkde je. J\u00e1 jsem d\u011blala vlastn\u011b na st\u0159edisku drogov\u00fdch z\u00e1vislost\u00ed v pr\u016fb\u011bhu studia, tak\u017ee jsem v\u017edycky koketovala s, s tou klinickou psychologi\u00ed, kter\u00e1 m\u00e1 bl\u00edzko k tomu zdravotnictv\u00ed a vzhledem k tomu, \u017ee p\u0159edt\u00edm jsem vystudovala tu zdr\u00e1vku, tak m\u011b to vlastn\u011b po\u0159\u00e1d vedlo k tomu zdravotnictv\u00ed, p\u0159\u00edpadn\u011bzdravotn\u011b, soci\u00e1ln\u00edm t\u00e9mat\u016fm, a to vlastn\u011b d\u011bl\u00e1m od t\u00fd doby cel\u00fd sv\u016fj profesion\u00e1ln\u00ed \u017eivot.<br \/><br \/>moder\u00e1tor<br \/>&#8212;&#8212;&#8212;&#8212;&#8212;&#8212;&#8211;<br \/>Je to tak, jako politi\u010dka jste se v\u011bnovala zdravotnictv\u00ed, pot\u00e9, jak jsem \u0159ekl, jste vedla celou \u0159adu projekt\u016f, a\u0165 u\u017e zde v \u010cesk\u00e9 republice, tak i na mezin\u00e1rodn\u00ed \u00farovni, hodn\u011b spolupracujete, spolupracovala jste s pacientsk\u00fdmi organizacemi, v\u017edy ten z\u00e1jem o pacienta tam byl. A v sou\u010dasn\u00e9 dob\u011b v roli \u0159editelky nadace rodiny Vl\u010dkov\u00fdch. Je to zam\u011b\u0159en\u00fd op\u011bt medic\u00ednsk\u00e9 a je to zam\u011b\u0159en\u00ed, \u0159ekn\u011bme, na takovou velmi n\u00e1ro\u010dnou oblast, kterou je d\u011btsk\u00e1 paliativn\u00ed p\u00e9\u010de. J\u00e1 jsem se na str\u00e1nk\u00e1ch nadace do\u010detl, \u017ee ka\u017ed\u00fd rok se p\u0159es 800 \u010desk\u00fdch rodin dov\u00edd\u00e1, \u017ee jejich d\u00edt\u011b u\u017e se neuzdrav\u00ed a mus\u00edm \u0159\u00edct, \u017ee m\u011b to \u010d\u00edslo p\u0159ekvapilo. Je hodn\u011b vysok\u00e9, o jak\u00e9 d\u011bti se jedn\u00e1? Proto\u017ee oni to nejsou onkologi\u010dt\u00ed pacienti, jako je t\u0159eba u seniorn\u00edch pacient\u016f.<br \/><br \/>Ivana Plechat\u00e1<br \/>&#8212;&#8212;&#8212;&#8212;&#8212;&#8212;&#8211;<br \/>P\u0159esn\u011b tak, ta pot\u0159eba t\u00e9 paliativn\u00ed p\u00e9\u010de. Zat\u00edmco u dosp\u011bl\u00fdch je skute\u010dn\u011b 80 % lid\u00ed, p\u0159ev\u00e1\u017en\u011b s onkologick\u00fdm onemocn\u011bn\u00edm, tak u t\u011bch d\u011bt\u00ed je to naopak 20 %, proto\u017ee na\u0161t\u011bst\u00ed dneska ta onkologie, zejm\u00e9na d\u011btsk\u00e1 onkologie, jde m\u00edlov\u00fdmi kroky a skute\u010dn\u011b se vyl\u00e9\u010d\u00ed 85, v n\u011bkter\u00fdch diagn\u00f3z\u00e1ch p\u0159es 90 % d\u011bt\u00ed, ale my hovo\u0159\u00edme o diagn\u00f3z\u00e1ch, jsou to nemoci \u017eivot ohro\u017euj\u00edc\u00edm nebo limituj\u00edc\u00ed, to znamen\u00e1, \u017ee, \u017ee to jsou nemoci, kdy je jasn\u00e9, \u017ee bu\u010f to ten \u017eivot zkr\u00e1t\u00ed, tak diagn\u00f3za a anebo \u017ee ten \u017eivot nebude lehk\u00fd, prost\u011b, \u017ee ho bude v t\u00e9 kvalit\u011b \u017eivota n\u011bjak\u00fdm zp\u016fsobem limitovat a velmi pravd\u011bpodobn\u011b tam bude jakoby d\u0159\u00edv\u011bj\u0161\u00ed skon, d\u0159\u00edv\u011bj\u0161\u00ed odchod. A je to cel\u00e1 \u0161k\u00e1la nemoc\u00ed. Samoz\u0159ejm\u011b. Po\u0159\u00e1d tam pat\u0159\u00ed do t\u011bch ohro\u017euj\u00edc\u00ed \u017eivot onkologick\u00e9 diagn\u00f3zy, proto\u017ee bohu\u017eel n\u011bkter\u00e9 z nich st\u00e1le maj\u00ed velmi nedobrou progn\u00f3zu, ale potom jsou tam cel\u00e1 skupina nemoc\u00ed, kter\u00fdm se \u0159\u00edk\u00e1 vlastn\u011b vz\u00e1cn\u00e1 onemocn\u011bn\u00ed, to jsou r\u016fzn\u00e1 geneticky podm\u00edn\u011bn\u00e1 onemocn\u011bn\u00ed, a\u0165 jsou to metabolick\u00e1 nebo neurologick\u00e1. Stejn\u011b tak jako n\u011bjak\u00e1 multiorg\u00e1nov\u00e1 selh\u00e1n\u00ed v d\u016fsledku n\u011bjak\u00fdch onemocn\u011bn\u00ed, t\u0159eba, j\u00e1 nev\u00edm, krve nebo naopak obranyschopnosti organismu, r\u016fzn\u00e9 autoimunitn\u00ed okam\u017eit\u00e9 reakce, kdy d\u00edt\u011b jeden t\u00fdden zdrav\u00ed a za 14 dn\u00ed NATO je v multiorg\u00e1nov\u00e9m selh\u00e1n\u00ed, ale m\u016f\u017eou to b\u00fdt i velmi rychle jakoby akutn\u00ed stavy ve smyslu, kdy\u017e se d\u00edt\u011b top\u00ed nebo kdy\u017e m\u00e1 v\u00e1\u017en\u00fd \u00faraz hlavy, tak se vlastn\u011b dost\u00e1v\u00e1 do stavu. Ne ka\u017ed\u00e1 tato diagn\u00f3za vy\u017eaduje paliativn\u00ed p\u00e9\u010di, ale vlastn\u011b na tu paliativn\u00ed p\u00e9\u010di a podp\u016frnou p\u00e9\u010di by m\u011blo b\u00fdt my\u0161leno u\u017e v momentu stanoven\u00ed diagn\u00f3zy, u kter\u00e9 je jasn\u00fd pr\u00e1v\u011b to, \u017ee ten \u017eivot bude limitovat, anebo \u017ee ho bude bezprost\u0159edn\u011b ohro\u017eovat a m\u011blo by se pracovat nejenom s t\u00edm d\u00edt\u011btem, ale zejm\u00e9na by se m\u011blo pracovat s rodinou, a to je vlastn\u011b na t\u00e9 d\u011btsk\u00e9 paliativ\u011b d\u016fle\u017eit\u00e9, \u017ee my v nadaci \u0159\u00edk\u00e1me, \u017ee vlastn\u011b z\u00e1le\u017e\u00ed na ka\u017ed\u00e9 chvilce a od toho je ta podp\u016frn\u00e1 a paliativn\u00ed p\u00e9\u010de. Soust\u0159edit se na ka\u017edou chvilku, aby ten \u017eivot byl co mo\u017en\u00e1 nejlep\u0161\u00ed, aby ty rodiny za\u017eily i trochu radosti, pokud je to mo\u017en\u00e9, aby c\u00edtily bezpe\u010d\u00ed, to znamen\u00e1, aby v\u011bd\u011bly, \u017ee v ka\u017ed\u00e9m okam\u017eiku toho v\u00fdvoje t\u00e9 nemoci oni budou m\u00edt n\u011bjakou ruku, kter\u00fd se budou moci chytnout, \u017ee budou m\u00edt slu\u017eby, kter\u00e9 pot\u0159ebujou, proto\u017ee zase v ka\u017ed\u00e9m okam\u017eiku t\u00e9 nemoci pot\u0159ebuj\u00ed ty rodiny jin\u00e9 slu\u017eby a ta d\u011btsk\u00e1 paliativa je velmi komplexn\u00ed obor, tam nejsou pot\u0159eba jenom l\u00e9ka\u0159i, kdy\u017e jsou samoz\u0159ejm\u011b velmi d\u016fle\u017eit\u00fd, ale samoz\u0159ejm\u011b zdravotn\u00ed, nel\u00e9ka\u0159sk\u00fd person\u00e1l, fyzioterapie, psychologie, soci\u00e1ln\u00ed poradenstv\u00ed, ale takov\u00fd jakoby spiritu\u00e1ln\u00ed a duchovn\u00ed podpora, to znamen\u00e1, \u017ee tam pracuje mnoho kaplan\u016f atd. atd. hern\u00ed terapeuti, speci\u00e1ln\u00ed psycholog, pedagogov\u00e9, proto\u017ee vlastn\u011b i to d\u00edt\u011b velmi, abych tak \u0159ekla,\u00a0<strong>posti\u017een\u00e9<\/strong>\u00a0nebo s velk\u00fdmi pot\u0159ebami. I podle \u010desk\u00fdch z\u00e1kon\u016f by m\u011blo m\u00edt vzd\u011bl\u00e1v\u00e1n\u00ed jakoby adekv\u00e1tn\u00ed sv\u00e9mu stavu, to znamen\u00e1, \u017ee speci\u00e1ln\u00ed pedagogov\u00e9 jsou velmi d\u016fle\u017eit\u00ed a vlastn\u011b leckdy toto d\u00edt\u011b aktivuje a zase tam za\u017e\u00edv\u00e1 i ta rodina u t\u00fd aktivace ty hezk\u00e9 chvilky, kter\u00e9, kter\u00e9 maj\u00ed za\u017e\u00edvat spolu.<br \/><br \/> moder\u00e1tor<br \/>&#8212;&#8212;&#8212;&#8212;&#8212;&#8212;&#8211;<br \/>Vy jste vlastn\u011b popsala, jak \u0161irok\u00e1 je paliativn\u00ed p\u00e9\u010de pro d\u011btsk\u00e9 pacienty? Co v\u0161echno by m\u011bla obsahovat? Ono tomu bohu\u017eel tak nen\u00ed, proto\u017ee asi v\u0161ichni c\u00edt\u00edme, \u017ee v na\u0161em vn\u00edm\u00e1n\u00ed a v sou\u010dasn\u00e9 situaci ta paliativn\u00ed p\u00e9\u010de nastupuje a\u017e t\u011bsn\u011b p\u0159ed koncem \u017eivota a ne na za\u010d\u00e1tku diagn\u00f3zy, jak by spr\u00e1vn\u011b m\u011bla b\u00fdt. A pr\u00e1v\u011b prioritou nadace rodiny Vl\u010dkov\u00fdch je rozvoj d\u011btsk\u00e9 paliativn\u00ed p\u00e9\u010de v \u010cesk\u00e9 republice a vybudov\u00e1n\u00ed s\u00edt\u011b slu\u017eeb, kter\u00e9 reflektuj\u00ed pot\u0159eby rodin, kter\u00e9 pe\u010duj\u00ed o d\u00edt\u011b se z\u00e1va\u017en\u00fdm onemocn\u011bn\u00edm. Takov\u00e1 desetilet\u00e1 vize nadace v podstat\u011b padla na va\u0161e z\u00e1da, proto\u017ee vy byste to m\u011bla cel\u00e9 zm\u011bnit. A s aktivitami nadace je spojena usedlost na cibulce, kter\u00e1 je hodn\u011b medializovan\u00e1, hodn\u011b se mluv\u00ed o tom, co by tam m\u011blo vzniknout, \u017ee by to opravdu m\u011blo b\u00fdt zase jedno z velmi v\u00fdznamn\u00fdch center poskytov\u00e1n\u00ed d\u011btsk\u00e9 paliativn\u00ed p\u00e9\u010de, jak\u00fd vlastn\u011b ten z\u00e1m\u011br na konci roku 2026 by m\u011bl p\u0159ej\u00edt do reality? Co by se tam na t\u00e9 cibulce v\u0161echno m\u011blo odehr\u00e1vat a pro koho.<br \/><br \/>Ivana Plechat\u00e1<br \/>&#8212;&#8212;&#8212;&#8212;&#8212;&#8212;&#8211;<br \/>Tak je t\u0159eba \u0159\u00edct, \u017ee vlastn\u011b m\u00e1me obrovsk\u00e9 \u0161t\u011bst\u00ed, \u017ee se man\u017eel\u00e9 Vl\u010dkovi jako na\u0161i zakladatel\u00e9 rozhodli do t\u011bchto projekt\u016f vlo\u017eit 1,5, miliardy \u010desk\u00fdch korun, co\u017e je prost\u011b jakoby obrovsk\u00e1 \u010d\u00e1stka, ale mus\u00edme myslet na to, \u017ee z hlediska nada\u010dn\u00edho z\u00e1kona my m\u016f\u017eeme vyu\u017e\u00edvat pouze \u010d\u00e1stku, tato \u010d\u00e1stka je v jistin\u011b, my m\u016f\u017eeme vyu\u017e\u00edvat jenom \u010d\u00e1stku, kter\u00e1 jde z v\u00fdnos\u016f t\u00e9 jistiny, to znamen\u00e1, kdy\u017e my to dneska odhadujeme, tak je to n\u011bjakejch jakoby mezi 50, 60 000 000 p\u0159i velmi konzervativn\u00edch, konzervativn\u00edm uva\u017eov\u00e1n\u00ed za rok, no a my jsme to vy\u0159e\u0161ili tak, \u017ee vlastn\u011b i usedlost Cibulka na Praze 5 tu historickou, ten historick\u00fd objekt, kter\u00fd, jeho\u017e historie sah\u00e1 do n\u011bjak\u00e9ho \u010dtrn\u00e1ct\u00e9ho, patn\u00e1ct\u00e9ho stolet\u00ed, jsme vlo\u017eili tak\u00e9 do t\u00e9 jistiny, tak\u017ee je \u0161t\u011bst\u00ed, \u017ee my vlastn\u011b z t\u00e9 jistiny m\u016f\u017eeme budovat tu cibulku, kde, jak spr\u00e1vn\u011b \u0159\u00edk\u00e1te, v roce 26 bychom m\u011bli otev\u00edrat komplexn\u00ed centrum d\u011btsk\u00e9 paliativn\u00ed p\u00e9\u010de, kde by m\u011bl b\u00fdt jednak otev\u0159en d\u011btsk\u00fd hospic l\u016f\u017ekov\u00fd, kde by m\u011blo b\u00fdt 12 l\u016f\u017eek, ale zase nen\u00ed to hospic jako dom\u00e1c\u00ed hospic, teda hospic pro dosp\u011bl\u00e9, je to, je to m\u00edsto, kde by m\u011bli ty rodiny za\u017e\u00edvat i ty hezk\u00e9 chvilky a vracet se tam vlastn\u011b m\u00edsto, kde by ty rodiny m\u011bly naj\u00edt to bezpe\u010d\u00ed a ten odpo\u010dinek, proto\u017ee uv\u011bdomme si, \u017ee ta p\u00e9\u010de o takhle nemocn\u00e9, t\u011b\u017ece nemocn\u00e9 d\u00edt\u011b je neuv\u011b\u0159iteln\u011b n\u00e1ro\u010dn\u00e1 a \u017ee mnoho t\u011bch d\u011bt\u00ed i d\u011bti dobr\u00e9 p\u00e9\u010di, inovativn\u00ed l\u00e9\u010db\u011b atd. m\u016f\u017ee p\u0159e\u017e\u00edvat roky, mo\u017en\u00e1 des\u00edtky let, 20 let, 25 let, ale leckdy jsou to rodiny, kter\u00e9 maj\u00ed takov\u00e9 ty, ty mal\u00e9 nemocnice doma, \u017ee ty d\u011bti jsou na um\u011bl\u00e9 plicn\u00ed ventilaci, maminka je ka\u017ed\u00e9 t\u0159i hodiny ods\u00e1v\u00e1 a podobn\u011b, je to skute\u010dn\u011b slu\u017eba 24 hodin denn\u011b. Sedm dn\u016f v t\u00fddnu, 365 dn\u00ed v roce. A na ty rodiny mus\u00ed n\u011bkdo myslet, \u017ee si pot\u0159ebujou odpo\u010dinout, odleh\u010dit a tak\u017ee my tam vlastn\u011b pl\u00e1nujeme tzv. odleh\u010dovac\u00ed zdravotn\u00ed, respitn\u00ed pobyty, kter\u00e9 by m\u011bly b\u00fdt tak jako v N\u011bmecku t\u0159eba je b\u011b\u017en\u00e9, \u017ee ty rodiny maj\u00ed dvakr\u00e1t ro\u010dn\u011b n\u00e1rok ze zdravotn\u00edho poji\u0161t\u011bn\u00ed, aby mohly tam b\u00fdt bu\u010f spole\u010dn\u011b v tom hospici, anebo t\u0159eba je se zdrav\u00fdma d\u011btma na dovolenou a bohu\u017eel zdravotn\u00ed respitn\u00ed slu\u017eba v\u016fbec u n\u00e1s nen\u00ed v z\u00e1kon\u011b. Zat\u00edm to znamen\u00e1, \u017ee n\u00e1m se m\u016f\u017ee zd\u00e1t jenom o financov\u00e1n\u00ed alespo\u0148 \u010d\u00e1sti ze zdravotn\u00edho poji\u0161t\u011bn\u00ed, tak\u017ee to je takov\u00fd dal\u0161\u00ed \u00fakol vlastn\u011b t\u011bch syst\u00e9mov\u00fdch zm\u011bn, aby nejenom pro n\u00e1\u0161 hospic, ale ur\u010dit\u011b v\u00edte, \u017ee vznik\u00e1 hospic i v Brn\u011b, d\u016fm pro Julii, tak aby i tam vlastn\u011b ten provoz mohl b\u00fdt jednodu\u0161\u0161\u00ed a my jsme m\u011bli z \u010deho financovat d\u011bti, kter\u00e9 s t\u011bma rodinama tam p\u0159ijdou na ty odleh\u010dovac\u00ed pobyty, ale nem\u011blo by to b\u00fdt jenom p\u00e9\u010de na l\u016f\u017ek\u00e1ch. Zcela ur\u010dit\u011b i s partnery bychom cht\u011bli provozovat speci\u00e1ln\u00ed mobiln\u00ed hospicovou ter\u00e9nn\u00ed p\u00e9\u010di, to znamen\u00e1 v dom\u00e1cnostech ur\u010dit\u011b n\u011bjakou home Care, o\u0161et\u0159ovatelskou p\u00e9\u010di, asisten\u010dn\u00ed slu\u017ebu, poradensk\u00e9 slu\u017eby, tak\u017ee vlastn\u011b to centrum by m\u011blo b\u00fdt pom\u011brn\u011b komplexn\u00ed a m\u011bly by tam b\u00fdt i ambulantn\u00ed poradensk\u00e9 slu\u017eby a podobn\u011b. Tak to je ten jeden c\u00edl, rok 26, ale ten druh\u00fd c\u00edl je, \u017ee jestli\u017ee jste hovo\u0159il o tom rozvoji t\u00e9 d\u011btsk\u00e9 paliativy, tak my to nem\u016f\u017eeme d\u011blat sami, ani to nechceme d\u011blat sami a bylo by to od n\u00e1s py\u0161n\u00e9 a hloup\u00e9, proto\u017ee za posledn\u00edch 10, 15 let tady je spousta \u00fa\u017easn\u00fdch poskytovatel\u016f d\u011btsk\u00e9 podp\u016frn\u00e9 paliativn\u00ed p\u00e9\u010de, kte\u0159\u00ed d\u011blaj\u00ed zdravotn\u00ed slu\u017eby, ter\u00e9nn\u00ed, soci\u00e1ln\u00ed, odleh\u010dovac\u00ed slu\u017eby, poradensk\u00e9 a mnoho dal\u0161\u00edch, jsou tady t\u00fdmy v nemocnic\u00edch, kter\u00e9 vlastn\u011b poskytuj\u00ed d\u011btskou paliativn\u00ed p\u00e9\u010di a ty v\u0161echny, aby vlastn\u011b skute\u010dn\u011b jsme splnili ten c\u00edl, \u017ee chceme, aby za 10 let byla \u010desk\u00e1 paliativn\u00ed p\u00e9\u010de. Pat\u0159ila mezi sv\u011btovou \u0161pi\u010dku. No, tak my to mus\u00edme d\u011blat se v\u0161emi t\u011bmi ostatn\u00edmi poskytovateli a my jenom vlastn\u011b m\u00e1me tu mo\u017enost a ty finan\u010dn\u00ed prost\u0159edky, i kdy\u017e ne zdaleka neomezen\u00e9. Abychom mohli podporovat v\u0161echny ty ostatn\u00ed, a proto jsme vlastn\u011b, te\u010f u\u017e hodnot\u00edme projekty na\u0161\u00ed prvn\u00ed ve\u0159ejn\u00e9 v\u00fdzvy, kdy chceme podpo\u0159it finan\u010dn\u011b pr\u00e1v\u011b ty poskytovatel\u00e9, aby m\u011bli vzd\u011blan\u00e9 lidi na tu paliativn\u00ed p\u00e9\u010di, aby s\u00ed\u0165ovali, to znamen\u00e1, aby rodina v jak\u00e9mkoliv m\u00edst\u011b \u010cesk\u00e9 republiky v\u011bd\u011bla, \u017ee tady m\u00e1 ranou p\u00e9\u010di, tady m\u00e1 psychologick\u00e9 poradenstv\u00ed, tady m\u00e1 ten mobiln\u00ed hospic a vlastn\u011b tu jejich p\u00e9\u010di my chceme podporovat, aby vlastn\u011b ty slu\u017eby vznikaly.<br \/><br \/>moder\u00e1tor<br \/>&#8212;&#8212;&#8212;&#8212;&#8212;&#8212;&#8211;<br \/>Pan\u00ed doktorko, co je z toho vlastn\u011b nejd\u016fle\u017eit\u011bj\u0161\u00ed? Jsou to ty finance nebo je pot\u0159eba i upravit legislativu a p\u0159\u00edpadn\u011b i profesn\u00ed, \u0159ekn\u011bme, zdravotn\u011b soci\u00e1ln\u00ed z\u00e1zem\u00ed, aby bylo dostatek odborn\u00edk\u016f.<br \/><br \/>Ivana Plechat\u00e1<br \/>&#8212;&#8212;&#8212;&#8212;&#8212;&#8212;&#8211;<br \/>J\u00e1 mysl\u00edm, \u017ee v\u0161echno jako je propojen\u00e9 a sv\u00e1zan\u00e9 s sebou a j\u00e1 jsem moc r\u00e1da, \u017ee te\u010f vznik\u00e1 i takov\u00e1 aktivita ve spolupr\u00e1ci s odborn\u00fdmi spole\u010dnostmi, a\u0165 u\u017e jsou to pediat\u0159i, nebo a\u0165 u\u017e jsou to paliat\u0159i, nebo a\u0165 u\u017e jsou to prakti\u010dt\u00ed l\u00e9ka\u0159i, kte\u0159\u00ed v\u0161ichni jakoby dohromady pracuj\u00ed na koncepci p\u00e9\u010de o d\u011bti. S \u017eivot limituj\u00edc\u00ed a ohro\u017euj\u00edc\u00ed diagn\u00f3zou. A tohle to by tam v\u0161echno m\u011blo b\u00fdt, to znamen\u00e1, jak\u00e9 slu\u017eby pot\u0159ebujeme, jak ty slu\u017eby vypadaj\u00ed dneska, tak\u017ee je tam i n\u011bjak\u00e1 anal\u00fdza, co se n\u00e1m je\u0161t\u011b nedost\u00e1v\u00e1, jsou data, my pot\u0159ebujeme data z re\u00e1ln\u00fd klinick\u00fd praxe v \u010cesk\u00e9 republice, jak to d\u00edt\u011b s takovouhle nemoc\u00ed prostupuje t\u00edm syst\u00e9mem, my pot\u0159ebujeme ud\u011blat n\u011bjak\u00fd ide\u00e1ln\u00ed model s\u00edt\u011b, to znamen\u00e1, \u010dehokoliv by m\u011blo b\u00fdt. V\u011b\u0159\u00edme, \u017ee se n\u00e1m poda\u0159\u00ed p\u0159esv\u011bd\u010dit nejenom ministerstvo zdravotnictv\u00ed, ale ministerstvo pr\u00e1ce a soci\u00e1ln\u00edch v\u011bc\u00ed, ministerstvo \u0161kolstv\u00ed, ale zejm\u00e9na vl\u00e1du, aby se tahle koncepce stala vlastn\u011b vl\u00e1dn\u00ed strategi\u00ed a u\u017e vlastn\u011b n\u00e1m ta st\u00e1tn\u00ed spr\u00e1va, samospr\u00e1va, politici pom\u00e1hali v t\u00e9 koncepci, aby tohle v\u0161echno bylo \u0159e\u010deno, to znamen\u00e1, aby bylo dost pen\u011bz na vzd\u011bl\u00e1v\u00e1n\u00ed, aby bylo dostate\u010dn\u011b v\u016fle k t\u011bm syst\u00e9mov\u00fdm zm\u011bn\u00e1m a aby bylo dostatek odborn\u00edk\u016f, kte\u0159\u00ed budou d\u011blat tu pr\u00e1ci.<br \/><br \/>moder\u00e1tor<br \/>&#8212;&#8212;&#8212;&#8212;&#8212;&#8212;&#8211;<br \/>Vy o sv\u00e9 pr\u00e1ci mluv\u00edte neuv\u011b\u0159iteln\u011b zaujat\u011b, ale je to po\u0159\u00e1d velmi v\u00e1\u017en\u00e9 t\u00e9ma. My se bav\u00edme o d\u011btech, kter\u00e9 jsou nevyl\u00e9\u010diteln\u011b nemocn\u00e9, o servisu pro n\u011b, pro jejich rodi\u010de. Vr\u00e1t\u00edm se zp\u00e1tky tam, kde jsem za\u010d\u00ednal. \u0158\u00edkal jsem, \u017ee jste psycholo\u017eka. Ono pracovat takhle v n\u00e1ro\u010dn\u00e9m prost\u0159ed\u00ed, kde opravdu jde o \u017eivot d\u011bt\u00ed, mus\u00ed b\u00fdt n\u00e1ro\u010dn\u00e9 tak, \u017ee si to \u010dlov\u011bk vezme t\u0159eba i dom\u016f. Jak je to u v\u00e1s? Jak tady s t\u00edm bojujete? Jak to \u0159e\u0161\u00edte? <br \/><br \/>Ivana Plechat\u00e1<br \/>&#8212;&#8212;&#8212;&#8212;&#8212;&#8212;&#8211;<br \/>Vlastn\u011b t\u00edm, \u017ee jsem vystudovala zdr\u00e1vku a tu sestru jsem ned\u011blala, vystudovala jsem psychologii a vlastn\u011b jsem v t\u00fd pom\u00e1haj\u00edc\u00ed profesi tak \u00fapln\u011b nebyla, abych ka\u017ed\u00fd den byla s pacientama, s klientama, brala na sebe vlastn\u011b i tro\u0161ku t\u00fd jejich z\u00e1t\u011b\u017ee, tak\u017ee j\u00e1 mus\u00edm se p\u0159iznat, \u017ee v tomhle jsem takovej jakoby trochu srab\u00edk, ale v\u00edm, ve sv\u00fdch letech u\u017e v\u00edm, co um\u00edm a co neum\u00edm, to znamen\u00e1, \u017ee jsem si ud\u011blala ur\u010ditou, n\u011bjakou ze\u010f a te\u010f nechci, aby to zn\u011blo \u0161patn\u011b, ale j\u00e1, abych mohla b\u00fdt t\u00edm mana\u017eerem a t\u00edm v\u00fdkonn\u00fdm mana\u017eerem a v\u00e9st t\u00fdm a t\u0159eba i t\u00fdm t\u011bch poskytovatel\u016f. A ty, kte\u0159\u00ed jsou v t\u00e9 p\u0159\u00edm\u00e9 p\u00e9\u010di, tak j\u00e1 jim mus\u00edm vytvo\u0159it podm\u00ednky, j\u00e1 jim mus\u00edm vytvo\u0159it podm\u00ednky, aby m\u011bli pen\u00edze, aby m\u011bli syst\u00e9m, aby to bylo dob\u0159e mana\u017eerovan\u00fd lidem v p\u0159\u00edm\u00e9 p\u00e9\u010di, aby t\u0159eba m\u011bli supervizi, aby se o n\u011b n\u011bkdo postaral atd. ale j\u00e1 nejsem ten \u010dlov\u011bk na tu prvn\u00ed linii, a to si jako hodl\u00e1m zachovat. I nad\u00e1le.<br \/><br \/>moder\u00e1tor<br \/>&#8212;&#8212;&#8212;&#8212;&#8212;&#8212;&#8211;<br \/>Ale jako mana\u017eerka odv\u00e1d\u00edte skv\u011blou pr\u00e1ci. J\u00e1 v\u00e1m dr\u017e\u00edm palce, aby se v\u0161echny projekty vyda\u0159ily a aby do 10 let \u010cesk\u00e1 republika ud\u00e1vala sv\u011btov\u00fd sm\u011br v d\u011btsk\u00e9 paliativn\u00ed p\u00e9\u010di Ivana Plechat\u00e1.<br \/><br \/><\/p>\n","protected":false},"excerpt":{"rendered":"<div class=\"mh-excerpt\"><p>A11 TV D\u00edt\u011b je jeden t\u00fdden zdrav\u00e9 a za 14 dn\u00ed na to je v multiorg\u00e1nov\u00e9m selh\u00e1n\u00ed. Vlastn\u011b na tu paliativn\u00ed p\u00e9\u010di a podp\u016frnou p\u00e9\u010di <a class=\"mh-excerpt-more\" href=\"https:\/\/www.invarena.cz\/?p=47430\" title=\"Nadace Vl\u010dkov\u00fdch pom\u00e1h\u00e1 d\u011btsk\u00e9 paliativn\u00ed p\u00e9\u010di\">[&#8230;]<\/a><\/p>\n<\/div>","protected":false},"author":1,"featured_media":47432,"comment_status":"open","ping_status":"closed","sticky":false,"template":"","format":"standard","meta":{"footnotes":""},"categories":[12],"tags":[],"class_list":["post-47430","post","type-post","status-publish","format-standard","has-post-thumbnail","hentry","category-rozhovory"],"_links":{"self":[{"href":"https:\/\/www.invarena.cz\/index.php?rest_route=\/wp\/v2\/posts\/47430","targetHints":{"allow":["GET"]}}],"collection":[{"href":"https:\/\/www.invarena.cz\/index.php?rest_route=\/wp\/v2\/posts"}],"about":[{"href":"https:\/\/www.invarena.cz\/index.php?rest_route=\/wp\/v2\/types\/post"}],"author":[{"embeddable":true,"href":"https:\/\/www.invarena.cz\/index.php?rest_route=\/wp\/v2\/users\/1"}],"replies":[{"embeddable":true,"href":"https:\/\/www.invarena.cz\/index.php?rest_route=%2Fwp%2Fv2%2Fcomments&post=47430"}],"version-history":[{"count":0,"href":"https:\/\/www.invarena.cz\/index.php?rest_route=\/wp\/v2\/posts\/47430\/revisions"}],"wp:featuredmedia":[{"embeddable":true,"href":"https:\/\/www.invarena.cz\/index.php?rest_route=\/wp\/v2\/media\/47432"}],"wp:attachment":[{"href":"https:\/\/www.invarena.cz\/index.php?rest_route=%2Fwp%2Fv2%2Fmedia&parent=47430"}],"wp:term":[{"taxonomy":"category","embeddable":true,"href":"https:\/\/www.invarena.cz\/index.php?rest_route=%2Fwp%2Fv2%2Fcategories&post=47430"},{"taxonomy":"post_tag","embeddable":true,"href":"https:\/\/www.invarena.cz\/index.php?rest_route=%2Fwp%2Fv2%2Ftags&post=47430"}],"curies":[{"name":"wp","href":"https:\/\/api.w.org\/{rel}","templated":true}]}}