{"id":47502,"date":"2024-04-01T05:44:27","date_gmt":"2024-04-01T03:44:27","guid":{"rendered":"https:\/\/www.invarena.cz\/?p=47502"},"modified":"2024-04-01T05:44:27","modified_gmt":"2024-04-01T03:44:27","slug":"chybi-mista-v-domovech-pro-seniory","status":"publish","type":"post","link":"https:\/\/www.invarena.cz\/?p=47502","title":{"rendered":"Chyb\u00ed m\u00edsta v domovech pro seniory\u00a0\u00a0"},"content":{"rendered":"\n<p>\u010cT 1\u00a0&#8211; Ud\u00e1losti<br \/><br \/>A\u017e 12 000 m\u00edst chyb\u00ed nap\u0159\u00ed\u010d \u010ceskem v domovech pro seniory, \u010d\u00edslo uv\u00e1d\u00ed Asociace poskytovatel\u016f soci\u00e1ln\u00edch slu\u017eeb. \u0158ada kraj\u016f tak letos pl\u00e1nuje poslat pen\u00edze na projekty, kter\u00e9 tyto kapacity zv\u00fd\u0161\u00ed.<br \/><br \/>&#8212;&#8212;&#8212;&#8212;&#8212;&#8212;&#8211;<br \/>Do zdej\u0161\u00edho kolektivu s man\u017eelkou p\u0159ibyli mezi posledn\u00edmi. Za\u0159\u00edzen\u00ed by, jak sami \u0159\u00edkaj\u00ed, nem\u011bnili.<br \/><br \/>Viliam Politkovi\u010d, penzista<br \/>&#8212;&#8212;&#8212;&#8212;&#8212;&#8212;&#8211;<br \/>N\u00e1m d\u00e1v\u00e1 plnohodnotn\u011b ubytov\u00e1n\u00ed, stravov\u00e1n\u00ed, l\u00e9ka\u0159skou p\u00e9\u010d\u00ed, \u017ee se c\u00edt\u00edm s man\u017eelkou jako na rekreaci.<br \/><br \/>redaktorka \u010cT<br \/>&#8212;&#8212;&#8212;&#8212;&#8212;&#8212;&#8211;<br \/>Hled\u00e1n\u00ed nov\u00e9ho domova u\u017e ale takov\u00e1 idylka nebyla. Pomohl syn.<br \/><br \/>Viliam Politkovi\u010d, penzista<br \/>&#8212;&#8212;&#8212;&#8212;&#8212;&#8212;&#8211;<br \/>M\u011bs\u00edc nic ned\u011blal a sh\u00e1n\u011bl pro m\u011b n\u011bjak\u00e9 um\u00edst\u011bn\u00ed, obtelefonoval 27 za\u0159\u00edzen\u00ed.<br \/><br \/>Martin Benda, \u0159editel, Domov pro seniory Nov\u00e1 slune\u010dnice<br \/>&#8212;&#8212;&#8212;&#8212;&#8212;&#8212;&#8211;<br \/>Se n\u00e1m hl\u00e1s\u00ed cca p\u0159es 200 lid\u00ed ro\u010dn\u011b a cca 50 jsme schopn\u00fd ubytovat.<br \/><br \/> redaktor \u010cT<br \/>&#8212;&#8212;&#8212;&#8212;&#8212;&#8212;&#8211;<br \/>Po\u010det m\u00edst v domovech pro seniory nebo v t\u011bch s takzvan\u011b zvl\u00e1\u0161tn\u00edm re\u017eimem se v pr\u016fb\u011bhu posledn\u00edch let p\u0159\u00edli\u0161 nem\u011bn\u00ed. Dohromady v nich je p\u0159es 60 000 l\u016f\u017eek, kapacita nesta\u010d\u00ed t\u0159eba ve Zl\u00ednsk\u00e9m kraji, hejtmanstv\u00ed tam eviduje p\u0159es 3000 odm\u00edtnut\u00fdch.<br \/><br \/>Ji\u0159\u00ed Horeck\u00fd, prezident Asociace poskytovatel\u016f soci\u00e1ln\u00edch slu\u017eeb \u010cR<br \/>&#8212;&#8212;&#8212;&#8212;&#8212;&#8212;&#8211;<br \/>V porovn\u00e1n\u00ed s Evropou ty na\u0161e kapacity jsou podpr\u016fm\u011brn\u00e9, rostou pomalu. Rostou pouze v t\u00e9 pobytov\u00e9 slu\u017eb\u011b, kter\u00e1 je ur\u010dena pro osoby trp\u00edc\u00ed demenc\u00ed, to znamen\u00e1 domovy se zvl\u00e1\u0161tn\u00edm re\u017eimem.<br \/><br \/>redaktorka \u010cT<br \/>&#8212;&#8212;&#8212;&#8212;&#8212;&#8212;&#8211;<br \/>Novou budovu chystaj\u00ed t\u0159eba v Litom\u011b\u0159ic\u00edch. Te\u010f se staraj\u00ed o 33 lid\u00ed. Ani po roz\u0161\u00ed\u0159en\u00ed kapacity o pl\u00e1novan\u00fdch 10 l\u016f\u017eek ale popt\u00e1vku neuspokoj\u00ed.<br \/><br \/>Alena Mohauptov\u00e1, vedouc\u00ed za\u0159\u00edzen\u00ed domova se zvl\u00e1\u0161tn\u00edm re\u017eimem<br \/>&#8212;&#8212;&#8212;&#8212;&#8212;&#8212;&#8211;<br \/>M\u00e1me zhruba 40 dal\u0161\u00edch z\u00e1jemc\u016f, m\u00e1me po\u0159adn\u00edk. A v sou\u010dasn\u00e9 chv\u00edli je to tak, \u017ee domovy jsou p\u0159epln\u011bn\u00e9, ty \u010dekac\u00ed doby jsou i n\u011bkolikalet\u00e9.<br \/><br \/>redaktor \u010cT<br \/>&#8212;&#8212;&#8212;&#8212;&#8212;&#8212;&#8211;<br \/>T\u0159eba ve St\u0159edo\u010desk\u00e9m kraji to je 202 dn\u00ed, v Karlovarsk\u00e9m a Libereck\u00e9m je to zhruba \u0161est m\u011bs\u00edc\u016f, \u010dekac\u00ed doby se nap\u0159\u00ed\u010d za\u0159\u00edzen\u00edmi li\u0161\u00ed.<br \/><br \/>Marian Jure\u010dka,\u00a0<strong>ministr<\/strong>\u00a0<strong>pr\u00e1ce<\/strong>\u00a0a soci\u00e1ln\u00edch v\u011bc\u00ed, p\u0159edseda strany \/KDU-\u010cSL\/<br \/>&#8212;&#8212;&#8212;&#8212;&#8212;&#8212;&#8211;<br \/>V prv\u00e9 \u0159ad\u011b klademe velk\u00fd d\u016fraz na to, abychom dok\u00e1zali ty klienty podpo\u0159it a udr\u017eet je v dom\u00e1c\u00edm prost\u0159ed\u00ed, proto t\u0159eba te\u010fka zv\u00fd\u0161\u00edme p\u0159\u00edsp\u011bvek na p\u00e9\u010di.<br \/><br \/>redaktorka \u010cT<br \/>&#8212;&#8212;&#8212;&#8212;&#8212;&#8212;&#8211;<br \/>S podporou a udr\u017een\u00edm senior\u016f v jejich domovech souhlas\u00ed i opozice, kritizuje ale koali\u010dn\u00ed n\u00e1vrh nav\u00fd\u0161en\u00ed p\u0159\u00edsp\u011bvku na p\u00e9\u010di, ten toti\u017e nepo\u010d\u00edt\u00e1 s r\u016fstem pro prvn\u00ed stupe\u0148 z\u00e1vislosti.<br \/><br \/>Ale\u0161 Juchelka, \u010dlen sn\u011bmovn\u00edho soci\u00e1ln\u00edho v\u00fdboru \/ANO\/<br \/>&#8212;&#8212;&#8212;&#8212;&#8212;&#8212;&#8211;<br \/>Drtivou v\u011bt\u0161inu nap\u0159\u00edklad prvn\u00edho stupn\u011b p\u0159\u00edsp\u011bvku na p\u00e9\u010di vyu\u017e\u00edvaj\u00ed senio\u0159i, kte\u0159\u00ed se samoobslou\u017e\u00ed. Jsou doma ve sv\u00e9m dom\u00e1c\u00edm prost\u0159ed\u00ed, norm\u00e1ln\u011b funguj\u00ed, ale pot\u0159ebuj\u00ed ob\u010das n\u011bjakou pomoc.<br \/><br \/>redaktor \u010cT<br \/>&#8212;&#8212;&#8212;&#8212;&#8212;&#8212;&#8211;<br \/>Opozice proto p\u0159ipravila pozm\u011b\u0148ovac\u00ed n\u00e1vrh, kter\u00fd by umo\u017enil r\u016fst \u010d\u00e1stky i pro lidi v prvn\u00edm stupni. Poslanci o tom budou rozhodovat z\u0159ejm\u011b u\u017e na dubnov\u00e9 sch\u016fzi. <\/p>\n\n\n\n<p>\u010cesk\u00e1 televize.<\/p>\n\n\n\n<p><\/p>\n","protected":false},"excerpt":{"rendered":"<div class=\"mh-excerpt\"><p>\u010cT 1\u00a0&#8211; Ud\u00e1losti A\u017e 12 000 m\u00edst chyb\u00ed nap\u0159\u00ed\u010d \u010ceskem v domovech pro seniory, \u010d\u00edslo uv\u00e1d\u00ed Asociace poskytovatel\u016f soci\u00e1ln\u00edch slu\u017eeb. \u0158ada kraj\u016f tak letos pl\u00e1nuje <a class=\"mh-excerpt-more\" href=\"https:\/\/www.invarena.cz\/?p=47502\" title=\"Chyb\u00ed m\u00edsta v domovech pro seniory\u00a0\u00a0\">[&#8230;]<\/a><\/p>\n<\/div>","protected":false},"author":1,"featured_media":19048,"comment_status":"open","ping_status":"closed","sticky":false,"template":"","format":"standard","meta":{"footnotes":""},"categories":[9],"tags":[],"class_list":["post-47502","post","type-post","status-publish","format-standard","has-post-thumbnail","hentry","category-zpravy"],"_links":{"self":[{"href":"https:\/\/www.invarena.cz\/index.php?rest_route=\/wp\/v2\/posts\/47502","targetHints":{"allow":["GET"]}}],"collection":[{"href":"https:\/\/www.invarena.cz\/index.php?rest_route=\/wp\/v2\/posts"}],"about":[{"href":"https:\/\/www.invarena.cz\/index.php?rest_route=\/wp\/v2\/types\/post"}],"author":[{"embeddable":true,"href":"https:\/\/www.invarena.cz\/index.php?rest_route=\/wp\/v2\/users\/1"}],"replies":[{"embeddable":true,"href":"https:\/\/www.invarena.cz\/index.php?rest_route=%2Fwp%2Fv2%2Fcomments&post=47502"}],"version-history":[{"count":0,"href":"https:\/\/www.invarena.cz\/index.php?rest_route=\/wp\/v2\/posts\/47502\/revisions"}],"wp:featuredmedia":[{"embeddable":true,"href":"https:\/\/www.invarena.cz\/index.php?rest_route=\/wp\/v2\/media\/19048"}],"wp:attachment":[{"href":"https:\/\/www.invarena.cz\/index.php?rest_route=%2Fwp%2Fv2%2Fmedia&parent=47502"}],"wp:term":[{"taxonomy":"category","embeddable":true,"href":"https:\/\/www.invarena.cz\/index.php?rest_route=%2Fwp%2Fv2%2Fcategories&post=47502"},{"taxonomy":"post_tag","embeddable":true,"href":"https:\/\/www.invarena.cz\/index.php?rest_route=%2Fwp%2Fv2%2Ftags&post=47502"}],"curies":[{"name":"wp","href":"https:\/\/api.w.org\/{rel}","templated":true}]}}