{"id":47505,"date":"2024-04-01T05:47:53","date_gmt":"2024-04-01T03:47:53","guid":{"rendered":"https:\/\/www.invarena.cz\/?p=47505"},"modified":"2024-04-01T05:47:58","modified_gmt":"2024-04-01T03:47:58","slug":"ministerstvo-prace-a-socialnich-veci-planuje-novou-podobu-ubytovani-detskych-domovu","status":"publish","type":"post","link":"https:\/\/www.invarena.cz\/?p=47505","title":{"rendered":"Ministerstvo pr\u00e1ce a soci\u00e1ln\u00edch v\u011bc\u00ed pl\u00e1nuje novou podobu ubytov\u00e1n\u00ed d\u011btsk\u00fdch domov\u016f\u00a0\u00a0"},"content":{"rendered":"\n<p>NOVA\u00a0&#8211; Televizn\u00ed noviny<br \/><br \/>Ministerstvo pr\u00e1ce a soci\u00e1ln\u00edch v\u011bc\u00ed pl\u00e1nuje novou podobu ubytov\u00e1n\u00ed d\u011btsk\u00fdch domov\u016f za v\u00edce ne\u017e miliardu korun. Velkokapacitn\u00ed za\u0159\u00edzen\u00ed nahradit samostatn\u00e9 byty, kde maj\u00ed d\u011bti spole\u010dn\u011b s vychovateli fungovat jako b\u011b\u017en\u00e1 ochrana.<br \/>&#8212;&#8212;&#8212;&#8212;&#8212;&#8211;<br \/>Rodinn\u00e9 byty m\u00edsto velk\u00fdch \u00fastav\u016f, men\u0161\u00ed d\u011btsk\u00e9 skupiny a t\u00fdmy odborn\u00edk\u016f, kter\u00e9 pomohou \u010derstv\u011b plnolet\u00fdm osamostatnit se. D\u011btsk\u00e9 domovy ka\u017edoro\u010dn\u011b opust\u00ed n\u011bkolik stovek mlad\u00fdch lid\u00ed. Na probl\u00e9m dosp\u011bl\u00fdch p\u0159itom \u010dasto nejsou p\u0159ipraveni.<br \/><br \/>Ani\u010dka ,<br \/>&#8212;&#8212;&#8212;&#8212;&#8212;&#8212;&#8211;<br \/>M\u00e1m obavy z toho, z t\u011bch \u00fa\u0159ad\u016f a z toho na\u0159izov\u00e1n\u00ed si to sama. J\u00e1 jsem t\u0159eba dote\u010f nev\u011bd\u011bla, \u017ee se mus\u00edm platit popelnice a vypl\u0148ovat n\u011bjak\u00fd ty slo\u017eenky a ty pap\u00edry. To j\u00e1 neum\u00edm.<br \/><br \/>Miloslav Macela, poradce ministra,\u00a0<strong>MPSV<\/strong><br \/>&#8212;&#8212;&#8212;&#8212;&#8212;&#8212;&#8211;<br \/>Pomoc z toho za\u0159\u00edzen\u00ed ukon\u010dit nezletilosti, jak je tomu te\u010f.<br \/><br \/>redaktorka<br \/>&#8212;&#8212;&#8212;&#8212;&#8212;&#8212;&#8211;<br \/>Vychovatel m\u00e1 b\u011b\u017en\u011b na starosti skupinu a\u017e osmi d\u011bt\u00ed, a tedy m\u00e1lo \u010dasu na ka\u017ed\u00e9 z nich. Nov\u011b to pl\u00e1nuje pos\u00edlit po\u010dty zam\u011bstnanc\u016f i spolupr\u00e1ci s odborn\u00edky.<br \/><br \/>Miloslav Macela, poradce ministra,\u00a0<strong>MPSV<\/strong><br \/>&#8212;&#8212;&#8212;&#8212;&#8212;&#8212;&#8211;<br \/>Ten maxim\u00e1ln\u00ed po\u010det d\u011bt\u00ed, s nimi\u017e m\u016f\u017ee jeden zam\u011bstnanec sou\u010dasn\u011b pracovat, budou \u010dty\u0159i d\u011bti. Ty t\u00fdmy by m\u011bly b\u00fdt mezioborov\u00e9. Nem\u011bly by to b\u00fdt jenom pr\u00e1v\u011b vychovatel\u00e9, ale pr\u00e1v\u011b pro d\u011bti, kter\u00e9 maj\u00ed t\u0159eba n\u011bjak\u00e9 zdravotn\u00ed znev\u00fdhodn\u011bn\u00ed, du\u0161evn\u00ed onemocn\u011bn\u00ed atd., tak je pot\u0159eba, aby m\u011bly p\u00e9\u010di i dal\u0161\u00edch specialist\u016f.<br \/><br \/> redaktorka<br \/>&#8212;&#8212;&#8212;&#8212;&#8212;&#8212;&#8211;<br \/>Velk\u00e9 \u00fastavy s j\u00eddelnami a pr\u00e1delnami nahrad\u00ed men\u0161\u00ed domky a byty. C\u00edlem je, aby d\u011bti vyr\u016fstaly v p\u0159irozen\u00e9m prost\u0159ed\u00ed. Tak u\u017e to funguje nap\u0159\u00edklad v D\u011btsk\u00e9m domov\u011b Doln\u00ed Po\u010dernice.<br \/><br \/>Martin Ln\u011bni\u010dka, \u0159editel d\u011btsk\u00e9ho domova Doln\u00ed Po\u010dernice<br \/>&#8212;&#8212;&#8212;&#8212;&#8212;&#8212;&#8211;<br \/>Rodinn\u00e9 skupiny se maj\u00ed \u0161est d\u011bt\u00ed v bytech. Ty rodinn\u00e9 skupiny, a\u0165 u\u017e tady, nebo na z\u00e1mku, tak si samy nakupuj\u00ed, va\u0159\u00ed, perou, \u017eehl\u00ed, ukl\u00edz\u00ed. Prost\u011b v\u0161echno, co m\u00e1 dom\u00e1cnost d\u011blat.<br \/><br \/>Miloslav Macela, poradce ministra,\u00a0<strong>MPSV<\/strong><br \/>&#8212;&#8212;&#8212;&#8212;&#8212;&#8212;&#8211;<br \/>My bychom cht\u011bli, aby ta modern\u00ed p\u00e9\u010de prob\u00edhala plo\u0161n\u011b na cel\u00e9m \u00fazem\u00ed \u010cesk\u00e9 republiky, aby se co nejv\u00edce bl\u00ed\u017eila rodinn\u00e9mu prost\u0159ed\u00ed.<br \/><br \/>redaktorka<br \/>&#8212;&#8212;&#8212;&#8212;&#8212;&#8212;&#8211;<br \/>Z\u00e1kon tak\u00e9 pl\u00e1nuje l\u00e9pe pracovat s cel\u00fdmi rodinami.<br \/><br \/>Martin Ln\u011bni\u010dka, \u0159editel d\u011btsk\u00e9ho domova Doln\u00ed Po\u010dernice<br \/>&#8212;&#8212;&#8212;&#8212;&#8212;&#8212;&#8211;<br \/>D\u00edky z\u0159izovateli, Hlavn\u00edmu m\u011bstu Praze, se n\u00e1m poda\u0159ilo z\u00edskat soci\u00e1ln\u00ed ter\u00e9nn\u00ed pracovnici, kter\u00e1 je na\u0161e a opravdu chod\u00ed do rodiny. Pracuje s t\u011bma rodinama. Tud\u00ed\u017e se vlastn\u011b sna\u017e\u00edme vr\u00e1tit ty d\u011bti do rodin.<br \/><br \/>Dana Lipov\u00e1, \u0159editelka Nadace Sirius<br \/>&#8212;&#8212;&#8212;&#8212;&#8212;&#8212;&#8211;<br \/>Kdy\u017e v\u00e1m odeberou d\u00edt\u011b, tak m\u00e1 to obrovskou motivaci se zm\u011bnit, aby se va\u0161e d\u00edt\u011b dostalo zp\u00e1tky.<br \/><br \/> redaktorka<br \/>&#8212;&#8212;&#8212;&#8212;&#8212;&#8212;&#8211;<br \/>Nov\u00fd z\u00e1kon by je\u0161t\u011b v leto\u0161n\u00edm roce m\u011bla projednat vl\u00e1da. <\/p>\n\n\n\n<p>televize Nova.<\/p>\n\n\n\n<p><\/p>\n","protected":false},"excerpt":{"rendered":"<div class=\"mh-excerpt\"><p>NOVA\u00a0&#8211; Televizn\u00ed noviny Ministerstvo pr\u00e1ce a soci\u00e1ln\u00edch v\u011bc\u00ed pl\u00e1nuje novou podobu ubytov\u00e1n\u00ed d\u011btsk\u00fdch domov\u016f za v\u00edce ne\u017e miliardu korun. Velkokapacitn\u00ed za\u0159\u00edzen\u00ed nahradit samostatn\u00e9 byty, kde <a class=\"mh-excerpt-more\" href=\"https:\/\/www.invarena.cz\/?p=47505\" title=\"Ministerstvo pr\u00e1ce a soci\u00e1ln\u00edch v\u011bc\u00ed pl\u00e1nuje novou podobu ubytov\u00e1n\u00ed d\u011btsk\u00fdch domov\u016f\u00a0\u00a0\">[&#8230;]<\/a><\/p>\n<\/div>","protected":false},"author":1,"featured_media":14678,"comment_status":"open","ping_status":"closed","sticky":false,"template":"","format":"standard","meta":{"footnotes":""},"categories":[9],"tags":[],"class_list":["post-47505","post","type-post","status-publish","format-standard","has-post-thumbnail","hentry","category-zpravy"],"_links":{"self":[{"href":"https:\/\/www.invarena.cz\/index.php?rest_route=\/wp\/v2\/posts\/47505","targetHints":{"allow":["GET"]}}],"collection":[{"href":"https:\/\/www.invarena.cz\/index.php?rest_route=\/wp\/v2\/posts"}],"about":[{"href":"https:\/\/www.invarena.cz\/index.php?rest_route=\/wp\/v2\/types\/post"}],"author":[{"embeddable":true,"href":"https:\/\/www.invarena.cz\/index.php?rest_route=\/wp\/v2\/users\/1"}],"replies":[{"embeddable":true,"href":"https:\/\/www.invarena.cz\/index.php?rest_route=%2Fwp%2Fv2%2Fcomments&post=47505"}],"version-history":[{"count":0,"href":"https:\/\/www.invarena.cz\/index.php?rest_route=\/wp\/v2\/posts\/47505\/revisions"}],"wp:featuredmedia":[{"embeddable":true,"href":"https:\/\/www.invarena.cz\/index.php?rest_route=\/wp\/v2\/media\/14678"}],"wp:attachment":[{"href":"https:\/\/www.invarena.cz\/index.php?rest_route=%2Fwp%2Fv2%2Fmedia&parent=47505"}],"wp:term":[{"taxonomy":"category","embeddable":true,"href":"https:\/\/www.invarena.cz\/index.php?rest_route=%2Fwp%2Fv2%2Fcategories&post=47505"},{"taxonomy":"post_tag","embeddable":true,"href":"https:\/\/www.invarena.cz\/index.php?rest_route=%2Fwp%2Fv2%2Ftags&post=47505"}],"curies":[{"name":"wp","href":"https:\/\/api.w.org\/{rel}","templated":true}]}}