{"id":47562,"date":"2024-04-03T06:21:37","date_gmt":"2024-04-03T04:21:37","guid":{"rendered":"https:\/\/www.invarena.cz\/?p=47562"},"modified":"2024-04-03T06:21:37","modified_gmt":"2024-04-03T04:21:37","slug":"zadost-o-podporu-online","status":"publish","type":"post","link":"https:\/\/www.invarena.cz\/?p=47562","title":{"rendered":"\u017d\u00e1dost o podporu online\u00a0\u00a0"},"content":{"rendered":"\n<p>Prima\u00a0&#8211; Hlavn\u00ed zpr\u00e1vy<br \/><br \/>Konec n\u00e1v\u0161t\u011bv na \u00fa\u0159adech pr\u00e1ce. Nezam\u011bstnan\u00ed si u\u017e brzy budou moci po\u017e\u00e1dat o podporu online. Ministerstvo i \u00da\u0159ad pr\u00e1ce to pova\u017euje za dal\u0161\u00ed krok v digitalizaci.<br \/><br \/>Pracovn\u00edci \u00da\u0159adu pr\u00e1ce posun v\u00edtaj\u00ed, na druhou stranu se boj\u00ed propou\u0161t\u011bn\u00ed. A podle opozice by m\u011bl m\u00edt klient v\u017edy na v\u00fdb\u011br, jestli p\u016fjde na \u00fa\u0159ad osobn\u011b, nebo si vy\u0159\u00edd\u00ed \u017e\u00e1dost z domova.<br \/><br \/>P\u0159\u00edsp\u011bvek na bydlen\u00ed, p\u0159\u00eddavek na d\u00edt\u011b nebo rodi\u010dovsk\u00fd p\u0159\u00edsp\u011bvek. D\u00e1vky soci\u00e1ln\u00ed podpory, kter\u00e9 mohou lid\u00e9 u\u017e te\u010f vy\u0159\u00eddit z domova online. U\u017e brzy se budou moci online registrovat na \u00fa\u0159adech pr\u00e1ce uchaze\u010di o zam\u011bstn\u00e1n\u00ed nebo si vy\u0159\u00eddit podporu v nezam\u011bstnanosti.<br \/><br \/>Marian Jure\u010dka,\u00a0<strong>ministr<\/strong>\u00a0<strong>pr\u00e1ce<\/strong>\u00a0a soci\u00e1ln\u00edch v\u011bc\u00ed \/KDU-\u010cSL\/<br \/>&#8212;&#8212;&#8212;&#8212;&#8212;&#8212;&#8211;<br \/>Jsou to dal\u0161\u00ed obrovsk\u00e9 prolomov\u00e9 kroky z hlediska zjednodu\u0161en\u00ed a vlastn\u011b napl\u0148ov\u00e1n\u00ed toho, \u017ee neob\u00edh\u00e1 nikde ob\u010dan, neob\u00edhaj\u00ed u\u017e ani \u017e\u00e1dn\u00e9 pap\u00edry, ale opravdu jenom te\u010dou data mezi jednotliv\u00fdmi datab\u00e1zemi ve prosp\u011bch toho ob\u010dana.<br \/><br \/>redaktor; citace: Martin Bu\u0161o, mluv\u010d\u00ed \u00da\u0159adu pr\u00e1ce \u010cR<br \/>&#8212;&#8212;&#8212;&#8212;&#8212;&#8212;&#8211;<br \/>Digitalizace agendy zam\u011bstnanosti je dal\u0161\u00ed pl\u00e1novanou f\u00e1z\u00ed. Klienti si budou moci nap\u0159\u00edklad online sjednat sch\u016fzku s na\u0161imi poradci.<br \/><br \/>redaktorka<br \/>&#8212;&#8212;&#8212;&#8212;&#8212;&#8212;&#8211;<br \/>Digitalizaci v\u00edtaj\u00ed jak zam\u011bstnanci \u00fa\u0159adu, tak i opozice. P\u0159esto maj\u00ed k syst\u00e9mu v\u00fdhrady.<br \/><br \/>zam\u011bstnanec \u00da\u0159adu pr\u00e1ce<br \/>&#8212;&#8212;&#8212;&#8212;&#8212;&#8212;&#8211;<br \/>Ale m\u00e1me tady ten probl\u00e9m, \u017ee ve\u0161ker\u00e1 ta digitalizace mus\u00ed fungovat spr\u00e1vn\u011b. A to bohu\u017eel zat\u00edm v sou\u010dasn\u00e9 dob\u011b nevn\u00edm\u00e1me, \u017ee by bylo tak pru\u017en\u00e9 a nebo \u017ee by to bylo tak dokonal\u00e9, aby to tu pr\u00e1ci odleh\u010dovalo, ba naopak. Navenek se digitalizace zat\u00edm tv\u00e1\u0159\u00ed kr\u00e1sn\u011b, ale vevnit\u0159ku m\u00e1me hromadu nedostatk\u016f. \/nesrozumiteln\u00e9\/.<br \/><br \/>Ale\u0161 Juchelka, poslanec, \u010dlen soci\u00e1ln\u00edho v\u00fdboru \/ANO\/<br \/>&#8212;&#8212;&#8212;&#8212;&#8212;&#8212;&#8211;<br \/>\/nesrozumiteln\u00e9\/, ale m\u00e1m n\u011bkdy pocit, \u017ee prost\u011b to p\u0159eh\u00e1n\u00edme a \u017ee ta digitalizace je nad ten osobn\u00ed p\u0159\u00edstup.<br \/><br \/>Lucie \u0160afr\u00e1nkov\u00e1, m\u00edstop\u0159edsedkyn\u011b sn\u011bmovn\u00edho v\u00fdboru pro soci\u00e1ln\u00ed politiku \/SPD\/<br \/>&#8212;&#8212;&#8212;&#8212;&#8212;&#8212;&#8211;<br \/>Pokud z\u016fstane zachovan\u00fd i ten kontakt, kdy si ob\u010dan bude moci zaj\u00edt p\u0159\u00edmo na \u00da\u0159ad pr\u00e1ce a vy\u0159\u00eddit to fyzicky, tak samoz\u0159ejm\u011b digitalizaci podporujeme.<br \/><br \/>redaktorka<br \/>&#8212;&#8212;&#8212;&#8212;&#8212;&#8212;&#8211;<br \/>N\u011bkte\u0159\u00ed zam\u011bstnanci \u00da\u0159adu pr\u00e1ce se v d\u016fsledku digitalizace ob\u00e1vaj\u00ed, \u017ee se stanou nadbyte\u010dn\u00fdmi, a p\u0159ijdou tak o svoji pr\u00e1ci.<br \/><br \/>zam\u011bstnanec \u00da\u0159adu pr\u00e1ce<br \/>&#8212;&#8212;&#8212;&#8212;&#8212;&#8212;&#8211;<br \/>Bohu\u017eel tam je probl\u00e9m v tom, \u017ee t\u00edm, \u017ee je ta digitalizace je\u0161t\u011b zat\u00edm nedokonal\u00e1, tak ti pracovn\u00edci, kter\u00fd tam jsou, nebo pracovn\u00edci, kter\u00fd odch\u00e1zej\u00ed, proto\u017ee u\u017e jsou vy\u010derpan\u00fd, tak to z\u016fst\u00e1v\u00e1 na ty st\u00e1vaj\u00edc\u00ed zam\u011bstnance a ti jsou p\u0159et\u011b\u017eov\u00e1ni, nest\u00edh\u00e1 se.<br \/><br \/>Lucie \u0160afr\u00e1nkov\u00e1, m\u00edstop\u0159edsedkyn\u011b sn\u011bmovn\u00edho v\u00fdboru pro soci\u00e1ln\u00ed politiku \/SPD\/<br \/>&#8212;&#8212;&#8212;&#8212;&#8212;&#8212;&#8211;<br \/>Pokud by se sni\u017eovaly stavy pracovn\u00edk\u016f \u00da\u0159adu pr\u00e1ce, tak bude hrozit ve prodlen\u00ed ve vy\u0159\u00edzen\u00ed t\u011bchto \u017e\u00e1dost\u00ed.<br \/><br \/>redaktor; citace: Martin Bu\u0161o, mluv\u010d\u00ed \u00da\u0159adu pr\u00e1ce \u010cR<br \/>&#8212;&#8212;&#8212;&#8212;&#8212;&#8212;&#8211;<br \/>Digitalizaci nelze spojovat s po\u010dtem pracovn\u00edk\u016f \u00da\u0159adu pr\u00e1ce. Ti budou i nad\u00e1le pot\u0159eba.<br \/><br \/>redaktorka<br \/>&#8212;&#8212;&#8212;&#8212;&#8212;&#8212;&#8211;<br \/>Podle ministerstva by se uchaze\u010di o pr\u00e1ci mohli p\u0159ihla\u0161ovat online u\u017e na podzim tohoto roku.<\/p>\n\n\n\n<p> CNN Prima News.<\/p>\n","protected":false},"excerpt":{"rendered":"<div class=\"mh-excerpt\"><p>Prima\u00a0&#8211; Hlavn\u00ed zpr\u00e1vy Konec n\u00e1v\u0161t\u011bv na \u00fa\u0159adech pr\u00e1ce. Nezam\u011bstnan\u00ed si u\u017e brzy budou moci po\u017e\u00e1dat o podporu online. Ministerstvo i \u00da\u0159ad pr\u00e1ce to pova\u017euje za <a class=\"mh-excerpt-more\" href=\"https:\/\/www.invarena.cz\/?p=47562\" title=\"\u017d\u00e1dost o podporu online\u00a0\u00a0\">[&#8230;]<\/a><\/p>\n<\/div>","protected":false},"author":1,"featured_media":17230,"comment_status":"open","ping_status":"closed","sticky":false,"template":"","format":"standard","meta":{"footnotes":""},"categories":[9],"tags":[],"class_list":["post-47562","post","type-post","status-publish","format-standard","has-post-thumbnail","hentry","category-zpravy"],"_links":{"self":[{"href":"https:\/\/www.invarena.cz\/index.php?rest_route=\/wp\/v2\/posts\/47562","targetHints":{"allow":["GET"]}}],"collection":[{"href":"https:\/\/www.invarena.cz\/index.php?rest_route=\/wp\/v2\/posts"}],"about":[{"href":"https:\/\/www.invarena.cz\/index.php?rest_route=\/wp\/v2\/types\/post"}],"author":[{"embeddable":true,"href":"https:\/\/www.invarena.cz\/index.php?rest_route=\/wp\/v2\/users\/1"}],"replies":[{"embeddable":true,"href":"https:\/\/www.invarena.cz\/index.php?rest_route=%2Fwp%2Fv2%2Fcomments&post=47562"}],"version-history":[{"count":0,"href":"https:\/\/www.invarena.cz\/index.php?rest_route=\/wp\/v2\/posts\/47562\/revisions"}],"wp:featuredmedia":[{"embeddable":true,"href":"https:\/\/www.invarena.cz\/index.php?rest_route=\/wp\/v2\/media\/17230"}],"wp:attachment":[{"href":"https:\/\/www.invarena.cz\/index.php?rest_route=%2Fwp%2Fv2%2Fmedia&parent=47562"}],"wp:term":[{"taxonomy":"category","embeddable":true,"href":"https:\/\/www.invarena.cz\/index.php?rest_route=%2Fwp%2Fv2%2Fcategories&post=47562"},{"taxonomy":"post_tag","embeddable":true,"href":"https:\/\/www.invarena.cz\/index.php?rest_route=%2Fwp%2Fv2%2Ftags&post=47562"}],"curies":[{"name":"wp","href":"https:\/\/api.w.org\/{rel}","templated":true}]}}