{"id":47565,"date":"2024-04-03T06:27:35","date_gmt":"2024-04-03T04:27:35","guid":{"rendered":"https:\/\/www.invarena.cz\/?p=47565"},"modified":"2024-04-03T06:32:30","modified_gmt":"2024-04-03T04:32:30","slug":"deficit-duchodoveho-uctu","status":"publish","type":"post","link":"https:\/\/www.invarena.cz\/?p=47565","title":{"rendered":"Deficit d\u016fchodov\u00e9ho \u00fa\u010dtu\u00a0\u00a0"},"content":{"rendered":"\n<p>\u010cT 1\u00a0<\/p>\n\n\n\n<p>D\u016fchodov\u00fd syst\u00e9m zat\u00edm hospoda\u0159\u00ed podobn\u011b jako loni, kdy skon\u010dil v rekordn\u00edm deficitu, za prvn\u00ed leto\u0161n\u00ed dva m\u011bs\u00edce se propadl do minusu bezm\u00e1la 16 miliard.<br \/><br \/>Podle vl\u00e1dy to jen podtrhuje nutnost reformy. K n\u011bkter\u00fdm jej\u00edm \u010d\u00e1stem, jako je posouv\u00e1n\u00ed v\u011bku odchodu do penze, m\u00e1 v\u00fdhrady opozice. Dal\u0161\u00ed spole\u010dn\u00e9 jedn\u00e1n\u00ed i s prezidentem je v pl\u00e1nu za necel\u00fd m\u011bs\u00edc.<br \/><br \/>Marian Jure\u010dka,\u00a0<strong>ministr<\/strong>\u00a0<strong>pr\u00e1ce<\/strong>\u00a0a soc. v\u011bc\u00ed, vicepremi\u00e9r, p\u0159edseda strany \/KDU-\u010cSL\/<br \/>&#8212;&#8212;&#8212;&#8212;&#8212;&#8212;&#8211;<br \/>J\u00e1 budu v\u017edycky st\u00e1t za t\u00edm, \u017ee kompromis, kter\u00fd uzav\u0159eme, mus\u00ed ale z\u00e1rove\u0148 respektovat to, aby to byla opravdu zm\u011bna a reforma, kter\u00e1 bude stabilizovat d\u016fchodov\u00fd syst\u00e9m do budoucna.<br \/><br \/>Alena SCHILLEROV\u00c1, p\u0159edsedkyn\u011b poslaneck\u00e9ho klubu, m\u00edstop\u0159edsedkyn\u011b hnut\u00ed \/ANO\/<br \/>&#8212;&#8212;&#8212;&#8212;&#8212;&#8212;&#8211;<br \/>D\u016fchodov\u00e1 reforma se m\u00e1 d\u011blat jako celek. To znamen\u00e1, nem\u011blo se rezignovat na ten dal\u0161\u00ed pil\u00ed\u0159, kter\u00fd by mohl p\u0159in\u00e9st p\u0159\u00edjmy. Upozor\u0148ovali jsme na to od za\u010d\u00e1tku.<br \/><br \/>moder\u00e1torka \u010cT<br \/>&#8212;&#8212;&#8212;&#8212;&#8212;&#8212;&#8211;<br \/>Ministerstvo pr\u00e1ce z\u00e1rove\u0148 potvrdilo, \u017ee na rozd\u00edl od p\u0159edchoz\u00edch let se d\u016fchody z\u0159ejm\u011b nebudou mimo\u0159\u00e1dn\u011b zvy\u0161ovat b\u011bhem roku. Inflace, kter\u00e1 toho byla p\u0159\u00ed\u010dinou, klesla. Dal\u0161\u00ed valorizace by tak byla a\u017e ta \u0159\u00e1dn\u00e1 v lednu.<br \/><br \/>redaktorka \u010cT<br \/>&#8212;&#8212;&#8212;&#8212;&#8212;&#8212;&#8211;<br \/>Sezn\u00e1mili se v jednom z pra\u017esk\u00fdch domov\u016f pro seniory a tady m\u011bli v t\u00fddnu taky svatbu. Nejd\u0159\u00edv se Ilona Bedn\u00e1\u0159ov\u00e1 s Janem Sedlmajerem p\u0159\u00e1telili, pozd\u011bji se sest\u011bhovali na spole\u010dn\u00fd pokoj. S n\u00e1padem, \u017ee by se mohli vz\u00edt, p\u0159i\u0161la \u017eena.<br \/><br \/>Ilona Bedn\u00e1\u0159ov\u00e1, nev\u011bsta<br \/>&#8212;&#8212;&#8212;&#8212;&#8212;&#8212;&#8211;<br \/>Tehd\u00e1, kdy\u017e m\u011b to napadlo, tak \u0159\u00edk\u00e1m, jako dneska u\u017e m\u016fj man\u017eel, co si to na m\u011b vymej\u0161l\u00ed\u0161?<br \/><br \/>redaktorka \u010cT<br \/>&#8212;&#8212;&#8212;&#8212;&#8212;&#8212;&#8211;<br \/>Svatebn\u00ed cestu. Budou m\u00edt rehabilita\u010dn\u00ed pobyt, aby jak \u0159\u00edkaj\u00ed, ud\u011blali n\u011bco pro sv\u00e9 zdrav\u00ed. Z penze po zaplacen\u00ed v\u0161eho nutn\u00e9ho \u010d\u00e1st pen\u011bz u\u0161et\u0159\u00ed. Celkov\u011b st\u00e1t vypl\u00e1c\u00ed d\u016fchody zhruba 2 850 000 lid\u00ed, za leden a \u00fanor to bylo p\u0159es 121 miliard, p\u0159\u00edjmy syst\u00e9mu byly o t\u00e9m\u011b\u0159 16 miliard ni\u017e\u0161\u00ed, podobn\u00fd deficit byl i p\u0159ed rokem, kdy pak ke konci roku skon\u010dil v porovn\u00e1n\u00ed s p\u0159edchoz\u00edmi lety celkov\u011b nejvy\u0161\u0161\u00ed.<br \/><br \/>Marian Jure\u010dka,\u00a0<strong>ministr<\/strong>\u00a0<strong>pr\u00e1ce<\/strong>\u00a0a soc. v\u011bc\u00ed, vicepremi\u00e9r, p\u0159edseda strany \/KDU-\u010cSL\/<br \/>&#8212;&#8212;&#8212;&#8212;&#8212;&#8212;&#8211;<br \/>Ten lo\u0148sk\u00fd, leto\u0161n\u00ed rok je vlastn\u011b jako opravdu uk\u00e1zkou toho, \u017ee i kdy\u017e m\u00e1me st\u00e1le je\u0161t\u011b ty nejsiln\u011bj\u0161\u00ed popula\u010dn\u00ed ro\u010dn\u00edky na pracovn\u00edm trhu, m\u00e1me rekordn\u011b n\u00edzkou nezam\u011bstnanost, tak p\u0159esto u\u017e te\u010f sek\u00e1me takto vysok\u00e9 deficity.<br \/><br \/>Mark\u00e9ta Adamov\u00e1 Pekarov\u00e1, p\u0159edsedkyn\u011b sn\u011bmovny, p\u0159edsedkyn\u011b strany \/TOP 09\/<br \/>&#8212;&#8212;&#8212;&#8212;&#8212;&#8212;&#8211;<br \/>Takov\u00fdto v\u00fdvoj d\u016fchodov\u00e9ho \u00fa\u010dtu n\u00e1m d\u00e1v\u00e1 jednozna\u010dn\u011b za pravdu, \u017ee pot\u0159ebujeme d\u016fchodovou reformu.<br \/><br \/>redaktorka \u010cT<br \/>&#8212;&#8212;&#8212;&#8212;&#8212;&#8212;&#8211;<br \/>\u017de je syst\u00e9m za st\u00e1vaj\u00edc\u00edho stavu neudr\u017eiteln\u00fd, potvrzuj\u00ed i z\u00e1stupci dal\u0161\u00edch koali\u010dn\u00edch stran, prosazen\u00ed d\u016fchodov\u00e9 reformy pova\u017euj\u00ed za prioritu.<br \/><br \/>Michaela \u0160ebelov\u00e1, m\u00edstop\u0159edsedkyn\u011b hnut\u00ed \/STAN\/<br \/>&#8212;&#8212;&#8212;&#8212;&#8212;&#8212;&#8211;<br \/>Opravdu n\u00e1m jde o to, abychom m\u011bli na vypl\u00e1cen\u00ed d\u016fchod\u016f i v budoucnosti, tak\u017ee je nutn\u00e9 ten mechanismus zm\u011bnit.<br \/><br \/>Jan Skope\u010dek, m\u00edstop\u0159edseda Poslaneck\u00e9 sn\u011bmovny \/ODS\/<br \/>&#8212;&#8212;&#8212;&#8212;&#8212;&#8212;&#8211;<br \/>Aby bylo nejen na d\u016fchody dne\u0161n\u00edch senior\u016f, ale i na d\u016fchody dne\u0161n\u00edch t\u0159ic\u00e1tn\u00edk\u016f a \u010dty\u0159ic\u00e1tn\u00edk\u016f. Tak je z\u0159ejm\u00e9, \u017ee s t\u00edm jak\u00e1koliv odpov\u011bdn\u00e1 politick\u00e1 reprezentace n\u011bco mus\u00ed d\u011blat.<br \/><br \/>Olga Richterov\u00e1, m\u00edstop\u0159edsedkyn\u011b Poslaneck\u00e9 sn\u011bmovny \/Pir\u00e1ti\/<br \/>&#8212;&#8212;&#8212;&#8212;&#8212;&#8212;&#8211;<br \/>St\u00e1le stoup\u00e1 po\u010det senior\u016f a kles\u00e1 po\u010det pracuj\u00edc\u00edch, tak vznikaj\u00ed ty deficity a budou \u010d\u00edm d\u00e1l t\u00edm hlub\u0161\u00ed, kdy\u017e se n\u00e1m nepoda\u0159\u00ed ta d\u016fchodov\u00e1 reforma.<br \/><br \/>redaktorka \u010cT<br \/>&#8212;&#8212;&#8212;&#8212;&#8212;&#8212;&#8211;<br \/>Podle opozice je pot\u0159eba v\u011bt\u0161\u00ed podpora hospod\u00e1\u0159sk\u00e9ho r\u016fstu a prorodinn\u00e9 politiky, r\u016fst deficitu d\u00e1vaj\u00ed za vinu \u0161patn\u00e9 ekonomice.<br \/><br \/>Alena SCHILLEROV\u00c1, p\u0159edsedkyn\u011b poslaneck\u00e9ho klubu, m\u00edstop\u0159edsedkyn\u011b hnut\u00ed \/ANO\/<br \/>&#8212;&#8212;&#8212;&#8212;&#8212;&#8212;&#8211;<br \/>P\u0159edstava, \u017ee budou v\u00fdb\u011br a v\u00fddej na d\u016fchody vyrovnan\u00e9, to je prost\u011b p\u0159edstava naprosto lich\u00e1, my m\u00e1me tady pr\u016fb\u011b\u017en\u00fd d\u016fchodov\u00fd syst\u00e9m, to znamen\u00e1, pokud se dostane do ten v\u00fdb\u011br do deficitu, tak se to dorovn\u00e1v\u00e1 z dan\u00ed.<br \/><br \/>Lucie \u0160afr\u00e1nkov\u00e1, m\u00edstop\u0159edsedkyn\u011b sn\u011bmovn\u00edho soc. v\u00fdboru \/SPD\/<br \/>&#8212;&#8212;&#8212;&#8212;&#8212;&#8212;&#8211;<br \/>V tuto chv\u00edli je d\u016fchodov\u00fd \u00fa\u010det sou\u010d\u00e1st\u00ed rozpo\u010dtu a vlastn\u011b vl\u00e1da chce takto pouze sni\u017eovat v\u00fddaje, ale to my odm\u00edt\u00e1me.<br \/><br \/>redaktorka \u010cT<br \/>&#8212;&#8212;&#8212;&#8212;&#8212;&#8212;&#8211;<br \/>\u017de bude na d\u016fchody pro p\u0159\u00ed\u0161t\u00ed generace, doufaj\u00ed i tito novoman\u017eel\u00e9 u\u017e kv\u016fli sv\u00fdm d\u011btem a vnou\u010dat\u016fm. e.<br \/><br \/>A je\u0161t\u011b pohled na v\u00fdvoj d\u016fchodov\u00e9ho \u00fa\u010dtu v posledn\u00ed dek\u00e1d\u011b. V roce 2013 skon\u010dil v deficitu p\u0159es 55 miliard. Po tom lo\u0148sk\u00e9m to byl druh\u00fd nejhor\u0161\u00ed v\u00fdsledek, do plusu se naopak dostal v roce 2018.<br \/><br \/>Tato k\u0159ivka pak ukazuje, jak ve stejn\u00e9m obdob\u00ed rostly starobn\u00ed penze. Zat\u00edmco p\u0159ed 10 lety se pr\u016fm\u011br pohyboval kolem 11 000 K\u010d, koncem minul\u00e9ho roku byl t\u00e9m\u011b\u0159 dvojn\u00e1sobn\u00fd. Vedle \u0159\u00e1dn\u00fdch valorizac\u00ed se v letech 2016 a 2020 prom\u00edtly do v\u00fd\u0161e penz\u00ed jednor\u00e1zov\u00e9 p\u0159\u00edsp\u011bvky, loni a p\u0159edloni to pak byla mimo\u0159\u00e1dn\u00e1 zv\u00fd\u0161en\u00ed kv\u016fli vysok\u00e9 inflaci.<br \/><br \/>Od leto\u0161n\u00edho ledna se d\u016fchody zvedly o 360 K\u010d v\u0161em stejn\u011b, pr\u016fm\u011brn\u00e1 penze p\u0159es\u00e1hla 20 600 K\u010d.<\/p>\n\n\n\n<p><\/p>\n","protected":false},"excerpt":{"rendered":"<div class=\"mh-excerpt\"><p>\u010cT 1\u00a0 D\u016fchodov\u00fd syst\u00e9m zat\u00edm hospoda\u0159\u00ed podobn\u011b jako loni, kdy skon\u010dil v rekordn\u00edm deficitu, za prvn\u00ed leto\u0161n\u00ed dva m\u011bs\u00edce se propadl do minusu bezm\u00e1la 16 <a class=\"mh-excerpt-more\" href=\"https:\/\/www.invarena.cz\/?p=47565\" title=\"Deficit d\u016fchodov\u00e9ho \u00fa\u010dtu\u00a0\u00a0\">[&#8230;]<\/a><\/p>\n<\/div>","protected":false},"author":1,"featured_media":18155,"comment_status":"open","ping_status":"closed","sticky":false,"template":"","format":"standard","meta":{"footnotes":""},"categories":[1],"tags":[],"class_list":["post-47565","post","type-post","status-publish","format-standard","has-post-thumbnail","hentry","category-nezarazene"],"_links":{"self":[{"href":"https:\/\/www.invarena.cz\/index.php?rest_route=\/wp\/v2\/posts\/47565","targetHints":{"allow":["GET"]}}],"collection":[{"href":"https:\/\/www.invarena.cz\/index.php?rest_route=\/wp\/v2\/posts"}],"about":[{"href":"https:\/\/www.invarena.cz\/index.php?rest_route=\/wp\/v2\/types\/post"}],"author":[{"embeddable":true,"href":"https:\/\/www.invarena.cz\/index.php?rest_route=\/wp\/v2\/users\/1"}],"replies":[{"embeddable":true,"href":"https:\/\/www.invarena.cz\/index.php?rest_route=%2Fwp%2Fv2%2Fcomments&post=47565"}],"version-history":[{"count":0,"href":"https:\/\/www.invarena.cz\/index.php?rest_route=\/wp\/v2\/posts\/47565\/revisions"}],"wp:featuredmedia":[{"embeddable":true,"href":"https:\/\/www.invarena.cz\/index.php?rest_route=\/wp\/v2\/media\/18155"}],"wp:attachment":[{"href":"https:\/\/www.invarena.cz\/index.php?rest_route=%2Fwp%2Fv2%2Fmedia&parent=47565"}],"wp:term":[{"taxonomy":"category","embeddable":true,"href":"https:\/\/www.invarena.cz\/index.php?rest_route=%2Fwp%2Fv2%2Fcategories&post=47565"},{"taxonomy":"post_tag","embeddable":true,"href":"https:\/\/www.invarena.cz\/index.php?rest_route=%2Fwp%2Fv2%2Ftags&post=47565"}],"curies":[{"name":"wp","href":"https:\/\/api.w.org\/{rel}","templated":true}]}}