{"id":47576,"date":"2024-04-03T06:41:00","date_gmt":"2024-04-03T04:41:00","guid":{"rendered":"https:\/\/www.invarena.cz\/?p=47576"},"modified":"2024-04-03T07:41:37","modified_gmt":"2024-04-03T05:41:37","slug":"schillerova-o-neshode-na-zvysovani-penzijniho-veku","status":"publish","type":"post","link":"https:\/\/www.invarena.cz\/?p=47576","title":{"rendered":"Schillerov\u00e1 o neshod\u011b na zvy\u0161ov\u00e1n\u00ed penzijn\u00edho v\u011bku"},"content":{"rendered":"\n<p>\u010cT 24&nbsp;<\/p>\n\n\n\n<p>Marian Jure\u010dka,\u00a0<strong>ministr<\/strong>\u00a0<strong>pr\u00e1ce<\/strong>\u00a0a soci\u00e1ln\u00edch v\u011bc\u00ed \/KDU-\u010cSL\/<br \/>&#8212;&#8212;&#8212;&#8212;&#8212;&#8212;&#8211;<br \/>\/\u017eiv\u011b Olomouc\/ Ale zazn\u011bly samoz\u0159ejm\u011b potom v t\u00e9 n\u00e1sleduj\u00edc\u00ed debat\u011b ty aspekty pohledu na to, jestli to m\u00e1 b\u00fdt mechanismus trval\u00fd, do kter\u00e9ho se nebude zasahovat rozhodnut\u00edmi vl\u00e1dy v n\u011bjak\u00e9m intervalu, t\u0159eba p\u011btilet\u00e9m, \u010di tam takov\u00fdto mechanismus vlo\u017e\u00edme atd. j\u00e1 jenom chci poznamenat, \u017ee toto t\u00e9ma je velmi slo\u017eit\u00e9, ale z\u00e1rove\u0148 je tady velmi racion\u00e1ln\u00ed d\u016fvod pro to, pro\u010d s t\u00edm t\u00e9matem pracujeme, jednak to, \u017ee se do\u017e\u00edv\u00e1me vy\u0161\u0161\u00edho v\u011bku a i z pohledu t\u011bch progn\u00f3z, progn\u00f3z to tak bude velmi pravd\u011bpodobn\u011b i v t\u011bch p\u0159\u00ed\u0161t\u00edch zhruba 20, 30 letech, kdy st\u00e1le je\u0161t\u011b poroste ta doba do\u017eit\u00ed a ten druh\u00fd d\u016fle\u017eit\u00fd faktor je i ten, \u017ee p\u0159ech\u00e1z\u00edme pozd\u011bji na pracovn\u00ed trh ne\u017e na\u0161i rodi\u010de a prarodi\u010de. A z\u00e1rove\u0148 i ty jednotliv\u00e9 pracovn\u00ed pozice se m\u011bn\u00ed v tom charakteru n\u00e1ro\u010dnosti a dopadu na lidsk\u00e9 zdrav\u00ed, v tom, v \u010dem pracovali v t\u011bch provozech t\u0159eba na\u0161\u00ed d\u011bdov\u00e9, babi\u010dky nebo i na\u0161e rodi\u010de, v \u010dem pracujeme my dnes a v \u010dem pracuj\u00ed t\u0159eba na\u0161e d\u011bti, tak to se samoz\u0159ejm\u011b m\u011bn\u00ed v tom slova smyslu k lep\u0161\u00edmu z hlediska t\u00e9 eliminace t\u011bch negativn\u00edch dopad\u016f na to lidsk\u00e9 zdrav\u00ed, a to je taky jeden z faktor\u016f, kter\u00fd do ur\u010dit\u00e9 m\u00edry se tady prom\u00edt\u00e1, je nutn\u00e9ho ho zva\u017eovat, ale nen\u00ed shoda, nen\u00ed v tento okam\u017eik shoda, abychom \u0159ekli, \u017ee na tom parametru a na tom, jak se to m\u00e1 vyv\u00edjet, jak rychle, dynamicky, tak k tomu detailu jsme se takto \u00fapln\u011b dneska nedostali.<br \/><br \/>moder\u00e1tor<br \/>&#8212;&#8212;&#8212;&#8212;&#8212;&#8212;&#8211;<br \/>Ano, dob\u0159e, pan\u00ed p\u0159edsedkyn\u011b, bez ohledu na to, jestli se bude posouvat ka\u017ed\u00fd rok, ka\u017ed\u00fdch p\u011bt let atd. obecn\u00fd princip, do d\u016fchodu se mus\u00ed pozd\u011bji. To jste tam odk\u00fdvali nebo ne?<br \/><br \/>Alena Schillerov\u00e1, p\u0159edsedkyn\u011b poslaneck\u00e9ho klubu, m\u00edstop\u0159edsedkyn\u011b hnut\u00ed \/ANO\/<br \/>&#8212;&#8212;&#8212;&#8212;&#8212;&#8212;&#8211;<br \/>Ne, ne, shoda nen\u00ed naprosto, \u0159\u00edk\u00e1m, naprosto to \u0159\u00edk\u00e1m odpov\u011bdn\u011b, v\u011bcn\u011b. Sed\u011bli jsme tam, v\u00edte, co jsme \u0159ekli a co jsme, co jsme komentovali.<br \/><br \/>moder\u00e1tor<br \/>&#8212;&#8212;&#8212;&#8212;&#8212;&#8212;&#8211;<br \/>No, ono to nebylo z celodenn\u00edho v\u00fdboru jasn\u00fd.<br \/><br \/>Alena Schillerov\u00e1, p\u0159edsedkyn\u011b poslaneck\u00e9ho klubu, m\u00edstop\u0159edsedkyn\u011b hnut\u00ed \/ANO\/<br \/>&#8212;&#8212;&#8212;&#8212;&#8212;&#8212;&#8211;<br \/>My jsme se shodli na tom, \u017ee se mus\u00ed o tom, \u017ee se mus\u00ed mluvit o tom komplexu jako takov\u00e9m, \u017ee o n\u011bm chceme mluvit, nakonec to, \u017ee jsme se \u00fa\u010dastnili t\u00e9 sch\u016fzky, je jasn\u00e9, ale nemohla ani shoda b\u00fdt, proto\u017ee j\u00e1 jsem upozornila, \u017ee vl\u00e1da mus\u00ed schv\u00e1lit.<br \/><br \/>moder\u00e1tor<br \/>&#8212;&#8212;&#8212;&#8212;&#8212;&#8212;&#8211;<br \/>Ani na tom, jestli je nezbytn\u00e9 j\u00edt pozd\u011b, n\u011bjak pozd\u011bji, ale pozd\u011bji.<br \/><br \/>Alena Schillerov\u00e1, p\u0159edsedkyn\u011b poslaneck\u00e9ho klubu, m\u00edstop\u0159edsedkyn\u011b hnut\u00ed \/ANO\/<br \/>&#8212;&#8212;&#8212;&#8212;&#8212;&#8212;&#8211;<br \/>Nemohla b\u00fdt, pane redaktore, proto\u017ee vl\u00e1da mus\u00ed do 30. 6. schv\u00e1lit materi\u00e1l o tzv. udr\u017eitelnosti d\u016fchodov\u00e9ho syst\u00e9mu. Ten materi\u00e1l, jak zazn\u011blo od koleg\u016f z\u00a0<strong>MPSV<\/strong>, mysl\u00edm, \u017ee do 30. dubna p\u016fjde do p\u0159ipom\u00ednkov\u00e9ho \u0159\u00edzen\u00ed a ze strany pana prezidenta bylo apelov\u00e1no, zda by n\u00e1m mohl b\u00fdt poskytnut, d\u0159\u00edve, bylo p\u0159isl\u00edbeno, \u017ee aspo\u0148 n\u011bjak\u00e1 pracovn\u00ed verze, zda ty n\u00e1m bude poskytnuta do 15. dubna. A my se tam pod\u00edv\u00e1me, jak ta data vych\u00e1z\u00ed, to znamen\u00e1, jak je to tam s dobou do\u017eit\u00ed, jak\u00e1 je tam anal\u00fdza, jak se tam pracuje s dal\u0161\u00edmi faktory a sou\u010dasn\u011b spojenou n\u00e1dobou, a to byla v\u011bc, kter\u00e1 se diskutovala v podstat\u011b jakoby dohromady, spojenou n\u00e1dobou je i ten&#8230;sou\u010dasn\u00fd odchod, to taky ale p\u0159ed\u010dasn\u00e9 odchody u n\u00e1ro\u010dn\u00fdch profes\u00ed.<br \/>Kter\u00e9 byly vlastn\u011b vlo\u017eeny do z\u00e1kona a te\u010f tady nevedu \u017e\u00e1dn\u00e9 arbitr\u00e1rn\u00ed \u0159\u00edzen\u00ed, te\u010f \u0159\u00edk\u00e1m fakta a\u017e po skon\u010den\u00ed p\u0159ipom\u00ednkov\u00e9ho \u0159\u00edzen\u00ed, te\u010f jsou tam ur\u010dit\u00e9 faktory, kter\u00e9 byly vybr\u00e1ny.<br \/><br \/>moder\u00e1tor<br \/>&#8212;&#8212;&#8212;&#8212;&#8212;&#8212;&#8211;<br \/>A to ovliv\u0148uje to, jestli se bude chodit pozd\u011bji, nebo ne?<br \/><br \/>Alena Schillerov\u00e1, p\u0159edsedkyn\u011b poslaneck\u00e9ho klubu, m\u00edstop\u0159edsedkyn\u011b hnut\u00ed \/ANO\/<br \/>&#8212;&#8212;&#8212;&#8212;&#8212;&#8212;&#8211;<br \/>Ano, ovliv\u0148uje, proto\u017ee jestli\u017ee \u0159eknete A, za prv\u00e9 mus\u00edme vid\u011bt ta data, na z\u00e1klad\u011b kter\u00fdch byl stanoven zp\u016fsob, kter\u00fd zvolila z\u00a0<strong>MPSV<\/strong>, my jsme tam samoz\u0159ejm\u011b debatovali, nev\u00edm, jestli ta debata u\u017e nebude moc technick\u00e1, ale kdy\u017e mi dovol\u00edte, tak to \u0159eknu, my jsme tam debatovali i zp\u016fsob, jak\u00fdm k tomu p\u0159istoupilo\u00a0<strong>MPSV<\/strong>, n\u00e1m se nel\u00edb\u00ed. Ten te\u010f nech\u00e1m b\u00fdt, ale jsou to spojen\u00e9 n\u00e1doby. P\u0159ece, kdy\u017e vy \u0159eknete, \u017ee n\u011bjak\u00e9 profese a mus\u00edte v\u011bd\u011bt, na z\u00e1klad\u011b \u010deho, na z\u00e1klad\u011b jak\u00fdch dat, jestli je to nutn\u00e9, maj\u00ed si posunout, m\u00e1 se posunout v\u011bk odchodu do d\u016fchodu, tak mus\u00edte sou\u010dasn\u011b \u0159\u00edct, \u017ee cel\u00e9 \u0159ady profes\u00ed se to t\u00fdkat nem\u016f\u017ee. No, a toto je debata. A zase n\u00e1m byly poskytnuty n\u011bjak\u00e1 data a my jsme recipro\u010dn\u011b&#8230;<br \/><br \/>moder\u00e1tor<br \/>&#8212;&#8212;&#8212;&#8212;&#8212;&#8212;&#8211;<br \/>Po\u010dk\u00e1te na konkr\u00e9tn\u00ed data.<br \/><br \/>Alena Schillerov\u00e1, p\u0159edsedkyn\u011b poslaneck\u00e9ho klubu, m\u00edstop\u0159edsedkyn\u011b hnut\u00ed \/ANO\/<br \/>&#8212;&#8212;&#8212;&#8212;&#8212;&#8212;&#8211;<br \/>P\u0159isl\u00edbili, p\u0159isl\u00edbili na\u0161e p\u0159ipom\u00ednky, a\u0165 jsem skute\u010dn\u011b spravedliv\u00e1.<br \/><br \/><\/p>\n","protected":false},"excerpt":{"rendered":"<div class=\"mh-excerpt\"><p>\u010cT 24&nbsp; Marian Jure\u010dka,\u00a0ministr\u00a0pr\u00e1ce\u00a0a soci\u00e1ln\u00edch v\u011bc\u00ed \/KDU-\u010cSL\/&#8212;&#8212;&#8212;&#8212;&#8212;&#8212;&#8211;\/\u017eiv\u011b Olomouc\/ Ale zazn\u011bly samoz\u0159ejm\u011b potom v t\u00e9 n\u00e1sleduj\u00edc\u00ed debat\u011b ty aspekty pohledu na to, jestli to m\u00e1 b\u00fdt <a class=\"mh-excerpt-more\" href=\"https:\/\/www.invarena.cz\/?p=47576\" title=\"Schillerov\u00e1 o neshod\u011b na zvy\u0161ov\u00e1n\u00ed penzijn\u00edho v\u011bku\">[&#8230;]<\/a><\/p>\n<\/div>","protected":false},"author":1,"featured_media":43466,"comment_status":"open","ping_status":"closed","sticky":false,"template":"","format":"standard","meta":{"footnotes":""},"categories":[12],"tags":[],"class_list":["post-47576","post","type-post","status-publish","format-standard","has-post-thumbnail","hentry","category-rozhovory"],"_links":{"self":[{"href":"https:\/\/www.invarena.cz\/index.php?rest_route=\/wp\/v2\/posts\/47576","targetHints":{"allow":["GET"]}}],"collection":[{"href":"https:\/\/www.invarena.cz\/index.php?rest_route=\/wp\/v2\/posts"}],"about":[{"href":"https:\/\/www.invarena.cz\/index.php?rest_route=\/wp\/v2\/types\/post"}],"author":[{"embeddable":true,"href":"https:\/\/www.invarena.cz\/index.php?rest_route=\/wp\/v2\/users\/1"}],"replies":[{"embeddable":true,"href":"https:\/\/www.invarena.cz\/index.php?rest_route=%2Fwp%2Fv2%2Fcomments&post=47576"}],"version-history":[{"count":0,"href":"https:\/\/www.invarena.cz\/index.php?rest_route=\/wp\/v2\/posts\/47576\/revisions"}],"wp:featuredmedia":[{"embeddable":true,"href":"https:\/\/www.invarena.cz\/index.php?rest_route=\/wp\/v2\/media\/43466"}],"wp:attachment":[{"href":"https:\/\/www.invarena.cz\/index.php?rest_route=%2Fwp%2Fv2%2Fmedia&parent=47576"}],"wp:term":[{"taxonomy":"category","embeddable":true,"href":"https:\/\/www.invarena.cz\/index.php?rest_route=%2Fwp%2Fv2%2Fcategories&post=47576"},{"taxonomy":"post_tag","embeddable":true,"href":"https:\/\/www.invarena.cz\/index.php?rest_route=%2Fwp%2Fv2%2Ftags&post=47576"}],"curies":[{"name":"wp","href":"https:\/\/api.w.org\/{rel}","templated":true}]}}