{"id":47667,"date":"2024-04-05T12:33:36","date_gmt":"2024-04-05T10:33:36","guid":{"rendered":"https:\/\/www.invarena.cz\/?p=47667"},"modified":"2024-04-05T12:33:37","modified_gmt":"2024-04-05T10:33:37","slug":"jsem-po-amputaci-na-co-vsechno-mam-narok","status":"publish","type":"post","link":"https:\/\/www.invarena.cz\/?p=47667","title":{"rendered":"Jsem po amputaci. Na co v\u0161echno m\u00e1m n\u00e1rok?"},"content":{"rendered":"\n<p>?<strong>Dotaz:<\/strong>\u2028<\/p>\n\n\n\n<p>Kdy\u017e jsem m\u011bl prvn\u00ed amputaci doln\u00ed kon\u010detiny, dostal jsem od soci\u00e1lky\u2028n\u011bjak\u00e9 pen\u00edze \u010di p\u0159\u00edsp\u011bv\u011bk.\u2028- te\u010f mi ud\u011blali i druhou amputaci a na soci\u00e1lce mi \u0159ekli, \u017ee u\u017e na\u2028dal\u0161\u00ed nem\u00e1m n\u00e1rok. Je toto tvrzen\u00ed pravdiv\u00e9 \u010di nikoli?\u2028- Krom toho jsem ve starobn\u00edm d\u016fchodu. Na co v\u0161echno m\u00e1m n\u00e1rok krom\u2028onoho d\u016fchodu a kam \u010di na koho se m\u00e1m obr\u00e1tit o pomoc?<\/p>\n\n\n\n<p><strong>Odpov\u011b\u010f<\/strong>:<\/p>\n\n\n\n<p>Pokud V\u00e1m byl na z\u00e1klad\u011b amputace kon\u010detiny p\u0159izn\u00e1n p\u0159\u00edsp\u011bvek na<br \/>po\u0159\u00edzen\u00ed motorov\u00e9ho vozidla, m\u00e1te na op\u011btovn\u00e9 p\u0159izn\u00e1n\u00ed p\u0159\u00edsp\u011bvku n\u00e1rok<br \/>po uplynut\u00ed sedmi let od jeho p\u0159izn\u00e1n\u00ed.<\/p>\n\n\n\n<p>Z Va\u0161eho dotazu nen\u00ed jasn\u00e9, jak\u00e9 soci\u00e1ln\u00ed d\u00e1vky pob\u00edr\u00e1te.<\/p>\n\n\n\n<p>D\u00e1le m\u00e1te n\u00e1rok na invalidn\u00ed \u010di starobn\u00ed d\u016fchod. Pokud pot\u0159ebujete pomoc<br \/>druh\u00e9 osoby p\u0159i zvl\u00e1d\u00e1n\u00ed b\u011b\u017en\u00fdch denn\u00edch aktivit, m\u016f\u017eete na \u00daP v m\u00edst\u011b<br \/>Va\u0161eho bydli\u0161t\u011b po\u017e\u00e1dat o p\u0159izn\u00e1n\u00ed p\u0159\u00edsp\u011bvku na p\u00e9\u010di. D\u00e1le m\u016f\u017eete<br \/>po\u017e\u00e1dat na \u00daP o p\u0159izn\u00e1n\u00ed pr\u016fkazu osoby se zdravotn\u00edm posti\u017een\u00edm a o<br \/>p\u0159\u00edsp\u011bvek na mobilitu. Podm\u00ednkou n\u00e1roku na p\u0159\u00edsp\u011bvek na mobilitu je<br \/>p\u0159izn\u00e1n\u00ed pr\u016fkazu ZTP \u010di ZTP\/P.<\/p>\n","protected":false},"excerpt":{"rendered":"<div class=\"mh-excerpt\"><p>?Dotaz:\u2028 Kdy\u017e jsem m\u011bl prvn\u00ed amputaci doln\u00ed kon\u010detiny, dostal jsem od soci\u00e1lky\u2028n\u011bjak\u00e9 pen\u00edze \u010di p\u0159\u00edsp\u011bv\u011bk.\u2028- te\u010f mi ud\u011blali i druhou amputaci a na soci\u00e1lce mi <a class=\"mh-excerpt-more\" href=\"https:\/\/www.invarena.cz\/?p=47667\" title=\"Jsem po amputaci. Na co v\u0161echno m\u00e1m n\u00e1rok?\">[&#8230;]<\/a><\/p>\n<\/div>","protected":false},"author":1,"featured_media":14066,"comment_status":"open","ping_status":"closed","sticky":false,"template":"","format":"standard","meta":{"footnotes":""},"categories":[18],"tags":[],"class_list":["post-47667","post","type-post","status-publish","format-standard","has-post-thumbnail","hentry","category-poradna"],"_links":{"self":[{"href":"https:\/\/www.invarena.cz\/index.php?rest_route=\/wp\/v2\/posts\/47667","targetHints":{"allow":["GET"]}}],"collection":[{"href":"https:\/\/www.invarena.cz\/index.php?rest_route=\/wp\/v2\/posts"}],"about":[{"href":"https:\/\/www.invarena.cz\/index.php?rest_route=\/wp\/v2\/types\/post"}],"author":[{"embeddable":true,"href":"https:\/\/www.invarena.cz\/index.php?rest_route=\/wp\/v2\/users\/1"}],"replies":[{"embeddable":true,"href":"https:\/\/www.invarena.cz\/index.php?rest_route=%2Fwp%2Fv2%2Fcomments&post=47667"}],"version-history":[{"count":0,"href":"https:\/\/www.invarena.cz\/index.php?rest_route=\/wp\/v2\/posts\/47667\/revisions"}],"wp:featuredmedia":[{"embeddable":true,"href":"https:\/\/www.invarena.cz\/index.php?rest_route=\/wp\/v2\/media\/14066"}],"wp:attachment":[{"href":"https:\/\/www.invarena.cz\/index.php?rest_route=%2Fwp%2Fv2%2Fmedia&parent=47667"}],"wp:term":[{"taxonomy":"category","embeddable":true,"href":"https:\/\/www.invarena.cz\/index.php?rest_route=%2Fwp%2Fv2%2Fcategories&post=47667"},{"taxonomy":"post_tag","embeddable":true,"href":"https:\/\/www.invarena.cz\/index.php?rest_route=%2Fwp%2Fv2%2Ftags&post=47667"}],"curies":[{"name":"wp","href":"https:\/\/api.w.org\/{rel}","templated":true}]}}