{"id":47711,"date":"2024-04-05T20:18:41","date_gmt":"2024-04-05T18:18:41","guid":{"rendered":"https:\/\/www.invarena.cz\/?p=47711"},"modified":"2024-04-05T20:18:42","modified_gmt":"2024-04-05T18:18:42","slug":"charitni-odlehcovaci-sluzby-v-mikulovicich-pomahaji-rodinam-nabizi-dopravu-domu","status":"publish","type":"post","link":"https:\/\/www.invarena.cz\/?p=47711","title":{"rendered":"Charitn\u00ed odleh\u010dovac\u00ed slu\u017eby v Mikulovic\u00edch pom\u00e1haj\u00ed rodin\u00e1m. Nab\u00edz\u00ed dopravu dom\u016f"},"content":{"rendered":"\n<p>Pe\u010dovat o bl\u00edzk\u00e9 s omezen\u00edmi m\u016f\u017ee b\u00fdt v\u00fdzvou, zejm\u00e9na pokud m\u00e1te dal\u0161\u00ed povinnosti. Charitn\u00ed odleh\u010dovac\u00ed slu\u017eby v Mikulovic\u00edch p\u0159in\u00e1\u0161ej\u00ed \u0159e\u0161en\u00ed, kter\u00e9 pom\u00e1h\u00e1 rodin\u00e1m udr\u017eet rovnov\u00e1hu mezi p\u00e9\u010d\u00ed o sv\u00e9 milovan\u00e9 a vlastn\u00edmi pot\u0159ebami.<\/p>\n\n\n\n<p>Star\u00e1te se o sv\u00e9 rodi\u010de, prarodi\u010de, bl\u00edzk\u00e9? Jste v situaci, kdy nem\u016f\u017eou z\u016fstat sami doma bez va\u0161\u00ed pomoci? Pot\u0159ebujete si odpo\u010dinout, odleh\u010dit od n\u00e1ro\u010dn\u00e9 p\u00e9\u010de?<\/p>\n\n\n\n<p>Kdy\u017e pe\u010duj\u00edc\u00ed p\u0159es den chod\u00ed do zam\u011bstn\u00e1n\u00ed, \u010di m\u00e1 jin\u00e9 povinnosti, a jeho bl\u00edzc\u00ed nemohou z\u016fstat sami doma, je \u010dlov\u011bk postaven p\u0159ed zd\u00e1nliv\u011b ne\u0159e\u0161iteln\u00fd probl\u00e9m\u2026 Z\u00e1vazky k milovan\u00fdm nav\u00edc mohou b\u00fdt i fyzicky \u010di psychicky n\u00e1ro\u010dn\u00e9. Na slova \u201epot\u0159ebuji si na chvilku odpo\u010dinout\u201c m\u00e1 n\u00e1rok ka\u017ed\u00fd z n\u00e1s.<\/p>\n\n\n\n<p>Oblastn\u00ed charita Pardubice nab\u00edz\u00ed \u0159e\u0161en\u00ed \u2013 ambulantn\u00ed formu Charitn\u00edch odleh\u010dovac\u00edch slu\u017eeb \u010cerv\u00e1nky v Mikulovic\u00edch\u2026<\/p>\n\n\n\n<p>Jak to funguje? Jednodu\u0161e\u2026 Pro va\u0161eho bl\u00edzk\u00e9ho v dohodnut\u00e9m \u010dase p\u0159ijede \u0159idi\u010d speci\u00e1ln\u00edho svozov\u00e9ho auta doveze jej z domova na st\u0159edisko v Mikulovic\u00edch. Zdej\u0161\u00ed slu\u017eby \u201eodleh\u010duj\u00ed\u201c rodin\u00e1m pe\u010duj\u00edc\u00edm o sv\u00e9 bl\u00edzk\u00e9 od pond\u011bl\u00ed do p\u00e1tku od 7 do 17 hodin. V\u0161e je v\u0161ak individu\u00e1ln\u00ed. Uzav\u0159\u00edt smlouvu o p\u00e9\u010di lze tak\u00e9 na jednotliv\u00e9 dny v t\u00fddnu a stejn\u00e9 je to i s rozsahem p\u00e9\u010de, v\u017edy se se soci\u00e1ln\u00edm pracovn\u00edkem dohodnete, co Va\u0161i bl\u00edzc\u00ed pot\u0159ebuj\u00ed. Doprava do st\u0159ediska a zp\u011bt je poskytov\u00e1na zdarma, ochotn\u00ed \u0159idi\u010di pom\u00e1haj\u00ed, asistuj\u00ed p\u0159i n\u00e1stupu, v\u00fdstupu, automobily jsou upraveny pro p\u0159epravu voz\u00ed\u010dk\u00e1\u0159\u016f a osob s pohybov\u00fdmi omezen\u00edmi.<\/p>\n\n\n\n<p>V Mikulovic\u00edch p\u00e9\u010di o va\u0161e bl\u00edzk\u00e9 p\u0159eb\u00edraj\u00ed vl\u00eddn\u00e9 a profesion\u00e1ln\u00ed pe\u010dovatelky \u010cerv\u00e1nk\u016f. Podle nasmlouvan\u00e9 p\u00e9\u010de mohou pomoci nap\u0159\u00edklad s osobn\u00ed hygienou, p\u0159i pou\u017eit\u00ed WC, s p\u00e9\u010d\u00ed o vlasy a nehty, p\u0159i pod\u00e1v\u00e1n\u00ed j\u00eddla (sn\u00eddan\u011b, sva\u010diny, ob\u011bda), s obl\u00e9k\u00e1n\u00edm a pou\u017e\u00edv\u00e1n\u00edm speci\u00e1ln\u00edch pom\u016fcek, p\u0159i p\u0159esunu na l\u016f\u017eko a voz\u00edk a p\u0159i samostatn\u00e9m pohybu v are\u00e1lu a p\u0159i proch\u00e1zk\u00e1ch.<\/p>\n\n\n\n<p>V p\u0159\u00edpad\u011b pot\u0159eby do st\u0159ediska zaj\u00ed\u017ed\u011bj\u00ed zdravotn\u00ed sestry charitn\u00ed Dom\u00e1c\u00ed zdravotn\u00ed p\u00e9\u010de. Pro klienty je p\u0159ipravena odd\u011blen\u00e1 m\u00edstnost s l\u016f\u017eky pro odpo\u010dinek b\u011bhem dne.<\/p>\n\n\n\n<p>Na mikulovick\u00e9 fa\u0159e, kde slu\u017eby s\u00eddl\u00ed, nezapom\u00ednaj\u00ed ani na kulturn\u00ed programy a spole\u010densk\u00e9 hry. Z\u00e1jemci se mohou \u00fa\u010dastnit ka\u017ed\u00fd t\u00fdden tak\u00e9 m\u0161e svat\u00e9 p\u0159\u00edmo na st\u0159edisku \u010di jednou za 14 dn\u00ed obl\u00edben\u00e9ho v\u00fdtvarn\u00e9ho tvo\u0159en\u00ed. Klient\u016fm se tu v\u011bnuj\u00ed individu\u00e1ln\u011b. V\u0161e je dobrovoln\u00e9 tak, aby se \u017eivot zde bl\u00ed\u017eil co nejv\u00edce tomu, na co jsou Va\u0161i bl\u00edzc\u00ed zvykl\u00ed ze sv\u00e9ho domova. V mikulovick\u00fdch \u010cerv\u00e1nc\u00edch nab\u00edzej\u00ed tak\u00e9 proch\u00e1zky a pobyt v p\u0159\u00edjemn\u00e9m venkovn\u00edm prost\u0159ed\u00ed s velkou zahradou, pergolou. V programu zde nechyb\u00ed individu\u00e1ln\u00ed aktiviza\u010dn\u00ed a terapeutick\u00e9 \u010dinnosti, podpora motorick\u00fdch, psychick\u00fdch a soci\u00e1ln\u00edch dovednost\u00ed, nab\u00eddka pravideln\u00e9ho spole\u010dn\u00e9ho zp\u00edv\u00e1n\u00ed, her \u010di v\u00fdtvarn\u00e9ho tvo\u0159en\u00ed.<\/p>\n\n\n\n<p>Ve\u0159ejnost ob\u010das mikulovick\u00fdm odleh\u010dovac\u00edm slu\u017eb\u00e1m hovorov\u011b \u0159\u00edk\u00e1 \u201e\u0161kolka pro seniory\u201c. Od pe\u010dovatelek v Mikulovic\u00edch v\u0161ak toto neusly\u0161\u00edte, k va\u0161im bl\u00edzk\u00fdm se chovaj\u00ed s \u00factou a respektem. Jedna v\u011bc je v\u0161ak podobn\u00e1 jako ve \u0161kolce, maj\u00ed tu Va\u0161e bl\u00edzk\u00e9 prost\u011b r\u00e1di.<\/p>\n\n\n\n<p>Aktu\u00e1ln\u011b mikulovick\u00e9 odleh\u010dovac\u00ed slu\u017eby nab\u00edzej\u00ed volnou kapacitu, vedouc\u00ed st\u0159ediska se V\u00e1m r\u00e1da bude telefonicky i osobn\u011b v\u011bnovat. Kontakt: Jana Kom\u00e1rkov\u00e1, vedouc\u00ed st\u0159ediska, 730 529 527, jkomarkova@charitapardubice.cz, <a href=\"http:\/\/www.pardubice.charita.cz\" target=\"_blank\" rel=\"noreferrer noopener\">www.pardubice.charita.cz<\/a>.<\/p>\n\n\n\n<p>Jan Lohynsk\u00fd<\/p>\n\n\n\n<p>Pardubick\u00fd den\u00edk<\/p>\n\n\n\n<p><a href=\"https:\/\/pardubicky.denik.cz\/\" target=\"_blank\" rel=\"noreferrer noopener\">https:\/\/pardubicky.denik.cz\/<\/a><\/p>\n","protected":false},"excerpt":{"rendered":"<div class=\"mh-excerpt\"><p>Pe\u010dovat o bl\u00edzk\u00e9 s omezen\u00edmi m\u016f\u017ee b\u00fdt v\u00fdzvou, zejm\u00e9na pokud m\u00e1te dal\u0161\u00ed povinnosti. Charitn\u00ed odleh\u010dovac\u00ed slu\u017eby v Mikulovic\u00edch p\u0159in\u00e1\u0161ej\u00ed \u0159e\u0161en\u00ed, kter\u00e9 pom\u00e1h\u00e1 rodin\u00e1m udr\u017eet rovnov\u00e1hu <a class=\"mh-excerpt-more\" href=\"https:\/\/www.invarena.cz\/?p=47711\" title=\"Charitn\u00ed odleh\u010dovac\u00ed slu\u017eby v Mikulovic\u00edch pom\u00e1haj\u00ed rodin\u00e1m. Nab\u00edz\u00ed dopravu dom\u016f\">[&#8230;]<\/a><\/p>\n<\/div>","protected":false},"author":1,"featured_media":19048,"comment_status":"open","ping_status":"closed","sticky":false,"template":"","format":"standard","meta":{"footnotes":""},"categories":[9],"tags":[],"class_list":["post-47711","post","type-post","status-publish","format-standard","has-post-thumbnail","hentry","category-zpravy"],"_links":{"self":[{"href":"https:\/\/www.invarena.cz\/index.php?rest_route=\/wp\/v2\/posts\/47711","targetHints":{"allow":["GET"]}}],"collection":[{"href":"https:\/\/www.invarena.cz\/index.php?rest_route=\/wp\/v2\/posts"}],"about":[{"href":"https:\/\/www.invarena.cz\/index.php?rest_route=\/wp\/v2\/types\/post"}],"author":[{"embeddable":true,"href":"https:\/\/www.invarena.cz\/index.php?rest_route=\/wp\/v2\/users\/1"}],"replies":[{"embeddable":true,"href":"https:\/\/www.invarena.cz\/index.php?rest_route=%2Fwp%2Fv2%2Fcomments&post=47711"}],"version-history":[{"count":0,"href":"https:\/\/www.invarena.cz\/index.php?rest_route=\/wp\/v2\/posts\/47711\/revisions"}],"wp:featuredmedia":[{"embeddable":true,"href":"https:\/\/www.invarena.cz\/index.php?rest_route=\/wp\/v2\/media\/19048"}],"wp:attachment":[{"href":"https:\/\/www.invarena.cz\/index.php?rest_route=%2Fwp%2Fv2%2Fmedia&parent=47711"}],"wp:term":[{"taxonomy":"category","embeddable":true,"href":"https:\/\/www.invarena.cz\/index.php?rest_route=%2Fwp%2Fv2%2Fcategories&post=47711"},{"taxonomy":"post_tag","embeddable":true,"href":"https:\/\/www.invarena.cz\/index.php?rest_route=%2Fwp%2Fv2%2Ftags&post=47711"}],"curies":[{"name":"wp","href":"https:\/\/api.w.org\/{rel}","templated":true}]}}