{"id":48030,"date":"2024-04-15T06:25:56","date_gmt":"2024-04-15T04:25:56","guid":{"rendered":"https:\/\/www.invarena.cz\/?p=48030"},"modified":"2024-04-15T06:26:00","modified_gmt":"2024-04-15T04:26:00","slug":"hnuti-ano-se-nakonec-rozhodlo-nepodporit-posunuti-hranice-veku-pro-odchod-do-duchodu","status":"publish","type":"post","link":"https:\/\/www.invarena.cz\/?p=48030","title":{"rendered":"Hnut\u00ed ANO se nakonec rozhodlo nepodpo\u0159it posunut\u00ed hranice v\u011bku pro odchod do d\u016fchodu\u00a0\u00a0"},"content":{"rendered":"\n<p><\/p>\n\n\n\n<p>Hnut\u00ed ANO nakonec nechce podpo\u0159it posunut\u00ed hranice v\u011bku pro odchod do d\u016fchodu. M\u00edstop\u0159edsedkyn\u011b opozi\u010dn\u00edho hnut\u00ed Alena Schillerov\u00e1 to dnes \u0159ekla \u010cesk\u00e9 televizi. P\u0159ed p\u00e1r t\u00fddny se p\u0159itom z\u00e1stupci vl\u00e1dy a pr\u00e1v\u011b hnut\u00ed ANO shodli, \u017ee v\u011bk odchodu do d\u016fchodu bude pot\u0159eba posunout. Ministerstvo pr\u00e1ce podle Schillerov\u00e9 vych\u00e1z\u00ed z nedostate\u010dn\u00fdch propo\u010dt\u016f a st\u00e1tn\u00ed rozpo\u010det podle n\u00ed m\u016f\u017ee st\u00e1rnut\u00ed populace zvl\u00e1dnout i tak.<br \/><br \/>Alena Schillerov\u00e1, p\u0159edsedkyn\u011b poslaneck\u00e9ho klubu, m\u00edstop\u0159edsedkyn\u011b hnut\u00ed \/ANO\/<br \/>&#8212;&#8212;&#8212;&#8212;&#8212;&#8212;&#8211;<br \/>Ano, my se v dob\u011b, kdy n\u00e1m p\u016fjdou do d\u016fchodu tzv. Hus\u00e1kovy d\u011bti, tak se dostaneme skute\u010dn\u011b do probl\u00e9m\u016f, v tuto chv\u00edli vyd\u00e1v\u00e1me na d\u016fchody asi 8 % HDP. I v tom peaku bychom vyd\u00e1vali n\u011bjak\u00fdch 11,1 %. O 3 % HDP, co\u017e bez probl\u00e9m\u016f zvl\u00e1dneme, to znamen\u00e1, \u017ee pro\u010d se vol\u00ed tato cesta?<br \/><br \/>moder\u00e1torka<br \/>&#8212;&#8212;&#8212;&#8212;&#8212;&#8212;&#8211;<br \/><strong>Ministra<\/strong>&nbsp;<strong>pr\u00e1ce<\/strong>&nbsp;a soci\u00e1ln\u00edch v\u011bc\u00ed Mariana Jure\u010dku z KDU-\u010cSL rozhodnut\u00ed hnut\u00ed ANO p\u0159ekvapilo. Je ale p\u0159ipraven\u00fd hledat shodu alespo\u0148 na jin\u00fdch parametrech.<br \/><\/p>\n","protected":false},"excerpt":{"rendered":"<div class=\"mh-excerpt\"><p>Hnut\u00ed ANO nakonec nechce podpo\u0159it posunut\u00ed hranice v\u011bku pro odchod do d\u016fchodu. M\u00edstop\u0159edsedkyn\u011b opozi\u010dn\u00edho hnut\u00ed Alena Schillerov\u00e1 to dnes \u0159ekla \u010cesk\u00e9 televizi. P\u0159ed p\u00e1r t\u00fddny <a class=\"mh-excerpt-more\" href=\"https:\/\/www.invarena.cz\/?p=48030\" title=\"Hnut\u00ed ANO se nakonec rozhodlo nepodpo\u0159it posunut\u00ed hranice v\u011bku pro odchod do d\u016fchodu\u00a0\u00a0\">[&#8230;]<\/a><\/p>\n<\/div>","protected":false},"author":1,"featured_media":43466,"comment_status":"open","ping_status":"closed","sticky":false,"template":"","format":"standard","meta":{"footnotes":""},"categories":[6],"tags":[],"class_list":["post-48030","post","type-post","status-publish","format-standard","has-post-thumbnail","hentry","category-politika"],"_links":{"self":[{"href":"https:\/\/www.invarena.cz\/index.php?rest_route=\/wp\/v2\/posts\/48030","targetHints":{"allow":["GET"]}}],"collection":[{"href":"https:\/\/www.invarena.cz\/index.php?rest_route=\/wp\/v2\/posts"}],"about":[{"href":"https:\/\/www.invarena.cz\/index.php?rest_route=\/wp\/v2\/types\/post"}],"author":[{"embeddable":true,"href":"https:\/\/www.invarena.cz\/index.php?rest_route=\/wp\/v2\/users\/1"}],"replies":[{"embeddable":true,"href":"https:\/\/www.invarena.cz\/index.php?rest_route=%2Fwp%2Fv2%2Fcomments&post=48030"}],"version-history":[{"count":0,"href":"https:\/\/www.invarena.cz\/index.php?rest_route=\/wp\/v2\/posts\/48030\/revisions"}],"wp:featuredmedia":[{"embeddable":true,"href":"https:\/\/www.invarena.cz\/index.php?rest_route=\/wp\/v2\/media\/43466"}],"wp:attachment":[{"href":"https:\/\/www.invarena.cz\/index.php?rest_route=%2Fwp%2Fv2%2Fmedia&parent=48030"}],"wp:term":[{"taxonomy":"category","embeddable":true,"href":"https:\/\/www.invarena.cz\/index.php?rest_route=%2Fwp%2Fv2%2Fcategories&post=48030"},{"taxonomy":"post_tag","embeddable":true,"href":"https:\/\/www.invarena.cz\/index.php?rest_route=%2Fwp%2Fv2%2Ftags&post=48030"}],"curies":[{"name":"wp","href":"https:\/\/api.w.org\/{rel}","templated":true}]}}