{"id":48032,"date":"2024-05-05T13:57:56","date_gmt":"2024-05-05T11:57:56","guid":{"rendered":"https:\/\/www.invarena.cz\/?p=48032"},"modified":"2024-05-05T13:59:11","modified_gmt":"2024-05-05T11:59:11","slug":"diskuze-v-ovm-o-penzijni-reforme","status":"publish","type":"post","link":"https:\/\/www.invarena.cz\/?p=48032","title":{"rendered":"Diskuze v OVM o penzijn\u00ed reform\u011b\u00a0\u00a0"},"content":{"rendered":"\n<p>\u010cT 24\u00a0&#8211; Ot\u00e1zky V\u00e1clava Moravce <br \/><br \/>Kde kon\u010d\u00ed pr\u00e1va zam\u011bstnanc\u016f a za\u010d\u00ednaj\u00ed pr\u00e1va zam\u011bstnavatel\u016f. Diskuse Mariana Jure\u010dky, Aleny Schillerov\u00e9 a Josefa St\u0159eduly.<br \/><br \/>Sociologov\u00e9 v posledn\u00ed vln\u011b trend\u016f \u010ceska 2024 zkoumali, zda lid\u00e9 v\u016fbec v\u011bd\u00ed, jak\u00e9 zm\u011bny chyst\u00e1 vl\u00e1da v penzijn\u00ed reform\u011b. V\u011bt\u0161ina dosp\u011bl\u00fdch obyvatel \u010cesk\u00e9 republiky m\u00e1 jen velmi hrubou p\u0159edstavu o n\u00e1vrhu penzijn\u00ed reformy, kterou se chyst\u00e1 p\u0159edstavit Marian Jure\u010dka.<br \/><br \/>Nikola Kop\u00e1\u010dov\u00e1, analyti\u010dka Kantar CZ<br \/>&#8212;&#8212;&#8212;&#8212;&#8212;&#8212;&#8211;<br \/>\u010ctvrtina lid\u00ed dokonce v\u016fbec netu\u0161\u00ed, s \u010d\u00edm vl\u00e1da p\u0159i\u0161la a o co p\u0159esn\u011b se jedn\u00e1. Jak\u00e9 budou ty navrhovan\u00e9 zm\u011bny, tak to v\u00ed zcela p\u0159esn\u011b asi jenom p\u011btina obyvatel. V\u011bt\u0161\u00ed pov\u011bdom\u00ed o t\u011bch navrhovan\u00fdch zm\u011bn\u00e1ch maj\u00ed lid\u00e9 ze star\u0161\u00ed generace a tak\u00e9 podporovatel\u00e9 ODS a nadpr\u016fm\u011brnou znalost zase prokazuj\u00ed voli\u010di ANO a P\u0159\u00edsahy. A naopak podpr\u016fm\u011brn\u00e9 pov\u011bdom\u00ed o t\u011bch zm\u011bn\u00e1ch maj\u00ed ti s nejni\u017e\u0161\u00edm dosa\u017een\u00fdm vzd\u011bl\u00e1n\u00edm.<br \/><br \/>V\u00e1clav Moravec, moder\u00e1tor \u010cT<br \/>&#8212;&#8212;&#8212;&#8212;&#8212;&#8212;&#8211;<br \/>A kter\u00e9 z t\u011bch p\u0159edstaven\u00fdch zm\u011bn maj\u00ed nejv\u011bt\u0161\u00ed, \u0159ekn\u011bme, obavy na stran\u011b ve\u0159ejnosti? Tady jsou op\u011bt slova n\u011bkolik Kop\u00e1\u010dov\u00e9.<br \/><br \/>Nikola Kop\u00e1\u010dov\u00e1, analyti\u010dka Kantar CZ<br \/>&#8212;&#8212;&#8212;&#8212;&#8212;&#8212;&#8211;<br \/>Nejv\u00edce se lid\u00e9 ob\u00e1vaj\u00ed pomalej\u0161\u00edho navy\u0161ov\u00e1n\u00ed d\u016fchod\u016f. U t\u00e9to zm\u011bny to uv\u00e1d\u011bli zejm\u00e9na \u017eeny a pak tak\u00e9 lid\u00e9 z nejstar\u0161\u00ed generace a tak\u00e9 ti s nejni\u017e\u0161\u00edm dosa\u017een\u00fdm vzd\u011bl\u00e1n\u00edm. Na druh\u00e9m m\u00edst\u011b se pak ob\u00e1vaj\u00ed zvy\u0161ov\u00e1n\u00ed v\u011bku odchodu do d\u016fchod\u016f podle o\u010dek\u00e1van\u00e9 d\u00e9lky do\u017eit\u00ed, no a necel\u00e1 polovina obyvatel se ob\u00e1v\u00e1 p\u0159\u00edsn\u011bj\u0161\u00edch podm\u00ednek pro p\u0159ed\u010dasn\u00e9 d\u016fchody.<br \/><br \/>V\u00e1clav Moravec, moder\u00e1tor \u010cT<br \/>&#8212;&#8212;&#8212;&#8212;&#8212;&#8212;&#8211;<br \/>Dod\u00e1v\u00e1 v rozhovoru pro dne\u0161n\u00ed ot\u00e1zky Nikola Kop\u00e1\u010dov\u00e1, spoluautorka Trend\u016f \u010ceska 2024. P\u0159ipom\u00edn\u00e1m, \u017ee sociologick\u00e9 \u0161et\u0159en\u00ed Trendy \u010ceska se uskute\u010dnilo mezi 18. b\u0159eznem a\u017e 5. dubnem a dotazov\u00e1n\u00ed se z\u00fa\u010dastnilo 1200 respondent\u016f. P\u0159ipom\u00edn\u00e1m, \u017ee na\u0161imi hosty z\u016fst\u00e1vaj\u00ed vicepremi\u00e9r,\u00a0<strong>ministr<\/strong>\u00a0<strong>pr\u00e1ce<\/strong>\u00a0a soci\u00e1ln\u00edch v\u011bc\u00ed a p\u0159edseda lidovc\u016f Marian Jure\u010dka, p\u0159edsedkyn\u011b poslaneck\u00e9ho klubu hnut\u00ed ANO, exministryn\u011b financ\u00ed Alena Schillerov\u00e1 a p\u0159edseda \u010ceskomoravsk\u00e9 konfederace odborov\u00fdch svaz\u016f Josef St\u0159edula. D\u00e1mo a p\u00e1nov\u00e9, je\u0161t\u011b jednou v\u00edtejte ve druh\u00e9 hodin\u011b Ot\u00e1zek na \u010dty\u0159iadvac\u00edtku. Co jste \u0159\u00edkal, pane vicepremi\u00e9re, na to m\u00edn\u011bn\u00ed ve\u0159ejnosti.<br \/><br \/>Marian JURE\u010cKA, vicepremi\u00e9r,\u00a0<strong>ministr<\/strong>\u00a0<strong>pr\u00e1ce<\/strong>\u00a0a soci\u00e1ln\u00edch v\u011bc\u00ed, p\u0159edseda strany \/KDU-\u010cSL\/<br \/>&#8212;&#8212;&#8212;&#8212;&#8212;&#8212;&#8211;<br \/>Tak v z\u00e1sad\u011b to asi nevybo\u010duje z toho, kdybychom se ptali t\u0159eba na jin\u00e1 t\u00e9mata, kter\u00e1 by byla t\u0159eba spojen\u00e1 s ot\u00e1zkou da\u0148ov\u00fdch z\u00e1le\u017eitost\u00ed a podobn\u011b. Prost\u011b je tady v\u017edycky n\u011bjak\u00e1 \u010d\u00e1st ve\u0159ejnosti, kter\u00e1 ta t\u00e9mata sleduje v\u00edce, jsou v detailu, orientuj\u00ed se, aktivn\u011b se o to sna\u017e\u00ed, n\u011bkte\u0159\u00ed ne. My za\u00a0<strong>MPSV<\/strong>\u00a0se sna\u017e\u00edme vlastn\u011b u\u017e rok vysv\u011btlovat, d\u00e1vat ty v\u011bci do souvislosti, p\u0159edkl\u00e1dat fakta, argumenty.<br \/><br \/>V\u00e1clav Moravec, moder\u00e1tor \u010cT<br \/>&#8212;&#8212;&#8212;&#8212;&#8212;&#8212;&#8211;<br \/>A ta obava to se za\u0159azen\u00ed, \u017ee na prvn\u00edm m\u00edst\u011b pomalej\u0161\u00ed navy\u0161ov\u00e1n\u00ed penz\u00ed, tedy zpomalen\u00ed toho valoriza\u010dn\u00edho mechanismu, na druh\u00e9m m\u00edst\u011b zvy\u0161ov\u00e1n\u00ed v\u011bku odchodu do penze a t\u0159et\u00ed m\u00edsto pr\u00e1v\u011b ty p\u0159\u00edsn\u011bj\u0161\u00ed podm\u00ednky?<br \/><br \/>Marian JURE\u010cKA, vicepremi\u00e9r,\u00a0<strong>ministr<\/strong>\u00a0<strong>pr\u00e1ce<\/strong>\u00a0a soci\u00e1ln\u00edch v\u011bc\u00ed, p\u0159edseda strany \/KDU-\u010cSL\/<br \/>&#8212;&#8212;&#8212;&#8212;&#8212;&#8212;&#8211;<br \/>Ono to nep\u0159ekvap\u00ed, kdy\u017e m\u00e1me i na\u0161e vlastn\u00ed data, tak my tam jasn\u011b vid\u00edme, \u017ee nejv\u011bt\u0161\u00ed podporu maj\u00ed ta rodinn\u00e1 opat\u0159en\u00ed, pro solid\u00e1rn\u00ed opat\u0159en\u00ed na zlep\u0161en\u00ed situace vdov a vdovc\u016f a tak to jde. A vlastn\u011b ta opat\u0159en\u00ed, kter\u00e1 jsou zas na rovinu s nejv\u011bt\u0161\u00edm efektem pro stabilizaci toho syst\u00e9mu, tak ta vlastn\u011b jako otev\u0159enosti \u0159\u00edk\u00e1, my bychom jako r\u00e1di, aby t\u0159eba toto opat\u0159en\u00ed tam nebylo, to je lidsky pochopiteln\u00e9. Ale na druhou stranu prost\u011b my mus\u00edme ud\u011blat tohle rozhodnut\u00ed, proto\u017ee ten \u010dlov\u011bk nem\u00e1 t\u0159eba prom\u00edtnut\u00ed do souvislost\u00ed toho, co to bude znamenat v tom roce 2040, 50, 55. A mus\u00edme si uv\u011bdomit je\u0161t\u011b jednu v\u011bc, k t\u00e9 debat\u011b cel\u00e9 se v\u00e1\u017ee je\u0161t\u011b souvislost s t\u00edm, jak ta demografie m\u00e1 dopady na to st\u00e1rnut\u00ed populace, tak budou n\u00e1m tak\u00e9 v\u00fdrazn\u011b, a to opravdu n\u00e1sobn\u011b, r\u016fst n\u00e1klady na poskytnut\u00ed soci\u00e1ln\u011b zdravotn\u00edch slu\u017eeb, abychom se jako spole\u010dnost o ty lidi, kte\u0159\u00ed to nezvl\u00e1dnou sami, nezvl\u00e1dnou to jejich rodiny, abychom se o n\u011b dok\u00e1zali postarat. Tak\u017ee ten st\u00e1t bude p\u0159ed sebou \u0159e\u0161it jako celou \u0159adu dal\u0161\u00edch v\u00fddaj\u016f, dal\u0161\u00edch probl\u00e9m\u016f, kter\u00e9 souvis\u00ed s t\u00edm, \u017ee prost\u011b m\u00e1lo rod\u00edme d\u011bti, ta demografick\u00e1 struktura u\u017e nen\u00ed vyv\u00e1\u017een\u00e1, i kdybychom te\u010f nakr\u00e1sn\u011b za\u010dali rodit v\u0161ichni po dvou, po t\u0159ech d\u011btech, tak si dopo\u010d\u00edtejme, dopo\u010d\u00edtejme si to, kdy to bude m\u00edt dopad na ten syst\u00e9m? N\u011bkdy po roce 2055 se to za\u010dne projevovat s p\u0159\u00edjmy toho syst\u00e9mu, to znamen\u00e1 na rovinu, a m\u00e1me ni\u017e\u0161\u00ed z\u00e1kladnu t\u011bch \u017een, kter\u00e9 ty d\u011bti mohou rodit, osmdes\u00e1tkov\u00e9 ro\u010dn\u00edky skon\u010dily, ty u\u017e vlastn\u011b p\u0159est\u00e1valy rodit, to znamen\u00e1, ty devades\u00e1tkov\u00fdch ro\u010dn\u00edk\u016f je v\u00fdrazn\u011b m\u00e9n\u011b, ne\u017e bylo n\u00e1s a ty generace Hus\u00e1kov\u00fdch nebo po Hus\u00e1kov\u00fdch d\u011bt\u00ed. To jsou prost\u011b fakta, kter\u00e1 neokec\u00e1me.<br \/><br \/>V\u00e1clav Moravec, moder\u00e1tor \u010cT<br \/>&#8212;&#8212;&#8212;&#8212;&#8212;&#8212;&#8211;<br \/>Ale vy n\u011bkter\u00e1 ta fakta byste m\u011bl p\u0159edlo\u017eit je\u0161t\u011b p\u0159ed t\u00edm 22. dubnem, a to je odpov\u011b\u010f, kterou si dlu\u017e\u00edme u tohoto stolu z prvn\u00ed hodiny dne\u0161n\u00edch Ot\u00e1zek. Jin\u00fdmi slovy, \u017ee odbory i opozice \u010dek\u00e1 na ten materi\u00e1l, kter\u00fd m\u00e1 vl\u00e1da schv\u00e1lit do 30. dubna, jestli trochu va\u0161e odesl\u00e1n\u00ed a schv\u00e1len\u00ed va\u0161\u00ed penzijn\u00ed reformy na vl\u00e1d\u011b nep\u0159edb\u00edh\u00e1 ten analytick\u00fd materi\u00e1l?<br \/><br \/>Marian JURE\u010cKA, vicepremi\u00e9r,\u00a0<strong>ministr<\/strong>\u00a0<strong>pr\u00e1ce<\/strong>\u00a0a soci\u00e1ln\u00edch v\u011bc\u00ed, p\u0159edseda strany \/KDU-\u010cSL\/<br \/>&#8212;&#8212;&#8212;&#8212;&#8212;&#8212;&#8211;<br \/>U\u017e ten vstup tedy je kl\u00ed\u010dov\u00e9, to jsou data \u010cesk\u00e9ho statistick\u00e9ho \u00fa\u0159adu o tom, jak se n\u00e1m vyv\u00edj\u00ed a jak\u00e1 je ta predikce toho tempa st\u00e1rnut\u00ed. U\u017e ty jasn\u011b \u0159\u00edkaj\u00ed, \u017ee st\u00e1rneme je\u0161t\u011b rychleji, ne\u017e se p\u016fvodn\u011b o\u010dek\u00e1valo, to znamen\u00e1, pro ten d\u016fchodov\u00fd syst\u00e9m, to znamen\u00e1, je to je\u0161t\u011b v\u011bt\u0161\u00ed nal\u00e9havost pro to, aby se ta d\u016fchodov\u00e1 reforma ud\u011blala.<br \/><br \/>V\u00e1clav Moravec, moder\u00e1tor \u010cT<br \/>&#8212;&#8212;&#8212;&#8212;&#8212;&#8212;&#8211;<br \/>Ale to by bylo dobr\u00e9, aby jste p\u0159edlo\u017eil na pap\u00ed\u0159e. Usp\u00ed\u0161\u00edte p\u0159edlo\u017een\u00ed toho materi\u00e1lu, aby to d\u00e1valo smysl a aby ho m\u011bla k dispozici opozice i odbory je\u0161t\u011b p\u0159ed t\u00edm 22. dubnem, dokdy \u010dek\u00e1te tedy ten v\u00e1\u0161 Time out v souvislosti s jedn\u00e1n\u00edm u prezidenta?<br \/><br \/>Marian JURE\u010cKA, vicepremi\u00e9r,\u00a0<strong>ministr<\/strong>\u00a0<strong>pr\u00e1ce<\/strong>\u00a0a soci\u00e1ln\u00edch v\u011bc\u00ed, p\u0159edseda strany \/KDU-\u010cSL\/<br \/>&#8212;&#8212;&#8212;&#8212;&#8212;&#8212;&#8211;<br \/>My p\u0159edpokl\u00e1d\u00e1me, \u017ee ho, tak jsme to \u0159ekli i na tom na hrad\u011b, \u017ee nejpozd\u011bji do konce materi\u00e1l zve\u0159ejn\u00edme, j\u00e1 se pt\u00e1m sv\u00fdch koleg\u016f, jestli jsme schopni ho zvl\u00e1dnout zve\u0159ejnit do konce p\u0159\u00ed\u0161t\u00edho t\u00fddne, ale \u0159\u00edk\u00e1m, z hlediska nutnosti d\u016fchodovou reformu ud\u011blat, tam nen\u00ed \u017e\u00e1dn\u00e1 informace, kter\u00e1 by \u0159\u00edkala, m\u016f\u017eete n\u011bco rozvolnit, odlo\u017eit, naopak ten materi\u00e1l jasn\u011b \u0159\u00edk\u00e1, v t\u00e9 sv\u00e9 podstat\u011b mus\u00edte to ud\u011blat, proto\u017ee prost\u011b nen\u00ed jako tady jin\u00e1 alternativa.<br \/><br \/>V\u00e1clav Moravec, moder\u00e1tor \u010cT<br \/>&#8212;&#8212;&#8212;&#8212;&#8212;&#8212;&#8211;<br \/>Pane p\u0159edsedo a pan\u00ed p\u0159edsedkyn\u011b?<br \/><br \/>Josef ST\u0158EDULA, p\u0159edseda \u010cMKOS<br \/>&#8212;&#8212;&#8212;&#8212;&#8212;&#8212;&#8211;<br \/>Prvn\u00ed v\u011bc, v roce 2019 byla posledn\u00ed zpr\u00e1va, to bylo je\u0161t\u011b za vl\u00e1dy&#8230;<br \/><br \/>Alena Schillerov\u00e1, p\u0159edsedkyn\u011b poslaneck\u00e9ho klubu, m\u00edstop\u0159edsedkyn\u011b hnut\u00ed \/ANO\/<br \/>&#8212;&#8212;&#8212;&#8212;&#8212;&#8212;&#8211;<br \/>Za na\u0161\u00ed vl\u00e1dy.<br \/><br \/>Josef ST\u0158EDULA, p\u0159edseda \u010cMKOS<br \/>&#8212;&#8212;&#8212;&#8212;&#8212;&#8212;&#8211;<br \/>P\u0159esn\u011b tak, a ta zpr\u00e1va, mluvil jsem o tom s pan\u00ed Mal\u00e1\u010dovou a ta \u0159ekla, my jsme se v\u016fbec netrefili do demografick\u00e9ho v\u00fdvoje, a to na nejbli\u017e\u0161\u00ed p\u011bt let. P\u0159i\u0161el covid a p\u0159i\u0161el tady ukrajinsko-rusk\u00fd konflikt a v\u00fdsledkem toho je, \u017ee tady m\u00e1me nejv\u011bt\u0161\u00ed pod\u00edl cizinc\u016f v\u016fbec, ti tady v\u00fdznamn\u011b pracuj\u00ed, to znamen\u00e1, p\u0159in\u00e1\u0161\u00ed do syst\u00e9mu finan\u010dn\u00ed prost\u0159edky, covid zase zp\u016fsobil, \u017ee \u0159ada poji\u0161t\u011bnc\u016f bohu\u017eel skonala, to znamen\u00e1, \u017ee zm\u011bnili cel\u00fd ten z\u00e1klad a my se tady, vy se tady h\u00e1j\u00edte n\u011b\u010d\u00edm za 40 let, tak zkuste 40 let j\u00edt zp\u00e1tky, co se 40 let zp\u00e1tky odehr\u00e1lo? Revoluci bychom neodhadli, nic bychom neodhadli. Tak\u017ee poj\u010fme se tady bavit opravdu pragmaticky. Za prv\u00e9&#8230;<br \/><br \/>V\u00e1clav Moravec, moder\u00e1tor \u010cT<br \/>&#8212;&#8212;&#8212;&#8212;&#8212;&#8212;&#8211;<br \/>Promi\u0148te, pane p\u0159edsedo, ale pragmaticky p\u0159ece vy vid\u00edte, \u017ee po\u010det lid\u00ed, kte\u0159\u00ed, kdy\u017e byl nastavov\u00e1n pr\u016fb\u011b\u017en\u00fd syst\u00e9m penz\u00ed, ve kter\u00e9m se v\u0161ichni ocit\u00e1me, tak platilo a rozlo\u017een\u00ed, pan vicepremi\u00e9r n\u00e1m tady m\u00e1v\u00e1 t\u00edm grafem.<br \/><br \/>Josef St\u0159edula, p\u0159edseda \u010ceskomoravsk\u00e9 konfederace odborov\u00fdch svaz\u016f<br \/>&#8212;&#8212;&#8212;&#8212;&#8212;&#8212;&#8211;<br \/>M\u00e1me 8 %, \u0159\u00edkala to tady pan\u00ed p\u0159edsedkyn\u011b, 8 % HDP plat\u00edme na d\u016fchody. V pr\u016fm\u011bru v Evrop\u011b je to 12 % rozpo\u010dtu, 8 % jenom. A v\u00fdsledkem, a tady se te\u010f h\u00e1j\u00edme, jakoby d\u016fchodci zp\u016fsobili probl\u00e9my ve ve\u0159ejn\u00fdch rozpo\u010dtech, my tady \u00fapln\u011b p\u0159edb\u00edh\u00e1me ten probl\u00e9m.<br \/><br \/>V\u00e1clav Moravec, moder\u00e1tor \u010cT<br \/>&#8212;&#8212;&#8212;&#8212;&#8212;&#8212;&#8211;<br \/>Ne, to nikdo ne\u0159\u00edk\u00e1.<br \/><br \/>Josef St\u0159edula, p\u0159edseda \u010ceskomoravsk\u00e9 konfederace odborov\u00fdch svaz\u016f<br \/>&#8212;&#8212;&#8212;&#8212;&#8212;&#8212;&#8211;<br \/>Je tady, je to tak.<br \/><br \/>V\u00e1clav Moravec, moder\u00e1tor \u010cT<br \/>&#8212;&#8212;&#8212;&#8212;&#8212;&#8212;&#8211;<br \/>Jenom\u017ee penzijn\u00ed syst\u00e9m je nejn\u00e1kladn\u011bj\u0161\u00ed \u010d\u00e1st\u00ed st\u00e1tn\u00edho rozpo\u010dtu.<br \/><br \/>Josef St\u0159edula, p\u0159edseda \u010ceskomoravsk\u00e9 konfederace odborov\u00fdch svaz\u016f<br \/>&#8212;&#8212;&#8212;&#8212;&#8212;&#8212;&#8211;<br \/>Ale z 85 % u\u017e to tady zazn\u011blo, si to plat\u00ed ti sami p\u0159isp\u011bvatel\u00e9, o kom je d\u016fchod, zam\u011bstnanci a n\u00e1sledn\u011b o d\u016fchodci, o tomt\u00e9\u017e, to znamen\u00e1, t\u00fdk\u00e1 se to p\u0159edev\u0161\u00edm zam\u011bstnanc\u016f a zam\u011bstnavatel\u016f. Oni plat\u00ed, ale st\u00e1t nechce p\u0159isp\u00edvat z jin\u00fdch dan\u00ed, tak\u017ee my jsme v \u010cesk\u00e9 republice, co ud\u011blali? My jsme prakticky vynulovali majetkov\u00e9 dan\u011b m\u00edsto toho, abychom se bavili, \u017ee by t\u0159eba v\u00fdnos z majetkov\u00fdch dan\u00ed t\u0159eba u ma majetku na 20 000 000 K\u010d \u0161el p\u0159\u00edmo na penze, proto\u017ee p\u0159ece by m\u011bli b\u00fdt d\u016fstojn\u00e9 penze u lid\u00ed, kte\u0159\u00ed u\u017e nemohou pracovat. Je\u0161t\u011b kdy\u017e jsem tady ukazoval to, \u017ee na\u0161i d\u016fchodci se nech\u00e1vaj\u00ed v situaci, \u017ee 61 let je v\u011bk, kdy doch\u00e1z\u00ed k tomu, \u017ee u\u017e nen\u00ed zdr\u00e1v, to znamen\u00e1, on si nevyd\u011bl\u00e1 nikde ten, co d\u011bl\u00e1 manu\u00e1ln\u00ed profesi, my se tady bav\u00edme opravdu o n\u011bkom, kdo asi manu\u00e1ln\u011b nikdy nepracoval, a te\u010f \u0159\u00edk\u00e1me, my mu vlastn\u011b ubereme&#8230;<br \/><br \/>V\u00e1clav Moravec, moder\u00e1tor \u010cT<br \/>&#8212;&#8212;&#8212;&#8212;&#8212;&#8212;&#8211;<br \/>Vy by jste ten syst\u00e9m penz\u00ed v\u016fbec nem\u011bnil, jako p\u0159edseda odbor\u016f?<br \/><br \/>Josef St\u0159edula, p\u0159edseda \u010ceskomoravsk\u00e9 konfederace odborov\u00fdch svaz\u016f<br \/>&#8212;&#8212;&#8212;&#8212;&#8212;&#8212;&#8211;<br \/>On se mus\u00ed m\u011bnit, on se mus\u00ed m\u011bnit, ale v da\u0148ov\u00e9 oblasti. My mus\u00edme sanovat ten nedostatek pen\u011bz z jin\u00fdch dan\u00ed, tak jako to maj\u00ed t\u0159eba v tom D\u00e1nsku, kdy\u017e se tady o n\u011bm bav\u00edme. D\u00e1nsko m\u00e1 nav\u00edc o dev\u011bt procentn\u00edch bod\u016f vy\u0161\u0161\u00ed zdan\u011bn\u00ed, ne\u017e m\u00e1 \u010cesk\u00e1 republika. A z toho v podstat\u011b soci\u00e1ln\u00ed poji\u0161t\u011bn\u00ed, v podstat\u011b pou\u017e\u00edv\u00e1 mikro a v\u0161echno d\u00e1v\u00e1 z dan\u00ed a my se tady bav\u00edme, \u017ee u\u017e, \u017ee tady vznik\u00e1 tento deficit, p\u0159itom mi to iracion\u00e1ln\u00ed \u00favaha ano, proto\u017ee d\u016fchodce taky spot\u0159ebov\u00e1v\u00e1, taky utr\u00e1c\u00ed ve v\u0161ech r\u016fzn\u00fdch oblastech, to tady v\u016fbec nen\u00ed a my tady hrajeme cinklou hru na adresu d\u016fchodc\u016f proto v\u00edt\u00e1m n\u00e1zor Andreje Babi\u0161e, proto\u017ee si mysl\u00edm, \u017ee opravdu spr\u00e1vn\u00fd.<br \/><br \/>Alena Schillerov\u00e1, p\u0159edsedkyn\u011b poslaneck\u00e9ho klubu, m\u00edstop\u0159edsedkyn\u011b hnut\u00ed \/ANO\/<br \/>&#8212;&#8212;&#8212;&#8212;&#8212;&#8212;&#8211;<br \/>Tak m\u016f\u017eu u\u017e j\u00e1? Te\u010f jsem na \u0159ad\u011b j\u00e1. J\u00e1 bych jenom cht\u011bla p\u0159ipomenout, \u017ee je\u0161t\u011b v listopadu 2022 to nen\u00ed tak d\u00e1vno, v listopadu 2022, \u0159ekl premi\u00e9r Fiala v\u011bkovou hranici odchodu d\u016fchodu na\u0161e vl\u00e1da neposune Seznamzpravy.cz.<br \/><br \/>V\u00e1clav Moravec, moder\u00e1tor \u010cT<br \/>&#8212;&#8212;&#8212;&#8212;&#8212;&#8212;&#8211;<br \/>To p\u0159ipom\u00edn\u00e1 n\u011bkdo, kdo byl \/nesrozumiteln\u00e9\/.<br \/><br \/>Alena Schillerov\u00e1, p\u0159edsedkyn\u011b poslaneck\u00e9ho klubu, m\u00edstop\u0159edsedkyn\u011b hnut\u00ed \/ANO\/<br \/>&#8212;&#8212;&#8212;&#8212;&#8212;&#8212;&#8211;<br \/>To je v po\u0159\u00e1dku, \u017ee on te\u010f prost\u011b jenom, \u017ee mi tady po\u0159\u00e1d p\u0159edhazujete. Ano, vede se n\u011bjak\u00e1 debata, vede se debata, ta debata se vyv\u00edj\u00ed, ty propo\u010dty nejsou postaveny na \u0159\u00e1dn\u00fdch \u010d\u00edslech, do p\u0159\u00edjmech nejsou zapo\u010dteny p\u0159\u00edjmy, jak jsem to \u0159\u00edkala p\u0159ed chv\u00edl\u00ed, kter\u00e9 jsou z v\u00fdnos\u016f, ze spot\u0159eby. Do v\u00fddaj\u016f, jsou naopak zapo\u010dteny v\u011bci, kter\u00e9 tam nepat\u0159\u00ed. To by se m\u011blo o\u010distit a ten peak, znovu p\u0159ipom\u00edn\u00e1m, nastane tady n\u011bkdy mezi lety 2030-2045 a ten zvl\u00e1dneme a ten zvl\u00e1dneme, pokud bude stabiln\u00ed r\u016fst, alespo\u0148 2 %, ten stabiln\u00ed r\u016fst. Pro to jste neud\u011blali v\u016fbec nic. Je tady asi 20 let, ale mo\u017en\u00e1 m\u00e9n\u011b bychom m\u011bli o t\u0159i procentn\u00ed body vy\u0161\u0161\u00ed v\u00fddaje m\u00edsto osmi jeden\u00e1ct, ale po\u0159\u00e1d jsme, po\u0159\u00e1d m\u00e1 v\u011bt\u0161ina evropsk\u00fdch zem\u00ed m\u00e1 v\u00edce.<br \/><br \/>V\u00e1clav Moravec, moder\u00e1tor \u010cT<br \/>&#8212;&#8212;&#8212;&#8212;&#8212;&#8212;&#8211;<br \/>Vy tady mluv\u00edte peaku v roce 2053.<br \/><br \/>Alena Schillerov\u00e1, p\u0159edsedkyn\u011b poslaneck\u00e9ho klubu, m\u00edstop\u0159edsedkyn\u011b hnut\u00ed \/ANO\/<br \/>&#8212;&#8212;&#8212;&#8212;&#8212;&#8212;&#8211;<br \/>Kdy\u017e p\u016fjdou do d\u016fchodu Hus\u00e1kovy d\u011bti a te\u010f se rozd\u00e1vaj\u00ed karty, jak bude vysok\u00fd.<br \/><br \/>V\u00e1clav Moravec, moder\u00e1tor \u010cT<br \/>&#8212;&#8212;&#8212;&#8212;&#8212;&#8212;&#8211;<br \/>Ano, v roce 2053. Vy byste v roce 2053 cht\u011bla b\u00fdt ministryn\u00ed financ\u00ed p\u0159i tom peaku?<br \/><br \/>Alena Schillerov\u00e1, p\u0159edsedkyn\u011b poslaneck\u00e9ho klubu, m\u00edstop\u0159edsedkyn\u011b hnut\u00ed \/ANO\/<br \/>&#8212;&#8212;&#8212;&#8212;&#8212;&#8212;&#8211;<br \/>Pane redaktore, to je velmi zav\u00e1d\u011bj\u00edc\u00ed ot\u00e1zka. Te\u010f se rozd\u00e1vaj\u00ed&#8230;<br \/><br \/>V\u00e1clav Moravec, moder\u00e1tor \u010cT<br \/>&#8212;&#8212;&#8212;&#8212;&#8212;&#8212;&#8211;<br \/>Ne, to je velmi&#8230; Promi\u0148te, pt\u00e1m se. Vy, byste cht\u011bla b\u00fdt ministryn\u00ed financ\u00ed v roce 2053?<br \/><br \/>Alena Schillerov\u00e1, p\u0159edsedkyn\u011b poslaneck\u00e9ho klubu, m\u00edstop\u0159edsedkyn\u011b hnut\u00ed \/ANO\/<br \/>&#8212;&#8212;&#8212;&#8212;&#8212;&#8212;&#8211;<br \/>Tak re\u00e1ln\u011b asi nebudu roce 2053.<br \/><br \/>V\u00e1clav Moravec, moder\u00e1tor \u010cT<br \/>&#8212;&#8212;&#8212;&#8212;&#8212;&#8212;&#8211;<br \/>To tady ani j\u00e1 nebudu.<br \/><br \/>Alena Schillerov\u00e1, p\u0159edsedkyn\u011b poslaneck\u00e9ho klubu, m\u00edstop\u0159edsedkyn\u011b hnut\u00ed \/ANO\/<br \/>&#8212;&#8212;&#8212;&#8212;&#8212;&#8212;&#8211;<br \/>Ale ten, kdo bude ministrem financ\u00ed v t\u00e9 dob\u011b, bude pracovat s \u00fapln\u011b jin\u00fdmi kartami, v\u017edy\u0165 ta ekonomika se m\u011bn\u00ed, je tady obrovsk\u00e1&#8230; Vy tady m\u011bn\u00edte milion\u016fm lid\u00ed \u017eivot, vid\u00edte, \u017ee ti lid\u00e9 jsou proti tomu, boj\u00ed se zpomalov\u00e1n\u00ed d\u016fchodu, boj\u00ed se prodlou\u017een\u00ed odchodu v\u011bku do d\u016fchodu, boj\u00ed se zm\u011bny pravidel pro p\u0159ed\u010dasn\u00e9 d\u016fchody, kter\u00e9 jsme napadli u \u00dastavn\u00edho soudu a \u010dek\u00e1me, to je ta na\u0161e druh\u00e1 \u00fastavn\u00ed st\u00ed\u017enost, kter\u00e1 tam po\u0159\u00e1d je\u0161t\u011b le\u017e\u00ed. A v podstat\u011b tla\u010d\u00edte to silovou cestou proti spole\u010dnosti, proti opozici, proti v\u0161em a co se s t\u00edm asi tak stane? P\u0159itom v\u016fbec nem\u00e1te \u017e\u00e1dnou vizi. Kde m\u00e1te vizi hospod\u00e1\u0159sk\u00e9 prosperity? Kde m\u00e1te vizi pro rodinn\u00e9 politiky. Naopak porodnost v\u00e1m m\u00edrn\u011b klesla. Tak\u017ee budeme muset po\u010dkat na ty Babi\u0161e a v\u016fbec jsme se dotkli toho pil\u00ed\u0159e st\u00e1tn\u00edho, kde jste i vy docela byl pro.<br \/><br \/>V\u00e1clav Moravec, moder\u00e1tor \u010cT<br \/>&#8212;&#8212;&#8212;&#8212;&#8212;&#8212;&#8211;<br \/>Ano, k tomu se chci dostat, abychom ukon\u010dili odchod&#8230;<br \/><br \/>Marian JURE\u010cKA, vicepremi\u00e9r,\u00a0<strong>ministr<\/strong>\u00a0<strong>pr\u00e1ce<\/strong>\u00a0a soci\u00e1ln\u00edch v\u011bc\u00ed, p\u0159edseda strany \/KDU-\u010cSL\/<br \/>&#8212;&#8212;&#8212;&#8212;&#8212;&#8212;&#8211;<br \/>Proto\u017ee je t \u00fapln\u011b demagogick\u00e1 zav\u00e1d\u011bj\u00edc\u00ed debata. J\u00e1 jenom v rychlosti jako p\u00e1r jako reakci.<br \/><br \/>Alena Schillerov\u00e1, p\u0159edsedkyn\u011b poslaneck\u00e9ho klubu, m\u00edstop\u0159edsedkyn\u011b hnut\u00ed \/ANO\/<br \/>&#8212;&#8212;&#8212;&#8212;&#8212;&#8212;&#8211;<br \/>To si vypro\u0161uju.<br \/><br \/>Marian JURE\u010cKA, vicepremi\u00e9r,\u00a0<strong>ministr<\/strong>\u00a0<strong>pr\u00e1ce<\/strong>\u00a0a soci\u00e1ln\u00edch v\u011bc\u00ed, p\u0159edseda strany \/KDU-\u010cSL\/<br \/>&#8212;&#8212;&#8212;&#8212;&#8212;&#8212;&#8211;<br \/>J\u00e1 se k tomu vr\u00e1t\u00edm.<br \/><br \/>Alena Schillerov\u00e1, p\u0159edsedkyn\u011b poslaneck\u00e9ho klubu, m\u00edstop\u0159edsedkyn\u011b hnut\u00ed \/ANO\/<br \/>&#8212;&#8212;&#8212;&#8212;&#8212;&#8212;&#8211;<br \/>Bavme se v\u011bcn\u011b.<br \/><br \/>Marian JURE\u010cKA, vicepremi\u00e9r,\u00a0<strong>ministr<\/strong>\u00a0<strong>pr\u00e1ce<\/strong>\u00a0a soci\u00e1ln\u00edch v\u011bc\u00ed, p\u0159edseda strany \/KDU-\u010cSL\/<br \/>&#8212;&#8212;&#8212;&#8212;&#8212;&#8212;&#8211;<br \/>Soci\u00e1ln\u00ed demokrat\u00e9 n\u00e1s nenechaj\u00ed prosadit odchod do d\u016fchodu 67 letech, Andrej Babi\u0161 pr\u00e1vo, z\u00e1\u0159\u00ed 2016, Alena Schillerov\u00e1 2019. M\u016f\u017eu v\u00e1s znovu citovat?<br \/><br \/>Alena Schillerov\u00e1, p\u0159edsedkyn\u011b poslaneck\u00e9ho klubu, m\u00edstop\u0159edsedkyn\u011b hnut\u00ed \/ANO\/<br \/>&#8212;&#8212;&#8212;&#8212;&#8212;&#8212;&#8211;<br \/>Ano a j\u00e1 v\u00e1m odcituji toho va\u0161eho premi\u00e9ra.<br \/><br \/>V\u00e1clav Moravec, moder\u00e1tor \u010cT<br \/>&#8212;&#8212;&#8212;&#8212;&#8212;&#8212;&#8211;<br \/>Poj\u010fte se bavit&#8230; Promi\u0148te&#8230;<br \/><br \/>Alena Schillerov\u00e1, p\u0159edsedkyn\u011b poslaneck\u00e9ho klubu, m\u00edstop\u0159edsedkyn\u011b hnut\u00ed \/ANO\/<br \/>&#8212;&#8212;&#8212;&#8212;&#8212;&#8212;&#8211;<br \/>\u010cemu to pom\u016f\u017ee?<br \/><br \/>Marian JURE\u010cKA, vicepremi\u00e9r,\u00a0<strong>ministr<\/strong>\u00a0<strong>pr\u00e1ce<\/strong>\u00a0a soci\u00e1ln\u00edch v\u011bc\u00ed, p\u0159edseda strany \/KDU-\u010cSL\/<br \/>&#8212;&#8212;&#8212;&#8212;&#8212;&#8212;&#8211;<br \/>J\u00e1 z\u016fstanu tady u toho, proto\u017ee je to kr\u00e1sn\u00e1 uk\u00e1zka toho, jak vlastn\u011b hnut\u00ed ANO je \u00fapln\u011b ukraden\u00e9, co tady bude za 30 let a jakou tu zemi nechaj\u00ed. J\u00e1 tu d\u016fchodovou reformu d\u00e1m pr\u00e1v\u011b proto, aby nejenom sou\u010dasn\u00ed d\u016fchodci, ale i jejich d\u011bti a jejich vnou\u010data m\u011bli \u0161anci na d\u016fstojn\u00fd, spravedliv\u00fd, f\u00e9rov\u00fd d\u016fchody.<br \/><br \/>Josef St\u0159edula, p\u0159edseda \u010ceskomoravsk\u00e9 konfederace odborov\u00fdch svaz\u016f<br \/>&#8212;&#8212;&#8212;&#8212;&#8212;&#8212;&#8211;<br \/>V\u017edy\u0165 Je to deforma, to nen\u00ed \u017e\u00e1dn\u00e1 reforma, vy jim sni\u017eujete d\u016fchody a prodlu\u017eujete v\u011bk do d\u016fchodu.<br \/><br \/>V\u00e1clav Moravec, moder\u00e1tor \u010cT<br \/>&#8212;&#8212;&#8212;&#8212;&#8212;&#8212;&#8211;<br \/>Nechte domluvit Mariana Jure\u010dku.<br \/><br \/>Marian JURE\u010cKA, vicepremi\u00e9r,\u00a0<strong>ministr<\/strong>\u00a0<strong>pr\u00e1ce<\/strong>\u00a0a soci\u00e1ln\u00edch v\u011bc\u00ed, p\u0159edseda strany \/KDU-\u010cSL\/<br \/>&#8212;&#8212;&#8212;&#8212;&#8212;&#8212;&#8211;<br \/>D\u016fchody porostou, porostou o inflaci, o t\u0159etinu r\u016fstu re\u00e1ln\u00fdch mezd, a kdy\u017e se pod\u00edv\u00e1me na v\u00fdvoj budouc\u00edch d\u016fchod\u016f, ty porostou p\u0159\u00ed\u0161t\u00edch v 10 letech.<br \/><br \/>Josef St\u0159edula, p\u0159edseda \u010ceskomoravsk\u00e9 konfederace odborov\u00fdch svaz\u016f<br \/>&#8212;&#8212;&#8212;&#8212;&#8212;&#8212;&#8211;<br \/>V\u017edy\u0165 vy sni\u017eujete n\u00e1hradov\u00fd pom\u011br pane.<br \/><br \/>Marian JURE\u010cKA, vicepremi\u00e9r,\u00a0<strong>ministr<\/strong>\u00a0<strong>pr\u00e1ce<\/strong>\u00a0a soci\u00e1ln\u00edch v\u011bc\u00ed, p\u0159edseda strany \/KDU-\u010cSL\/<br \/>&#8212;&#8212;&#8212;&#8212;&#8212;&#8212;&#8211;<br \/>Zpomalujeme to tempo.<br \/><br \/>Josef St\u0159edula, p\u0159edseda \u010ceskomoravsk\u00e9 konfederace odborov\u00fdch svaz\u016f<br \/>&#8212;&#8212;&#8212;&#8212;&#8212;&#8212;&#8211;<br \/>Vy sni\u017eujete n\u00e1hradu pom\u011bru v\u011bku do d\u016fchodu. V\u017edy\u0165 to p\u0159iznejte lidem!<br \/><br \/>Alena Schillerov\u00e1, p\u0159edsedkyn\u011b poslaneck\u00e9ho klubu, m\u00edstop\u0159edsedkyn\u011b hnut\u00ed \/ANO\/<br \/>&#8212;&#8212;&#8212;&#8212;&#8212;&#8212;&#8211;<br \/>Co jste d\u011blali pro rodinnou politiku?<br \/><br \/>Josef St\u0159edula, p\u0159edseda \u010ceskomoravsk\u00e9 konfederace odborov\u00fdch svaz\u016f<br \/>&#8212;&#8212;&#8212;&#8212;&#8212;&#8212;&#8211;<br \/>Sni\u017eujete n\u00e1hradov\u00fd pom\u011br, v\u017edy\u0165 je to realita.<br \/><br \/>Alena Schillerov\u00e1, p\u0159edsedkyn\u011b poslaneck\u00e9ho klubu, m\u00edstop\u0159edsedkyn\u011b hnut\u00ed \/ANO\/<br \/>&#8212;&#8212;&#8212;&#8212;&#8212;&#8212;&#8211;<br \/>Co jste pro to ud\u011blali?<br \/><br \/>Marian JURE\u010cKA, vicepremi\u00e9r,\u00a0<strong>ministr<\/strong>\u00a0<strong>pr\u00e1ce<\/strong>\u00a0a soci\u00e1ln\u00edch v\u011bc\u00ed, p\u0159edseda strany \/KDU-\u010cSL\/<br \/>&#8212;&#8212;&#8212;&#8212;&#8212;&#8212;&#8211;<br \/>Lep\u0161\u00ed slad\u011bn\u00ed rodinn\u00e9ho pracovn\u00edho \u017eivota. My jako lidovci jsme zavedli&#8230;Ne, po\u010dkejte.<br \/><br \/>V\u00e1clav Moravec, moder\u00e1tor \u010cT<br \/>&#8212;&#8212;&#8212;&#8212;&#8212;&#8212;&#8211;<br \/>M\u016f\u017eete to nechat domluvit?<br \/><br \/>Marian JURE\u010cKA, vicepremi\u00e9r,\u00a0<strong>ministr<\/strong>\u00a0<strong>pr\u00e1ce<\/strong>\u00a0a soci\u00e1ln\u00edch v\u011bc\u00ed, p\u0159edseda strany \/KDU-\u010cSL\/<br \/>&#8212;&#8212;&#8212;&#8212;&#8212;&#8212;&#8211;<br \/>J\u00e1 jsem v\u00e1m tak\u00e9 schlo do \u0159e\u010di. My jsme zavedli do da\u0148ov\u00e9ho syst\u00e9mu jako lidovci slevy na dani, ud\u011blali jsme to, \u017ee jsme n\u00e1sledn\u011b zv\u00fd\u0161ili podle druh\u00e9ho, t\u0159et\u00edho a dal\u0161\u00edho d\u00edt\u011bte.<br \/><br \/>Alena Schillerov\u00e1, p\u0159edsedkyn\u011b poslaneck\u00e9ho klubu, m\u00edstop\u0159edsedkyn\u011b hnut\u00ed \/ANO\/<br \/>&#8212;&#8212;&#8212;&#8212;&#8212;&#8212;&#8211;<br \/>S n\u00e1mi, na\u0161imi hlasy, na\u0161imi hlasy. No, na\u0161imi hlasy, pokra\u010dujte. To je minul\u00e9 volebn\u00ed obdob\u00ed. Te\u010f, co jste ud\u011blali? Zru\u0161ili jste \u0161kolkovn\u00e9.<br \/><br \/>Marian JURE\u010cKA, vicepremi\u00e9r,\u00a0<strong>ministr<\/strong>\u00a0<strong>pr\u00e1ce<\/strong>\u00a0a soci\u00e1ln\u00edch v\u011bc\u00ed, p\u0159edseda strany \/KDU-\u010cSL\/<br \/>&#8212;&#8212;&#8212;&#8212;&#8212;&#8212;&#8211;<br \/>Na n\u00e1\u0161 n\u00e1vrh, podpo\u0159ili jsme \u010d\u00e1ste\u010dn\u011b \u00favazky, a to, \u017ee se dneska rod\u00ed m\u00e9n\u011b d\u011bt\u00ed, je a vrac\u00edm se k tomu.<br \/><br \/>Alena Schillerov\u00e1, p\u0159edsedkyn\u011b poslaneck\u00e9ho klubu, m\u00edstop\u0159edsedkyn\u011b hnut\u00ed \/ANO\/<br \/>&#8212;&#8212;&#8212;&#8212;&#8212;&#8212;&#8211;<br \/>A zlikvidovali jste dohody pro proveden\u00ed pr\u00e1ce.<br \/><br \/>Marian JURE\u010cKA, vicepremi\u00e9r,\u00a0<strong>ministr<\/strong>\u00a0<strong>pr\u00e1ce<\/strong>\u00a0a soci\u00e1ln\u00edch v\u011bc\u00ed, p\u0159edseda strany \/KDU-\u010cSL\/<br \/>&#8212;&#8212;&#8212;&#8212;&#8212;&#8212;&#8211;<br \/>Nezlikvidovali. A to, \u017ee m\u00e1me ni\u017e\u0161\u00ed z\u00e1kladnu \u017een, kter\u00e9 mohou ty d\u011bti rodit, to jsem tady \u0159\u00edkal opakovan\u011b. Po roce 1990 se zlomila. Chyb\u00ed n\u00e1m 920 000 d\u011bt\u00ed, proto d\u00e1v\u00e1me do toho d\u016fchodov\u00e9ho syst\u00e9mu ocen\u011bn\u00ed pr\u00e1v\u011b t\u00e9 v\u00fdchovy t\u011bch d\u011bt\u00ed.<br \/><br \/>V\u00e1clav Moravec, moder\u00e1tor \u010cT<br \/>&#8212;&#8212;&#8212;&#8212;&#8212;&#8212;&#8211;<br \/>Pane vicepremi\u00e9re, m\u016f\u017eete, pane p\u0159edsedo, vydr\u017eet vte\u0159inu. Pane vicepremi\u00e9re, nebylo by vhodn\u00e9 i v souvislosti s t\u011bmi dan\u011bmi, jak o tom mluv\u00ed tady Josef St\u0159edula, aby penzijn\u00ed reforma \u0161la ruku v ruce s reformou i da\u0148ov\u00e9ho syst\u00e9mu, aby byl cel\u00fd ten syst\u00e9m prov\u00e1z\u00e1n a ne, \u017ee tady jednotliv\u00e9 vl\u00e1dy flikuj\u00ed tu chv\u00edli dan\u011b, v tu chv\u00edli penze, jin\u00fdmi slovy, aby to byl cel\u00e9 dob\u0159e promazan\u00fd stroj?<br \/><br \/>Marian JURE\u010cKA, vicepremi\u00e9r,\u00a0<strong>ministr<\/strong>\u00a0<strong>pr\u00e1ce<\/strong>\u00a0a soci\u00e1ln\u00edch v\u011bc\u00ed, p\u0159edseda strany \/KDU-\u010cSL\/<br \/>&#8212;&#8212;&#8212;&#8212;&#8212;&#8212;&#8211;<br \/>I kdy\u017e se na to pod\u00edv\u00e1m z pohledu, co tady zazn\u011blo, tak co to znamen\u00e1? Zv\u00fd\u0161\u00edme celkovou z\u00e1t\u011b\u017e da\u0148ov\u00fdch poplatn\u00edk\u016f v \u010cesk\u00e9 republice.<br \/><br \/>Alena Schillerov\u00e1, p\u0159edsedkyn\u011b poslaneck\u00e9ho klubu, m\u00edstop\u0159edsedkyn\u011b hnut\u00ed \/ANO\/<br \/>&#8212;&#8212;&#8212;&#8212;&#8212;&#8212;&#8211;<br \/>To jste u\u017e ud\u011blaly.<br \/><br \/>Marian JURE\u010cKA, vicepremi\u00e9r,\u00a0<strong>ministr<\/strong>\u00a0<strong>pr\u00e1ce<\/strong>\u00a0a soci\u00e1ln\u00edch v\u011bc\u00ed, p\u0159edseda strany \/KDU-\u010cSL\/<br \/>&#8212;&#8212;&#8212;&#8212;&#8212;&#8212;&#8211;<br \/>A to j\u00e1 teda jako u\u017e si mysl\u00edm, \u017ee jsme jako na n\u011bjak\u00e9 hranici \u00fanosn\u00e1. M\u016f\u017eeme se d\u00edvat na n\u011bjak\u00e9 d\u00edl\u010d\u00ed v\u011bci, m\u016f\u017eeme se d\u00edvat na vy\u0161\u0161\u00ed efektivitu v\u00fdb\u011bru t\u011bch dan\u00ed, t\u0159eba j\u00e1 bych si p\u0159\u00e1l, abysme dok\u00e1zali t\u0159eba, kdy\u017e vedeme debatu o pr\u00e1vu na platbu v hotovosti, vedli debatu o pr\u00e1vu na platbu, kartu nebo bezhotovostn\u00ed platebn\u00ed styk. To jsou v\u011bci, kter\u00e9 pom\u00e1haj\u00ed zvy\u0161ovat v\u00fdt\u00ed\u017eenost ekonomiky a sni\u017eovat \u0161edou ekonomiku. Tak to jsou v\u011bci, kter\u00fd poj\u010fme zav\u00e9st a poj\u010fme podpo\u0159it, ale toto n\u00e1m nevy\u0159e\u0161\u00ed. Ten z\u00e1sadn\u00ed probl\u00e9m je&#8230;<br \/><br \/>Alena Schillerov\u00e1, p\u0159edsedkyn\u011b poslaneck\u00e9ho klubu, m\u00edstop\u0159edsedkyn\u011b hnut\u00ed \/ANO\/<br \/>&#8212;&#8212;&#8212;&#8212;&#8212;&#8212;&#8211;<br \/>My se tady h\u00e1d\u00e1me o 3% HDP.<br \/><br \/>V\u00e1clav Moravec, moder\u00e1tor \u010cT<br \/>&#8212;&#8212;&#8212;&#8212;&#8212;&#8212;&#8211;<br \/>Jin\u00fdmi slovy i ta dne\u0161n\u00ed debata, d\u00e1mo a p\u00e1nov\u00e9 i ta dne\u0161n\u00ed debata tedy jasn\u011b ukazuje, \u017ee Marian Jure\u010dka, ch\u00e1pu-li spr\u00e1vn\u011b, tu situaci, prosad\u00ed ten n\u00e1vrh, i kdy\u017e nebude m\u00edt podporu a shodu, v\u010detn\u011b odchodu v\u011bku do penze a v p\u0159\u00edpad\u011b, \u017ee vyhraje hnut\u00ed ANO, tak to pak bude m\u011bnit?<br \/><br \/>Alena Schillerov\u00e1, p\u0159edsedkyn\u011b poslaneck\u00e9ho klubu, m\u00edstop\u0159edsedkyn\u011b hnut\u00ed \/ANO\/<br \/>&#8212;&#8212;&#8212;&#8212;&#8212;&#8212;&#8211;<br \/>Ano, kompletn\u011b.<br \/><br \/>V\u00e1clav Moravec, moder\u00e1tor \u010cT<br \/>&#8212;&#8212;&#8212;&#8212;&#8212;&#8212;&#8211;<br \/>Tak\u017ee to je \u010deho budeme sv\u011bdky.<br \/><br \/>Alena Schillerov\u00e1, p\u0159edsedkyn\u011b poslaneck\u00e9ho klubu, m\u00edstop\u0159edsedkyn\u011b hnut\u00ed \/ANO\/<br \/>&#8212;&#8212;&#8212;&#8212;&#8212;&#8212;&#8211;<br \/>Kompletn\u011b revizi cel\u00e9ho syst\u00e9mu a toto bezesporu zm\u011bn\u00edme.<br \/><br \/>V\u00e1clav Moravec, moder\u00e1tor \u010cT<br \/>&#8212;&#8212;&#8212;&#8212;&#8212;&#8212;&#8211;<br \/>\u010ceho budeme sv\u011bdky. V p\u00e1tek odbory s\u00a0<strong>ministrem<\/strong>\u00a0<strong>pr\u00e1ce<\/strong>\u00a0a soci\u00e1ln\u00edch v\u011bc\u00ed Marianem Jure\u010dkou jednaly nejen o penzijn\u00ed reform\u011b, ale o vl\u00e1dou schv\u00e1len\u00e9 novele z\u00e1kon\u00edku pr\u00e1ce, tu vl\u00e1da s nastaven\u00edm valorizace minim\u00e1ln\u00ed mzdy a ru\u0161en\u00edm zaru\u010den\u00fdch mezd ve firm\u00e1ch schv\u00e1lila v b\u0159eznu. P\u0159edlohu by m\u011bla projedn\u00e1vat doln\u00ed parlamentn\u00ed komora. Odbory navrhovanou podobu kritizuj\u00ed. Ministerstvo p\u0159ipravuje p\u0159itom dal\u0161\u00ed novelu z\u00e1kon\u00edku pr\u00e1ce. V\u00fdpov\u011bdi bez ud\u00e1n\u00ed d\u016fvodu v n\u00ed nebudou, a to p\u0159esto, \u017ee s n\u00ed \u010d\u00e1st koalice, rozum\u011bjme ob\u010dan\u0161t\u00ed demokrat\u00e9, souhlas\u00ed.<br \/><br \/>Zbyn\u011bk STANJURA, ministr financ\u00ed, 1. m\u00edstop\u0159edseda strany, 25.1.2024<br \/>&#8212;&#8212;&#8212;&#8212;&#8212;&#8212;&#8211;<br \/>Jsem pro v\u00fdpov\u011b\u010f bez ud\u00e1n\u00ed d\u016fvodu za jasn\u011b definovan\u00e9 v\u00fd\u0161e odstupn\u00e9ho, proto\u017ee to m\u016f\u017ee b\u00fdt vhodn\u00e9 pro ob\u011b dv\u011b strany, nejenom pro zam\u011bstnavatele, pro toho zam\u011bstnance.<br \/><br \/>Radim Fiala, p\u0159edseda poslaneck\u00e9ho klubu, m\u00edstop\u0159edseda hnut\u00ed \/SPD\/<br \/>&#8212;&#8212;&#8212;&#8212;&#8212;&#8212;&#8211;<br \/>D\u00e1t n\u011bkomu v\u00fdpov\u011b\u010f bez ud\u00e1n\u00ed d\u016fvodu, je m\u00edt z toho \u010dlov\u011bka otroka.<br \/><br \/>Marian JURE\u010cKA, vicepremi\u00e9r,\u00a0<strong>ministr<\/strong>\u00a0<strong>pr\u00e1ce<\/strong>\u00a0a soci\u00e1ln\u00edch v\u011bc\u00ed, p\u0159edseda strany \/KDU-\u010cSL\/<br \/>&#8212;&#8212;&#8212;&#8212;&#8212;&#8212;&#8211;<br \/>Pro m\u011b ot\u00e1zka v\u00fdpov\u011bdi bez ud\u00e1n\u00ed d\u016fvodu v\u016fbec nen\u00ed t\u00e9ma.<br \/><br \/>Alena Schillerov\u00e1, p\u0159edsedkyn\u011b poslaneck\u00e9ho klubu, m\u00edstop\u0159edsedkyn\u011b hnut\u00ed \/ANO\/<br \/>&#8212;&#8212;&#8212;&#8212;&#8212;&#8212;&#8211;<br \/>Se ob\u00e1v\u00e1m, \u017ee by to mohlo v\u00e9st k tomu, \u017ee se firmy mohou zbavit t\u0159eba \u017een s \u010dasto nemocn\u00fdmi d\u011btmi nebo star\u0161\u00edch zam\u011bstnanc\u016f.<br \/><br \/>Pavla PIVO\u0147KA VA\u0147KOV\u00c1, m\u00edstop\u0159edsedkyn\u011b sn\u011bmovn\u00edho v\u00fdboru pro soci\u00e1ln\u00ed politiku \/STAN\/<br \/>&#8212;&#8212;&#8212;&#8212;&#8212;&#8212;&#8211;<br \/>\u010c\u00e1st poslanc\u016f m\u00e1 jist\u00e9 pochybnosti. My se sna\u017e\u00edme, aby opravdu i zam\u011bstnanci byli chr\u00e1n\u011bni.<br \/><br \/>Ji\u0159\u00ed Rusnok, b\u00fdval\u00fd premi\u00e9r a b\u00fdval\u00fd ministr financ\u00ed, b\u00fdval\u00fd guvern\u00e9r \u010cNB, poradce p\u0159edstavenstva Allianz poji\u0161\u0165ovny<br \/>&#8212;&#8212;&#8212;&#8212;&#8212;&#8212;&#8211;<br \/>My chceme m\u00edt flex security z toho D\u00e1nska, to, \u017ee m\u016f\u017eu \u010dlov\u011bka vyhodit bez ud\u00e1n\u00ed d\u016fvodu, ale u\u017e nechceme platit ty d\u00e1nsk\u00e9 dan\u011b. My nechceme m\u00edt 25 % DPH na v\u0161echno, my nechceme m\u00edt 50 % da\u0148 z p\u0159\u00edjm\u016f, jako je v D\u00e1nsku.<br \/><br \/>V\u00e1clav Moravec, moder\u00e1tor \u010cT<br \/>&#8212;&#8212;&#8212;&#8212;&#8212;&#8212;&#8211;<br \/>Toto je sn\u011bmovn\u00ed tisk 663, kter\u00fd se prob\u00edral v p\u00e1tek mezi Marianem Jure\u010dkou a mezi odbory. Pane vicepremi\u00e9re, zm\u011bna v z\u00e1kon\u00edku pr\u00e1ce, kter\u00e1 prodlou\u017e\u00ed zku\u0161ebn\u00ed dobu u zam\u011bstnanc\u016f, a\u0165 jsou na mana\u017eersk\u00e9 funkci, nebo na \u0159adov\u00e9 funkci, to je jin\u00fd n\u00e1vrh, ch\u00e1pu to spr\u00e1vn\u011b, neud\u011bl\u00e1te to formou pozm\u011b\u0148ovac\u00edho n\u00e1vrhu k tomuto n\u00e1vrhu. Bude to samostatn\u00fd sn\u011bmovn\u00ed tisk?<br \/><br \/>Marian JURE\u010cKA, vicepremi\u00e9r,\u00a0<strong>ministr<\/strong>\u00a0<strong>pr\u00e1ce<\/strong>\u00a0a soci\u00e1ln\u00edch v\u011bc\u00ed, p\u0159edseda strany \/KDU-\u010cSL\/<br \/>&#8212;&#8212;&#8212;&#8212;&#8212;&#8212;&#8211;<br \/>Tisk, to bude samoz\u0159ejm\u011b samostatn\u00fd vl\u00e1dn\u00ed n\u00e1vrh, kter\u00fd je te\u010f p\u0159ipraven pro p\u0159ipom\u00ednkov\u00e9 \u0159\u00edzen\u00ed. Budeme to p\u0159ipom\u00ednkov\u00e9 \u0159\u00edzen\u00ed samoz\u0159ejm\u011b poctiv\u011b vypo\u0159\u00e1d\u00e1vat, toto je n\u00e1vrh, kter\u00fd se t\u00fdk\u00e1 nastaven\u00ed r\u016fstu minim\u00e1ln\u00ed mzdy tak, \u017ee minim\u00e1ln\u00ed mzda poroste v p\u0159\u00ed\u0161t\u00edch letech na hodnoty, kter\u00e9 tady nikdy v minulosti za 30 let nebyly, dostaneme se s minim\u00e1ln\u00ed mzdou na 47 % v\u016f\u010di pr\u016fm\u011brn\u00e9 mzd\u011b v roce 2029. Tak\u017ee vezmu predikci te\u010f z ministerstva financ\u00ed z jejich dat, tak by to mohlo vych\u00e1zet, \u017ee by minim\u00e1ln\u00ed mzda, kter\u00e1 je dneska 18 900 v tom roce 2029, mohla b\u00fdt zhruba 27 400. A toto obsahuje ten n\u00e1vrh, kter\u00fd se tady polo\u017eil na st\u016fl, kter\u00fd m\u00e1me projedn\u00e1vat ve sn\u011bmovn\u011b a z\u00e1rove\u0148 v tom n\u00e1vrhu je zru\u0161en\u00ed minim\u00e1ln\u00ed zaru\u010den\u00fd mezd pro soukrom\u00fd sektor, zaru\u010den\u00e9 mzdy z\u016fstanou v platov\u00e9 oblasti. A jsou tam je\u0161t\u011b n\u011bkter\u00e9 drobn\u00e9 \u00fapravy, kter\u00e9 se t\u00fdkaj\u00ed pos\u00edlen\u00ed soci\u00e1ln\u00edho dialogu.<br \/><br \/>V\u00e1clav Moravec, moder\u00e1tor \u010cT<br \/>&#8212;&#8212;&#8212;&#8212;&#8212;&#8212;&#8211;<br \/>A kdy\u017e se pod\u00edv\u00e1m na ten budouc\u00ed n\u00e1vrh, kter\u00fd te\u010f d\u00e1te do p\u0159ipom\u00ednkov\u00e9ho mezirezortn\u00edho \u0159\u00edzen\u00ed v r\u00e1mci vl\u00e1dy, tak ob\u010dan\u0161t\u00ed demokrat\u00e9 na kongresu, kter\u00fd dnes kon\u010d\u00ed, tak v\u00e1s chv\u00e1l\u00ed, \u017ee budou prodlou\u017eeny zku\u0161ebn\u00ed lh\u016fty. Z\u00e1rove\u0148 ale \u010d\u00e1st z nich vol\u00e1 po t\u00e9 v\u00fdpov\u011bdi bez ud\u00e1n\u00ed d\u016fvodu. To, co byste jako\u00a0<strong>ministr<\/strong>\u00a0<strong>pr\u00e1ce<\/strong>\u00a0a soci\u00e1ln\u00edch v\u011bc\u00ed odm\u00edtl. Pt\u00e1m se v\u00e1s. Jednozna\u010dn\u011b, je shoda v koalici Spolu, respektive ve vl\u00e1dn\u00ed koalici, \u017ee to tam n\u011bkdo nepropa\u0161uje pozm\u011b\u0148ovac\u00edm, poslaneck\u00fdm n\u00e1vrhem v\u00fdpov\u011b\u010f bez ud\u00e1n\u00ed d\u016fvodu?<br \/><br \/>Marian JURE\u010cKA, vicepremi\u00e9r,\u00a0<strong>ministr<\/strong>\u00a0<strong>pr\u00e1ce<\/strong>\u00a0a soci\u00e1ln\u00edch v\u011bc\u00ed, p\u0159edseda strany \/KDU-\u010cSL\/<br \/>&#8212;&#8212;&#8212;&#8212;&#8212;&#8212;&#8211;<br \/>J\u00e1 jasn\u011b \u0159\u00edk\u00e1m, jako p\u0159edkladatel a garant toho z\u00e1kona, \u017ee tam nebude v\u00fdpov\u011b\u010f bez ud\u00e1n\u00ed d\u016fvodu, tak, jak si jako dneska n\u011bkdo p\u0159edstavuje, \u017ee to takhle jako vezme a takhle jenom jednodu\u0161e to tam vlo\u017e\u00ed.<br \/><br \/>V\u00e1clav Moravec, moder\u00e1tor \u010cT<br \/>&#8212;&#8212;&#8212;&#8212;&#8212;&#8212;&#8211;<br \/>A na tom m\u00e1te v koalici Spolu, na tom m\u00e1te shodu?<br \/><br \/>Marian JURE\u010cKA, vicepremi\u00e9r,\u00a0<strong>ministr<\/strong>\u00a0<strong>pr\u00e1ce<\/strong>\u00a0a soci\u00e1ln\u00edch v\u011bc\u00ed, p\u0159edseda strany \/KDU-\u010cSL\/<br \/>&#8212;&#8212;&#8212;&#8212;&#8212;&#8212;&#8211;<br \/>Na tom budeme muset m\u00edt shodu, ne\u0159\u00edk\u00e1m dnes.<br \/><br \/>V\u00e1clav Moravec, moder\u00e1tor \u010cT<br \/>&#8212;&#8212;&#8212;&#8212;&#8212;&#8212;&#8211;<br \/>Zat\u00edm ji nem\u00e1te.<br \/><br \/>Marian JURE\u010cKA, vicepremi\u00e9r,\u00a0<strong>ministr<\/strong>\u00a0<strong>pr\u00e1ce<\/strong>\u00a0a soci\u00e1ln\u00edch v\u011bc\u00ed, p\u0159edseda strany \/KDU-\u010cSL\/<br \/>&#8212;&#8212;&#8212;&#8212;&#8212;&#8212;&#8211;<br \/>My uvid\u00edme, jak ten n\u00e1vrh cel\u00fd bude vypadat po p\u0159edlo\u017een\u00ed vl\u00e1d, ale j\u00e1 se tady vr\u00e1t\u00edm k tomu, co \u0159ekl Ji\u0159\u00ed Rusnok v tom sest\u0159ihu a to bylo d\u016fle\u017eit\u00e9, proto\u017ee n\u00e1m to \u010dasto v t\u011bch rozhovorech odkazuj\u00ed. Ta ot\u00e1zka v\u00fdpov\u011bdi bez ud\u00e1n\u00ed d\u016fvod\u016f nen\u00ed jenom \u010dern\u00e1 a b\u00edl\u00e1, pokud bychom opravdu dok\u00e1zaly vz\u00edt nejenom n\u011bkter\u00e9 prvky, ale ob\u011b dv\u011b ty strany t\u011bch prvk\u016f toho soci\u00e1ln\u00edho syst\u00e9mu a ta flex security z toho D\u00e1nska, to znamen\u00e1, je tam jasn\u00e1 ochrana toho zam\u011bstnance a jeho rodiny, \u017ee se nepropadne v p\u0159\u00edjmech, tak pak si za ur\u010dit\u00fdch okolnost\u00ed um\u00edm p\u0159edstavit, \u017ee se tyto v\u0161echny ostatn\u00ed parametry, v\u010detn\u011b po\u010det odstupn\u00fdch m\u011bs\u00ed\u010dn\u00edch mezd toho zam\u011bstnavatele daj\u00ed nastavit tak, \u017ee pak ten mechanismus je k debat\u011b, ale nen\u00ed to k debat\u011b te\u010f a toto na rovinu. Ne, \u017ee bych necht\u011bl. Mn\u011b to D\u00e1nsko je hodn\u011b sympatick\u00e9 v mnoha jin\u00fdch ohledech, t\u0159eba oni nemaj\u00ed v\u016fbec z\u00e1kon\u00edk pr\u00e1ce, prost\u011b v\u0161echno si mus\u00ed dohodnout zam\u011bstnavatel\u00e9 a zam\u011bstnanci a funguje to 130 let.<br \/><br \/>V\u00e1clav Moravec, moder\u00e1tor \u010cT<br \/>&#8212;&#8212;&#8212;&#8212;&#8212;&#8212;&#8211;<br \/>Vy byste necht\u011bl m\u00edt z\u00e1kon\u00edk pr\u00e1ce?<br \/><br \/>Marian JURE\u010cKA, vicepremi\u00e9r,\u00a0<strong>ministr<\/strong>\u00a0<strong>pr\u00e1ce<\/strong>\u00a0a soci\u00e1ln\u00edch v\u011bc\u00ed, p\u0159edseda strany \/KDU-\u010cSL\/<br \/>&#8212;&#8212;&#8212;&#8212;&#8212;&#8212;&#8211;<br \/>J\u00e1 bych si p\u0159\u00e1l, aby tady jenom z\u00e1kon\u00edk pr\u00e1ce nemusel b\u00fdt, aby si to mezi sebou dok\u00e1zali dohodnout odbory a zam\u011bstnavatel\u00e9.<br \/><br \/>V\u00e1clav Moravec, moder\u00e1tor \u010cT<br \/>&#8212;&#8212;&#8212;&#8212;&#8212;&#8212;&#8211;<br \/>Kdy\u017e nejsou, kdy\u017e je takov\u00e1 kultura, ne jako v D\u00e1nsku, tak byste necht\u011bl z\u00e1kon\u00edk pr\u00e1ce?<br \/><br \/>Marian JURE\u010cKA, vicepremi\u00e9r,\u00a0<strong>ministr<\/strong>\u00a0<strong>pr\u00e1ce<\/strong>\u00a0a soci\u00e1ln\u00edch v\u011bc\u00ed, p\u0159edseda strany \/KDU-\u010cSL\/<br \/>&#8212;&#8212;&#8212;&#8212;&#8212;&#8212;&#8211;<br \/>Ud\u011bl\u00e1me to na lusknut\u00ed prstu.<br \/><br \/>V\u00e1clav Moravec, moder\u00e1tor \u010cT<br \/>&#8212;&#8212;&#8212;&#8212;&#8212;&#8212;&#8211;<br \/>J\u00e1 se v\u00e1s pt\u00e1m proto, \u017ee, promi\u0148te, \u017ee na kongresu ob\u010dansk\u00fdch demokrat\u016f kup\u0159\u00edkladu Pavel Drobil, citovan\u00fd iDnesem \u0159ekl: &#8222;Nejsem si jist, jestli ten, koho chr\u00e1n\u00edme bol\u0161evick\u00fdm z\u00e1kon\u00edkem pr\u00e1ce, je n\u00e1\u0161 voli\u010d. Mus\u00edme si \u0159\u00edci, \u017ee odbory nejsou n\u00e1\u0161 partner, ale n\u00e1\u0161 nep\u0159\u00edtel&#8220;. Konec cit\u00e1tu. T\u011bmto slov\u016fm&#8230;<br \/><br \/>Marian JURE\u010cKA, vicepremi\u00e9r,\u00a0<strong>ministr<\/strong>\u00a0<strong>pr\u00e1ce<\/strong>\u00a0a soci\u00e1ln\u00edch v\u011bc\u00ed, p\u0159edseda strany \/KDU-\u010cSL\/<br \/>&#8212;&#8212;&#8212;&#8212;&#8212;&#8212;&#8211;<br \/>Tak j\u00e1 s t\u00edm kategoricky nesouhlas\u00edm a to \u0159\u00edk\u00e1m jako p\u0159edseda lidovc\u016f, proto\u017ee jestli m\u00e1 n\u011bjak\u00e1 spole\u010dnost a n\u011bjak\u00e1 ekonomika m\u00edt stabiln\u00ed potenci\u00e1l r\u016fstu a stabiln\u00ed ekonomick\u00e1 spole\u010densk\u00e9 prost\u0159ed\u00ed, tak soci\u00e1ln\u00ed dialog bez zodpov\u011bdn\u00fdch zam\u011bstnavatel\u016f a zodpov\u011bdn\u00fdch odbor\u016f je prost\u011b z\u00e1kladem toho budouc\u00edho r\u016fstu.<br \/><br \/>V\u00e1clav Moravec, moder\u00e1tor \u010cT<br \/>&#8212;&#8212;&#8212;&#8212;&#8212;&#8212;&#8211;<br \/>Ale vy jste v koalici s ob\u010dansk\u00fdmi demokraty, proto se pt\u00e1m, jestli m\u016f\u017eete ujistit ve\u0159ejnost, \u017ee ta nov\u00e1 novela z\u00e1kon\u00edku pr\u00e1ce, kterou te\u010f po\u0161lete do mezirezortn\u00edho p\u0159ipom\u00ednkov\u00e9ho \u0159\u00edzen\u00ed, kdy ji chcete m\u00edt schv\u00e1lenou na vl\u00e1d\u011b?<br \/><br \/>Marian JURE\u010cKA, vicepremi\u00e9r,\u00a0<strong>ministr<\/strong>\u00a0<strong>pr\u00e1ce<\/strong>\u00a0a soci\u00e1ln\u00edch v\u011bc\u00ed, p\u0159edseda strany \/KDU-\u010cSL\/<br \/>&#8212;&#8212;&#8212;&#8212;&#8212;&#8212;&#8211;<br \/>J\u00e1 po\u010d\u00edt\u00e1m, \u017ee na vl\u00e1d\u011b by to m\u011blo b\u00fdt rozhodn\u011b do pr\u00e1zdnin schv\u00e1leno.<br \/><br \/>V\u00e1clav Moravec, moder\u00e1tor \u010cT<br \/>&#8212;&#8212;&#8212;&#8212;&#8212;&#8212;&#8211;<br \/>Jin\u00fdmi slovy, \u017ee po parlamentn\u00edch pr\u00e1zdnin\u00e1ch to bude schvalovat Poslaneck\u00e1 sn\u011bmovna?<br \/><br \/>Marian JURE\u010cKA, <br \/>&#8212;&#8212;&#8212;&#8212;&#8212;&#8212;&#8211;<br \/>Ano.<br \/><br \/>V\u00e1clav Moravec, moder\u00e1tor \u010cT<br \/>&#8212;&#8212;&#8212;&#8212;&#8212;&#8212;&#8211;<br \/>Tak jestli jste schopen jako p\u0159edseda KDU-\u010cSL, proto\u017ee p\u0159edpokl\u00e1d\u00e1m, \u017ee vy m\u00e1te soci\u00e1ln\u00ed aspekt jako KDU-\u010cSL?<br \/><br \/>Marian JURE\u010cKA, <br \/>J\u00e1 v\u017edycky \u0159\u00edk\u00e1m, jsme t\u00edm, kdo nese tu zodpov\u011bdnost a tu solidaritu.<br \/><br \/>V\u00e1clav Moravec, moder\u00e1tor \u010cT<br \/>&#8212;&#8212;&#8212;&#8212;&#8212;&#8212;&#8211;<br \/>A proto se v\u00e1s pt\u00e1m, jestli v\u00e1s nep\u0159ehlasuj\u00ed a d\u00e1te si na to pr\u00e1vo veta u ob\u010dansk\u00fdch demokrat\u016f, kdy\u017e je takov\u00e1 atmosf\u00e9ra&#8230;<br \/><br \/>Marian JURE\u010cKA, <br \/>&#8212;&#8212;&#8212;&#8212;&#8212;&#8212;&#8211;<br \/>My jsme se v\u017edycky koali\u010dn\u011b dok\u00e1zali dohodnout p\u0159i hlasov\u00e1n\u00ed ve t\u0159et\u00edch \u010dten\u00ed za ty 2,5, roku. To neznamen\u00e1, \u017ee na po\u010d\u00e1tku toho p\u0159\u00edb\u011bhu maj\u00ed koali\u010dn\u00ed partne\u0159i a ob\u010das i my lidovci n\u011bkter\u00e9 v\u00fdhrady, n\u00e1zorov\u00e9, siln\u00e9 v\u00fdhrady v\u016f\u010di n\u011bkter\u00fdm n\u00e1vrh\u016fm jin\u00fdch rezortn\u00edch koleg\u016f, to je norm\u00e1ln\u00ed p\u0159\u00edb\u011bh politiky. My se na tom shodnout mus\u00edme. J\u00e1 se znovu vrac\u00edm k tomu, pokud bychom dok\u00e1zali vz\u00edt ty dobr\u00e9 v\u011bci, ale z\u00e1rove\u0148 ty zodpov\u011bdn\u00e9 v\u011bci z toho d\u00e1nsk\u00e9ho modelu, tak se o tom klidn\u011b bude \u00fapln\u011b bavit, ale tak daleko v t\u00e9 debat\u011b nejsme a podle m\u011b ani nebudeme. To se ned\u00e1 za p\u016fl roku nebo rok napsat.<br \/><br \/>V\u00e1clav Moravec, moder\u00e1tor \u010cT<br \/>&#8212;&#8212;&#8212;&#8212;&#8212;&#8212;&#8211;<br \/>Pan\u00ed p\u0159edsedkyn\u011b, \u010desk\u00fd pracovn\u00ed trh m\u00e1 jednu z nejni\u017e\u0161\u00edch nezam\u011bstnanosti, jak si m\u016f\u017eeme p\u0159ipomenout i na grafu v r\u00e1mci zem\u00ed Evropsk\u00e9 unie. Podle v\u00e1s je dobr\u00e9, aby je\u0161t\u011b v\u00edce byl, \u0159ekn\u011bme, liber\u00e1ln\u011bj\u0161\u00ed z\u00e1kon\u00edk pr\u00e1ce, \u017ee ze strany zam\u011bstnavatel\u016f budou m\u00edt k dispozici prodlou\u017eenou lh\u016ftu zku\u0161ebn\u00ed doby?<br \/><br \/>Alena Schillerov\u00e1, p\u0159edsedkyn\u011b poslaneck\u00e9ho klubu, m\u00edstop\u0159edsedkyn\u011b hnut\u00ed \/ANO\/<br \/>&#8212;&#8212;&#8212;&#8212;&#8212;&#8212;&#8211;<br \/>Prodlou\u017een\u00ed zku\u0161ebn\u00ed doby je t\u00e9ma, kter\u00e9 jsme nediskutovali zat\u00edm na klubu. J\u00e1 nev\u00edm, jak\u00fd je \u00fa\u010del tohoto n\u00e1vrhu, ten n\u00e1vrh tady spadl z nebe.<br \/><br \/>V\u00e1clav Moravec, moder\u00e1tor \u010cT<br \/>&#8212;&#8212;&#8212;&#8212;&#8212;&#8212;&#8211;<br \/>U\u010dinit pracovn\u00ed trh flexibiln\u011bj\u0161\u00ed.<br \/><br \/>Alena Schillerov\u00e1, p\u0159edsedkyn\u011b poslaneck\u00e9ho klubu, m\u00edstop\u0159edsedkyn\u011b hnut\u00ed \/ANO\/<br \/>&#8212;&#8212;&#8212;&#8212;&#8212;&#8212;&#8211;<br \/>Stejn\u011b tak v\u00edte, tady po\u0159\u00e1d padaj\u00ed n\u011bjak\u00e9 n\u00e1vrhy z nebe. J\u00e1 jsem chodila te\u010f t\u0159i t\u00fddny vysv\u011btlovat a r\u016fzn\u011b se vyjad\u0159ovat do m\u00e9di\u00ed k t\u00e9 v\u00fdpov\u011bdi bez ud\u00e1n\u00ed d\u016fvodu, a\u017e jsem k tomu nato\u010dila n\u011bjak\u00e9 videjko takov\u00e9, tro\u0161ku jsem si z toho d\u011blala, ono to nen\u00ed legrace, trochu legraci, co to je za n\u011bjakou koncep\u010dn\u00ed pr\u00e1ci? Co to zase je, v\u017edycky n\u011bco se pleskne. Te\u010f to ministr financ\u00ed to podpo\u0159\u00ed, vy jste to teda, vy jste byl takov\u00fd sp\u00ed\u0161 jako nap\u016fl, pak te\u010f zas \u0159\u00edk\u00e1, \u017ee to nebude. Jak to rozpojuje ten pracovn\u00ed trh, \u017ee se d\u00e1 vypov\u011bd\u011bt z ud\u00e1n\u00ed d\u016fvodu? Spr\u00e1vn\u011b jste \u0159ekl, m\u00e1me jednu z nejni\u017e\u0161\u00edch nezam\u011bstnanost\u00ed. No, tak komu daj\u00ed tu v\u00fdpov\u011b\u010f? Tak jak jsem to tam komentovala, t\u00e9 mamince s t\u00edm d\u00edt\u011btem, kter\u00e1 je \u010dasto s d\u00edt\u011btem doma nebo tomu nemocn\u00e9mu nebo n\u011bjak\u00e9mu u\u017e star\u0161\u00edmu ob\u010danovi, kter\u00fd m\u00e1, \u0159\u00edkal jste 55, \u017ee je nejv\u011bt\u0161\u00ed&#8230;<br \/><br \/>V\u00e1clav Moravec, moder\u00e1tor \u010cT<br \/>&#8212;&#8212;&#8212;&#8212;&#8212;&#8212;&#8211;<br \/>Vy sama jste tedy proti prodlu\u017eov\u00e1n\u00ed, proti prodlu\u017eov\u00e1n\u00ed zku\u0161ebn\u00ed doby v z\u00e1kon\u00edku pr\u00e1ce?<br \/><br \/>Alena Schillerov\u00e1, <br \/>&#8212;&#8212;&#8212;&#8212;&#8212;&#8212;&#8211;<br \/>Co n\u00e1m to m\u00e1 p\u0159in\u00e9st? A\u0165 n\u00e1m pan ministr vysv\u011btl\u00ed, co n\u00e1m to m\u00e1 p\u0159in\u00e9st? On to z\u0159ejm\u011b chce navrhnout, nebo je to v\u00e1\u0161 n\u00e1vrh nebo j\u00e1 u\u017e nev\u00edm koho, j\u00e1 u\u017e jsem \u00fapln\u011b zmaten\u00e1 z t\u00e9 p\u011btikoalice, jo, prost\u011b a po\u0159\u00e1d n\u011bkde n\u011bjak\u00e9 tiskovky a n\u011bjak\u00e9 prost\u011b v\u00fdk\u0159iky a pak se zase nic ned\u011bje.<br \/><br \/>V\u00e1clav Moravec, moder\u00e1tor \u010cT<br \/>&#8212;&#8212;&#8212;&#8212;&#8212;&#8212;&#8211;<br \/>To zase \u0159\u00edkali, oni v\u00e1m, kdy\u017e jste, kdy\u017e jste byli v opozici, tak oni byli zmaten\u00ed z v\u00e1s.<br \/><br \/>Alena Schillerov\u00e1, <br \/>&#8212;&#8212;&#8212;&#8212;&#8212;&#8212;&#8211;<br \/>To v\u0161ichni vid\u00edme, tak my jsme byli tro\u0161ku v covidu, nebudu se vymlouvat, ten covid bylo n\u011bco, co nikdo nikdy ne\u010dekal a nikdo na to nemohl b\u00fdt dostate\u010dn\u011b p\u0159ipraven. Jenom mal\u00e9 vysv\u011btlen\u00ed. Ale vysv\u011btlete n\u00e1m, co n\u00e1m to m\u00e1 p\u0159in\u00e9st? J\u00e1 to nech\u00e1pu.<br \/><br \/>Marian JURE\u010cKA, <br \/>&#8212;&#8212;&#8212;&#8212;&#8212;&#8212;&#8211;<br \/>J\u00e1 jsem to jasn\u011b tady \u0159ekl, \u017ee za m\u011b v\u00fdpov\u011b\u010f bez ud\u00e1n\u00ed d\u016fvodu nen\u00ed t\u00e9ma. Hotovo, te\u010dka. Nezkou\u0161ejte tady \u0159\u00edkat, \u017ee pan ministr \u0159ekl&#8230;<br \/><br \/>Alena Schillerov\u00e1, <br \/>&#8212;&#8212;&#8212;&#8212;&#8212;&#8212;&#8211;<br \/>Stanjura to podporoval.<br \/><br \/>Marian JURE\u010cKA, <br \/>Vy jste \u0159\u00edkala, \u017ee j\u00e1 jsem n\u011bco \u0159\u00edkal, ne\u0159ekl. J\u00e1 jsem to \u0159ekl jasn\u011b na tu ot\u00e1zku.<br \/><br \/>Alena Schillerov\u00e1, <br \/>Nebude to tam, neprojde to?<br \/><br \/>Marian JURE\u010cKA, <br \/>Nebude to tam.<br \/><br \/>Alena Schillerov\u00e1, <br \/>&#8212;&#8212;&#8212;&#8212;&#8212;&#8212;&#8211;<br \/>Ob\u010dan\u00e9 to sly\u0161\u00ed, to je dobr\u00e1 zpr\u00e1va.<br \/><br \/>Marian JURE\u010cKA, <br \/>Pak jsou tady v\u011bci, kter\u00e9 v tom z\u00e1kon\u00edku pr\u00e1ce reaguj\u00ed jak na v\u011bci, kter\u00e9 se t\u00fdkaj\u00ed zam\u011bstnavatel\u016f, zam\u011bstnanc\u016f, soci\u00e1ln\u00edho dialogu. A kdy\u017e se bav\u00edme o t\u00e9 ot\u00e1zce mo\u017enosti prodlou\u017eit tu zku\u0161ebn\u00ed dobu, tak je to zase v situaci, kdy t\u0159eba m\u00e1te \u010dlov\u011bka, kter\u00fd t\u0159eba berete i na vy\u0161\u0161\u00ed mana\u017eerskou pozici do v\u011bdecko-v\u00fdzkumn\u00fdch pracovn\u00edch pozic a tam jako fakt jako je na m\u00edst\u011b si \u0159\u00edct, \u017ee t\u0159eba ta doba m\u016f\u017ee b\u00fdt del\u0161\u00ed a z\u00e1rove\u0148 ta doba zku\u0161ebn\u00ed, del\u0161\u00ed m\u016f\u017ee p\u0159isp\u011bt k tomu, \u017ee pak nedoch\u00e1z\u00ed k \u0159et\u011bzen\u00ed.<br \/><br \/>Alena Schillerov\u00e1, <br \/>Tak\u017ee jako pr\u00e1vn\u00edk se pt\u00e1m?<br \/><br \/>Marian JURE\u010cKA, <br \/>&#8212;&#8212;&#8212;&#8212;&#8212;&#8212;&#8211;<br \/>Pracovn\u00edch smluv na dobu ur\u010ditou. Jsou tam zase t\u0159eba v\u011bci, kter\u00e9 podporuj\u00ed jednozna\u010dn\u011b stabilitu rodi\u010de, pr\u00e1v\u011b jeho v\u011bt\u0161\u00ed ochranu, garanci m\u00edsta, ne t\u00e9 garanci konkr\u00e9tn\u00ed pozice, \u017ee ten \u010dlov\u011bk bude m\u00edt pr\u00e1vo se vr\u00e1tit na tu konkurent pozici, ne n\u011bkam na n\u011bjak\u00e9 m\u00edsto ve firm\u011b. Jsou tam v\u011bci, j\u00e1 to budu p\u0159edstavovat v t\u00fddnu detailn\u011b na tiskovce.<br \/><br \/>Alena Schillerov\u00e1, <br \/>Aha, dal\u0161\u00ed tiskovka.<br \/><br \/>Marian JURE\u010cKA, vicepremi\u00e9r,\u00a0<strong>ministr<\/strong>\u00a0<strong>pr\u00e1ce<\/strong>\u00a0a soci\u00e1ln\u00edch v\u011bc\u00ed, p\u0159edseda strany \/KDU-\u010cSL\/<br \/>&#8212;&#8212;&#8212;&#8212;&#8212;&#8212;&#8211;<br \/>Kter\u00e9 prost\u011b maj\u00ed&#8230;. Vy jste j\u00ed d\u011blala tiskovku.<br \/><br \/>Alena Schillerov\u00e1, <br \/>J\u00e1 u\u017e to nest\u00edh\u00e1m sledovat ty va\u0161e tiskovky.<br \/><br \/>Marian JURE\u010cKA, <br \/>M\u011b to p\u0159ijde norm\u00e1ln\u00ed.<br \/><br \/>V\u00e1clav Moravec, moder\u00e1tor \u010cT<br \/>&#8212;&#8212;&#8212;&#8212;&#8212;&#8212;&#8211;<br \/>To si p\u0159ehraju, a\u017e vy budete ve vl\u00e1d\u011b.<br \/><br \/>Marian JURE\u010cKA, vicepremi\u00e9r,\u00a0<strong>ministr<\/strong>\u00a0<strong>pr\u00e1ce<\/strong>\u00a0a soci\u00e1ln\u00edch v\u011bc\u00ed, p\u0159edseda strany \/KDU-\u010cSL\/<br \/>&#8212;&#8212;&#8212;&#8212;&#8212;&#8212;&#8211;<br \/>Komunikuji s ve\u0159ejnost\u00ed a vysv\u011btluju ty v\u011bci a \u0159\u00edk\u00e1m&#8230;<br \/><br \/>Alena Schillerov\u00e1, <br \/>J\u00e1 se omlouv\u00e1m.<br \/><br \/>Marian JURE\u010cKA, <br \/>&#8212;&#8212;&#8212;&#8212;&#8212;&#8212;&#8211;<br \/>Je to n\u00e1vrh \u0159e\u0161it. Je to probl\u00e9m, je p\u0159in\u00e1\u0161et takov\u00e1 ta \u0159e\u0161en\u00ed a je ve prosp\u011bch t\u011bchto skupin.<br \/><br \/>Alena Schillerov\u00e1, <br \/>Tak\u017ee jako pr\u00e1vn\u00edk se pt\u00e1m, dneska je, tu\u0161\u00edm, t\u0159i m\u011bs\u00edce, ne? Pou\u010dte m\u011b, j\u00e1 \u00fapln\u011b&#8230; T\u0159i m\u011bs\u00edce, zku\u0161ebn\u00ed lh\u016fta. Tak\u017ee vy navrhnete to, aby v\u017edycky ten, jo, detail, \u017ee jo, ten \u010f\u00e1bel skv\u00ed v tom detailu, aby mohla b\u00fdt dohoda, \u017ee bude del\u0161\u00ed, tak\u017ee oni se dohodnou, nebo to bude b\u00fdt taxativn\u011b vyjmenovan\u00fdch&#8230;<br \/><br \/>Josef St\u0159edula<br \/>&#8212;&#8212;&#8212;&#8212;&#8212;&#8212;&#8211;<br \/>Ten c\u00edl je, aby mohl b\u00fdt vyhozen pozd\u011bji.<br \/><br \/>Marian JURE\u010cKA, <br \/>Ne, ne, ne, ne, ne, c\u00edl je, aby opravdu&#8230;<br \/><br \/>Josef St\u0159edula, <br \/>Bez ud\u00e1n\u00ed d\u016fvodu.<br \/><br \/>Marian JURE\u010cKA, <br \/>&#8212;&#8212;&#8212;&#8212;&#8212;&#8212;&#8211;<br \/>Mohli vid\u011bt&#8230;<br \/><br \/>V\u00e1clav Moravec, moder\u00e1tor \u010cT<br \/>&#8212;&#8212;&#8212;&#8212;&#8212;&#8212;&#8211;<br \/>Bez ud\u00e1n\u00ed d\u016fvodu nebude pane p\u0159edsedo.<br \/><br \/>Marian JURE\u010cKA, <br \/>&#8212;&#8212;&#8212;&#8212;&#8212;&#8212;&#8211;<br \/>Je, jestli si z toho d\u011bl\u00e1te legraci, tak jako&#8230;<br \/><br \/>Josef St\u0159edula, p\u0159edseda \u010ceskomoravsk\u00e9 konfederace odborov\u00fdch svaz\u016f<br \/>&#8212;&#8212;&#8212;&#8212;&#8212;&#8212;&#8211;<br \/>Zku\u0161ebn\u00ed doba, takov\u00e1 je. Zku\u0161ebn\u00ed doba m\u016f\u017ee zp\u016fsobit, \u017ee zam\u011bstnanec je vyhozen bez ud\u00e1n\u00ed d\u016fvodu v t\u00e9 dob\u011b.<br \/><br \/>Alena Schillerov\u00e1, p\u0159edsedkyn\u011b poslaneck\u00e9ho klubu, m\u00edstop\u0159edsedkyn\u011b hnut\u00ed \/ANO\/<br \/>&#8212;&#8212;&#8212;&#8212;&#8212;&#8212;&#8211;<br \/>J\u00e1 nechci \u010dekat na va\u0161i tiskovku, tak vyu\u017eiju toho, \u017ee mi to vysv\u011btl\u00edte.<br \/><br \/>Marian JURE\u010cKA, vicepremi\u00e9r,\u00a0<strong>ministr<\/strong>\u00a0<strong>pr\u00e1ce<\/strong>\u00a0a soci\u00e1ln\u00edch v\u011bc\u00ed, p\u0159edseda strany \/KDU-\u010cSL\/<br \/>&#8212;&#8212;&#8212;&#8212;&#8212;&#8212;&#8211;<br \/>P\u0159edpokl\u00e1d\u00e1m, \u017ee ten z\u00e1kon\u00edk pr\u00e1ce p\u0159in\u00e1\u0161\u00ed opat\u0159en\u00ed, kter\u00e1 jsou ve prosp\u011bch nejenom zam\u011bstnanc\u016f, ale firem, i soci\u00e1ln\u00ed dialog\u016f.<br \/><br \/>Alena Schillerov\u00e1, <br \/>&#8212;&#8212;&#8212;&#8212;&#8212;&#8212;&#8211;<br \/>Ta zku\u0161ebn\u00ed doba, jestli byste mn\u011b vysv\u011btlil?<br \/><br \/>Marian JURE\u010cKA, <br \/>&#8212;&#8212;&#8212;&#8212;&#8212;&#8212;&#8211;<br \/>Jasn\u011b jsem \u0159ekl, \u017ee ta mo\u017enost tady bude z\u016fstat, prodlou\u017eit o jeden m\u011bs\u00edc.<br \/><br \/>Alena Schillerov\u00e1, p\u0159edsedkyn\u011b poslaneck\u00e9ho klubu, m\u00edstop\u0159edsedkyn\u011b hnut\u00ed \/ANO\/<br \/>&#8212;&#8212;&#8212;&#8212;&#8212;&#8212;&#8211;<br \/>Jako dohodou?<br \/><br \/>V\u00e1clav Moravec, moder\u00e1tor \u010cT<br \/>&#8212;&#8212;&#8212;&#8212;&#8212;&#8212;&#8211;<br \/>Ne, to bude v z\u00e1kon\u011b, v z\u00e1kon\u011b bude prodlou\u017een\u00e1 o m\u011bs\u00edc.<br \/><br \/>Alena Schillerov\u00e1, <br \/>A jenom pro n\u011bkter\u00e9 profese? \u0158\u00edkal pro mana\u017eery?<br \/><br \/>Marian JURE\u010cKA, <br \/>&#8212;&#8212;&#8212;&#8212;&#8212;&#8212;&#8211;<br \/>U\u017e dnes je tam rozd\u011blen\u00ed, u\u017e dneska je tam rozd\u011blen\u00ed.<br \/><br \/>Josef St\u0159edula, <br \/>&#8212;&#8212;&#8212;&#8212;&#8212;&#8212;&#8211;<br \/>\u0158\u00edd\u00edc\u00ed zam\u011bstnanc\u016f.<br \/><br \/>V\u00e1clav Moravec, moder\u00e1tor \u010cT<br \/>&#8212;&#8212;&#8212;&#8212;&#8212;&#8212;&#8211;<br \/>Ale, to jedno toti\u017e doporu\u010den\u00ed, kter\u00e9 tady dal NERV, modernizace z\u00e1kon\u00edku pr\u00e1ce s ohledem na vyv\u00edjej\u00edc\u00ed se pot\u0159eby trhu, jeho pru\u017enost v oblasti n\u00e1boru nov\u00fdch zam\u011bstnanc\u016f. Vy tedy z va\u0161\u00ed reakce ch\u00e1pu, pane p\u0159edsedo, \u017ee budete z\u00e1sadn\u011b proti, to je dal\u0161\u00ed&#8230;<br \/><br \/>Josef St\u0159edula, p\u0159edseda \u010ceskomoravsk\u00e9 konfederace odborov\u00fdch svaz\u016f<br \/>&#8212;&#8212;&#8212;&#8212;&#8212;&#8212;&#8211;<br \/>Jednozna\u010dn\u011b. Za\u010dnu t\u00edm hor\u0161\u00edm, to znamen\u00e1 v\u00fdpov\u011b\u010f bez ud\u00e1n\u00ed d\u016fvodu. J\u00e1 bych samoz\u0159ejm\u011b je\u0161t\u011b jednou&#8230;<br \/><br \/>V\u00e1clav Moravec, moder\u00e1tor \u010cT<br \/>&#8212;&#8212;&#8212;&#8212;&#8212;&#8212;&#8211;<br \/>Po\u010dkejte, ale to tady pan vicepremi\u00e9r \u0159ekl, \u017ee to za n\u011bj nebude.<br \/><br \/>Josef St\u0159edula, p\u0159edseda \u010ceskomoravsk\u00e9 konfederace odborov\u00fdch svaz\u016f<br \/>&#8212;&#8212;&#8212;&#8212;&#8212;&#8212;&#8211;<br \/>Po\u010dkejte, po\u010dkejte, vy jste ne\u0159ekl p\u0159esnou ot\u00e1zku, pane redaktore. Bude KDU-\u010cSL v Poslaneck\u00e9 sn\u011bmovn\u011b, a\u017e tento pozm\u011b\u0148ov\u00e1k tam n\u011bkdo p\u0159edlo\u017e\u00ed, t\u0159eba extremista typu pana Drobila p\u0159edlo\u017e\u00ed n\u00e1vrh na v\u00fdpov\u011b\u010f.<br \/><br \/>Alena Schillerov\u00e1, p\u0159edsedkyn\u011b poslaneck\u00e9ho klubu, m\u00edstop\u0159edsedkyn\u011b hnut\u00ed \/ANO\/<br \/>&#8212;&#8212;&#8212;&#8212;&#8212;&#8212;&#8211;<br \/>To nen\u00ed poslanec.<br \/><br \/>Josef St\u0159edula, p\u0159edseda \u010ceskomoravsk\u00e9 konfederace odborov\u00fdch svaz\u016f<br \/>&#8212;&#8212;&#8212;&#8212;&#8212;&#8212;&#8211;<br \/>To \u0159\u00edk\u00e1m p\u0159\u00edklad, ne, \u017ee to bude on, tak\u017ee bude KDU-\u010cSL hlasovat proti tomuto, to znamen\u00e1, nebude hlasovat s koalic\u00ed?<br \/><br \/>V\u00e1clav Moravec, moder\u00e1tor \u010cT<br \/>&#8212;&#8212;&#8212;&#8212;&#8212;&#8212;&#8211;<br \/>Nen\u00ed to dohodnut\u00e9.<br \/><br \/>Josef St\u0159edula, p\u0159edseda \u010ceskomoravsk\u00e9 konfederace odborov\u00fdch svaz\u016f<br \/>&#8212;&#8212;&#8212;&#8212;&#8212;&#8212;&#8211;<br \/>Nen\u00ed to dohodnut\u00e9. Tady hroz\u00ed docela v\u00e1\u017en\u00e1 situace, \u017ee to ODS prosad\u00ed.<br \/><br \/>Marian JURE\u010cKA, vicepremi\u00e9r,\u00a0<strong>ministr<\/strong>\u00a0<strong>pr\u00e1ce<\/strong>\u00a0a soci\u00e1ln\u00edch v\u011bc\u00ed, p\u0159edseda strany \/KDU-\u010cSL\/<br \/>&#8212;&#8212;&#8212;&#8212;&#8212;&#8212;&#8211;<br \/>Tak se uklidn\u011bme, proto\u017ee j\u00e1 jsem jasn\u011b \u0159ekl, v\u017edycky jsme se ve t\u0159et\u00edm \u010dten\u00ed dohodnuli a nestalo se, aby ve t\u0159et\u00edm \u010dten\u00ed byl pozm\u011bov\u00e1k, kter\u00fd by se prohlasoval bez souhlasu v\u0161ech p\u011bti koali\u010dn\u00edch stran.<br \/><br \/>V\u00e1clav Moravec, moder\u00e1tor \u010cT<br \/>&#8212;&#8212;&#8212;&#8212;&#8212;&#8212;&#8211;<br \/>A tady m\u00e1te slovo, Marian Jure\u010dka v\u00e1m to garantoval. Vy tomu nev\u011b\u0159\u00edte?<br \/><br \/>Josef St\u0159edula, p\u0159edseda \u010ceskomoravsk\u00e9 konfederace odborov\u00fdch svaz\u016f<br \/>&#8212;&#8212;&#8212;&#8212;&#8212;&#8212;&#8211;<br \/>Pan ministr tak stejn\u011b p\u0159ed ned\u00e1vnem p\u0159i\u0161el s t\u00edm, \u017ee p\u0159edkl\u00e1d\u00e1 do vl\u00e1dy n\u00e1vrh, aby byly \u010dty\u0159i kategorie zaru\u010den\u00e9 mzdy. V\u00fdsledek po vl\u00e1d\u011b byl, \u017ee nen\u00ed \u017e\u00e1dn\u00e1, \u017e\u00e1dn\u00e1, nula, ale pt\u00e1m se&#8230;<br \/><br \/>Marian JURE\u010cKA, vicepremi\u00e9r,\u00a0<strong>ministr<\/strong>\u00a0<strong>pr\u00e1ce<\/strong>\u00a0a soci\u00e1ln\u00edch v\u011bc\u00ed, p\u0159edseda strany \/KDU-\u010cSL\/<br \/>&#8212;&#8212;&#8212;&#8212;&#8212;&#8212;&#8211;<br \/>Zv\u00fd\u0161en\u00ed minim\u00e1ln\u00ed mzdy na 47 %, hodnota, kter\u00e1 tady nikdy nebyla.<br \/><br \/>Josef St\u0159edula, p\u0159edseda \u010ceskomoravsk\u00e9 konfederace odborov\u00fdch svaz\u016f<br \/>&#8212;&#8212;&#8212;&#8212;&#8212;&#8212;&#8211;<br \/>Ale to je stejn\u00e1 situace. Vy ud\u011bl\u00e1te n\u011bjak\u00fd obchod potom. Ten obchod zaplat\u00ed zam\u011bstnanec t\u00edm, \u017ee t\u0159eba tady vznikne v\u00fdpov\u011b\u010f bez ud\u00e1n\u00ed d\u016fvod\u016f a j\u00e1 jsem z\u00e1sadn\u011b proti tomu, j\u00e1 to pova\u017euju, a to samoz\u0159ejm\u011b budu r\u00e1d, \u017ee hnut\u00ed ANO d\u00e1 jasn\u011b najevo, \u017ee takov\u00fdto institut p\u0159\u00edpadn\u011b zru\u0161\u00ed, proto\u017ee j\u00e1 si mysl\u00edm, \u017ee to je nesmysl.<br \/><br \/>Marian JURE\u010cKA, vicepremi\u00e9r,\u00a0<strong>ministr<\/strong>\u00a0<strong>pr\u00e1ce<\/strong>\u00a0a soci\u00e1ln\u00edch v\u011bc\u00ed, p\u0159edseda strany \/KDU-\u010cSL\/<br \/>&#8212;&#8212;&#8212;&#8212;&#8212;&#8212;&#8211;<br \/>Vy tady chod\u00edte a stra\u0161\u00edte s n\u011b\u010d\u00edm&#8230;<br \/><br \/>Josef St\u0159edula, p\u0159edseda \u010ceskomoravsk\u00e9 konfederace odborov\u00fdch svaz\u016f<br \/>&#8212;&#8212;&#8212;&#8212;&#8212;&#8212;&#8211;<br \/>Ale v\u016fbec ne.<br \/><br \/>Marian JURE\u010cKA, vicepremi\u00e9r,\u00a0<strong>ministr<\/strong>\u00a0<strong>pr\u00e1ce<\/strong>\u00a0a soci\u00e1ln\u00edch v\u011bc\u00ed, p\u0159edseda strany \/KDU-\u010cSL\/<br \/>&#8212;&#8212;&#8212;&#8212;&#8212;&#8212;&#8211;<br \/>Nikdy j\u00e1 jsem nep\u0159edkl\u00e1dal a p\u0159edkl\u00e1dat nebudu a neprojde to a furt se v tom tady to\u010d\u00edte.<br \/><br \/>Josef St\u0159edula, p\u0159edseda \u010ceskomoravsk\u00e9 konfederace odborov\u00fdch svaz\u016f<br \/>&#8212;&#8212;&#8212;&#8212;&#8212;&#8212;&#8211;<br \/>Ale j\u00e1 se s t\u00edm budu to\u010dit do t\u00e9 chv\u00edle, dokud to bude pry\u010d, dokud cel\u00e1 z\u00e1le\u017eitost v\u00fdpov\u011bdi bez ud\u00e1n\u00ed d\u016fvodu. skon\u010d\u00ed naprosto mimo h\u0159i\u0161t\u011b, proto\u017ee j\u00e1 se ob\u00e1v\u00e1m&#8230;<br \/><br \/>V\u00e1clav MORAVEC, moder\u00e1tor<br \/>&#8212;&#8212;&#8212;&#8212;&#8212;&#8212;&#8211;<br \/>Promi\u0148te, pane p\u0159edsedo, odm\u00edtl to STAN, v\u00fdpov\u011b\u010f bez ud\u00e1n\u00ed d\u016fvodu, odm\u00edtli to Pir\u00e1ti, odm\u00edt\u00e1 to KDU-\u010cSL, tak\u017ee by se ve sn\u011bmovn\u011b nena\u0161ly hlasy a ODS nem\u00e1 ve sn\u011bmovn\u011b v\u011bt\u0161inu.<br \/><br \/>Josef ST\u0158EDULA, p\u0159edseda \u010cMKOS<br \/>&#8212;&#8212;&#8212;&#8212;&#8212;&#8212;&#8211;<br \/>A\u017e bude to hlasov\u00e1n\u00ed, pane redaktore, a\u017e tam bude ten pozm\u011b\u0148ov\u00e1k, kter\u00fd si tam n\u011bkdo p\u0159iprav\u00ed a budu se hlasovat proti, v tu chv\u00edli budete m\u00edt pravdu a j\u00e1 si p\u0159eji, abysme ji m\u011bli spole\u010dnou, ale do t\u00e9 chv\u00edle nev\u011b\u0159\u00edm, je to zku\u0161enost za 30 let, \u017ee jakmile dojde k takov\u00e9to samotvorb\u011b poslanc\u016f, je to nebezpe\u010dn\u00e1 situace. Kdy\u017e jsem vid\u011bl posledn\u00ed hlasov\u00e1n\u00ed a n\u011bkte\u0159\u00ed se spletou i p\u0159i hlasov\u00e1n\u00ed, m\u016f\u017eu v\u00e1m \u0159\u00edct, \u017ee se toho ob\u00e1v\u00e1m.<br \/><br \/>V\u00e1clav MORAVEC, moder\u00e1tor<br \/>&#8212;&#8212;&#8212;&#8212;&#8212;&#8212;&#8211;<br \/>Podle v\u00e1s tedy, podle v\u00e1s tedy, podle v\u00e1s tedy neprosp\u011bje pracovn\u00edmu trhu, kdy\u017e bude v\u011bt\u0161\u00ed flexibilita, jak navrhuje NERV? D\u00e1me stranou v\u00fdpov\u011b\u010f bez ud\u00e1n\u00ed d\u016fvodu, abychom&#8230;<br \/><br \/>Josef ST\u0158EDULA, p\u0159edseda \u010cMKOS<br \/>&#8212;&#8212;&#8212;&#8212;&#8212;&#8212;&#8211;<br \/>J\u00e1 si mysl\u00edm, \u017ee flexibilita v \u010desk\u00e9m pracovn\u00edm pr\u00e1vu je mnohem vysok\u00e1, probl\u00e9m je jin\u00fd, \u017ee ti, kte\u0159\u00ed s t\u00edm pracuj\u00ed, tak neznaj\u00ed ten z\u00e1kon\u00edk pr\u00e1ce dostate\u010dn\u011b na to, aby s n\u00edm mohli pracovat, to znamen\u00e1, kdy\u017e n\u011bkdo te\u010f od\u016fvod\u0148oval, zrovna tady tento institut, tak \u0159\u00edkali, \u017ee to bude p\u0159ece v\u00fdborn\u00e9, \u017ee vlastn\u011b ti lid\u00e9 budou, odejdou z t\u00e9 firmy a t\u00edm p\u00e1dem se vytvo\u0159\u00ed nov\u00fd prostor pro nov\u00e1 zam\u011bstn\u00e1n\u00ed, tak\u017ee kdy\u017e ty \u0161patn\u00e9 vyhod\u00edte z firmy, tak se vytvo\u0159\u00ed n\u011bjak\u00e1 nov\u00e1 plocha pro zam\u011bstn\u00e1n\u00ed. V\u017edy\u0165 to ned\u00e1v\u00e1 v\u016fbec logiku! Tady se pou\u017e\u00edv\u00e1 i fale\u0161n\u00e1 argumentace a v podstat\u011b l\u017eiv\u00e1 v mnoha p\u0159\u00edpadech. Co se ale t\u00fdk\u00e1 t\u011bch zm\u011bn, ta zm\u011bna by mohla b\u00fdt. J\u00e1, kdy\u017e jsem si studoval n\u011bkter\u00e9 ty modely, kter\u00e9 existuj\u00ed v Evrop\u011b, t\u0159eba v tomto p\u0159\u00edpad\u011b v Rakousku, tak nejenom, \u017ee maj\u00ed t\u0159eba z\u00e1stupci zam\u011bstnanc\u016f velmi vysokou m\u00edru spolurozhodov\u00e1n\u00ed, to znamen\u00e1, jsou ve v\u0161em, u n\u00e1s to tak nen\u00ed, u n\u00e1s se vykostili i z\u00e1stupci zam\u011bstnanc\u016f z dozor\u010d\u00edch rad akciov\u00fdch spole\u010dnost\u00ed a vlo\u017eilo se to na dobrovoln\u00e9 b\u00e1zi, v N\u011bmecku m\u00e1te pr\u00e1vo na spolurozhodov\u00e1n\u00ed. U velk\u00fdch firem v\u00e1m 50 % zam\u011bstnanc\u016f sed\u00ed v dozor\u010d\u00edch rad\u00e1ch, kter\u00e9 jsou na \u00farovni p\u0159edstavenstev z pohledu \u010cesk\u00e9 republiky. A je n\u011bjak\u00e1 nestabiln\u00ed? A kdy\u017e teda mluv\u00edme o D\u00e1nsku, tak j\u00e1 chci ty d\u00e1nsk\u00e9 platy, j\u00e1 zvl\u00e1dnu v tom p\u0159\u00edpad\u011b i tu d\u00e1nskou, i ten d\u00e1nsk\u00fd odvod 50 %, proto\u017ee je to jedna z nejbohat\u0161\u00edch zem\u00ed v Evropsk\u00e9 unii.<br \/><br \/>V\u00e1clav MORAVEC, moder\u00e1tor<br \/>&#8212;&#8212;&#8212;&#8212;&#8212;&#8212;&#8211;<br \/>Do t\u00e9 novely z\u00e1kon\u00edku pr\u00e1ce budete cht\u00edt d\u00e1t n\u011bkter\u00e9 n\u00e1vrhy, aby m\u011bly alespo\u0148 \u010d\u00e1ste\u010dn\u011b podporu odbor\u016f, nebo to bude vl\u00e1da a zam\u011bstnavatel\u00e9 na stran\u011b jedn\u00e9 a odbory na stran\u011b druh\u00e9?<br \/><br \/>Marian JURE\u010cKA, <br \/>Ta flexibiln\u00ed novela z\u00e1kon\u00edku pr\u00e1ce se chyst\u00e1 zhruba t\u0159i \u010dtvrt\u011b roku, m\u00e1 k tomu pracovn\u00ed skupinu, v t\u00e9 pracovn\u00ed skupin\u011b jsou i z\u00e1stupci odbor\u016f, jsou tam v\u011bci, znovu \u0159\u00edk\u00e1m, j\u00e1 jsem se sna\u017eil celou dobu sledovat, co p\u0159i\u0161ly jako kl\u00ed\u010dov\u00e9 po\u017eadavky zam\u011bstnavatel\u016f, odbor\u016f a z\u00e1rove\u0148, abysme se d\u00edvali t\u0159eba na ty po\u017eadavky z pohledu zam\u011bstnanc\u016f, proto jsou tam i ty fakt dobr\u00e9 v\u011bci, kter\u00e9 znamenaj\u00ed v\u011bt\u0161\u00ed ochranu pr\u00e1v\u011b t\u011bch rodi\u010d\u016f p\u0159i n\u00e1vratu do pr\u00e1ce, jejich v\u011bt\u0161\u00ed podpora, zru\u0161en\u00ed t\u011bch nesmysl\u016f byrokratick\u00fdch, kdy\u017e jsme m\u011bli rodi\u010de, kter\u00fd m\u011bl doma mal\u00e9 d\u00edt\u011b, byl na rodi\u010dovsk\u00e9, cht\u011bl pracovat, tak se to obch\u00e1zelo, psaly se ty dohody na \u00fapln\u011b jin\u00e9 \u010dinnosti, to v\u0161echno tam jako vyhazujeme a nastavujeme to fakt jako, si mysl\u00edm, \u017ee jako logicky spr\u00e1vn\u011b, jo. Tak j\u00e1 jako stoj\u00edm si za t\u00edm, \u017ee prost\u011b ta novela je bezpe\u010dn\u00e1 pro ty lidi, bezpe\u010dn\u00e1 pro jejich dom\u00e1cnosti, nepou\u0161t\u00edme se do \u017e\u00e1dn\u00fdch v\u011bc\u00ed, kter\u00e9 by tady znamenaly, \u017ee ti lidi budou v n\u011bjak\u00fdch jako soci\u00e1ln\u00edch, ohro\u017een\u00fdch a podobn\u011b. A ten d\u00e1nsk\u00fd model, kter\u00fd je tady opakovan\u011b zmi\u0148ov\u00e1n, j\u00e1 si mysl\u00edm, \u017ee prost\u011b to jsou kroky, kter\u00fdmi k n\u011bmu m\u00e1me postupn\u011b zp\u011bt. J\u00e1 chci pos\u00edlit i to, aby t\u0159eba dal\u0161\u00ed a dal\u0161\u00ed \u010d\u00e1sti z\u00e1kon\u00edku pr\u00e1ce, dneska u\u017e tam n\u011bkter\u00e9 jsou, byly p\u0159ekonavateln\u00e9 pr\u00e1v\u011b t\u00edm, kdy\u017e se mezi s sebou dohodne na \u00farovni firmy zam\u011bstnavatel s odbory nebo na \u00farovni vy\u0161\u0161\u00edho kolektivn\u00edho vyjedn\u00e1v\u00e1n\u00ed za ten obor a poj\u010fme d\u00e1vat, to nen\u00ed p\u0159ehazov\u00e1n\u00ed, ale poj\u010fme na tu zodpov\u011bdnost t\u011bm, kte\u0159\u00ed opravdu v tom jsou, kte\u0159\u00ed tam pracuj\u00ed, kte\u0159\u00ed to plat\u00ed.<br \/><br \/>V\u00e1clav MORAVEC, moder\u00e1tor<br \/>&#8212;&#8212;&#8212;&#8212;&#8212;&#8212;&#8211;<br \/>To byla posledn\u00ed slova Marian Jure\u010dky, omlouv\u00e1m se, budu, budu r\u00e1d, kdy\u017e zase p\u0159ijdete v dohledn\u00e9 dob\u011b.<br \/><br \/><\/p>\n","protected":false},"excerpt":{"rendered":"<div class=\"mh-excerpt\"><p>\u010cT 24\u00a0&#8211; Ot\u00e1zky V\u00e1clava Moravce Kde kon\u010d\u00ed pr\u00e1va zam\u011bstnanc\u016f a za\u010d\u00ednaj\u00ed pr\u00e1va zam\u011bstnavatel\u016f. Diskuse Mariana Jure\u010dky, Aleny Schillerov\u00e9 a Josefa St\u0159eduly. Sociologov\u00e9 v posledn\u00ed vln\u011b <a class=\"mh-excerpt-more\" href=\"https:\/\/www.invarena.cz\/?p=48032\" title=\"Diskuze v OVM o penzijn\u00ed reform\u011b\u00a0\u00a0\">[&#8230;]<\/a><\/p>\n<\/div>","protected":false},"author":1,"featured_media":30238,"comment_status":"open","ping_status":"closed","sticky":false,"template":"","format":"standard","meta":{"footnotes":""},"categories":[6],"tags":[],"class_list":["post-48032","post","type-post","status-publish","format-standard","has-post-thumbnail","hentry","category-politika"],"_links":{"self":[{"href":"https:\/\/www.invarena.cz\/index.php?rest_route=\/wp\/v2\/posts\/48032","targetHints":{"allow":["GET"]}}],"collection":[{"href":"https:\/\/www.invarena.cz\/index.php?rest_route=\/wp\/v2\/posts"}],"about":[{"href":"https:\/\/www.invarena.cz\/index.php?rest_route=\/wp\/v2\/types\/post"}],"author":[{"embeddable":true,"href":"https:\/\/www.invarena.cz\/index.php?rest_route=\/wp\/v2\/users\/1"}],"replies":[{"embeddable":true,"href":"https:\/\/www.invarena.cz\/index.php?rest_route=%2Fwp%2Fv2%2Fcomments&post=48032"}],"version-history":[{"count":0,"href":"https:\/\/www.invarena.cz\/index.php?rest_route=\/wp\/v2\/posts\/48032\/revisions"}],"wp:featuredmedia":[{"embeddable":true,"href":"https:\/\/www.invarena.cz\/index.php?rest_route=\/wp\/v2\/media\/30238"}],"wp:attachment":[{"href":"https:\/\/www.invarena.cz\/index.php?rest_route=%2Fwp%2Fv2%2Fmedia&parent=48032"}],"wp:term":[{"taxonomy":"category","embeddable":true,"href":"https:\/\/www.invarena.cz\/index.php?rest_route=%2Fwp%2Fv2%2Fcategories&post=48032"},{"taxonomy":"post_tag","embeddable":true,"href":"https:\/\/www.invarena.cz\/index.php?rest_route=%2Fwp%2Fv2%2Ftags&post=48032"}],"curies":[{"name":"wp","href":"https:\/\/api.w.org\/{rel}","templated":true}]}}