{"id":48045,"date":"2024-04-15T06:58:41","date_gmt":"2024-04-15T04:58:41","guid":{"rendered":"https:\/\/www.invarena.cz\/?p=48045"},"modified":"2024-04-15T06:58:42","modified_gmt":"2024-04-15T04:58:42","slug":"postizenym-v-prvnim-stupni-zavislosti-se-nelibi-ze-jim-poslanci-koalice-nezvysili-prispevek-na-peci","status":"publish","type":"post","link":"https:\/\/www.invarena.cz\/?p=48045","title":{"rendered":"Posti\u017een\u00fdm v prvn\u00edm stupni z\u00e1vislosti se nel\u00edb\u00ed, \u017ee jim poslanci koalice nezv\u00fd\u0161ili p\u0159\u00edsp\u011bvek na p\u00e9\u010di"},"content":{"rendered":"\n<p>\u010cT 1<\/p>\n\n\n\n<p>Sn\u011bmovna schv\u00e1lila r\u016fst p\u0159\u00edsp\u011bvk\u016f na p\u00e9\u010di, pro\u0161el koali\u010dn\u00ed n\u00e1vrh. P\u0159id\u00e1no tedy dostanou\u00a0<strong>zdravotn\u011b<\/strong>\u00a0<strong>posti\u017een\u00ed<\/strong>\u00a0ve v\u0161ech stupn\u00edch, krom\u011b toho prvn\u00edho s lehkou z\u00e1vislost\u00ed.<br \/><br \/>Opozice zv\u00fd\u0161en\u00ed podporuje, vlastn\u00edm n\u00e1vrhem ale po\u017eadovala razantn\u011bj\u0161\u00ed r\u016fst a p\u0159ilep\u0161ila by i lidem ve zm\u00edn\u011bn\u00e9m prvn\u00edm stupni.\u00a0<strong>Ministr<\/strong>\u00a0<strong>pr\u00e1ce<\/strong>\u00a0ale argumentuje omezen\u00fdmi mo\u017enostmi rozpo\u010dtu.<br \/><br \/>Marian JURE\u010cKA, vicepremi\u00e9r,\u00a0<strong>ministr<\/strong>\u00a0<strong>pr\u00e1ce<\/strong>\u00a0a soci\u00e1ln\u00edch v\u011bc\u00ed, p\u0159edseda strany \/KDU-\u010cSL\/<br \/>&#8212;&#8212;&#8212;&#8212;&#8212;&#8212;&#8211;<br \/>Je to sedm miliard korun, je to nejv\u011bt\u0161\u00ed nav\u00fd\u0161en\u00ed, kter\u00e9 tady, mysl\u00edm si, \u017ee za posledn\u00edch 10 let bylo takto razantn\u00ed u p\u0159\u00edsp\u011bvku na p\u00e9\u010di. A sna\u017eili jsme se v ten okam\u017eik to zkoncentrovat na ten druh\u00fd, t\u0159et\u00ed a p\u0159edev\u0161\u00edm \u010dtvrt\u00fd stupe\u0148.<br \/><br \/> moder\u00e1tor \u010cT<br \/>&#8212;&#8212;&#8212;&#8212;&#8212;&#8212;&#8211;<br \/>V\u00fd\u0161e p\u0159\u00edsp\u011bvk\u016f se m\u011bn\u00ed stejn\u00fdm z\u00e1konem, kter\u00fd z\u00e1rove\u0148 upravuje financov\u00e1n\u00ed soci\u00e1ln\u00edch slu\u017eeb s pobo\u010dkami ve v\u00edce kraj\u00edch. I na to m\u00e1 opozice s koalic\u00ed odli\u0161n\u00fd n\u00e1zor.<br \/><br \/>Dana Ottov\u00e1, penzistka<br \/>&#8212;&#8212;&#8212;&#8212;&#8212;&#8212;&#8211;<br \/>\u0158ve jako pavi\u00e1n. Bez pen\u011bz do&#8230; nelez. Kam nem\u00e1m l\u00e9zt? Do hospody nelez.<br \/><br \/>redaktorka \u010cT<br \/>&#8212;&#8212;&#8212;&#8212;&#8212;&#8212;&#8211;<br \/>Ve sv\u00e9m byt\u011b \u017eije sama v 96 letech. Pam\u011b\u0165 tr\u00e9nuje vypl\u0148ov\u00e1n\u00edm nebo sudoku a je\u0161t\u011b vloni vy\u0161la na Je\u0161t\u011bd.<br \/><br \/>Dana Ottov\u00e1, penzistka<br \/>&#8212;&#8212;&#8212;&#8212;&#8212;&#8212;&#8211;<br \/>J\u00e1 toti\u017e bych hrozn\u011b r\u00e1da se vyhnula domovu d\u016fchodc\u016f.A tohle je byt, kde tedy jsem vlastn\u011b \u00fapln\u011b svobodn\u00e1.<br \/><br \/>redaktor \u010cT<br \/>&#8212;&#8212;&#8212;&#8212;&#8212;&#8212;&#8211;<br \/>Dana Ottov\u00e1 pob\u00edr\u00e1 vzhledem ke sv\u00e9 dobr\u00e9 kondici ten nejni\u017e\u0161\u00ed mo\u017en\u00fd p\u0159\u00edsp\u011bvek na p\u00e9\u010di, kter\u00fd se zvy\u0161ovat nebude, co\u017e kritizuje opozice. Podobn\u011b jako zp\u016fsob, jak\u00fdm ho ministr p\u0159edlo\u017eil.<br \/><br \/>Ale\u0161 Juchelka, \u010dlen sn\u011bmovn\u00edho soci\u00e1ln\u00edho v\u00fdboru \/ANO\/<br \/>&#8212;&#8212;&#8212;&#8212;&#8212;&#8212;&#8211;<br \/>Bez jak\u00e9hokoliv vn\u011bj\u0161\u00edho a vnit\u0159n\u00edho p\u0159ipom\u00ednkov\u00e9ho \u0159\u00edzen\u00ed a bez toho, aby se k tomu vyj\u00e1d\u0159ila Legislativn\u00ed rada vl\u00e1dy, a to je velmi pot\u0159ebn\u00e9 zd\u016fraznit, pon\u011bvad\u017e tady t\u00edmto se obch\u00e1z\u00ed vlastn\u011b ta odbornost.<br \/><br \/>Marian JURE\u010cKA, vicepremi\u00e9r,\u00a0<strong>ministr<\/strong>\u00a0<strong>pr\u00e1ce<\/strong>\u00a0a soci\u00e1ln\u00edch v\u011bc\u00ed, p\u0159edseda strany \/KDU-\u010cSL\/<br \/>&#8212;&#8212;&#8212;&#8212;&#8212;&#8212;&#8211;<br \/>Tomu ob\u010danovi, si mysl\u00edm, \u017ee je fakt \u00fapln\u011b \u0161umafuk, jestli jsme to podali jako vl\u00e1dn\u00ed n\u00e1vrh nebo jako poslaneck\u00fd n\u00e1vrh, kter\u00fd tak\u00e9 garantuje to, \u017ee ta pomoc a to zv\u00fd\u0161en\u00ed bude d\u0159\u00edve a bude od 1. 7.<br \/><br \/>redaktorka \u010cT<br \/>&#8212;&#8212;&#8212;&#8212;&#8212;&#8212;&#8211;<br \/>Samotn\u00fd p\u0159\u00edsp\u011bvek m\u00e1 vzr\u016fst a\u017e o 20 % dle stupn\u011b. Z\u00e1rove\u0148 vznik\u00e1 nov\u00fd. M\u00e1 podpo\u0159it nejv\u00edce z\u00e1visl\u00e9 na pomoci, kte\u0159\u00ed z\u016fst\u00e1vaj\u00ed doma. Opozici ale vad\u00ed i zp\u016fsob prosazen\u00ed zm\u011bn spole\u010dn\u011b s p\u0159eveden\u00edm financov\u00e1n\u00ed n\u011bkter\u00fdch nadregion\u00e1ln\u00edch slu\u017eeb na kraje.<br \/><br \/>Vladim\u00edra Lesensk\u00e1, \u010dlenka sn\u011bmovn\u00edho soci\u00e1ln\u00edho v\u00fdboru \/SPD\/<br \/>&#8212;&#8212;&#8212;&#8212;&#8212;&#8212;&#8211;<br \/>J\u00e1 to hodnot\u00edm jako podp\u00e1sovku. To, \u017ee p\u0159\u00edsp\u011bvek na p\u00e9\u010di ke sn\u011bmovn\u00edmu tisku 605 byl t\u00edmto zp\u016fsobem p\u0159id\u00e1n.<br \/><br \/>Pavla Pivo\u0148ka Va\u0148kov\u00e1, m\u00edstop\u0159edsedkyn\u011b sn\u011bmovn\u00edho soc. v\u00fdboru \/STAN\/<br \/>&#8212;&#8212;&#8212;&#8212;&#8212;&#8212;&#8211;<br \/>Mysl\u00edm si, \u017ee ges\u010dn\u00ed ministerstvo,\u00a0<strong>MPSV<\/strong>, v\u00ed, co d\u011bl\u00e1, to p\u0159enastaven\u00ed financov\u00e1n\u00ed t\u011bch soci\u00e1ln\u00edch slu\u017eeb je opravdu namy\u0161leno tak, aby bylo efektivn\u011bj\u0161\u00ed, aby bylo c\u00edlen\u011bj\u0161\u00ed.<br \/><br \/>redaktor \u010cT<br \/>&#8212;&#8212;&#8212;&#8212;&#8212;&#8212;&#8211;<br \/>Podle rezortu m\u00e1 norma jako celek pomoct, aby senio\u0159i mohli co nejd\u00e9le z\u016fstat doma ve sv\u00e9m prost\u0159ed\u00ed. P\u0159\u00edsp\u011bvek maj\u00ed vyu\u017e\u00edt na zaplacen\u00ed pe\u010dovatel\u016f, co\u017e u\u017e t\u0159i roky vyu\u017e\u00edv\u00e1 i pan\u00ed Ottov\u00e1.<br \/><br \/>Dana Ottov\u00e1, penzistka<br \/>&#8212;&#8212;&#8212;&#8212;&#8212;&#8212;&#8211;<br \/>To pom\u00e1h\u00e1 nejenom fyzicky, \u017ee v\u00e1m teda podaj\u00ed, j\u00e1 nev\u00edm, tu vodu nebo tu h\u016fl a \u017ee v\u00e1s dovedou n\u011bkam a tak. Toto ano, ale i jako \u010dlov\u011bk to pot\u0159ebuje s\u00e1m pro sebe.<br \/><br \/>redaktorka \u010cT<br \/>&#8212;&#8212;&#8212;&#8212;&#8212;&#8212;&#8211;<br \/>Nav\u00edc se c\u00edt\u00ed bezpe\u010dn\u011b d\u00edky SOS hodink\u00e1m.<br \/><br \/>Dana Ottov\u00e1, penzistka<br \/>&#8212;&#8212;&#8212;&#8212;&#8212;&#8212;&#8211;<br \/>Kdybych s sebou doma n\u011bkde \u0161vihla, co\u017e se st\u00e1v\u00e1 samoz\u0159ejm\u011b, a nemohla vst\u00e1t, zat\u00edm jsem je\u0161t\u011b v\u017edycky vstala, tak si tady vym\u00e1\u010dknu.<br \/><br \/>Rostislav Haufer, \u0159editel, Chytr\u00e1 p\u00e9\u010de<br \/>&#8212;&#8212;&#8212;&#8212;&#8212;&#8212;&#8211;<br \/>D\u016fle\u017eit\u00e1 v\u011bc je jednoduchost, proto\u017ee ten senior u\u017e m\u00e1 hor\u0161\u00ed motoriku, z\u00e1rove\u0148 maj\u00ed jednoduch\u00fd nab\u00edjec\u00ed stoj\u00e1nek, aby ten senior nemusel n\u011bkam n\u011bco zasouvat, tak\u017ee on se s\u00e1m chytne. Nau\u010dili jsme je mluvit \u010desky.<br \/><br \/>redaktor \u010cT<br \/>&#8212;&#8212;&#8212;&#8212;&#8212;&#8212;&#8211;<br \/>T\u0159eba tady, podobn\u011b jako opozice, kritizuj\u00ed dnes schv\u00e1len\u00e9 a podle nich nejist\u00e9 financov\u00e1n\u00ed.<br \/><br \/>Rostislav Haufer, \u0159editel, Chytr\u00e1 p\u00e9\u010de<br \/>&#8212;&#8212;&#8212;&#8212;&#8212;&#8212;&#8211;<br \/>V\u016fbec si nedok\u00e1\u017eu p\u0159edstavit \u00fapln\u011b ten restart i s t\u00edm, \u017ee i n\u00e1m kraje, a\u0165 to je St\u0159edo\u010desk\u00fd kraj, pra\u017esk\u00fd kraj nebo brn\u011bnsk\u00fd kraj, \u0159ekly, \u017ee v t\u00e9to chv\u00edli neuva\u017euj\u00ed nebo nemaj\u00ed prost\u0159edky a nemaj\u00ed mo\u017enost ani jakoby roz\u0161\u00ed\u0159it tu svoji vlastn\u00ed krajskou s\u00ed\u0165.<br \/><br \/>redaktorka \u010cT<br \/>&#8212;&#8212;&#8212;&#8212;&#8212;&#8212;&#8211;<br \/>\u00daprava bude podle opozice a profesn\u00ed unie znamenat nejistotu pro 400 000 klient\u016f. Marian Jure\u010dka s t\u00edm ale nesouhlas\u00ed a argumentuje dosud chyb\u011bj\u00edc\u00ed, jasn\u011b definovanou s\u00edt\u00ed slu\u017eeb. <br \/><br \/>Vloni st\u00e1t vypl\u00e1cel p\u0159\u00edsp\u011bvek na p\u00e9\u010di celkem pro v\u00edc ne\u017e 367 000 lid\u00ed, v\u011bt\u0161inou jde o handicapovan\u00e9 nad 18 let v\u011bku.<br \/><br \/>\u00da\u0159ady te\u010f pen\u00edze poskytuj\u00ed, jak zazn\u011blo, ve \u010dty\u0159ech stupn\u00edch. V tom prvn\u00edm p\u0159i lehk\u00e9 z\u00e1vislosti je 86 000 dosp\u011bl\u00fdch, ve druh\u00e9m p\u0159esahuje po\u010det 103 000 a ve t\u0159et\u00edm 89 000. \u010ctvrt\u00fd stupe\u0148, tedy \u00fapln\u00e1 z\u00e1vislost, se t\u00fdk\u00e1 25 000 lid\u00ed.<br \/><br \/>U d\u011bt\u00ed jsou po\u010dty v\u00fdrazn\u011b ni\u017e\u0161\u00ed, zhruba od 12 000 v prvn\u00edm stupni klesaj\u00ed a\u017e k necel\u00fdm p\u011bti tis\u00edc\u016fm p\u0159\u00edsp\u011bvk\u016f vypl\u00e1cen\u00fdch ve \u010dtvrt\u00e9m stupni z\u00e1vislosti.<br \/><br \/>V\u00fddaje st\u00e1tu za p\u0159\u00edsp\u011bvky na p\u00e9\u010di postupn\u011b sp\u00ed\u0161 rostou. Ze 30 miliard p\u0159ed p\u011bti lety na lo\u0148sk\u00fdch v\u00edc ne\u017e 37 miliard korun.<\/p>\n\n\n\n<p><\/p>\n","protected":false},"excerpt":{"rendered":"<div class=\"mh-excerpt\"><p>\u010cT 1 Sn\u011bmovna schv\u00e1lila r\u016fst p\u0159\u00edsp\u011bvk\u016f na p\u00e9\u010di, pro\u0161el koali\u010dn\u00ed n\u00e1vrh. P\u0159id\u00e1no tedy dostanou\u00a0zdravotn\u011b\u00a0posti\u017een\u00ed\u00a0ve v\u0161ech stupn\u00edch, krom\u011b toho prvn\u00edho s lehkou z\u00e1vislost\u00ed. Opozice zv\u00fd\u0161en\u00ed podporuje, <a class=\"mh-excerpt-more\" href=\"https:\/\/www.invarena.cz\/?p=48045\" title=\"Posti\u017een\u00fdm v prvn\u00edm stupni z\u00e1vislosti se nel\u00edb\u00ed, \u017ee jim poslanci koalice nezv\u00fd\u0161ili p\u0159\u00edsp\u011bvek na p\u00e9\u010di\">[&#8230;]<\/a><\/p>\n<\/div>","protected":false},"author":1,"featured_media":19888,"comment_status":"open","ping_status":"closed","sticky":false,"template":"","format":"standard","meta":{"footnotes":""},"categories":[6],"tags":[],"class_list":["post-48045","post","type-post","status-publish","format-standard","has-post-thumbnail","hentry","category-politika"],"_links":{"self":[{"href":"https:\/\/www.invarena.cz\/index.php?rest_route=\/wp\/v2\/posts\/48045","targetHints":{"allow":["GET"]}}],"collection":[{"href":"https:\/\/www.invarena.cz\/index.php?rest_route=\/wp\/v2\/posts"}],"about":[{"href":"https:\/\/www.invarena.cz\/index.php?rest_route=\/wp\/v2\/types\/post"}],"author":[{"embeddable":true,"href":"https:\/\/www.invarena.cz\/index.php?rest_route=\/wp\/v2\/users\/1"}],"replies":[{"embeddable":true,"href":"https:\/\/www.invarena.cz\/index.php?rest_route=%2Fwp%2Fv2%2Fcomments&post=48045"}],"version-history":[{"count":0,"href":"https:\/\/www.invarena.cz\/index.php?rest_route=\/wp\/v2\/posts\/48045\/revisions"}],"wp:featuredmedia":[{"embeddable":true,"href":"https:\/\/www.invarena.cz\/index.php?rest_route=\/wp\/v2\/media\/19888"}],"wp:attachment":[{"href":"https:\/\/www.invarena.cz\/index.php?rest_route=%2Fwp%2Fv2%2Fmedia&parent=48045"}],"wp:term":[{"taxonomy":"category","embeddable":true,"href":"https:\/\/www.invarena.cz\/index.php?rest_route=%2Fwp%2Fv2%2Fcategories&post=48045"},{"taxonomy":"post_tag","embeddable":true,"href":"https:\/\/www.invarena.cz\/index.php?rest_route=%2Fwp%2Fv2%2Ftags&post=48045"}],"curies":[{"name":"wp","href":"https:\/\/api.w.org\/{rel}","templated":true}]}}