{"id":48087,"date":"2024-04-16T02:00:45","date_gmt":"2024-04-16T00:00:45","guid":{"rendered":"https:\/\/www.invarena.cz\/?p=48087"},"modified":"2024-04-16T02:00:45","modified_gmt":"2024-04-16T00:00:45","slug":"nektera-mesta-uz-brigadniky-nezamestnaji","status":"publish","type":"post","link":"https:\/\/www.invarena.cz\/?p=48087","title":{"rendered":"N\u011bkter\u00e1 m\u011bsta u\u017e brig\u00e1dn\u00edky nezam\u011bstnaj\u00ed\u00a0\u00a0"},"content":{"rendered":"\n<p>\u00a0\u010cT 1\u00a0<\/p>\n\n\n\n<p><br \/>N\u011bkter\u00e1 m\u011bsta omezuj\u00ed nebo \u00fapln\u011b ru\u0161\u00ed letn\u00ed brig\u00e1dy, mohou za to nov\u011b vy\u0161\u0161\u00ed n\u00e1klady a slo\u017eit\u011bj\u0161\u00ed administrativa. Kv\u016fli novele z\u00e1kon\u00edku pr\u00e1ce se toti\u017e dohody p\u0159ibl\u00ed\u017eily klasick\u00e9mu pracovn\u00edmu pom\u011bru a brig\u00e1dn\u00edci maj\u00ed n\u00e1rok na dovolenou nebo p\u0159\u00edplatky za v\u00edkendy a sv\u00e1tky. N\u011bkter\u00fdm provoz\u016fm kv\u016fli tomu vzrostou n\u00e1klady o des\u00edtky procent.<br \/><br \/>Je\u0161t\u011b vloni prov\u00e1zeli expozic\u00ed \u0160umavy v \u017delezn\u00e9 Rud\u011b m\u00edstn\u00ed studenti, letos se budou muset n\u00e1v\u0161t\u011bvn\u00edci environment\u00e1ln\u00edho centra obej\u00edt bez v\u00fdkladu.<br \/><br \/>Filip SMOLA, starosta \u017delezn\u00e9 Rudy \/nestr.\/<br \/>&#8212;&#8212;&#8212;&#8212;&#8212;&#8212;&#8211;<br \/>Vzhledem k n\u00e1ro\u010dnosti a \u00fapravy legislativy, kter\u00e1 velmi komplikuje tady ty kr\u00e1tkodob\u00e9 smlouvy, tak jsme se rozhodli, \u017ee v leto\u0161n\u00edm roce je nebudeme p\u0159ij\u00edmat.<br \/><br \/>redaktor<br \/>&#8212;&#8212;&#8212;&#8212;&#8212;&#8212;&#8211;<br \/>Lid\u00e9, kte\u0159\u00ed pracuj\u00ed na dohodu, maj\u00ed t\u0159eba n\u00e1rok na placenou dovolenou nebo nov\u011b budou muset dostat p\u00edsemn\u011b a minim\u00e1ln\u011b 3 dny p\u0159edem rozvrh pr\u00e1ce.<br \/><br \/>Marian JURE\u010cKA,\u00a0<strong>ministr<\/strong>\u00a0<strong>pr\u00e1ce<\/strong>\u00a0a soci\u00e1ln\u00edch v\u011bc\u00ed \/KDU-\u010cSL\/<br \/>&#8212;&#8212;&#8212;&#8212;&#8212;&#8212;&#8211;<br \/>Bu\u010fto se ta pr\u00e1ce vykon\u00e1v\u00e1 v n\u011bjak\u00fdch jasn\u011b vymezen\u00fdch dnech \u010di hodin\u00e1ch, nebo je tam p\u0159\u00edpadn\u011b odkaz na to, \u017ee ta ot\u00e1zka, kdy se ta pr\u00e1ce vykon\u00e1v\u00e1, bude t\u0159eba dopln\u011bna SMS komunikac\u00ed.<br \/><br \/>redaktor<br \/>&#8212;&#8212;&#8212;&#8212;&#8212;&#8212;&#8211;<br \/>Naopak hrady a z\u00e1mky se v l\u00e9t\u011b bez brig\u00e1dn\u00edk\u016f neobejdou, t\u0159eba tady ve Velhartic\u00edch pot\u0159ebuj\u00ed ka\u017ed\u00fd den 4 sez\u00f3nn\u00ed pracovn\u00edky. Pr\u016fvodci si na letn\u00ed brig\u00e1d\u011b vyd\u011bl\u00e1vaj\u00ed kolem 150 K\u010d na hodinu, nov\u011b budou m\u00edt p\u0159\u00edplatky i za v\u00edkendy a sv\u00e1tky.<br \/>Sez\u00f3nn\u00ed pracovn\u00edky spr\u00e1va hradu vypl\u00e1c\u00ed z p\u0159\u00edsp\u011bvku na osobn\u00ed n\u00e1klady.<br \/><br \/>Mat\u011bj MEJST\u0158\u00cdK, kastel\u00e1n hradu Velhartice<br \/>&#8212;&#8212;&#8212;&#8212;&#8212;&#8212;&#8211;<br \/>Tento p\u0159\u00edsp\u011bvek se letos nezvy\u0161oval, nicm\u00e9n\u011b ty n\u00e1klady t\u011bmito p\u0159\u00edplatky a propl\u00e1cen\u00edm dovolen\u00fdch se n\u00e1m samoz\u0159ejm\u011b zvy\u0161uj\u00ed a\u017e n\u011bkde ke 20 %.<br \/><br \/> redaktor<br \/>&#8212;&#8212;&#8212;&#8212;&#8212;&#8212;&#8211;<br \/>Podle n\u011bkter\u00fdch person\u00e1ln\u00edch agentur v Plze\u0148sk\u00e9m kraji je kv\u016fli tomu letos nab\u00eddka letn\u00edch brig\u00e1d men\u0161\u00ed ne\u017e v p\u0159edchoz\u00edch letech, z\u00e1rove\u0148 ale v n\u011bkter\u00fdch regionech kles\u00e1 z\u00e1jem o sez\u00f3nn\u00ed pr\u00e1ce, sportovn\u00edm are\u00e1l\u016fm v Kru\u0161n\u00fdch hor\u00e1ch chyb\u00ed pracovn\u00edci v gastronomii nebo v p\u016fj\u010dovn\u00e1ch.\u00a0<\/p>\n","protected":false},"excerpt":{"rendered":"<div class=\"mh-excerpt\"><p>\u00a0\u010cT 1\u00a0 N\u011bkter\u00e1 m\u011bsta omezuj\u00ed nebo \u00fapln\u011b ru\u0161\u00ed letn\u00ed brig\u00e1dy, mohou za to nov\u011b vy\u0161\u0161\u00ed n\u00e1klady a slo\u017eit\u011bj\u0161\u00ed administrativa. Kv\u016fli novele z\u00e1kon\u00edku pr\u00e1ce se toti\u017e <a class=\"mh-excerpt-more\" href=\"https:\/\/www.invarena.cz\/?p=48087\" title=\"N\u011bkter\u00e1 m\u011bsta u\u017e brig\u00e1dn\u00edky nezam\u011bstnaj\u00ed\u00a0\u00a0\">[&#8230;]<\/a><\/p>\n<\/div>","protected":false},"author":1,"featured_media":43971,"comment_status":"open","ping_status":"closed","sticky":false,"template":"","format":"standard","meta":{"footnotes":""},"categories":[9],"tags":[],"class_list":["post-48087","post","type-post","status-publish","format-standard","has-post-thumbnail","hentry","category-zpravy"],"_links":{"self":[{"href":"https:\/\/www.invarena.cz\/index.php?rest_route=\/wp\/v2\/posts\/48087","targetHints":{"allow":["GET"]}}],"collection":[{"href":"https:\/\/www.invarena.cz\/index.php?rest_route=\/wp\/v2\/posts"}],"about":[{"href":"https:\/\/www.invarena.cz\/index.php?rest_route=\/wp\/v2\/types\/post"}],"author":[{"embeddable":true,"href":"https:\/\/www.invarena.cz\/index.php?rest_route=\/wp\/v2\/users\/1"}],"replies":[{"embeddable":true,"href":"https:\/\/www.invarena.cz\/index.php?rest_route=%2Fwp%2Fv2%2Fcomments&post=48087"}],"version-history":[{"count":0,"href":"https:\/\/www.invarena.cz\/index.php?rest_route=\/wp\/v2\/posts\/48087\/revisions"}],"wp:featuredmedia":[{"embeddable":true,"href":"https:\/\/www.invarena.cz\/index.php?rest_route=\/wp\/v2\/media\/43971"}],"wp:attachment":[{"href":"https:\/\/www.invarena.cz\/index.php?rest_route=%2Fwp%2Fv2%2Fmedia&parent=48087"}],"wp:term":[{"taxonomy":"category","embeddable":true,"href":"https:\/\/www.invarena.cz\/index.php?rest_route=%2Fwp%2Fv2%2Fcategories&post=48087"},{"taxonomy":"post_tag","embeddable":true,"href":"https:\/\/www.invarena.cz\/index.php?rest_route=%2Fwp%2Fv2%2Ftags&post=48087"}],"curies":[{"name":"wp","href":"https:\/\/api.w.org\/{rel}","templated":true}]}}