{"id":48121,"date":"2024-04-17T04:38:00","date_gmt":"2024-04-17T02:38:00","guid":{"rendered":"https:\/\/www.invarena.cz\/?p=48121"},"modified":"2024-04-17T06:52:31","modified_gmt":"2024-04-17T04:52:31","slug":"o-zubnich-lekarich-v-poslanecke-snemovne","status":"publish","type":"post","link":"https:\/\/www.invarena.cz\/?p=48121","title":{"rendered":"Poslanci schv\u00e1lili snaz\u0161\u00ed vstup zubn\u00edch l\u00e9ka\u0159\u016f z Ukrajiny do \u010desk\u00e9ho zdravotnictv\u00ed\u00a0\u00a0"},"content":{"rendered":"\n<p>Poslaneck\u00e1 sn\u011bmovna \u010cR&nbsp;&#8211; P\u0159epis <\/p>\n\n\n\n<p>Olga Richterov\u00e1, m\u00edstop\u0159edsedkyn\u011b sn\u011bmovny \/Pir\u00e1ti\/<br \/>&#8212;&#8212;&#8212;&#8212;&#8212;&#8212;&#8211;<br \/>&#8230;p\u0159ikro\u010d\u00edme k bodu. A t\u00edm je bod \u010d\u00edslo 110. Sen\u00e1tn\u00ed n\u00e1vrh z\u00e1kona, kter\u00fdm se m\u011bn\u00ed z\u00e1kon \u010d. 95\/2004 Sb. O podm\u00ednk\u00e1ch z\u00edsk\u00e1v\u00e1n\u00ed a uzn\u00e1v\u00e1n\u00ed odborn\u00e9 zp\u016fsobilosti a specializovan\u00e9 zp\u016fsobilosti k v\u00fdkonu zdravotnick\u00e9ho povol\u00e1n\u00ed l\u00e9ka\u0159e,\u00a0<strong>zubn\u00edho<\/strong>\u00a0l\u00e9ka\u0159e a farmaceuta. Ve zn\u011bn\u00ed pozd\u011bj\u0161\u00edch p\u0159edpis\u016f. Jedn\u00e1 se o sn\u011bmovn\u00ed tisk 603 a prv\u00e9 \u010dten\u00ed podle \u00a7 90 odstavce dva.J\u00e1 upozor\u0148uji tedy, \u017ee je navr\u017eeno, abychom s n\u00e1vrhem z\u00e1kona vyslovili souhlas ji\u017e v prv\u00e9m \u010dten\u00ed, stanovisko vl\u00e1dy jsme obdr\u017eeli jako sn\u011bmovn\u00ed tisk 603\/1 a nyn\u00ed po\u017e\u00e1d\u00e1m, aby p\u0159edlo\u017een\u00fd n\u00e1vrh z pov\u011b\u0159en\u00ed sen\u00e1tu postupn\u011b uvedli. Pan\u00ed sen\u00e1torka Jitka Seitlov\u00e1 a pot\u00e9 pan sen\u00e1tor Ladislav V\u00e1clavec, kter\u00e9 zde oba srde\u010dn\u011b v\u00edt\u00e1m a nyn\u00ed popros\u00edm tedy pan\u00ed sen\u00e1torku, aby se ujala slova.<br \/><br \/>Jitka Seitlov\u00e1,<br \/>&#8212;&#8212;&#8212;&#8212;&#8212;&#8212;&#8211;<br \/>D\u011bkuji. Pan\u00ed p\u0159edsedaj\u00edc\u00ed, v\u00e1\u017een\u00e9 d\u00e1my, v\u00e1\u017een\u00ed p\u00e1nov\u00e9, dovolte, abych p\u0159ed v\u00e1s p\u0159edstoupila s n\u00e1vrhem sen\u00e1tn\u00edho n\u00e1vrhu, kter\u00fd je novelou z\u00e1kona 95 z roku 2004.V sou\u010dasnosti je v regionech na\u0161\u00ed zem\u011b zna\u010dn\u00e1 nedostupnost\u00a0<strong>zubn\u00edch<\/strong>\u00a0l\u00e9ka\u0159\u016f. Uv\u00e1d\u00ed se, \u017ee jen nap\u0159\u00edklad v Moravskoslezsk\u00e9m kraji je bez registrace u\u00a0<strong>zubn\u00edho<\/strong>\u00a0specialisty 150 000 lid\u00ed. Velk\u00fdm probl\u00e9mem je v t\u00e9to souvislosti p\u00e9\u010de o dent\u00e1ln\u00ed zdrav\u00ed d\u011bt\u00ed. T\u011bch \u010d\u00edsel by bylo samoz\u0159ejm\u011b v\u00edce, ale je v\u011bt\u0161inou zn\u00e1te, nejsou pot\u011b\u0161uj\u00edc\u00ed. V sen\u00e1tu jsme proto spolu se sen\u00e1tory nap\u0159\u00ed\u010d sen\u00e1tn\u00edmi kluby, tedy koali\u010dn\u00edmi i opozi\u010dn\u00edmi, p\u0159edlo\u017eili n\u00e1vrh novely z\u00e1kona, kter\u00e1 by m\u011bla umo\u017enit plynul\u00e9 zapojov\u00e1n\u00ed\u00a0<strong>zubn\u00edch<\/strong>\u00a0l\u00e9ka\u0159\u016f p\u0159ich\u00e1zej\u00edc\u00edch do \u010cesk\u00e9 republiky ze t\u0159et\u00edch zem\u00ed do na\u0161eho zdravotnick\u00e9ho syst\u00e9mu. V tomto okam\u017eiku jde p\u0159edev\u0161\u00edm o specialisty z postsov\u011btsk\u00fdch republik a zejm\u00e9na z Ukrajiny. P\u0159edlo\u017een\u00e1 novela vytv\u00e1\u0159\u00ed podm\u00ednky pro to, aby u n\u00e1s mohli za\u010d\u00edt pracovat\u00a0<strong>zubn\u00ed<\/strong>\u00a0l\u00e9ka\u0159i p\u0159ich\u00e1zej\u00edc\u00ed ze zem\u00ed mimo EU ihned po nostrifikaci, tedy po \u00fa\u0159edn\u00edm uzn\u00e1n\u00ed dostate\u010dn\u00e9ho vzd\u011bl\u00e1n\u00ed v oboru. Mohli by pracovat pod p\u0159\u00edm\u00fdm odborn\u00fdm veden\u00edm zku\u0161en\u00e9ho\u00a0<strong>zubn\u00edho<\/strong>\u00a0l\u00e9ka\u0159e, tzv. \u0161kolitele \u0161kolitel m\u016f\u017ee b\u00fdt\u00a0<strong>zubn\u00ed<\/strong>\u00a0l\u00e9ka\u0159, kter\u00fd m\u00e1 nep\u0159eru\u0161ovanou praxi minim\u00e1ln\u011b p\u011bt let, a to je d\u016fle\u017eit\u00e9. Smlouvy s nejm\u00e9n\u011b t\u0159emi dominantn\u00edmi poji\u0161\u0165ovnami v regionu. Teprve n\u00e1sledn\u011b ten zahrani\u010dn\u00ed l\u00e9ka\u0159 m\u016f\u017ee slo\u017eit aproba\u010dn\u00ed zkou\u0161ku, a to nejpozd\u011bji do t\u0159\u00ed let. Sou\u010dasn\u00e1 pr\u00e1vn\u00ed \u00faprava proti tomu umo\u017e\u0148uje p\u016fsobit ve sv\u00e9 profesi t\u011bm zahrani\u010dn\u00edm l\u00e9ka\u0159\u016fm ze t\u0159et\u00edch zem\u00ed a\u017e po slo\u017een\u00ed aproba\u010dn\u00ed zkou\u0161ky. Mus\u00edm \u0159\u00edct, \u017ee netransparentnost a dal\u0161\u00ed nejasnosti vedou k tomu, \u017ee tuto zkou\u0161ku slo\u017e\u00ed sotva 10 % uchaze\u010d\u016f. A mnoz\u00ed\u00a0<strong>zubn\u00ed<\/strong>\u00a0l\u00e9ka\u0159i proto rad\u011bji, kte\u0159\u00ed p\u0159i\u0161li do \u010cesk\u00e9 republiky, pak odch\u00e1zej\u00ed do Polska, na Slovensko nebo Spolkov\u00e9 republiky n\u011bmeck\u00e9, kde ji\u017e plat\u00ed pr\u00e1vn\u00ed \u00faprava podobn\u00e1 t\u00e9, kterou dnes navrhujeme. Podle odborn\u00fdch odhad\u016f je nyn\u00ed v \u010cesk\u00e9 republice kolem n\u011bkolika des\u00edtek zuba\u0159\u016f ze t\u0159et\u00edch zem\u00ed, kte\u0159\u00ed zat\u00edm prov\u00e1d\u011bj\u00ed m\u00e9n\u011b kvalifikovan\u00e9 pr\u00e1ce. T\u0159eba i zametaj\u00ed a nelze vylou\u010dit. J\u00e1 mysl\u00edm, \u017ee v\u0161ichni o tom v\u00ed, o t\u011bch p\u0159\u00edpadech, \u017ee n\u011bkte\u0159\u00ed z nich jsou dokonce zneu\u017e\u00edv\u00e1n\u00ed neleg\u00e1ln\u00ed \u010dinnosti. Kdy\u017e dovol\u00edte. Te\u010f tedy shrnuty hlavn\u00ed body t\u00e9 novely, se kterou p\u0159ich\u00e1z\u00edme. Jednak roz\u0161i\u0159ujeme po\u010det subjekt\u016f, kter\u00e9 mohou stomatologa pozvat. M\u00e1 to b\u00fdt nav\u00edc stomatologick\u00e1 komora, l\u00e9ka\u0159sk\u00e1 komora, akreditovan\u00e9 pracovi\u0161t\u011b, anebo zejm\u00e9na krajsk\u00fd \u00fa\u0159ad, pr\u00e1v\u011b krajsk\u00fd \u00fa\u0159ad podle toho, jak m\u00e1 situaci zkontrolovanou, proto\u017ee on zodpov\u00edd\u00e1 tak\u00e9 z\u010d\u00e1sti to, co se d\u011bje v jeho regionu, tak ten si potom m\u016f\u017ee pozvat tyto l\u00e9ka\u0159e a teprve na jeho pozv\u00e1n\u00ed se prov\u00e1d\u00ed nostrifikace, \u010dili nen\u00ed to tak, jak jsme sly\u0161eli od pana prezidenta \u0160muclera, \u017ee jestli sem n\u011bkdo p\u0159ijede a hned jako mu umo\u017en\u011bno, aby prov\u00e1d\u011bl n\u011bjakou\u00a0<strong>zubn\u00ed<\/strong>\u00a0praxi. Cht\u011bla bych \u0159\u00edct, \u017ee dal\u0161\u00ed, co tedy \u0159e\u0161\u00edme, je vlastn\u011b to p\u0159\u00edm\u00e9 kontinu\u00e1ln\u00ed zapojen\u00ed t\u011bch, kte\u0159\u00ed p\u0159ich\u00e1z\u00ed do praxe, a to pod p\u0159\u00edm\u00fdm dohledem toho odborn\u00e9ho\u00a0<strong>zubn\u00edho<\/strong>\u00a0l\u00e9ka\u0159e v \u017e\u00e1dn\u00e9m p\u0159\u00edpad\u011b nesni\u017eujeme. N\u00e1roky na kvalitu a proba\u010dn\u00edch zkou\u0161ek b\u011bhem praxe. Nem\u016f\u017ee ten zahrani\u010dn\u00ed l\u00e9ka\u0159 pracovat nikde jinde ne\u017e u toho \u0161kolitele, kter\u00fd je stanoven p\u0159\u00edmo. Odpov\u011bdnost za proveden\u00ed v\u00fdkonu m\u00e1 ten \u0161kolic\u00ed, ten l\u00e9ka\u0159, kter\u00fd ho vezme, ten stomatolog, \u010dili je tam p\u0159\u00edm\u00e1 motivace odpov\u011bdnosti za tu vykonanou pr\u00e1ci, to znamen\u00e1, kdyby ty v\u00fdkony byly chybn\u00e9, tak si zkaz\u00ed nejenom renom\u00e9, ale tak m\u00e1 pak i ur\u010dit\u00e9 n\u00e1hrady a velk\u00e9 probl\u00e9my.Je tedy velk\u00e1 nad\u011bje, \u017ee takto st\u00e1\u017euj\u00edc\u00ed l\u00e9ka\u0159 po \u00fasp\u011b\u0161n\u00e9m absolvov\u00e1n\u00ed zkou\u0161ek p\u0159evezme praxi. Pokud dosluhuj\u00edc\u00ed stomatolog bude odch\u00e1zet. My t\u00edm chceme p\u0159edch\u00e1zet, tak je t\u00edm, \u017ee se zav\u00edraj\u00ed ty region\u00e1ln\u00ed\u00a0<strong>zubn\u00ed<\/strong>\u00a0ambulance, pro\u010d tam nen\u00ed nikdo, kdo by v t\u011bch regionech zem\u00ed, v t\u011bch okrajov\u00fdch \u010d\u00e1stech tu ambulanci n\u00e1sledn\u011b vedl. Mus\u00edm \u0159\u00edct, \u017ee jsme si v\u011bdomi, \u017ee n\u00e1\u0161 n\u00e1vrh cel\u00fd probl\u00e9m nedostatku zuba\u0159\u016f vy\u0159e\u0161it nedok\u00e1\u017ee. Mysl\u00edme si ale, \u017ee pom\u016f\u017ee rychleji reagovat na sou\u010dasnou akutn\u00ed situaci. J\u00e1 bych cht\u011bla pod\u011bkovat veden\u00ed Poslaneck\u00e9 sn\u011bmovny a v\u00e1m v\u0161em, kte\u0159\u00ed jste v\u011bnovali pozornost na\u0161emu n\u00e1vrhu, za to, \u017ee jste n\u00e1vrh za\u0159adili na projedn\u00e1n\u00ed dne\u0161n\u00edho dne, tedy co nejd\u0159\u00edve v r\u00e1mci v\u0161ech n\u00e1vrh\u016f, kter\u00e9 tady le\u017e\u00ed. A domn\u00edv\u00e1m se, \u017ee je to proto, \u017ee i u v\u00e1s v Poslaneck\u00e9 sn\u011bmovn\u011b zazn\u00edv\u00e1 nal\u00e9havost zlep\u0161en\u00ed dostupnosti\u00a0<strong>zubn\u00ed<\/strong>\u00a0p\u00e9\u010de pro na\u0161e ob\u010dany. D\u011bkuji za pozornost.<br \/><br \/>Olga Richterov\u00e1, m\u00edstop\u0159edsedkyn\u011b sn\u011bmovny \/Pir\u00e1ti\/<br \/>&#8212;&#8212;&#8212;&#8212;&#8212;&#8212;&#8211;<br \/>A nyn\u00ed n\u00e1vrh uvede je\u0161t\u011b pan sen\u00e1tor Ladislav V\u00e1clavec, pros\u00edm.<br \/><br \/>Ladislav V\u00e1clavec,<br \/>&#8212;&#8212;&#8212;&#8212;&#8212;&#8212;&#8211;<br \/>Dobr\u00fd ve\u010der, d\u00e1my a p\u00e1nov\u00e9, pan\u00ed p\u0159edsedaj\u00edc\u00ed, j\u00e1 moc d\u011bkuji za slovo. Pro m\u011b je to premi\u00e9ra tady v tom va\u0161em st\u00e1nku a ukazuj\u00ed mi kolegov\u00e9, \u017ee v\u00e1m mluvit pot\u011b\u0161ej a j\u00e1 mus\u00edm \u0159\u00edct, \u017ee v\u00e1s obdivuj\u00ed a jste pro m\u011b hrdinov\u00e9, tak v pozdn\u00edch hodin\u00e1ch pracovat a. A jak p\u0159ijdu do sen\u00e1tu? V\u0161em to \u0159eknu, jak jste pracovit\u00ed. J\u00e1 jsem cht\u011bl jenom \u0159\u00edct, my jsme p\u0159ipravili tuto novelu, proto\u017ee zuba\u0159\u016f je opravdu obrovsk\u00fd nedostatek. J\u00e1 jsem si p\u016fvodn\u011b myslel, \u017ee jenom v okrese Brunt\u00e1l, kter\u00fd je m\u00fdm sen\u00e1tn\u00edm obvodem, ale je to jak v okresech Karvin\u00e1, \u00dast\u00ed nad Labem a dal\u0161\u00edch oblastech na\u0161\u00ed republiky. Ta novela, kter\u00e1 je, my ty zuba\u0159e m\u016f\u017eeme vz\u00edt bu\u010fto z l\u00e9ka\u0159sk\u00fdch fakult, kter\u00e9 nem\u00e1me, a i pokud nav\u00fd\u0161\u00edme po\u010dty, tak je to b\u011bh na dlouhou tra\u0165, anebo je m\u016f\u017eeme vz\u00edt od zahrani\u010dn\u00edch, zahrani\u010dn\u00edch stomatolog\u016f, kte\u0159\u00ed jsou na \u00fazem\u00ed \u010cesk\u00e9 republiky nebo maj\u00ed z\u00e1jem u n\u00e1s zpracovat a jsou to stomatologov\u00e9 zejm\u00e9na z postsov\u011btsk\u00fdch republik a zejm\u00e9na z Ukrajiny, kte\u0159\u00ed i v t\u00e9to dob\u011b jsou na \u00fazem\u00ed republiky. Ta na\u0161e novela je velmi jednoduch\u00e1, a proto je to novela, kterou chceme schv\u00e1lit v devades\u00e1tce a je to jenom o tom, \u017ee stomatolog, kter\u00fd p\u0159ijde a nostrifikuje se mu diplom, se m\u016f\u017ee ihned zapojit do praxe pod p\u0159\u00edm\u00fdm odborn\u00fdm veden\u00edm stomatologa s p\u011btiletou prax\u00ed a se smlouvami minim\u00e1ln\u011b se t\u0159emi poji\u0161\u0165ovnami, to je podle n\u00e1s stra\u0161n\u011b d\u016fle\u017eit\u00e9, proto\u017ee bude to v ordinac\u00edch, kter\u00e9 o\u0161et\u0159uj\u00ed na poji\u0161\u0165ovnu a budou dostupn\u00e9. Pro lidi v chud\u0161\u00edch oblastech. Je d\u016fle\u017eit\u00e9 taky to, \u017ee jim d\u00e1v\u00e1me t\u0159i roky na to, aby mohli splnit a proba\u010dn\u00ed zkou\u0161ku, kter\u00e1 je velmi slo\u017eit\u00e1 a aby se na ni mohli d\u016fstojn\u011b p\u0159ipravit. Dne\u0161n\u00ed syst\u00e9m je ten, \u017ee ten l\u00e9ka\u0159 mus\u00ed nejprve ud\u011blat aproba\u010dn\u00ed zkou\u0161ku a pak m\u016f\u017ee do praxe. V\u00fdsledek je, \u017ee na \u00fazem\u00ed republiky je hodn\u011b zuba\u0159\u016f, kte\u0159\u00ed d\u011blaj\u00ed \u010d\u00ed\u0161n\u00edky, kte\u0159\u00ed d\u011blaj\u00ed taxik\u00e1\u0159e a mohli by pracovat a mohli by pomoci zabezpe\u010dit p\u00e9\u010di pro na\u0161i ob\u010dany, kte\u0159\u00ed nemaj\u00ed, jsou tady samoz\u0159ejm\u011b proti tomu v\u00fdhrady, \u017ee sni\u017eujeme p\u00e9\u010di, my tu p\u00e9\u010di nesni\u017eujeme, my tu p\u00e9\u010di naopak zaji\u0161\u0165ujeme a tu p\u00e9\u010di zaji\u0161\u0165ujeme i t\u00edm, \u017ee ten zuba\u0159 pracuje u toho kolegy pod p\u0159\u00edm\u00fdm dohledem, kter\u00fd mus\u00ed b\u00fdt v ordinaci a pod jeho dohledem. Taky se postupn\u011b p\u0159ipravujeme zkou\u0161ky a na to, aby m\u011bl dovednosti a v\u011bdomosti podle \u010desk\u00fdch l\u00e9ka\u0159\u016f. Tak\u017ee my jsme, jak \u0159\u00edkala pan\u00ed kolegyn\u011b, ud\u011blali, tento z\u00e1kon nap\u0159\u00ed\u010d politick\u00fdm spektrem u n\u00e1s v sen\u00e1tu pro\u0161el v\u00edcem\u00e9n\u011b jednohlasn\u011b, krom\u011b koleg\u016f, kte\u0159\u00ed zrovna kou\u0159ili, tak\u017ee ti se zdr\u017eeli, zdr\u017eeli hlasov\u00e1n\u00ed. A m\u00e1me ho prodiskutovan\u00fd jak s ministerstvem zdravotnictv\u00ed, kde n\u00e1m k tomu n\u011bjak\u00e9 p\u0159ipom\u00ednky d\u00e1l pan n\u00e1m\u011bstek Policar. Je to prodiskutovanost pan\u00ed Ma\u0159\u00edkovou, kter\u00e1 je \u0161\u00e9fka ipvz, ipvz, kter\u00e1 d\u011bl\u00e1 vlastn\u011b zkou\u0161ky t\u011bchto l\u00e9ka\u0159\u016f. Pod\u00edlel se na tom pan exprezident Pek\u00e1rek a pan Prim. Beran, co\u017e jsou stomatologov\u00e9, tak\u017ee si mysl\u00edme, \u017ee z\u00e1kon je vyv\u00e1\u017een\u00fd, ur\u010dit\u011b, m\u00e1 sv\u00e9 chyby, ur\u010dit\u011b. 90. P\u011btka chce cel\u00e1 p\u0159ed\u011blat, ale je to b\u011bh na dlouhou tra\u0165. Tak\u017ee my v\u00e1s moc pros\u00edme, abyste n\u00e1m to podpo\u0159ili a mysl\u00edme si, \u017ee to bude m\u00edt obrovsk\u00fd efekt. D\u011bkuji. A je\u0161t\u011b jednou m\u00e1te moji \u00factu.<br \/><br \/>Olga Richterov\u00e1, m\u00edstop\u0159edsedkyn\u011b sn\u011bmovny \/Pir\u00e1ti\/<br \/>&#8212;&#8212;&#8212;&#8212;&#8212;&#8212;&#8211;<br \/>A nyn\u00ed popros\u00edm, aby se slova ujala pan\u00ed zpravodajka pro prv\u00e9 \u010dten\u00ed, to je pan\u00ed poslankyn\u011b Michaela \u0160ebelov\u00e1.<br \/>Pros\u00edm.<br \/><br \/>Michaela \u0160ebelov\u00e1,<br \/>&#8212;&#8212;&#8212;&#8212;&#8212;&#8212;&#8211;<br \/>D\u011bkuji v\u00e1m za slovo, v\u00e1\u017een\u00e1 pan\u00ed p\u0159edsedaj\u00edc\u00ed, v\u00e1\u017een\u00fd pane minist\u0159e, v\u00e1\u017een\u00fd pan\u00ed minist\u0159e, v\u00e1\u017een\u00fd pane sen\u00e1tore, v\u00e1v\u00e1\u017een\u00e1 pan\u00ed sen\u00e1torko, kolegyn\u011b a kolegov\u00e9, v\u0161e d\u016fle\u017eit\u00e9 ji\u017e bylo \u0159e\u010deno, tak j\u00e1 se pokus\u00edm tedy velmi stru\u010dn\u00e1 c\u00edlem tedy novely z\u00e1kona \u010d. 95 nebo mezi \u010dty\u0159i sb\u00edrky o podm\u00ednk\u00e1ch z\u00edsk\u00e1v\u00e1n\u00ed a uzn\u00e1v\u00e1n\u00ed odborn\u00e9 zp\u016fsobilosti je \u0159e\u0161it pal\u010div\u00fd probl\u00e9m dostupnosti zdravotn\u00ed p\u00e9\u010de. Novela m\u00e1 tedy umo\u017enit pru\u017en\u011bj\u0161\u00ed zapojen\u00ed\u00a0<strong>zubn\u00edch<\/strong>\u00a0l\u00e9ka\u0159\u016f vzd\u011blan\u00fdch zem\u00ed mimo Evropskou unii. Detaily p\u0159edstavili oba p\u00e1ni sen\u00e1to\u0159i. J\u00e1 bych tedy hlavn\u011b zd\u016fraznila, \u017ee novela nezm\u00edr\u0148uje podm\u00ednky aproba\u010dn\u00edch zkou\u0161ek, jen d\u00e1v\u00e1 dot\u010den\u00fdm stomatolog\u016fm prostor k rychlej\u0161\u00edmu n\u00e1stupu do praxe. Sezn\u00e1mila bych v\u00e1s tedy sp\u00ed\u0161e s legislativn\u00edm procesem. Sen\u00e1t v Poslaneck\u00e9 sn\u011bmovn\u011b p\u0159edlo\u017eil n\u00e1vrh z\u00e1kona 19. prosince, n\u00e1vrh z\u00e1kona byl rozesl\u00e1n poslanc\u016fm jako tisk 603 dne 20. 12. N\u00e1vrh byl zasl\u00e1n vl\u00e1d\u011b k vyj\u00e1d\u0159en\u00ed stanoviska 21. prosince. A vl\u00e1da zaujala neutr\u00e1ln\u00ed stanovisko 22. ledna, a to bylo rozesl\u00e1no poslanc\u016fm jako tisk 603\/1. Organiza\u010dn\u00ed v\u00fdbor projedn\u00e1n\u00ed n\u00e1vrhu z\u00e1kona doporu\u010dil a navrhl v\u00fdbor pro zdravotnictv\u00ed jako garan\u010dn\u00ed. Na z\u00e1v\u011br zm\u00edn\u00edm, jak ji\u017e zazn\u011blo, \u017ee aktu\u00e1ln\u00ed situace v oblasti dostupnosti stomatologie v n\u011bkter\u00fdch regionech skute\u010dn\u011b pal\u010div\u00e1, proto pova\u017euji za vhodn\u00e9 odsouhlasit tento z\u00e1kon ji\u017e v prv\u00e9m \u010dten\u00ed v souladu s doporu\u010den\u00edm navrhovatele.<br \/>D\u011bkuji p\u011bkn\u011b.<br \/><br \/>Olga Richterov\u00e1, m\u00edstop\u0159edsedkyn\u011b sn\u011bmovny \/Pir\u00e1ti\/<br \/>&#8212;&#8212;&#8212;&#8212;&#8212;&#8212;&#8211;<br \/>A nyn\u00ed tedy otev\u00edr\u00e1m obecnou rozpravu, do kter\u00e9 m\u00e1m p\u0159ihl\u00e1\u0161en\u00e9ho pana. Poslance Ivo Vondr\u00e1ka.<br \/><br \/>Ivo Vondr\u00e1k,<br \/>&#8212;&#8212;&#8212;&#8212;&#8212;&#8212;&#8211;<br \/>d\u011bkuji. Dobr\u00fd ve\u010der, d\u00e1my a p\u00e1nov\u00e9. J\u00e1 se p\u0159izn\u00e1m, \u017ee \u00fapln\u011b nerozum\u00edm neutr\u00e1ln\u00edmu stanovisku vl\u00e1dy k n\u00e1vrhu tohoto z\u00e1kona.Proto\u017ee kdekoliv zajdete, tak sly\u0161\u00edte, \u017ee nedostupn\u00e1 zdravotn\u00ed\u00a0<strong>zubn\u00ed<\/strong>\u00a0p\u00e9\u010de, to je prost\u011b fakt, kter\u00fd sl\u00fdch\u00e1v\u00e1te v\u0161ude. J\u00e1 bych jenom dodal, \u017ee to nen\u00ed jenom mnohdy o t\u011bch stomatoloz\u00edch, je to samoz\u0159ejm\u011b o cel\u00e9 \u0159ad\u011b dal\u0161\u00edch profes\u00ed a dle m\u00e9ho n\u00e1zoru, jestli t\u0159eba \u0159\u00edct, jak\u00e1 je re\u00e1ln\u00e1 situace.\u010casto sl\u00fdch\u00e1v\u00e1me ze strany stomatologick\u00e9 komory, \u017ee\u00a0<strong>zubn\u00edch<\/strong>\u00a0l\u00e9ka\u0159\u016f Je dost. <br \/>Kdyby to byla pravda.Tak ve 21:24 tady nesed\u00edme a ne\u0159e\u0161\u00edme novelu z\u00e1kona. Prost\u011b jich dost nen\u00ed. T\u011bch d\u016fvod\u016f je cel\u00e1 \u0159ada, n\u011bkter\u00e9 jsou subjektivn\u00ed, n\u011bkter\u00e9 jsou objektivn\u00ed, mezi ty objektivn\u00ed pat\u0159\u00ed to, \u017ee dneska technika a n\u00e1ro\u010dnost t\u00e9to profese je takov\u00e1, \u017ee to, co d\u0159\u00edve za m\u00fdch mlad\u00fdch let st\u00edhal\u00a0<strong>zubn\u00ed<\/strong>\u00a0l\u00e9ka\u0159 b\u011bhem 10 minut, dneska trv\u00e1 t\u0159eba i hodinu i v\u00edce, jin\u00fdmi slovy \u0159e\u010deno, obecn\u011b plat\u00ed, \u017ee v podstat\u011b ten \u010das, kter\u00fd pot\u0159ebuje\u00a0<strong>zubn\u00ed<\/strong>\u00a0l\u00e9ka\u0159 na o\u0161et\u0159en\u00ed pacienta, je v\u00fdrazn\u011b del\u0161\u00ed. Dal\u0161\u00ed d\u016fvody jsou ty, \u017ee\u00a0<strong>zubn\u00ed<\/strong>\u00a0l\u00e9ka\u0159i r\u00e1di z\u016fst\u00e1vaj\u00ed v t\u011bch centrech, kter\u00e9 jsou, \u0159ekn\u011bme, velk\u00e1 m\u011bsta, obce a chyb\u00ed n\u00e1m potom, \u0159ekn\u011bme, v takov\u00fdch t\u011bch oblastech, kter\u00e9 u\u017e nejsou tak zalidn\u011bn\u00e9, no a samoz\u0159ejm\u011b jeden z kl\u00ed\u010dov\u00fdch probl\u00e9m\u016f je, \u017ee cel\u00e1 \u0159ada z nich v podstat\u011b ani nepot\u0159ebuje m\u00edt podeps\u00e1nu smlouvou se zdravotn\u00ed poji\u0161\u0165ovnou.Ale ot\u00e1zka zn\u00ed, jak to tento probl\u00e9m vy\u0159e\u0161it, proto\u017ee kdy\u017e se na to pod\u00edv\u00e1m, tak spole\u010dn\u00fdm jmenovatelem je, \u017ee\u00a0<strong>zubn\u00edch<\/strong>\u00a0l\u00e9ka\u0159\u016f je nedostatek .M\u00e1me dv\u011b mo\u017enosti, jak to vy\u0159e\u0161it. Je tady mo\u017enost kr\u00e1tkodob\u00e1 a dlouhodob\u00e1, ta dlouhodob\u00e1 tady zazn\u011bla. J\u00e1 jsem r\u00e1d, \u017ee jsem byl u toho, kdy jsme pomohli l\u00e9ka\u0159sk\u00e9 fakult\u011b ostravsk\u00e9 univerzity vytvo\u0159it obor, kter\u00fd u\u017e je dneska akreditovan\u00fd, je to\u00a0<strong>zubn\u00ed<\/strong>\u00a0l\u00e9ka\u0159stv\u00ed, m\u00e1 prvn\u00ed sv\u00e9 studenty, st\u00e1lo n\u00e1s to ni\u017e\u0161\u00ed des\u00edtky milion\u016f, ale dle m\u00e9ho n\u00e1zoru je to cesta, kdy jsme v podstat\u011b vzaly na sebe to, co by mo\u017en\u00e1 m\u011bly garantovat. Poji\u0161\u0165ovny \u010di st\u00e1t.B udeme m\u00edt prvn\u00ed absolventy\u00a0<strong>zubn\u00edho<\/strong>\u00a0l\u00e9ka\u0159stv\u00ed, ale bude to a\u017e n\u011bkdy za p\u011bt let, z\u00e1le\u017e\u00ed, jak rychle n\u00e1m budou studovat, ale d\u0159\u00edve to ur\u010dit\u011b nebude, tak\u017ee n\u00e1m nezb\u00fdv\u00e1 je\u0161t\u011b ne\u017e hledat kr\u00e1tkodob\u00e1 \u0159e\u0161en\u00ed.A j\u00e1 mus\u00edm \u0159\u00edct, \u017ee u\u017e v po\u010d\u00e1tku ukrajinsk\u00e9 krize upozor\u0148uj\u00ed na to, \u017ee k n\u00e1m p\u0159ich\u00e1z\u00ed lid\u00e9, kte\u0159\u00ed jsou vzd\u011blan\u00ed.A neust\u00e1le trp\u00ed t\u00edm, \u017ee nemohou sv\u00e9 vzd\u011bl\u00e1n\u00ed uplatnit. J\u00e1 tomu rozum\u00edm. Mus\u00edme zajistit jak\u00e9si principy kvality, jakousi metriku, kter\u00e1 je n\u00e1m d\u00e1v\u00e1na za jaksi \u00fakol, aby byla dodr\u017eena, abychom zajistili pot\u0159ebnou kvalitu, o tom nen\u00ed sporu, ale tak\u00e9 si mus\u00edme \u0159\u00edct, zdali n\u011bkdy.Ten princip toho, abychom uznali vzd\u011bl\u00e1n\u00ed takov\u00fdchto, nen\u00ed p\u0159\u00edli\u0161 byrokratick\u00fd a zdali n\u00e1m nebr\u00e1n\u00ed v tom, abychom tyto vzd\u011blan\u00e9 lidi vyu\u017eili. J\u00e1 jsem r\u00e1d, \u017ee tady p\u0159ich\u00e1z\u00ed n\u00e1vrh z\u00e1kona, kter\u00fd m\u00e1 logiku, mysl\u00edm si, \u017ee lze mu vyhov\u011bt.A j\u00e1 bych moc r\u00e1d, kdyby tato sn\u011bmovna si uv\u011bdomila, \u017ee i my v dob\u011b r\u016fzn\u00fdch kriz\u00ed v \u0161edes\u00e1t\u00e9m, osm\u00e9, osma\u010dty\u0159ic\u00e1t\u00e9m, kdy\u017e n\u00e1m ut\u00edkali vzd\u011blan\u00ed lid\u00e9, tak dost\u00e1vali \u0161anci zahrani\u010d\u00ed. Mysl\u00edm, \u017ee m\u00e1me spoustu \u0161pi\u010dkov\u00fdch l\u00e9ka\u0159\u016f, kte\u0159\u00ed se uplatnili ve Spojen\u00fdch st\u00e1tech. D\u00e1m p\u0159\u00edklad pana doktora pomaha\u010de, kter\u00fd je vlastn\u011b i absolvente m\u00e9ho gymn\u00e1zia, kde jsem chodil. Zkusme b\u00fdt teda tro\u0161ku objektivn\u00ed a zkusme si \u0159\u00edct, zdali bychom nebyli vst\u0159\u00edcn\u00ed k tomu, abychom t\u011bmto lidem dali \u0161anci, proto\u017ee ne\u017e vychov\u00e1me dal\u0161\u00ed\u00a0<strong>zubn\u00ed<\/strong>\u00a0l\u00e9ka\u0159e, tak to bude chv\u00edli trvat. A j\u00e1 zat\u00edm nevid\u00edm jinou cestu, jak napomoci zaji\u0161t\u011bn\u00ed kvalitn\u00ed\u00a0<strong>zubn\u00ed<\/strong>\u00a0p\u00e9\u010de pro na\u0161e pacienty.<br \/>D\u011bkuji.<br \/><br \/>Olga Richterov\u00e1, m\u00edstop\u0159edsedkyn\u011b sn\u011bmovny \/Pir\u00e1ti\/<br \/>&#8212;&#8212;&#8212;&#8212;&#8212;&#8212;&#8211;<br \/>A nyn\u00ed je p\u0159ihl\u00e1\u0161en pan poslanec Jan S\u00edla. <br \/>Pros\u00edm, ujm\u011bte se slova.<br \/><br \/>Jan S\u00edla,<br \/>&#8212;&#8212;&#8212;&#8212;&#8212;&#8212;&#8211;<br \/>V\u00e1\u017een\u00e1 m\u00edstop\u0159edsedkyn\u011b, d\u00e1my a p\u00e1nov\u00e9, dovolte, abych se vyj\u00e1d\u0159il k t\u00e9to problematice taky ze sv\u00e9ho pohledu a zase tak, jak jsem se zmi\u0148oval o sv\u00fdch osobn\u00edch pocitech p\u0159ed chv\u00edl\u00ed v projevu o n\u00e1vykov\u00fdch l\u00e1tk\u00e1ch. Tak v\u00e1m mus\u00edm \u0159\u00edct, \u017ee moje man\u017eelka je zuba\u0159ka, dcera je tak\u00e9 zuba\u0159ka. Jsme z Moravskoslezsk\u00e9ho kraje a \u0159eknu v\u00e1m, \u017ee nedostatek\u00a0<strong>zubn\u00edch<\/strong>\u00a0l\u00e9ka\u0159\u016f je tam katastrof\u00e1ln\u00ed, tam n\u011bkolik des\u00edtek tis\u00edc lid\u00ed v\u016fbec nem\u00e1 zuba\u0159e, maj\u00ed denn\u011b 50, 60 telefon\u00e1t\u016f, kdy mus\u00ed ho prost\u011b odm\u00edtat pacienty, kte\u0159\u00ed nemaj\u00ed o\u0161et\u0159en\u00ed. J\u00e1 jsem se o tom zam\u00fd\u0161lel zrovna tak, jak tady prof. Vondr\u00e1k, jak\u00fdm zp\u016fsobem tu situaci \u0159e\u0161it a tady jsou skute\u010dn\u011b ty dv\u011b \u0159e\u0161en\u00ed, a sice to dlouhodob\u00e9 a kr\u00e1tkodob\u00e9 a kr\u00e1tkodob\u00e9 \u0159e\u0161en\u00ed je jedin\u00e9, a to nabrat prost\u011b l\u00e9ka\u0159e ze zahrani\u010d\u00ed, proto\u017ee ta situace, jak je tady neust\u00e1le opakov\u00e1na, obzvl\u00e1\u0161\u0165 od p\u0159edsedy stomatologick\u00e9 komory, \u017ee zuba\u0159\u016f je dost. On skute\u010dn\u011b u n\u00e1s zuba\u0159\u016f je 6800 zhruba a t\u011bch zuba\u0159\u016f je na po\u010det obyvatel relativn\u011b tak asi stejn\u011b, nebo je to v pr\u016fm\u011bru Evropsk\u00e9 unii, ale bohu\u017eel u n\u00e1s je situace takov\u00e1, \u017ee stomatologie byla od devades\u00e1t\u00fdch let bran\u00e1 jako pilotn\u00ed projekt privatizace zdravotnictv\u00ed, to znamen\u00e1, neust\u00e1le ka\u017ed\u00fd rok byly sni\u017eovan\u00e9 \u00fahradov\u00e9 vyhl\u00e1\u0161ky do pro, do stomatologicky a jako obor, co to znamenalo? Znamenalo to, \u017ee zuba\u0159i si museli vypracov\u00e1vat neust\u00e1le jak\u00e9si ty hodinov\u00e9 platby s t\u00edm, \u017ee neust\u00e1le pacienti museli a v\u00edc platit, do\u0161lo to tak daleko, \u017ee dneska ti mlad\u00ed zuba\u0159i prakticky nemaj\u00ed povinnost uzav\u00edrat smlouvu s poji\u0161\u0165ovnami. A pro\u010d by, z jak\u00e9ho d\u016fvodu by oni chodili d\u011blat, j\u00e1 nev\u00edm, n\u011bkde do pohrani\u010d\u00ed, do n\u011bjak\u00e9ho m\u011bste\u010dka mal\u00e9ho, kde je velmi slab\u00e1 platebn\u00ed schopnost lid\u00ed. Proto\u017ee ty lidi si to mus\u00ed hradit, dneska si hrad\u00ed 50, 60 %, ve\u0161ker\u00e9ho o\u0161et\u0159en\u00ed si hrad\u00ed jako spolu\u00fa\u010dast a oni na to nemaj\u00ed, to znamen\u00e1, oni mus\u00ed prov\u00e1d\u011bt ty nejlevn\u011bj\u0161\u00ed v\u00fdkony a ten mlad\u00fd zuba\u0159, kter\u00fd by m\u011bl j\u00edt do toho kraje nebo do toho regionu, si tam nevyd\u011bl\u00e1, tak pro\u010d by tam chodil. Z\u016fst\u00e1vaj\u00ed v\u0161ichni ve m\u011bstech, anebo odj\u00ed\u017ed\u00ed do zahrani\u010d\u00ed? Na, samoz\u0159ejm\u011b na z\u00e1pad od na\u0161ich hranic, kde ty platby jsou podstatn\u011b vy\u0161\u0161\u00ed. J\u00e1 to vid\u00edm tak, \u017ee tady tento z\u00e1kon, kter\u00fd je p\u0159edlo\u017een\u00fd, \u017ee to je v sou\u010dasn\u00e9 dob\u011b jedin\u00e9 mo\u017en\u00e9 \u0159e\u0161en\u00ed jako kr\u00e1tkodob\u00e9 nebo akutn\u00ed nebo urgentn\u00ed \u0159e\u0161en\u00ed sou\u010dasn\u00e9 situace, kter\u00e1 je nejenom v Moravskoslezsk\u00e9m kraji, ale ta je ve v\u0161ech vlastn\u011b prakticky regionech, krom\u011b soused\u00edc\u00edch s Rakouskem a s N\u011bmeckem, kam jezd\u00ed prost\u011b k t\u011bm zuba\u0159\u016fm v zahrani\u010d\u00ed klientela, a proto v\u00e1s \u017e\u00e1d\u00e1m taky o podporu a abyste to opravdu podpo\u0159ili v t\u00e9 devades\u00e1tce. D\u011bkuju za pozornost.<br \/><br \/>mluv\u010d\u00ed 2,<br \/>&#8212;&#8212;&#8212;&#8212;&#8212;&#8212;&#8211;<br \/>J\u00e1 d\u011bkuji p\u011bkn\u011b a t\u00e1\u017ei se, zda je n\u011bkdo dal\u0161\u00ed, kdo chce vystoupit v obecn\u00e9 Rozprav\u011b, nebo\u0165 nem\u00e1m dal\u0161\u00edho p\u0159ihl\u00e1\u0161en\u00e9ho. Nen\u00ed tomu tak, tak\u017ee obecnou rozpravu kon\u010d\u00edm, op\u011bt se t\u00e1\u017ei, zda je nyn\u00ed z\u00e1jem o z\u00e1v\u011bre\u010dn\u00e1 slova, po obecn\u00e9 rozprav\u011b nevn\u00edm\u00e1m tento z\u00e1jem. A my tedy p\u0159istoup\u00edme, j\u00e1 p\u0159ivol\u00e1m kolegyn\u011b a kolegy z p\u0159eds\u00e1l\u00ed.P\u0159istoup\u00edme k tomu, \u017ee rozhodneme podle \u00a7 90 odstavce p\u011bt o pokra\u010dov\u00e1n\u00ed projedn\u00e1v\u00e1n\u00ed tohoto n\u00e1vrhu a j\u00e1 p\u0159ednesu n\u00e1vrh usnesen\u00ed, kter\u00e9 zn\u00ed Poslaneck\u00e1 sn\u011bmovna souhlas\u00ed s pokra\u010dov\u00e1n\u00edm jedn\u00e1n\u00ed o sn\u011bmovn\u00edm tisku. 603 tak, aby s n\u00edm mohl b\u00fdt vysloven souhlas ji\u017e v prv\u00e9m \u010dten\u00ed.Je\u0161t\u011b chvili\u010dku pose\u010dk\u00e1me, ne\u017e kolegov\u00e9 dojdou do s\u00e1lu.<br \/><br \/>Olga Richterov\u00e1, m\u00edstop\u0159edsedkyn\u011b sn\u011bmovny \/Pir\u00e1ti\/<br \/>&#8212;&#8212;&#8212;&#8212;&#8212;&#8212;&#8211;<br \/>N\u00e1vrh usnesen\u00ed byl na\u010dten a j\u00e1 zahajuji hlasov\u00e1n\u00ed, kdo je pro tento n\u00e1vrh, nech\u0165 zm\u00e1\u010dkne tla\u010d\u00edtko a zvedne ruku. Kdo je proti.<br \/><br \/>Olga Richterov\u00e1, m\u00edstop\u0159edsedkyn\u011b sn\u011bmovny \/Pir\u00e1ti\/<br \/>&#8212;&#8212;&#8212;&#8212;&#8212;&#8212;&#8211;<br \/>A v hlasov\u00e1n\u00ed 100 dvac\u00e1t\u00e9m p\u00e1t\u00e9m se \u00fa\u010dastnilo 133 poslanc\u016f a poslanky\u0148 pro 92, proti 0. Konstatuji tedy, \u017ee tento n\u00e1vrh usnesen\u00ed byl schv\u00e1len.J\u00e1 tedy nyn\u00ed zahajuji podrobnou rozpravu, do kter\u00e9 se nikdo nep\u0159ihl\u00e1sil. Chvili\u010dku po\u010dk\u00e1m, zda n\u011bkdo bude m\u00edt z\u00e1jem vystoupit.Nen\u00ed tomu tak, tak\u017ee podrobnou rozpravu kon\u010d\u00edm, pro po\u0159\u00e1dek se op\u011bt ot\u00e1\u017ei, zda je z\u00e1jem o z\u00e1v\u011bre\u010dn\u00e1 slova jak od z\u00e1stupc\u016f navrhovatel\u016f, tak od pan\u00ed zpravodajky nen\u00ed. A p\u0159ikro\u010d\u00edme tedy k hlasov\u00e1n\u00ed o cel\u00e9m n\u00e1vrhu z\u00e1kona. P\u0159edn\u00e1\u0161\u00edm n\u00e1vrh usnesen\u00ed, Poslaneck\u00e1 sn\u011bmovna vyslovuje souhlas se sen\u00e1tn\u00edm n\u00e1vrhem z\u00e1kona, kter\u00fdm se m\u011bn\u00ed z\u00e1kon \u010d. 95\/2004 Sb. O podm\u00ednk\u00e1ch z\u00edsk\u00e1v\u00e1n\u00ed a uzn\u00e1v\u00e1n\u00ed odborn\u00e9 zp\u016fsobilosti a specializovan\u00e9 zp\u016fsobilosti k v\u00fdkonu zdravotnick\u00e9ho povol\u00e1n\u00ed l\u00e9ka\u0159e, zubn\u00edho l\u00e9ka\u0159e a farmaceuta, ve zn\u011bn\u00ed pozd\u011bj\u0161\u00edch p\u0159edpis\u016f. Podle sn\u011bmovn\u00edho tisku 603. A j\u00e1 je\u0161t\u011b v\u0161echny odhl\u00e1s\u00edm, zaznamenala jsem \u017e\u00e1dost, pros\u00edm, p\u0159ihl\u00e1\u0161te se op\u011bt v\u0161ichni sv\u00fdmi identifika\u010dn\u00edmi kartami. A u\u017e se n\u00e1m ust\u00e1lil po\u010det. J\u00e1 tedy zahajuji hlasov\u00e1n\u00ed o p\u0159ednesen\u00e9m n\u00e1vrhu usnesen\u00ed. Kdo je pro, nech\u0165 zm\u00e1\u010dkne tla\u010d\u00edtko a zvedne ruku. A v hlasov\u00e1n\u00ed \u010d\u00edslo 126 se \u00fa\u010dastnilo 111 hlasuj\u00edc\u00edch pro 98, proti 0. Konstatuji, \u017ee s n\u00e1vrhem z\u00e1kona byl vysloven souhlas a projedn\u00e1v\u00e1n\u00ed kon\u010d\u00ed. J\u00e1 d\u011bkuji p\u011bkn\u011b.<br \/><br \/>mluv\u010d\u00ed 7,<br \/>&#8212;&#8212;&#8212;&#8212;&#8212;&#8212;&#8211;<br \/>J\u00e1 bych cht\u011bla tak\u00e9 pod\u011bkovat za v\u0161echny ty, kte\u0159\u00ed bude ta zubn\u00ed l\u00e9ka\u0159sk\u00e1 p\u00e9\u010de te\u010f v\u00edce dostupn\u00e1, tak\u017ee d\u011bkuji Poslaneck\u00e9 sn\u011bmovn\u011b.<br \/><br \/>mluv\u010d\u00ed 8,<br \/>&#8212;&#8212;&#8212;&#8212;&#8212;&#8212;&#8211;<br \/>D\u011bkuji, kolegov\u00e9, kolegyn\u011b nebo kolegyn\u011b, kolegov\u00e9, dovolte i mn\u011b, abych v\u00e1m pod\u011bkoval. A budi\u017e v\u00e1m odm\u011bnou \u0161\u0165astn\u00e9 \u00fasm\u011bvy na\u0161im obyvatel ze spravedliv\u00fdmi zoubky. D\u011bkuji je\u0161t\u011b jednou.<br \/><br \/><\/p>\n","protected":false},"excerpt":{"rendered":"<div class=\"mh-excerpt\"><p>Poslaneck\u00e1 sn\u011bmovna \u010cR&nbsp;&#8211; P\u0159epis Olga Richterov\u00e1, m\u00edstop\u0159edsedkyn\u011b sn\u011bmovny \/Pir\u00e1ti\/&#8212;&#8212;&#8212;&#8212;&#8212;&#8212;&#8211;&#8230;p\u0159ikro\u010d\u00edme k bodu. A t\u00edm je bod \u010d\u00edslo 110. Sen\u00e1tn\u00ed n\u00e1vrh z\u00e1kona, kter\u00fdm se m\u011bn\u00ed z\u00e1kon \u010d. <a class=\"mh-excerpt-more\" href=\"https:\/\/www.invarena.cz\/?p=48121\" title=\"Poslanci schv\u00e1lili snaz\u0161\u00ed vstup zubn\u00edch l\u00e9ka\u0159\u016f z Ukrajiny do \u010desk\u00e9ho zdravotnictv\u00ed\u00a0\u00a0\">[&#8230;]<\/a><\/p>\n<\/div>","protected":false},"author":1,"featured_media":14165,"comment_status":"open","ping_status":"closed","sticky":false,"template":"","format":"standard","meta":{"footnotes":""},"categories":[9],"tags":[],"class_list":["post-48121","post","type-post","status-publish","format-standard","has-post-thumbnail","hentry","category-zpravy"],"_links":{"self":[{"href":"https:\/\/www.invarena.cz\/index.php?rest_route=\/wp\/v2\/posts\/48121","targetHints":{"allow":["GET"]}}],"collection":[{"href":"https:\/\/www.invarena.cz\/index.php?rest_route=\/wp\/v2\/posts"}],"about":[{"href":"https:\/\/www.invarena.cz\/index.php?rest_route=\/wp\/v2\/types\/post"}],"author":[{"embeddable":true,"href":"https:\/\/www.invarena.cz\/index.php?rest_route=\/wp\/v2\/users\/1"}],"replies":[{"embeddable":true,"href":"https:\/\/www.invarena.cz\/index.php?rest_route=%2Fwp%2Fv2%2Fcomments&post=48121"}],"version-history":[{"count":0,"href":"https:\/\/www.invarena.cz\/index.php?rest_route=\/wp\/v2\/posts\/48121\/revisions"}],"wp:featuredmedia":[{"embeddable":true,"href":"https:\/\/www.invarena.cz\/index.php?rest_route=\/wp\/v2\/media\/14165"}],"wp:attachment":[{"href":"https:\/\/www.invarena.cz\/index.php?rest_route=%2Fwp%2Fv2%2Fmedia&parent=48121"}],"wp:term":[{"taxonomy":"category","embeddable":true,"href":"https:\/\/www.invarena.cz\/index.php?rest_route=%2Fwp%2Fv2%2Fcategories&post=48121"},{"taxonomy":"post_tag","embeddable":true,"href":"https:\/\/www.invarena.cz\/index.php?rest_route=%2Fwp%2Fv2%2Ftags&post=48121"}],"curies":[{"name":"wp","href":"https:\/\/api.w.org\/{rel}","templated":true}]}}