{"id":48123,"date":"2024-04-17T06:15:15","date_gmt":"2024-04-17T04:15:15","guid":{"rendered":"https:\/\/www.invarena.cz\/?p=48123"},"modified":"2024-04-17T06:16:44","modified_gmt":"2024-04-17T04:16:44","slug":"o-zdravotne-postizenych-v-poslanecke-snemovne","status":"publish","type":"post","link":"https:\/\/www.invarena.cz\/?p=48123","title":{"rendered":"O zdravotn\u011b posti\u017een\u00fdch v poslaneck\u00e9 sn\u011bmovn\u011b"},"content":{"rendered":"\n<p>Dal\u0161\u00ed do programu se p\u0159ihl\u00e1sil pan poslanec Nov\u00e1k.<br \/><br \/>Marek Nov\u00e1k,<br \/>&#8212;&#8212;&#8212;&#8212;&#8212;&#8212;&#8211;<br \/>d\u011bkuji za slovo, v\u00e1\u017een\u00e1 pan\u00ed m\u00edstop\u0159edsedkyn\u011b, kolegyn\u011b, kolegov\u00e9, hlavn\u011b kolegov\u00e9 z koalice.V p\u00e1tek jste se na n\u011b vyka\u0161lali, poj\u010fte jim pomoct, aspo\u0148 te\u010f mluv\u00edm o\u00a0<strong>zdravotn\u011b<\/strong>\u00a0<strong>posti\u017een\u00fdch<\/strong>, proto\u017ee j\u00e1 v\u00e1s dnes op\u011btovn\u011b \u017e\u00e1d\u00e1m o p\u0159ed\u0159azen\u00ed bodu 74. Tisk 250, a to jako prvn\u00edho bodu za pevn\u011b za\u0159azen\u00e9. Jedn\u00e1 se o n\u00e1vrh z\u00e1kona poslanc\u016f Nov\u00e1ka, Babi\u0161e a Bala\u0161t\u00edkov\u00e9 o n\u011bkter\u00fdch pr\u00e1vech osob se zdravotn\u00edm posti\u017een\u00edm, kter\u00e9 vyu\u017e\u00edvaj\u00ed doprovodu psa se speci\u00e1ln\u00edm v\u00fdcvikem. Tento n\u00e1vrh z\u00e1kona jsem p\u0159edlo\u017eil ji\u017e v \u010dervnu roku 2022 a bohu\u017eel se mi st\u00e1le nepovedlo v\u00e1s p\u0159esv\u011bd\u010dit k tomu, abyste pomohli t\u011bm, kte\u0159\u00ed to pot\u0159ebuj\u00ed. Ch\u00e1pu, \u017ee vl\u00e1da m\u00e1 jin\u00e9 priority, kter\u00e9 nyn\u00ed rad\u011bji nebudu komentovat, ale v\u011b\u0159te, \u017ee tento tisk bysme byli schopni projednat velmi rychle. Podstatou t\u00e9 navrhovan\u00e9 pr\u00e1vn\u00ed \u00fapravy je zaji\u0161t\u011bn\u00ed vstupu osob se zdravotn\u00edm posti\u017een\u00edm v doprovodu psa se speci\u00e1ln\u00edm v\u00fdcvikem do stanoven\u00fdch ve\u0159ejn\u00fdch prostor a prost\u0159edk\u016f ve\u0159ejn\u00e9 dopravy, v dan\u00e9 souvislosti je t\u0159eba vymezit zejm\u00e9na pojem pes se speci\u00e1ln\u00edm v\u00fdcvikem a tak\u00e9 prostory, do nich\u017e m\u00e1 vstup osob se zdravotn\u00edm posti\u017een\u00edm v doprovodu psa b\u00fdt se speci\u00e1ln\u00edm v\u00fdcvikem umo\u017en\u011bn. Tato \u00faprava vych\u00e1z\u00ed zejm\u00e9na z osobn\u00edch zku\u0161enost\u00ed pr\u00e1v\u011b\u00a0<strong>posti\u017een\u00fdch<\/strong>\u00a0osob a spole\u010dnosti, kter\u00e9 se touto problematikou zab\u00fdvaj\u00ed. Tak\u017ee pros\u00edm, poj\u010fme jim kone\u010dn\u011b pomoci, poj\u010fme, pros\u00edm, spole\u010dn\u011b potvrdit na\u0161im ob\u010dan\u016fm, \u017ee n\u00e1m z\u00e1le\u017e\u00ed na kvalit\u011b jejich \u017eivota a prodnejme tento n\u00e1vrh, kter\u00fd jsem spole\u010dn\u011b s kolegy p\u0159edlo\u017eil ji\u017e p\u0159ed rokem a p\u016fl.Jist\u011b se v\u0161ichni shodneme na tom, \u017ee by m\u011blo b\u00fdt na\u0161\u00edm z\u00e1jmem\u00a0<strong>posti\u017een\u00fdm<\/strong>\u00a0spoluob\u010dan\u016fm alespo\u0148 v mo\u017en\u00e9 a \u00fanosn\u00e9 m\u00ed\u0159e pomoci v jejich nelehk\u00e9m \u017eivotn\u00edm osudu. Nav\u00edc, kdy\u017e to st\u00e1tn\u00ed rozpo\u010det nestoj\u00ed ani korunu. T\u00e9m\u011b\u0159 p\u0159ed rokem tak\u00e9 ministerstvo pr\u00e1ce a soci\u00e1ln\u00edch v\u011bc\u00ed prost\u0159ednictv\u00edm ministra Jure\u010dky vyslalo sign\u00e1l, \u017ee se t\u00e9to problematice v\u011bnuje a p\u0159edlo\u017e\u00ed vlastn\u00ed novelu. Ale dote\u010f nep\u0159edlo\u017eilo v\u016fbec nic a op\u011bt z\u016fstalo jen u \u0159e\u010di. Jen\u017ee v\u00e1\u017een\u00ed kolegov\u00e9, v\u00e1\u017een\u00e9 kolegyn\u011b. Pros\u00edm. Chci \u0159\u00edct, \u017ee na\u0161im ob\u010dan\u016fm chceme pomoci, \u017ee chceme pomoci na\u0161im\u00a0<strong>posti\u017een\u00fdm<\/strong>\u00a0spoluob\u010dan\u016fm. Je to velmi jednoduch\u00e1 novela, nicm\u00e9n\u011b pro tyto lidi znamen\u00e1 mnoho. D\u011bkuji za podporu.<br \/><br \/>mluv\u010d\u00ed 1,<br \/>&#8212;&#8212;&#8212;&#8212;&#8212;&#8212;&#8211;<br \/>Tak\u00e9 d\u011bkuji za dodr\u017een\u00ed \u010dasu. D\u00e1le k programu je p\u0159ihl\u00e1\u0161en pan poslanec Richter. Pane poslan\u010de, pros\u00edm.<br \/><br \/>Jan Richter, poslanec \/ANO\/<br \/>&#8212;&#8212;&#8212;&#8212;&#8212;&#8212;&#8211;<br \/>J\u00e1 d\u011bkuji za slovo, v\u00e1\u017een\u00e1 pan\u00ed p\u0159edsedaj\u00edc\u00ed, v\u00e1\u017een\u00e9 kolegyn\u011b, v\u00e1\u017een\u00ed kolegov\u00e9, dnes po del\u0161\u00ed dob\u011b op\u011bt p\u0159ed v\u00e1mi stoj\u00edm, abych v\u00e1s po\u017e\u00e1dal o p\u0159ed\u0159azen\u00ed bodu \u010d\u00edslo 153. A t\u00edm je n\u00e1vrh na z\u0159\u00edzen\u00ed vy\u0161et\u0159ovac\u00ed komise Poslaneck\u00e9 sn\u011bmovny ke st\u0159elb\u011b na Filozofick\u00e9 fakult\u011b Univerzity Karlovy ze dne 21. prosince. 2023. Jako prvn\u00ed bod jedn\u00e1n\u00ed dne\u0161n\u00ed sn\u011bmovny.Tento \u0161okuj\u00edc\u00ed \u010di n\u00e1sil\u00ed ot\u0159\u00e1sl celou na\u0161\u00ed spole\u010dnost\u00ed a zp\u016fsobil hlubok\u00e9 r\u00e1ny, a tak vy\u0161et\u0159ovac\u00ed komise ke st\u0159elb\u011b na Filozofick\u00e9 fakult\u011b Univerzity Karlovy je nezbytn\u00fdm krokem pro detailn\u00ed anal\u00fdzu trag\u00e9die, identifikaci p\u0159\u00ed\u010din a zabezpe\u010den\u00ed preventivn\u00edch opat\u0159en\u00ed pro budoucnost.Budou to ji\u017e bezm\u00e1la \u010dty\u0159i m\u011bs\u00edce od t\u00e9to tragick\u00e9 ud\u00e1losti a v\u00fdsledek \u0161et\u0159en\u00ed policie 0 nem\u00e1me \u017e\u00e1dn\u00e9 nov\u00e9 ofici\u00e1ln\u00ed vyj\u00e1d\u0159en\u00ed od policie. V dne\u0161n\u00ed dob\u011b, kdy to m\u00e1 na stole Gener\u00e1ln\u00ed inspekce bezpe\u010dnostn\u00edch sbor\u016f, nem\u00e1me v\u016fbec \u017e\u00e1dn\u00e9 informace. \u010clenov\u00e9 v\u00fdboru pro bezpe\u010dnost si mohli p\u0159evz\u00edt spr\u00e1vu vnit\u0159n\u00ed kontroly policejn\u00edho prezidia, kter\u00e1 nezjistila pochyben\u00ed v postupu policie p\u0159i prosincov\u00e9m z\u00e1sahu proti st\u0159elci. Na Filozofick\u00e9 fakult\u011b. Zpr\u00e1va m\u00e1 50 str\u00e1nek a z velk\u00e9 \u010d\u00e1sti jsou text i fotografie za\u010dern\u011bn\u00e9 z 50 stran. Je mo\u017en\u00e9 si n\u011bco p\u0159e\u010d\u00edst pouze na 17 str\u00e1nk\u00e1ch. Dokument m\u00e1 n\u00e1zev mimo\u0159\u00e1dn\u00e1 ud\u00e1lost 21. prosince. 2023. St\u0159elba na Filozofick\u00e9 fakult\u011b Univerzity Karlovy, je na n\u011bm uvedeno datum 8. ledna. 2024. Dnes m\u00e1me 16. dubna. 2024.Policejn\u00ed prezident Martin Vondr\u00e1\u0161ek poslanc\u016fm na v\u00fdboru pro bezpe\u010dnost vysv\u011btloval, pro\u010d jim policie nem\u016f\u017ee poskytnout kompletn\u00ed zpr\u00e1vu? A hlavn\u00edm d\u016fvodem je trestn\u00ed \u0159\u00e1d a prob\u00edhaj\u00edc\u00ed trestn\u00ed \u0159\u00edzen\u00ed? Ve zpr\u00e1v\u011b \u00fa\u0159adu pro vnit\u0159n\u00ed kontroly je cel\u00e1 \u0159ada informac\u00ed, kter\u00e9 maj\u00ed p\u0159ijmout dopad na trestn\u00ed \u0159\u00edzen\u00ed. Zadal jsem sv\u00e9mu nebo m\u00e9mu analyticko pr\u00e1vn\u00edmu odboru, aby provedl pr\u00e1vn\u00ed rozbor. Studovali jsme i jednac\u00ed \u0159\u00e1d Poslaneck\u00e9 sn\u011bmovny a jsem p\u0159esv\u011bd\u010den, \u017ee pokud bych informaci sd\u011blil, tak bych poru\u0161il nejen rozhodnut\u00ed st\u00e1tn\u00edho z\u00e1stupce, ale i trestn\u00ed \u0159\u00e1d, vysv\u011btloval Vondr\u00e1\u0161ek. Opravdu? Zde? Je to \u00fasm\u011bvn\u00e9 a\u017e sm\u011b\u0161n\u00e9. Poslanci ve v\u00fdborech, ve st\u00e1l\u00fdch komis\u00edch, \u010dlenov\u00e9 vl\u00e1dy, premi\u00e9r i prezident \u010dtou v r\u016fzn\u00e9m stupni utajen\u00ed, r\u016fzn\u00e9 zpr\u00e1vy a domn\u00edv\u00e1m se, \u017ee daleko citliv\u011bj\u0161\u00ed a z\u00e1va\u017en\u011bj\u0161\u00ed. A nen\u00ed v tom probl\u00e9m. A u t\u00e9to trag\u00e9die, kter\u00e1 n\u00e1s zas\u00e1hla v\u0161echny, p\u0159edpokl\u00e1d\u00e1m, \u017ee teda v\u0161echny se d\u011blaj\u00ed drahoty. Nam\u00edsto, aby transparentn\u00ed vysv\u011btlen\u00ed na bezpe\u010dnostn\u00ed v\u00fdboru prob\u011bhlo z \u00fast org\u00e1n\u016f policie, tak se dokument za\u010dern\u00ed, \u017ee se takto minul\u00e1 opozice, dnes vl\u00e1dn\u00ed koalice nestavila ke z\u0159\u00edzen\u00ed Be\u010dvy, tam nevadilo v\u016fbec nic v tom vy\u0161et\u0159ov\u00e1n\u00ed tam vadila pouze Deza.Gener\u00e1ln\u00ed inspekce bezpe\u010dnostn\u00edch sbor\u016f zat\u00edm nezjistila skute\u010dnosti, ze kter\u00fdch by vypl\u00fdvalo, \u017ee by n\u011bkter\u00fd z policist\u016f sp\u00e1chal trestn\u00fd \u010din a p\u0159i z\u00e1sahu, p\u0159i z\u00e1sahu u prosincov\u00e9 st\u0159elby, to je tak\u00e9 neuv\u011b\u0159iteln\u00e9. J\u00e1 p\u0159edpokl\u00e1d\u00e1m, \u017ee se policie nedopustila \u017e\u00e1dn\u00e9ho trestn\u00e9ho \u010dinu, ale n\u00e1m p\u0159ece jde o to, aby se vy\u0161et\u0159ilo, zda se t\u00e9to trag\u00e9dii dalo zabr\u00e1nit, jak\u00e1 byla u\u010din\u011bn\u00e1 opat\u0159en\u00ed p\u0159ed vlastn\u00edm z\u00e1sahem, \u010dasov\u00e9m sledu, kter\u00fd se velmi rozch\u00e1z\u00ed a je n\u011bkolik variant a r\u016fzn\u00e1 \u010dasov\u00e1 osa. Z\u00e1v\u011brem zpr\u00e1vy vy\u0161et\u0159ovac\u00ed komise bych pot\u00e9 o\u010dek\u00e1val mo\u017en\u00e9 podn\u011bty k tomu, aby se tato situace ji\u017e nikdy neopakovala. Mo\u017en\u00e1 se opakuji, tedy ur\u010dit\u011b ano, ale mus\u00edm op\u011bt zd\u016fraznit, \u017ee jako z\u00e1konod\u00e1rce, kter\u00fd je osobn\u011b do cel\u00e9 trag\u00e9die zapojen a kter\u00fd p\u0159isl\u00edbil rodin\u00e1m ob\u011bt\u00ed, \u017ee bude bojovat za to, aby byla cel\u00e1 z\u00e1le\u017eitost \u0159\u00e1dn\u011b vy\u0161et\u0159ena. Nemohl z\u016fstat pasivn\u00ed. C\u00edt\u00edm to jako svoji povinnost, povinnost d\u011blat v\u0161e pro zji\u0161t\u011bn\u00ed na ot\u00e1zky, kter\u00e9 se neust\u00e1le hromad\u00ed. Proto v\u00e1s \u017e\u00e1d\u00e1m, abyste podpo\u0159ili n\u00e1vrh na z\u0159\u00edzen\u00ed vy\u0161et\u0159ovac\u00ed komise a navrhuji tedy p\u0159ed\u0159azen\u00ed bodu \u010d\u00edslo 153. N\u00e1vrh na z\u0159\u00edzen\u00ed vy\u0161et\u0159ovac\u00ed komise Poslaneck\u00e9 sn\u011bmovny ke st\u0159elb\u011b na Filozofick\u00e9 fakult\u011b Univerzity Karlovy ze dne 21. 12. 2023 jako prvn\u00ed bod dne\u0161n\u00edho jedn\u00e1n\u00ed sn\u011bmovny a v p\u0159\u00edpad\u011b nep\u0159ed\u0159azen\u00ed dnes tak p\u0159ed\u0159adit jako prvn\u00ed bod na p\u00e1tek 19. 4. 24. D\u011bkuji za pozornost.<br \/><br \/>mluv\u010d\u00ed 2,<br \/>&#8212;&#8212;&#8212;&#8212;&#8212;&#8212;&#8211;<br \/>D\u011bkuji.<br \/><br \/>mluv\u010d\u00ed 10,<br \/>&#8212;&#8212;&#8212;&#8212;&#8212;&#8212;&#8211;<br \/>Tak nyn\u00ed je na \u0158ad\u011b pan\u00ed poslankyn\u011b. \u0160afr\u00e1nkov\u00e1.<br \/>Pros\u00edm.<br \/><br \/>Lucie \u0160afr\u00e1nkov\u00e1, m\u00edstop\u0159edsedkyn\u011b sn\u011bmovn\u00edho soci\u00e1ln\u00edho v\u00fdboru \/SPD\/<br \/>&#8212;&#8212;&#8212;&#8212;&#8212;&#8212;&#8211;<br \/>D\u011bkuji v\u00e1m za slovo, v\u00e1\u017een\u00e1 pan\u00ed m\u00edstop\u0159edsedkyn\u011b, v\u00e1\u017een\u00e9 kolegyn\u011b, v\u00e1\u017een\u00ed kolegov\u00e9, j\u00e1 navrhuji v r\u00e1mci po\u0159adu t\u00e9to sch\u016fze p\u0159ed\u0159adit a projednat bod \u010d\u00edslo 32, co\u017e je sn\u011bmovn\u00ed tisk dev\u011bt a je to n\u00e1vrh SPD na zm\u011bnu z\u00e1kona o soci\u00e1ln\u00edch slu\u017eb\u00e1ch, minul\u00fd p\u00e1tek zde pro\u0161la t\u0159et\u00edm \u010dten\u00edm jin\u00e1 novela z\u00e1kona o soci\u00e1ln\u00edch slu\u017eb\u00e1ch, kter\u00e1 kv\u016fli jednotn\u00e9mu odporu v\u0161ech poslanc\u016f vl\u00e1dn\u00ed koalice nezv\u00fd\u0161ila jako jedin\u00fdm p\u0159\u00edsp\u011bvek na p\u00e9\u010di\u00a0<strong>zdravotn\u011b<\/strong>\u00a0<strong>posti\u017een\u00fdm<\/strong>\u00a0d\u011btem a dosp\u011bl\u00fdm v prvn\u00edm stupni z\u00e1vislosti ani o pouh\u00fdch 200 K\u010d. Co\u017e byl jeden z m\u00fdch p\u011bti velice kompromisn\u00edch a rozpo\u010dtov\u011b um\u011b\u0159en\u00fdch pozm\u011b\u0148ovac\u00edch n\u00e1vrh\u016f. Situace des\u00edtek tis\u00edc t\u011bchto ob\u010dan\u016f je u\u017e nyn\u00ed naprosto ne\u00fanosn\u00e1. P\u0159\u00edsp\u011bvek na p\u00e9\u010di se jim nezvy\u0161oval t\u00e9m\u011b\u0159 dev\u011bt let, zat\u00edmco pr\u016fm\u011brn\u00e1 inflace za tu dobu je zhruba 40 % a soci\u00e1ln\u00ed slu\u017eby se zdra\u017eily je\u0161t\u011b v\u00edce. A nejde jen o ekonomick\u00fd a soci\u00e1ln\u00ed rozm\u011br v\u011bci. Tito lid\u00e9 se c\u00edt\u00ed a nelze se jim divit, u\u017e pomalu jako m\u00e9n\u011bcenn\u00ed kv\u016fli tomu, jak je vl\u00e1da arogantn\u011b ignoruje a sv\u00fdm chov\u00e1n\u00edm jim de facto \u0159\u00edk\u00e1 n\u00e1s nezaj\u00edm\u00e1te, pora\u010fte si, jak um\u00edte, pro n\u00e1s nejste volebn\u011b atraktivn\u00ed. Mimochodem, a\u017e budou n\u011bkdy lidovci a Pir\u00e1ti \u0159\u00edkat, \u017ee jsou soci\u00e1ln\u00edm sv\u011bdom\u00edm vl\u00e1dy. Vzpome\u0148me si na to, jak hanebn\u011b se minul\u00fd t\u00fdden zachovali ke\u00a0<strong>zdravotn\u011b<\/strong>\u00a0<strong>posti\u017een\u00fdm<\/strong>\u00a0lidem v prvn\u00edm stupni z\u00e1vislosti, k lidem, kte\u0159\u00ed nejsou schopni samostatn\u011b zvl\u00e1dat \u010dty\u0159i z\u00e1kladn\u00ed \u017eivotn\u00ed pot\u0159eby a jejich\u017e p\u0159\u00edsp\u011bvek na p\u00e9\u010di \u010din\u00ed pouhopouh\u00fdch 880 za m\u011bs\u00edc. Dok\u00e1\u017eete si p\u0159edstavit, jak\u00fd rozsah pro n\u011b \u017eivotn\u011b pot\u0159ebn\u00fdch a nezbytn\u00fdch slu\u017eeb si za tuto \u010d\u00e1stku m\u016f\u017eou po\u0159\u00eddit p\u0159\u00edsp\u011bvek na p\u00e9\u010di v prvn\u00edm stupni z\u00e1vislosti. Znovu opakuji, nezvy\u0161oval se t\u00e9m\u011b\u0159 dev\u011bt let, ale hlavn\u011b je\u0161t\u011b v roce 2011, ne\u017e jej tehdej\u0161\u00ed Ne\u010dasova vl\u00e1da, kde byla ODS i TOP 09, v\u00fdznamn\u011b sn\u00ed\u017eila, byl tento p\u0159\u00edsp\u011bvek na \u00farovni 2 000 K\u010d za m\u011bs\u00edc. \u010c\u00e1stka 880 K\u010d t\u011bmto osob\u00e1m p\u0159i sou\u010dasn\u00fdch cen\u00e1ch posta\u010duje v pr\u016fm\u011bru na maxim\u00e1ln\u011b \u0161est hodin asisten\u010dn\u00edch \u010di pe\u010dovatelsk\u00fdch slu\u017eeb. Za SPD, za lidi se zdravotn\u00edm posti\u017een\u00edm budeme bojovat i nad\u00e1le. Nikdy tento boj nevzd\u00e1me. A j\u00e1 proto navrhuji tento bod, tedy bod \u010d\u00edslo 32, sn\u011bmovn\u00ed tisk dev\u011bt, za\u0159adit dnes jako prvn\u00ed bod, p\u0159\u00edpadn\u011b z\u00edtra jako prvn\u00ed bod.<br \/>D\u011bkuji.<br \/><br \/>mluv\u010d\u00ed 1,<br \/>&#8212;&#8212;&#8212;&#8212;&#8212;&#8212;&#8211;<br \/>Tak\u00e9, d\u011bkuji. Dal\u0161\u00ed na \u0159ad\u011b je pan poslanec farham.<br \/><br \/>mluv\u010d\u00ed 5,<br \/>&#8212;&#8212;&#8212;&#8212;&#8212;&#8212;&#8211;<br \/>Pane poslan\u010de, pros\u00edm.<br \/><br \/>Kamal Farhan, \u010dlen sn\u011bmovn\u00edho v\u00fdboru pro zdravotnictv\u00ed \/ANO\/<br \/>&#8212;&#8212;&#8212;&#8212;&#8212;&#8212;&#8211;<br \/>Pan\u00ed p\u0159edsedaj\u00edc\u00ed, d\u011bkuji za slovo, d\u00e1my a p\u00e1nov\u00e9. J\u00e1 bych cht\u011bl zde navrhnout bod, kter\u00fd se bude t\u00fdkat destabilizace \u010desk\u00e9ho zdravotnictv\u00ed, m\u00e1me zde takovou discipl\u00ednu o nejnebezpe\u010dn\u011bj\u0161\u00edho ministra Fialovy vl\u00e1dy, j\u00e1 jsem p\u0159esv\u011bd\u010den, \u017ee nejnebezpe\u010dn\u011bj\u0161\u00ed ministr pro tuhle zemi je Vlastimil V\u00e1lek, kter\u00fd tuto sout\u011b\u017e vede na pln\u00e9 \u010d\u00e1\u0159e. Jeho v\u00edt\u011bzstv\u00ed pak umoc\u0148uje i fakt, \u017ee nen\u00ed v\u016fbec schopn\u00fd sebereflexe. Jeho v\u010derej\u0161\u00ed prohl\u00e1\u0161en\u00ed, \u017ee je se svoj\u00ed prac\u00ed spokojen, v \u00fa\u0159adu nab\u00edz\u00ed ot\u00e1zku, zda by se nem\u011bl nad sebou zamyslet nebo vyhledat pomoc z n\u011bkter\u00fdho sv\u00fdch koleg\u016f. Od za\u010d\u00e1tku roku se \u010cesk\u00e1 republika je vystaven\u00e1 v\u016fbec nejv\u011bt\u0161\u00ed n\u00e1kaze \u010dern\u00e9ho ka\u0161le za posledn\u00edch 60 let. Podobn\u011b jako v p\u0159\u00edpad\u011b chyb\u011bj\u00edc\u00edch antibiotik. I tady ministr absolutn\u011b selhal. A od za\u010d\u00e1tku pop\u00edrala realitu a odm\u00edtal u\u010dinit jak\u00fdkoliv z\u00e1sadn\u00ed krok. Mimo jin\u00e9 p\u0159ipom\u00edn\u00e1m, \u017ee \u010dern\u00fdm ka\u0161lem souvis\u00ed dal\u0161\u00ed mo\u017en\u00e9 komplikace, jako je z\u00e1pal plic nebo onemocn\u011bn\u00ed mozku. Opravdu tu nejde o \u017e\u00e1dnou margin\u00e1ln\u00ed z\u00e1le\u017eitost. Ministerstvo nebylo schopn\u00e9 pod veden\u00edm Vlastimila V\u00e1lka za v\u00edce ne\u017e \u010dtvrt roku vytvo\u0159it \u017e\u00e1dnou kampa\u0148. Na o\u010dkov\u00e1n\u00ed nebyl schopn\u00fd NATO p\u0159ipravit ani \u017e\u00e1dnou komunikaci sm\u011brem ke \u0161kol\u00e1m, kde se n\u00e1kaza rychle \u0161\u00ed\u0159ila. Za \u010dtvrt roku nebyl schopn\u00fd sehnat vakc\u00edny a jen p\u0159ipom\u00edn\u00e1m, \u017ee \u00fapln\u011b absurdn\u00ed, \u017ee dokto\u0159i tu \u0159\u00edkaj\u00ed, \u017ee vakc\u00edny nejsou, ale ministr zdravotnictv\u00ed \u0159\u00edk\u00e1, vakc\u00edny jsou, tvrdit, \u017ee v\u00fdpadky l\u00e9k\u016f byly v\u017edy, je sice pravda, to je asi jedin\u00e1 pravda, ale jen z\u010d\u00e1sti platn\u00e1. Nyn\u00ed toti\u017e chyb\u00ed z\u00e1kladn\u00ed l\u00e9ky, a to na \u0161t\u00edtnou \u017el\u00e1zu, kter\u00e1 se dot\u00fdk\u00e1 60 000 pacient\u016f. Vysok\u00fd tlak, chyb\u00ed Framykoin dal\u0161\u00ed a my se nem\u016f\u017eeme spol\u00e9hat na pl\u00e1nov\u00e1n\u00ed TOP 09 a ministra v\u00e1lka. \u017de p\u0159ijde zlep\u0161en\u00ed ze zlep\u0161en\u00edm po\u010das\u00ed.To u\u017e jsme tady za\u017eili v minul\u00fdch desetilet\u00edch. Ministr se tak\u00e9 du\u0161oval, \u017ee ho z\u00e1zra\u010dn\u00e1 novela v\u0161e zm\u011bn\u00ed. Mysl\u00edm t\u00edm novelu o l\u00e9\u010divech. Ve skute\u010dnosti se v\u0161ak nezm\u011bnilo v\u016fbec nic. Prohla\u0161oval, \u017ee je to nejv\u011bt\u0161\u00ed novela, kter\u00e1 v\u0161echno vy\u0159e\u0161\u00ed. A jak vlastn\u011b m\u016f\u017eete d\u016fv\u011b\u0159ovat ministrovi, kter\u00e9 v obecn\u00e9 rozprav\u011b ani v prvn\u00edm \u010dten\u00ed, ani ve druh\u00e9m \u010dten\u00ed, ani ve t\u0159et\u00edm \u010dten\u00ed, v obecn\u00e9 rozprav\u011b nevystupoval a celouvelou se proml\u010del. Kdy\u017e si uv\u011bdom\u00edme, \u017ee to m\u011bla b\u00fdt ta nejd\u016fle\u017eit\u011bj\u0161\u00ed ministersk\u00e1 novela a on ml\u010d\u00ed, no, tak j\u00e1 tomu prost\u011b nerozum\u00edm, pro\u010d se proml\u010del.Tak je\u0161t\u011b bych zde cht\u011bl \u0159\u00edct, \u017ee nyn\u00ed zde m\u00e1me dal\u0161\u00ed novelu, novelu o l\u00e9\u010divech, kter\u00e1 m\u011bla i z\u00edtra do t\u0159et\u00edho \u010dten\u00ed. A co ud\u011blal ministr? Ministr neud\u011blal nic, tento bojovn\u00fd ministr je bi ministrem akor\u00e1t na Twitteru, tam je bojovn\u00edk, tam v\u0161echno \u0159\u00edk\u00e1, co d\u011bl\u00e1 dob\u0159e, jak to d\u011bl\u00e1, ale nen\u00ed schopen v r\u00e1mci vl\u00e1dy, aby prosadil jej\u00ed za\u0159azen\u00ed. Ona m\u011bla b\u00fdt a najednou zase nen\u00ed, \u010deho se ten ministr st\u00e1le boj\u00ed. V\u017edy\u0165 sta\u010d\u00ed, kdy\u017e to tady proml\u010d\u00ed a my nic vlastn\u011b jin\u00e9ho ne\u010dek\u00e1me. A te\u010f j\u00e1 si mysl\u00edm, \u017ee jedin\u00e9 vlastn\u011b na cel\u00e9 t\u00e9to situaci je, \u017ee pan ministr zmizel n\u011bkam, \u017ee to proml\u010d\u00ed, a to j\u00e1 vn\u00edm\u00e1m jako jeho hlavn\u00ed kl\u00e1d a pozitivitu, ale na druhou stranu bysme si m\u011bli v\u0161ichni uv\u011bdomit, \u017ee st\u00e1le je to ministr zdravotnictv\u00ed, \u017ee st\u00e1le by m\u011bl bojovat za pacienty, m\u011bl by se zaj\u00edmat o mal\u00e9 l\u00e9k\u00e1rny, kter\u00e9 hodil p\u0159es palubu, m\u011bl by neb\u00fdt ministrem \u0159et\u011bzov\u00fdch l\u00e9k\u00e1ren, ale m\u011bl by b\u00fdt ministrem v cel\u00e9ho \u010desk\u00e9ho zdravotnictv\u00ed a toto ministr v\u00e1lek jednozna\u010dn\u011b ned\u011bl\u00e1 a ned\u00e1v\u00e1. Tak\u017ee j\u00e1 bych poprosil o za\u0159azen\u00ed nov\u00e9ho bodu destabilizace \u010desk\u00e9ho zdravotnictv\u00ed pod veden\u00edm ministra v\u00e1lka za TOP 09 a pros\u00edm o za\u0159azen\u00ed jako posledn\u00ed. Bod dne\u0161n\u00edho jedn\u00e1n\u00ed. D\u011bkuji.<br \/><br \/><\/p>\n","protected":false},"excerpt":{"rendered":"<div class=\"mh-excerpt\"><p>Dal\u0161\u00ed do programu se p\u0159ihl\u00e1sil pan poslanec Nov\u00e1k. Marek Nov\u00e1k,&#8212;&#8212;&#8212;&#8212;&#8212;&#8212;&#8211;d\u011bkuji za slovo, v\u00e1\u017een\u00e1 pan\u00ed m\u00edstop\u0159edsedkyn\u011b, kolegyn\u011b, kolegov\u00e9, hlavn\u011b kolegov\u00e9 z koalice.V p\u00e1tek jste se na <a class=\"mh-excerpt-more\" href=\"https:\/\/www.invarena.cz\/?p=48123\" title=\"O zdravotn\u011b posti\u017een\u00fdch v poslaneck\u00e9 sn\u011bmovn\u011b\">[&#8230;]<\/a><\/p>\n<\/div>","protected":false},"author":1,"featured_media":915,"comment_status":"open","ping_status":"closed","sticky":false,"template":"","format":"standard","meta":{"footnotes":""},"categories":[9],"tags":[],"class_list":["post-48123","post","type-post","status-publish","format-standard","has-post-thumbnail","hentry","category-zpravy"],"_links":{"self":[{"href":"https:\/\/www.invarena.cz\/index.php?rest_route=\/wp\/v2\/posts\/48123","targetHints":{"allow":["GET"]}}],"collection":[{"href":"https:\/\/www.invarena.cz\/index.php?rest_route=\/wp\/v2\/posts"}],"about":[{"href":"https:\/\/www.invarena.cz\/index.php?rest_route=\/wp\/v2\/types\/post"}],"author":[{"embeddable":true,"href":"https:\/\/www.invarena.cz\/index.php?rest_route=\/wp\/v2\/users\/1"}],"replies":[{"embeddable":true,"href":"https:\/\/www.invarena.cz\/index.php?rest_route=%2Fwp%2Fv2%2Fcomments&post=48123"}],"version-history":[{"count":0,"href":"https:\/\/www.invarena.cz\/index.php?rest_route=\/wp\/v2\/posts\/48123\/revisions"}],"wp:featuredmedia":[{"embeddable":true,"href":"https:\/\/www.invarena.cz\/index.php?rest_route=\/wp\/v2\/media\/915"}],"wp:attachment":[{"href":"https:\/\/www.invarena.cz\/index.php?rest_route=%2Fwp%2Fv2%2Fmedia&parent=48123"}],"wp:term":[{"taxonomy":"category","embeddable":true,"href":"https:\/\/www.invarena.cz\/index.php?rest_route=%2Fwp%2Fv2%2Fcategories&post=48123"},{"taxonomy":"post_tag","embeddable":true,"href":"https:\/\/www.invarena.cz\/index.php?rest_route=%2Fwp%2Fv2%2Ftags&post=48123"}],"curies":[{"name":"wp","href":"https:\/\/api.w.org\/{rel}","templated":true}]}}