{"id":48167,"date":"2024-04-18T00:42:49","date_gmt":"2024-04-17T22:42:49","guid":{"rendered":"https:\/\/www.invarena.cz\/?p=48167"},"modified":"2024-04-18T00:42:49","modified_gmt":"2024-04-17T22:42:49","slug":"skola-v-prirode-je-pro-hendikepovane-deti-casto-jedina-moznost-stravit-cas-mimo-domov-rodicum-ale-na-ni-chybi-penize","status":"publish","type":"post","link":"https:\/\/www.invarena.cz\/?p=48167","title":{"rendered":"\u0160kola v p\u0159\u00edrod\u011b je pro hendikepovan\u00e9 d\u011bti \u010dasto jedin\u00e1 mo\u017enost str\u00e1vit \u010das mimo domov. Rodi\u010d\u016fm ale na ni chyb\u00ed pen\u00edze"},"content":{"rendered":"\n<p>\u0160kola v p\u0159\u00edrod\u011b ji\u017e d\u00e1vno nen\u00ed o tom, \u017ee si m\u011bstsk\u00e9 d\u011bti jezd\u00ed odpo\u010dinout do p\u0159\u00edrody. Krom\u011b u\u010den\u00ed a objevov\u00e1n\u00ed kr\u00e1s p\u0159\u00edrody je zde \u010dek\u00e1 spoustu dobrodru\u017estv\u00ed a tak\u00e9 utu\u017eov\u00e1n\u00ed p\u0159\u00e1telstv\u00ed, co\u017e je v dne\u0161n\u00ed dob\u011b o to d\u016fle\u017eit\u011bj\u0161\u00ed. U hendikepovan\u00fdch d\u011bt\u00ed m\u00e1 \u0161kola v p\u0159\u00edrod\u011b \u010dasto je\u0161t\u011b mnohem v\u011bt\u0161\u00ed rozm\u011br.<\/p>\n\n\n\n<p>Cel\u00fd \u010dl\u00e1nek naleznete na novinky.cz: <a href=\"https:\/\/www.novinky.cz\/clanek\/zena-deti-skola-v-prirode-je-o-zazitcich-i-utuzovani-pratelstvi-hendikepovanym-detem-dava-ale-casto-jeste-vic-40468074\" target=\"_blank\" rel=\"noreferrer noopener\">https:\/\/www.novinky.cz\/clanek\/zena-deti-skola-v-prirode-je-o-zazitcich-i-utuzovani-pratelstvi-hendikepovanym-detem-dava-ale-casto-jeste-vic-40468074<\/a><\/p>\n","protected":false},"excerpt":{"rendered":"<div class=\"mh-excerpt\"><p>\u0160kola v p\u0159\u00edrod\u011b ji\u017e d\u00e1vno nen\u00ed o tom, \u017ee si m\u011bstsk\u00e9 d\u011bti jezd\u00ed odpo\u010dinout do p\u0159\u00edrody. Krom\u011b u\u010den\u00ed a objevov\u00e1n\u00ed kr\u00e1s p\u0159\u00edrody je zde \u010dek\u00e1 <a class=\"mh-excerpt-more\" href=\"https:\/\/www.invarena.cz\/?p=48167\" title=\"\u0160kola v p\u0159\u00edrod\u011b je pro hendikepovan\u00e9 d\u011bti \u010dasto jedin\u00e1 mo\u017enost str\u00e1vit \u010das mimo domov. Rodi\u010d\u016fm ale na ni chyb\u00ed pen\u00edze\">[&#8230;]<\/a><\/p>\n<\/div>","protected":false},"author":1,"featured_media":21563,"comment_status":"open","ping_status":"closed","sticky":false,"template":"","format":"standard","meta":{"footnotes":""},"categories":[9],"tags":[],"class_list":["post-48167","post","type-post","status-publish","format-standard","has-post-thumbnail","hentry","category-zpravy"],"_links":{"self":[{"href":"https:\/\/www.invarena.cz\/index.php?rest_route=\/wp\/v2\/posts\/48167","targetHints":{"allow":["GET"]}}],"collection":[{"href":"https:\/\/www.invarena.cz\/index.php?rest_route=\/wp\/v2\/posts"}],"about":[{"href":"https:\/\/www.invarena.cz\/index.php?rest_route=\/wp\/v2\/types\/post"}],"author":[{"embeddable":true,"href":"https:\/\/www.invarena.cz\/index.php?rest_route=\/wp\/v2\/users\/1"}],"replies":[{"embeddable":true,"href":"https:\/\/www.invarena.cz\/index.php?rest_route=%2Fwp%2Fv2%2Fcomments&post=48167"}],"version-history":[{"count":0,"href":"https:\/\/www.invarena.cz\/index.php?rest_route=\/wp\/v2\/posts\/48167\/revisions"}],"wp:featuredmedia":[{"embeddable":true,"href":"https:\/\/www.invarena.cz\/index.php?rest_route=\/wp\/v2\/media\/21563"}],"wp:attachment":[{"href":"https:\/\/www.invarena.cz\/index.php?rest_route=%2Fwp%2Fv2%2Fmedia&parent=48167"}],"wp:term":[{"taxonomy":"category","embeddable":true,"href":"https:\/\/www.invarena.cz\/index.php?rest_route=%2Fwp%2Fv2%2Fcategories&post=48167"},{"taxonomy":"post_tag","embeddable":true,"href":"https:\/\/www.invarena.cz\/index.php?rest_route=%2Fwp%2Fv2%2Ftags&post=48167"}],"curies":[{"name":"wp","href":"https:\/\/api.w.org\/{rel}","templated":true}]}}