{"id":48191,"date":"2024-04-18T10:23:23","date_gmt":"2024-04-18T08:23:23","guid":{"rendered":"https:\/\/www.invarena.cz\/?p=48191"},"modified":"2024-04-18T10:23:24","modified_gmt":"2024-04-18T08:23:24","slug":"zmeny-v-socialnich-davkach-zvysi-vydaje-statu-o-miliardy","status":"publish","type":"post","link":"https:\/\/www.invarena.cz\/?p=48191","title":{"rendered":"Zm\u011bny v soci\u00e1ln\u00edch d\u00e1vk\u00e1ch zv\u00fd\u0161\u00ed v\u00fddaje st\u00e1tu o miliardy\u00a0\u00a0"},"content":{"rendered":"\n<p>NOVA\u00a0&#8211; Televizn\u00ed noviny<br \/><br \/>Ve vl\u00e1dn\u00ed koalici se rozho\u0159el dal\u0161\u00ed spor. Jde o zaveden\u00ed tzv. soci\u00e1ln\u00ed superd\u00e1vky. N\u011bkter\u00e9 vl\u00e1dn\u00ed strany maj\u00ed obavy, \u017ee zv\u00fd\u0161\u00ed v\u00fddaje st\u00e1tu a\u017e o osm miliard korun.<br \/><br \/>Hlavn\u00edm d\u016fvodem je podle Ministerstva pr\u00e1ce a soci\u00e1ln\u00edch v\u011bc\u00ed to, \u017ee slou\u010den\u00edm d\u00e1vek se n\u011bkter\u00fdm skupin\u00e1m lid\u00ed nav\u00fd\u0161\u00ed vypl\u00e1cen\u00e9 \u010d\u00e1stky. Z\u00e1rove\u0148 ale tvrd\u00ed, \u017ee pen\u00edze v rozpo\u010dtu chyb\u011bt nebudou.<br \/><br \/>Jak\u00e9 v\u00fddaje bude zaveden\u00ed superd\u00e1vky znamenat, podle resortu pr\u00e1ce a soci\u00e1ln\u00edch v\u011bc\u00ed z\u00e1le\u017e\u00ed p\u0159edev\u0161\u00edm na tom, kdo se oni ni p\u0159ihl\u00e1s\u00ed.<br \/><br \/>Iva Merhautov\u00e1, vrchn\u00ed \u0159editelka Sekce soci\u00e1ln\u00edho poji\u0161t\u011bn\u00ed,\u00a0<strong>MPSV<\/strong><br \/>&#8212;&#8212;&#8212;&#8212;&#8212;&#8212;&#8211;<br \/>Dnes lid\u00e9 t\u0159eba \u017e\u00e1daj\u00ed pouze o p\u0159\u00eddavek na d\u00edt\u011b, ne\u017e\u00e1daj\u00ed o p\u0159\u00edsp\u011bvek na bydlen\u00ed a vlastn\u011b v t\u00e9 jedn\u00e9 d\u00e1vce budou moci za\u0161krtnout a po\u017e\u00e1dat o v\u0161echno najednou. Pokud jim to vyjde, tak vlastn\u011b ta podpora potom m\u016f\u017ee b\u00fdt skute\u010dn\u011b vy\u0161\u0161\u00ed.<br \/><br \/>redaktorka<br \/>&#8212;&#8212;&#8212;&#8212;&#8212;&#8212;&#8211;<br \/>Krom\u011b \u010d\u00e1stek se ale podle rezortu bude z\u0159ejm\u011b d\u00edky snaz\u0161\u00edmu pod\u00e1v\u00e1n\u00ed \u017e\u00e1dost\u00ed roz\u0161i\u0159ovat i po\u010det \u017eadatel\u016f. Podle ministra Jure\u010dky ale pen\u00edze v rozpo\u010dtu chyb\u011bt nebudou, a to p\u0159edev\u0161\u00edm d\u00edky tzv. pracovn\u00edmu bonusu. D\u00edky n\u011bmu se p\u0159\u00edjemc\u016fm d\u00e1vky m\u016f\u017ee nav\u00fd\u0161it vyplacen\u00e1 \u010d\u00e1stka o ur\u010dit\u00e1 procenta z jejich v\u00fdd\u011blku, a to a\u017e o 40 %.<br \/><br \/>Marian Jure\u010dka,\u00a0<strong>ministr<\/strong>\u00a0<strong>pr\u00e1ce<\/strong>\u00a0a soci\u00e1ln\u00edch v\u011bc\u00ed \/KDU-\u010cSL\/<br \/>&#8212;&#8212;&#8212;&#8212;&#8212;&#8212;&#8211;<br \/>Kdyby se v\u00fdrazn\u011b poda\u0159ilo zm\u011bnit to motivac\u00ed chov\u00e1n\u00ed t\u011bch lid\u00ed, za\u010dali by daleko v\u00edc pracovat a byl by vyu\u017e\u00edv\u00e1n ten pracovn\u00ed bonus, tak pak ano, pak to ponese vy\u0161\u0161\u00ed n\u00e1klady, ale z\u00e1rove\u0148 tak\u00e9 logicky i vy\u0161\u0161\u00ed p\u0159\u00edjmy do st\u00e1tn\u00edho rozpo\u010dtu z odvod\u016f t\u011bch lid\u00ed, z podpory v\u00fdkonu ekonomiky, ze spot\u0159eby.<br \/><br \/>redaktorka<br \/>&#8212;&#8212;&#8212;&#8212;&#8212;&#8212;&#8211;<br \/>Podle opozice, ale i n\u011bkter\u00fdch Jure\u010dkov\u00fdch koali\u010dn\u00edch partner\u016f je mo\u017en\u00e9 nav\u00fd\u0161en\u00ed n\u00e1klad\u016f v r\u00e1mci nov\u00e9ho syst\u00e9mu problematick\u00e9.<br \/><br \/>Vlastimil V\u00e1lek, vicepremi\u00e9r, ministr zdravotnictv\u00ed, 1. m\u00edstop\u0159edseda strany \/TOP 09\/<br \/>&#8212;&#8212;&#8212;&#8212;&#8212;&#8212;&#8211;<br \/>Budeme zva\u017eovat zase, kde ty pen\u00edze vz\u00edt a kde u\u0161et\u0159it. Nem\u016f\u017eeme jenom br\u00e1t. Nen\u00ed mo\u017en\u00e9 zvy\u0161ovat schodek st\u00e1tn\u00edho rozpo\u010dtu.<br \/><br \/>Ale\u0161 Juchelka, m\u00edstop\u0159edseda poslaneck\u00e9ho klubu \/ANO\/<br \/>&#8212;&#8212;&#8212;&#8212;&#8212;&#8212;&#8211;<br \/>Se domn\u00edv\u00e1m, \u017ee kdo dote\u010fka nepot\u0159eboval soci\u00e1ln\u00ed d\u00e1vky a p\u0159ihl\u00e1s\u00ed se k nim, tak si mysl\u00edm, \u017ee nebude pot\u0159ebovat ani d\u00e1l.<br \/><br \/>redaktorka<br \/>&#8212;&#8212;&#8212;&#8212;&#8212;&#8212;&#8211;<br \/>Nov\u00fd syst\u00e9m super d\u00e1vek znamen\u00e1 slou\u010den\u00ed t\u011bch sou\u010dasn\u00fdch nej\u010dast\u011bj\u0161\u00edch soci\u00e1ln\u00edch d\u00e1vek do jedn\u00e9. N\u00e1vrh z\u00e1kona je te\u010f v mezirezortn\u00edm \u0159\u00edzen\u00ed. <\/p>\n\n\n\n<p>televize Nova.<\/p>\n\n\n\n<p><\/p>\n","protected":false},"excerpt":{"rendered":"<div class=\"mh-excerpt\"><p>NOVA\u00a0&#8211; Televizn\u00ed noviny Ve vl\u00e1dn\u00ed koalici se rozho\u0159el dal\u0161\u00ed spor. Jde o zaveden\u00ed tzv. soci\u00e1ln\u00ed superd\u00e1vky. N\u011bkter\u00e9 vl\u00e1dn\u00ed strany maj\u00ed obavy, \u017ee zv\u00fd\u0161\u00ed v\u00fddaje st\u00e1tu <a class=\"mh-excerpt-more\" href=\"https:\/\/www.invarena.cz\/?p=48191\" title=\"Zm\u011bny v soci\u00e1ln\u00edch d\u00e1vk\u00e1ch zv\u00fd\u0161\u00ed v\u00fddaje st\u00e1tu o miliardy\u00a0\u00a0\">[&#8230;]<\/a><\/p>\n<\/div>","protected":false},"author":1,"featured_media":48194,"comment_status":"open","ping_status":"closed","sticky":false,"template":"","format":"standard","meta":{"footnotes":""},"categories":[9],"tags":[],"class_list":["post-48191","post","type-post","status-publish","format-standard","has-post-thumbnail","hentry","category-zpravy"],"_links":{"self":[{"href":"https:\/\/www.invarena.cz\/index.php?rest_route=\/wp\/v2\/posts\/48191","targetHints":{"allow":["GET"]}}],"collection":[{"href":"https:\/\/www.invarena.cz\/index.php?rest_route=\/wp\/v2\/posts"}],"about":[{"href":"https:\/\/www.invarena.cz\/index.php?rest_route=\/wp\/v2\/types\/post"}],"author":[{"embeddable":true,"href":"https:\/\/www.invarena.cz\/index.php?rest_route=\/wp\/v2\/users\/1"}],"replies":[{"embeddable":true,"href":"https:\/\/www.invarena.cz\/index.php?rest_route=%2Fwp%2Fv2%2Fcomments&post=48191"}],"version-history":[{"count":0,"href":"https:\/\/www.invarena.cz\/index.php?rest_route=\/wp\/v2\/posts\/48191\/revisions"}],"wp:featuredmedia":[{"embeddable":true,"href":"https:\/\/www.invarena.cz\/index.php?rest_route=\/wp\/v2\/media\/48194"}],"wp:attachment":[{"href":"https:\/\/www.invarena.cz\/index.php?rest_route=%2Fwp%2Fv2%2Fmedia&parent=48191"}],"wp:term":[{"taxonomy":"category","embeddable":true,"href":"https:\/\/www.invarena.cz\/index.php?rest_route=%2Fwp%2Fv2%2Fcategories&post=48191"},{"taxonomy":"post_tag","embeddable":true,"href":"https:\/\/www.invarena.cz\/index.php?rest_route=%2Fwp%2Fv2%2Ftags&post=48191"}],"curies":[{"name":"wp","href":"https:\/\/api.w.org\/{rel}","templated":true}]}}