{"id":4828,"date":"2013-05-11T09:34:20","date_gmt":"2013-05-11T07:34:20","guid":{"rendered":"http:\/\/www.invarena.cz\/?p=4828"},"modified":"2013-05-21T16:54:19","modified_gmt":"2013-05-21T14:54:19","slug":"dva-mesice-od-unosu","status":"publish","type":"post","link":"https:\/\/www.invarena.cz\/?p=4828","title":{"rendered":"O \u00fanosu asistentky ment\u00e1ln\u011b posti\u017een\u00fdch se tajupln\u011b ml\u010d\u00ed"},"content":{"rendered":"<p><strong>Budou to ji\u017e dva m\u011bs\u00edce, co v P\u00e1kist\u00e1nu unesli dv\u011b mlad\u00e9 \u010ce\u0161ky. O tom, kde se Hanka a Antonie nach\u00e1z\u00ed, v jak\u00e9m jsou stavu a zda jsou v\u016fbec je\u0161t\u011b na\u017eivu, p\u0159itom \u017e\u00e1dn\u00e9 informace nejsou. Podle bezpe\u010dnostn\u00edch expert\u016f ale st\u00e1le existuje \u0161ance, \u017ee se d\u00edvky vr\u00e1t\u00ed dom\u016f.<br \/>\n<!--more--><\/strong><br \/>\n\u010cty\u0159iadvacetilet\u00e1 Hana Hump\u00e1lov\u00e1 a p\u011btadvacetilet\u00e1 Antonie Chr\u00e1steck\u00e1 byly uneseny ve st\u0159edu t\u0159in\u00e1ct\u00e9ho b\u0159ezna. Po po\u010d\u00e1te\u010dn\u00ed medi\u00e1ln\u00ed hysterii vyhl\u00e1silo ministerstvo zahrani\u010d\u00ed informa\u010dn\u00ed embargo a na ve\u0159ejnost nepou\u0161t\u00ed \u017e\u00e1dn\u00e9 informace. Rodiny, ministerstvo zahrani\u010d\u00ed ani p\u0159\u00e1tel\u00e9 necht\u011bj\u00ed o \u00fanosu mluvit.<\/p>\n<p>&#8222;Ministerstvo zahrani\u010dn\u00edch v\u011bc\u00ed samoz\u0159ejm\u011b kon\u00e1, ano, pom\u011brn\u011b intenzivn\u011b ve spolupr\u00e1ci s ostatn\u00edmi st\u00e1tn\u00edmi \u00fa\u0159ady. Nem\u016f\u017eeme \u0159\u00edci jakoukoliv novou medi\u00e1ln\u00ed informaci,&#8220; uvedl v TV Barrandov mluv\u010d\u00ed ministerstva zahrani\u010dn\u00edch v\u011bc\u00ed \u010cR Karel \u0160rol.<\/p>\n<p>&#8222;Jestli to, \u017ee dneska nikdo o ni\u010dem nemluv\u00ed, znamen\u00e1, \u017ee se n\u011bco d\u011bje, to j\u00e1 neum\u00edm \u0159\u00edct. Ono se to m\u016f\u017ee takov\u00e9 vysv\u011btlen\u00ed nab\u00edzet, ale taky to tak nemus\u00ed b\u00fdt, bohu\u017eel,&#8220; m\u00edn\u00ed\u00a0 bezpe\u010dnostn\u00ed poradce Andor \u0160\u00e1ndor. Podle n\u011bj \u0161ance tu po\u0159\u00e1d je. &#8222;Dokud se nenajdou mrtv\u00e1 t\u011bla, tak nikdy nem\u016f\u017eeme \u0159\u00edct a prohl\u00e1sit, \u017ee ty d\u00edvky byly zlikvidov\u00e1ny,&#8220; dodal.<\/p>\n<p>Unesen\u00e1 Hanka pracovala v pra\u017esk\u00e9 kav\u00e1rn\u011b Vesm\u00edrna, kde pom\u00e1hala lidem s ment\u00e1ln\u00edm posti\u017een\u00edm. Na p\u0159\u00e1n\u00ed rodiny se zam\u011bstnanci odm\u00edtaj\u00ed s novin\u00e1\u0159i bavit. Hanka doch\u00e1zela i do vinohradsk\u00e9ho Rubikon centra, kde pom\u00e1hala propu\u0161t\u011bn\u00fdm v\u011bz\u0148\u016fm.<\/p>\n<p>Antonie poch\u00e1z\u00ed z Kladna. Tak\u00e9 ona pom\u00e1hala pot\u0159ebn\u00fdm. Sv\u011bd\u010d\u00ed o tom fotky na n\u00e1st\u011bnce m\u00edstn\u00edho dobrovolnick\u00e9ho centra. Na jedn\u00e9 z nich je se svou ment\u00e1ln\u011b posti\u017eenou kamar\u00e1dkou M\u00ed\u0161ou. M\u00ed\u0161u s otcem sice report\u00e9\u0159i TV Barrandov zastihli, o \u00fanosu se ale bavit necht\u011bli.<\/p>\n<p>&#8222;J\u00e1 si mysl\u00edm, \u017ee i kdyby ti jej\u00ed nejbli\u017e\u0161\u00ed, co\u017e znamen\u00e1 maminka a sestra, n\u011bco t\u0159eba v\u011bd\u011bly, tak b\u016fhv\u00ed jestli by jim vl\u00e1da nezak\u00e1zala ml\u010det z bezpe\u010dnostn\u00edch d\u016fvod\u016f,&#8220; poznamenala kamar\u00e1dka Antonie Lucie \u010camb\u00e1lov\u00e1.<\/p>\n<p>Situace v P\u00e1kist\u00e1nu je v sou\u010dasn\u00e9 dob\u011b velmi napjat\u00e1. Policie a arm\u00e1da se soust\u0159ed\u00ed hlavn\u011b na zaji\u0161t\u011bn\u00ed bezpe\u010dnosti kv\u016fli volb\u00e1m a p\u00e1tr\u00e1n\u00ed po \u010desk\u00fdch d\u00edvk\u00e1ch se tak podle v\u0161eho dost\u00e1v\u00e1 na druhou kolej.<\/p>\n<p>invArena &#8211; zpracov\u00e1no na z\u00e1klad\u011b report\u00e1\u017ee TV Barrandov<\/p>\n<p><strong>Ozbrojenci v P\u00e1kist\u00e1nu napadli t\u00fdm zdravotn\u00edk\u016f, zabili policistu <\/strong><\/p>\n<p>V pond\u011bl\u00ed 20.5. ozbrojenci v severoz\u00e1padn\u00edm P\u00e1kist\u00e1nu napadli t\u00fdm zdravotn\u00edk\u016f prov\u00e1d\u011bj\u00edc\u00edch o\u010dkov\u00e1n\u00ed d\u011bt\u00ed proti obrn\u011b a zabili policistu, kter\u00fd je m\u011bl chr\u00e1nit. Informovala o tom agentura AP.<\/p>\n<p>K \u00fatoku se zat\u00edm nikdo nep\u0159ihl\u00e1sil, odpov\u011bdnost ale z\u0159ejm\u011b pad\u00e1 na isl\u00e1msk\u00e9 ozbrojence. Ti za o\u010dkov\u00e1n\u00edm vid\u00ed celou \u0161k\u00e1lu konspirac\u00ed a p\u0159i podobn\u00fdch \u00fatoc\u00edch u\u017e v minulosti zabili n\u011bkolik zdravotn\u00edk\u016f i policist\u016f.<\/p>\n<p>invArena<\/p>\n","protected":false},"excerpt":{"rendered":"<div class=\"mh-excerpt\"><p>Budou to ji\u017e dva m\u011bs\u00edce, co v P\u00e1kist\u00e1nu unesli dv\u011b mlad\u00e9 \u010ce\u0161ky. O tom, kde se Hanka a Antonie nach\u00e1z\u00ed, v jak\u00e9m jsou stavu a <a class=\"mh-excerpt-more\" href=\"https:\/\/www.invarena.cz\/?p=4828\" title=\"O \u00fanosu asistentky ment\u00e1ln\u011b posti\u017een\u00fdch se tajupln\u011b ml\u010d\u00ed\">[&#8230;]<\/a><\/p>\n<\/div>","protected":false},"author":1,"featured_media":2610,"comment_status":"open","ping_status":"open","sticky":false,"template":"","format":"standard","meta":{"footnotes":""},"categories":[7],"tags":[],"class_list":["post-4828","post","type-post","status-publish","format-standard","has-post-thumbnail","hentry","category-spolecnost"],"_links":{"self":[{"href":"https:\/\/www.invarena.cz\/index.php?rest_route=\/wp\/v2\/posts\/4828","targetHints":{"allow":["GET"]}}],"collection":[{"href":"https:\/\/www.invarena.cz\/index.php?rest_route=\/wp\/v2\/posts"}],"about":[{"href":"https:\/\/www.invarena.cz\/index.php?rest_route=\/wp\/v2\/types\/post"}],"author":[{"embeddable":true,"href":"https:\/\/www.invarena.cz\/index.php?rest_route=\/wp\/v2\/users\/1"}],"replies":[{"embeddable":true,"href":"https:\/\/www.invarena.cz\/index.php?rest_route=%2Fwp%2Fv2%2Fcomments&post=4828"}],"version-history":[{"count":0,"href":"https:\/\/www.invarena.cz\/index.php?rest_route=\/wp\/v2\/posts\/4828\/revisions"}],"wp:featuredmedia":[{"embeddable":true,"href":"https:\/\/www.invarena.cz\/index.php?rest_route=\/wp\/v2\/media\/2610"}],"wp:attachment":[{"href":"https:\/\/www.invarena.cz\/index.php?rest_route=%2Fwp%2Fv2%2Fmedia&parent=4828"}],"wp:term":[{"taxonomy":"category","embeddable":true,"href":"https:\/\/www.invarena.cz\/index.php?rest_route=%2Fwp%2Fv2%2Fcategories&post=4828"},{"taxonomy":"post_tag","embeddable":true,"href":"https:\/\/www.invarena.cz\/index.php?rest_route=%2Fwp%2Fv2%2Ftags&post=4828"}],"curies":[{"name":"wp","href":"https:\/\/api.w.org\/{rel}","templated":true}]}}