{"id":48319,"date":"2024-04-22T09:51:47","date_gmt":"2024-04-22T07:51:47","guid":{"rendered":"https:\/\/www.invarena.cz\/?p=48319"},"modified":"2024-04-22T09:51:48","modified_gmt":"2024-04-22T07:51:48","slug":"nocni-beh-pro-svetlusku-rozsviti-prahu-pridejte-se-a-podporte-zrakove-postizene","status":"publish","type":"post","link":"https:\/\/www.invarena.cz\/?p=48319","title":{"rendered":"No\u010dn\u00ed b\u011bh pro Sv\u011btlu\u0161ku rozsv\u00edt\u00ed Prahu. P\u0159idejte se a podpo\u0159te zrakov\u011b posti\u017een\u00e9"},"content":{"rendered":"\n<p>Praha se rozz\u00e1\u0159\u00ed b\u011b\u017eeck\u00fdmi kroky pro dobrou v\u011bc, a to ji\u017e ve \u010dtvrtek 25. dubna. No\u010dn\u00ed b\u011bh pro Sv\u011btlu\u0161ku nabdne nejen sportovn\u00ed z\u00e1\u017eitek, ale i osv\u011btu o \u017eivot\u011b se zrakov\u00fdm posti\u017een\u00edm. Zapojte se do akce a podpo\u0159te tak ty, kte\u0159\u00ed vid\u00ed sv\u011bt jinak.<\/p>\n\n\n\n<p>Projekt Nada\u010dn\u00edho fondu \u010cesk\u00e9ho Rozhlasu, Sv\u011btlu\u0161ka, se chyst\u00e1 na dal\u0161\u00ed No\u010dn\u00ed b\u011bh Prahou. B\u011b\u017eci vyb\u011bhnou op\u011bt z V\u00fdstavi\u0161t\u011b, a to ve 21 hodin. Registrace budou na m\u00edst\u011b mo\u017en\u00e9 ji\u017e od 18.30.<\/p>\n\n\n\n<p>Motto kampan\u011b letos zn\u00ed \u201eA jak to vid\u00ed\u0161 ty?\u201c. Vidopozv\u00e1nka z produkce Punk Film d\u00e1v\u00e1 z\u00e1jemc\u016fm nahl\u00e9dnout, jak vid\u00ed lid\u00e9 s r\u016fzn\u00fdmi typy zrakov\u00fdch vad. Kampan\u00ed se tak Sv\u011btlu\u0161ka vrac\u00ed zp\u00e1tky k tomu, co je jej\u00edm hlavn\u00edm posl\u00e1n\u00edm \u2013 pom\u00e1hat lidem s t\u011b\u017ek\u00fdm posti\u017een\u00edm zraku \u017e\u00edt \u017eivot podle sv\u00e9 volby.<\/p>\n\n\n\n<p>A\u010dkoli p\u0159edn\u00edm osv\u011btov\u00fdm projektem Sv\u011btlu\u0161ky byla a\u017e doposud zejm\u00e9na Kav\u00e1rna POTM\u011a, letos se rozhodla z\u00e1\u017eitkov\u00fd vzd\u011bl\u00e1vac\u00ed rozm\u011br p\u0159en\u00e9st i na No\u010dn\u00ed b\u011bhy. \u201eLeto\u0161n\u00ed pozv\u00e1nka na s\u00e9rii charitativn\u00edch b\u011bh\u016f pro Sv\u011btlu\u0161ku n\u00e1s vrac\u00ed k jej\u00edmu \u00fa\u010delu. Kontext tmy je pro na\u0161e b\u011b\u017ece chvilkov\u00fdm z\u00e1\u017eitkem toho, s \u010d\u00edm se ka\u017ed\u00fd den, ka\u017ed\u00fd rok, cel\u00fd \u017eivot pot\u00fdkaj\u00ed lid\u00e9 se zrakov\u00fdm posti\u017een\u00edm. Kdy za sv\u011btla viditeln\u00e1 bari\u00e9ra v cest\u011b se za tmy m\u016f\u017ee st\u00e1t ohro\u017een\u00edm, kdy kapky de\u0161t\u011b mohou znemo\u017enit venkovn\u00ed orientaci, kdy hluk m\u016f\u017ee uml\u010det p\u0159irozen\u00e9 orienta\u010dn\u00ed body. Ka\u017ed\u00fd zrakov\u011b posti\u017een\u00fd na svou cestu \u017eivotem vid\u00ed jinak, i o tom budeme na b\u011bz\u00edch hovo\u0159it a vyb\u00edzet b\u011b\u017ece k pravideln\u00e9 a d\u016fsledn\u00e9 p\u00e9\u010di o tento cenn\u00fd smysl,\u201c vysv\u011btluje z\u00e1m\u011br \u0159editelka Nada\u010dn\u00edho fondu \u010cesk\u00e9ho rozhlasu Gabriela Drastichov\u00e1.<\/p>\n\n\n\n<p>Sv\u011btlu\u0161ka si v r\u00e1mci osv\u011bty p\u0159ipravila k b\u011bh\u016fm i doprovodn\u00fd program, p\u0159i kter\u00e9m bude mo\u017enost nechat se namas\u00edrovat nevidom\u00fdmi a slabozrak\u00fdmi mas\u00e9ry a tak\u00e9 si nechat od optometrist\u016f a dal\u0161\u00edch specialist\u016f ov\u011b\u0159it zrakov\u00e9 funkce, stav a kvalitu zraku. O hudebn\u00ed rozcvi\u010dku pra\u017esk\u00fdch b\u011b\u017ec\u016f se postar\u00e1 zp\u011bva\u010dka Tereza Ma\u0161kov\u00e1 a atmosf\u00e9ru po zbytek ve\u010dera dokresl\u00ed DJ\u00b4s Ros\u0165a Samec a Lushian Larroa. Startu bude, jak je tomu ji\u017e tradic\u00ed, p\u0159edch\u00e1zet bubenick\u00e1 show v pod\u00e1n\u00ed Groove Army.<\/p>\n\n\n\n<p>K dispozici bude na m\u00edst\u011b i ob\u010derstven\u00ed a pit\u00ed od r\u016fz\u00fdch sponzor\u016f. Na st\u00e1nku hlavn\u00edho partnera Hannah si b\u011b\u017eci mohou vyzkou\u0161et r\u016fzn\u00e9 aktivity poslepu. Nem\u00e1te doma \u010delovku? Nevad\u00ed! I ty budou na akci zaji\u0161t\u011bny. Sou\u010d\u00e1st\u00ed 500 korunov\u00e9 vstupenky bude toti\u017e pro ka\u017ed\u00e9ho \u00fa\u010dastn\u00edka sportovn\u00ed vak v kombinaci bu\u010f s \u010delenkou, nebo \u010delovkou.<\/p>\n\n\n\n<p>B\u011b\u017eci si i letos mohou vybrat ze dvou okruh\u016f, a to z kr\u00e1tk\u00e9ho, kter\u00fd m\u011b\u0159\u00ed 2,8 kilometru a z dlouh\u00e9ho, kter\u00fd je dlouh\u00fd 4,5 kilometru. B\u011bh ale nen\u00ed v\u016fbec nutnost\u00ed, trasu lze klidn\u011b i jen proj\u00edt a v\u00edt\u00e1ni jsou z\u00e1jemci v\u0161ech v\u011bkov\u00fdch kategori\u00ed, kte\u0159\u00ed cht\u011bj\u00ed podpo\u0159it dobrou v\u011bc. Do b\u011bhu se nav\u00edc op\u011bt zapoj\u00ed zrakov\u011b posti\u017een\u00ed sportovci, kter\u00e9 Sv\u011btlu\u0161ka ji\u017e 20 let podporuje v aktivn\u00edm \u017eivot\u011b. Registrace na b\u011bhy jsou spu\u0161t\u011bny na webu. Vstupenky je mo\u017en\u00e9 zakoupit zde: <a href=\"https:\/\/goout.net\/cs\/nocni-beh-pro-svetlusku-2024-praha\/szomttw\/\" target=\"_blank\" rel=\"noreferrer noopener\">https:\/\/goout.net\/cs\/nocni-beh-pro-svetlusku-2024-praha\/szomttw\/<\/a><\/p>\n\n\n\n<p>Sv\u011btlu\u0161ka je dlouhodob\u00fd projekt Nada\u010dn\u00edho fondu \u010cesk\u00e9ho rozhlasu, kter\u00fd pom\u00e1h\u00e1 t\u011b\u017ece zrakov\u011b posti\u017een\u00fdm. U\u017e od roku 2003 se Sv\u011btlu\u0161ka sna\u017e\u00ed d\u011blat radost hned dvakr\u00e1t, a to jak nep\u0159etr\u017eitou finan\u010dn\u00ed pomoc\u00ed zrakov\u011b posti\u017een\u00fdm, tak po\u0159\u00e1d\u00e1n\u00edm osv\u011btov\u00fdch a z\u00e1\u017eitkov\u00fdch aktivit pro v\u0161echny d\u00e1rce.\u202fShrom\u00e1\u017ed\u011bn\u00e9 finan\u010dn\u00ed prost\u0159edky do sb\u00edrky Sv\u011btlu\u0161ka rozd\u011bluje celoro\u010dn\u011b nevidom\u00fdm a slabozrak\u00fdm \u017eadatel\u016fm bez ohledu na v\u011bk.<\/p>\n\n\n\n<p>Zdroj: Sv\u011btlu\u0161ka<\/p>\n\n\n\n<p>Nat\u00e1lie Tvrd\u00edkov\u00e1<\/p>\n\n\n\n<p>Pra\u017esk\u00fd den\u00edk<\/p>\n\n\n\n<p><a href=\"https:\/\/prazsky.denik.cz\/\" target=\"_blank\" rel=\"noreferrer noopener\">https:\/\/prazsky.denik.cz\/<\/a><\/p>\n","protected":false},"excerpt":{"rendered":"<div class=\"mh-excerpt\"><p>Praha se rozz\u00e1\u0159\u00ed b\u011b\u017eeck\u00fdmi kroky pro dobrou v\u011bc, a to ji\u017e ve \u010dtvrtek 25. dubna. No\u010dn\u00ed b\u011bh pro Sv\u011btlu\u0161ku nabdne nejen sportovn\u00ed z\u00e1\u017eitek, ale i <a class=\"mh-excerpt-more\" href=\"https:\/\/www.invarena.cz\/?p=48319\" title=\"No\u010dn\u00ed b\u011bh pro Sv\u011btlu\u0161ku rozsv\u00edt\u00ed Prahu. P\u0159idejte se a podpo\u0159te zrakov\u011b posti\u017een\u00e9\">[&#8230;]<\/a><\/p>\n<\/div>","protected":false},"author":1,"featured_media":3929,"comment_status":"open","ping_status":"closed","sticky":false,"template":"","format":"standard","meta":{"footnotes":""},"categories":[9],"tags":[],"class_list":["post-48319","post","type-post","status-publish","format-standard","has-post-thumbnail","hentry","category-zpravy"],"_links":{"self":[{"href":"https:\/\/www.invarena.cz\/index.php?rest_route=\/wp\/v2\/posts\/48319","targetHints":{"allow":["GET"]}}],"collection":[{"href":"https:\/\/www.invarena.cz\/index.php?rest_route=\/wp\/v2\/posts"}],"about":[{"href":"https:\/\/www.invarena.cz\/index.php?rest_route=\/wp\/v2\/types\/post"}],"author":[{"embeddable":true,"href":"https:\/\/www.invarena.cz\/index.php?rest_route=\/wp\/v2\/users\/1"}],"replies":[{"embeddable":true,"href":"https:\/\/www.invarena.cz\/index.php?rest_route=%2Fwp%2Fv2%2Fcomments&post=48319"}],"version-history":[{"count":0,"href":"https:\/\/www.invarena.cz\/index.php?rest_route=\/wp\/v2\/posts\/48319\/revisions"}],"wp:featuredmedia":[{"embeddable":true,"href":"https:\/\/www.invarena.cz\/index.php?rest_route=\/wp\/v2\/media\/3929"}],"wp:attachment":[{"href":"https:\/\/www.invarena.cz\/index.php?rest_route=%2Fwp%2Fv2%2Fmedia&parent=48319"}],"wp:term":[{"taxonomy":"category","embeddable":true,"href":"https:\/\/www.invarena.cz\/index.php?rest_route=%2Fwp%2Fv2%2Fcategories&post=48319"},{"taxonomy":"post_tag","embeddable":true,"href":"https:\/\/www.invarena.cz\/index.php?rest_route=%2Fwp%2Fv2%2Ftags&post=48319"}],"curies":[{"name":"wp","href":"https:\/\/api.w.org\/{rel}","templated":true}]}}