{"id":48427,"date":"2024-04-26T18:18:18","date_gmt":"2024-04-26T16:18:18","guid":{"rendered":"https:\/\/www.invarena.cz\/?p=48427"},"modified":"2024-04-26T18:18:19","modified_gmt":"2024-04-26T16:18:19","slug":"onkotaxi-pomaha-pacientum-doprava-za-zvyhodnene-ceny-i-v-chrudimi","status":"publish","type":"post","link":"https:\/\/www.invarena.cz\/?p=48427","title":{"rendered":"OnkoTAXI pom\u00e1h\u00e1 pacient\u016fm. Doprava za zv\u00fdhodn\u011bn\u00e9 ceny i v Chrudimi"},"content":{"rendered":"\n<p>Kdo prod\u011blal l\u00e9\u010dbu rakoviny, v\u00ed, jakou je z\u00e1t\u011b\u017e\u00ed pro t\u011blo i\u00a0psychiku. P\u011bta\u0161edes\u00e1tilet\u00fd Mirek z\u00a0vesni\u010dky na hranici pardubick\u00e9ho a chrudimsk\u00e9ho okresu nen\u00ed po chemoterapic\u00edch schopen \u0159\u00eddit svou \u0161kodovku, \u00fanava a mnohdy zvracen\u00ed jsou negativn\u00edmi projevy t\u00e9to l\u00e9\u010dby. A\u00a0tak si zpravidla p\u0159ivol\u00e1 tax\u00edka, co\u017e je s\u00a0ohledem na jeho d\u016fchod finan\u010dn\u011b n\u00e1ro\u010dn\u00e9. Mo\u017enost vyu\u017e\u00edt onko TAXI, unik\u00e1tn\u00ed slu\u017ebu, senior\u00a0v\u00edt\u00e1.<\/p>\n\n\n\n<p>Charitativn\u00ed spolek ATENA\u00a0a MY TAXI spustily unik\u00e1tn\u00ed slu\u017ebu pro onkologick\u00e9 pacienty &#8211; onkoTAXI. &#8222;Je jednou z\u00a0mo\u017en\u00fdch forem pomoci. B\u011bhem\u00a0l\u00e9\u010dby\u00a0jsou pacienti mnohdy velmi unaven\u00ed a oslaben\u00ed, aby byli schopni sami \u0159\u00eddit. Za l\u00e9\u010dbou p\u0159itom mus\u00ed mnoz\u00ed doj\u00ed\u017ed\u011bt. Tak se zrodil n\u00e1pad spojit se s\u00a0taxi slu\u017ebou a moci pacient\u016fm zajistit bezpe\u010dnou dopravu, kam pot\u0159ebuj\u00ed,\u201d p\u0159ibl\u00ed\u017eila fungov\u00e1n\u00ed slu\u017eby Aneta Kalinov\u00e1, zakladatelka spolku ATENA se s\u00eddlem v\u00a0Litomy\u0161li.<\/p>\n\n\n\n<p>Syst\u00e9m m\u00e1 jednoduch\u00e1 pravidla: onkologick\u00fd pacient, kter\u00fd m\u00e1 z\u00e1jem vyu\u017e\u00edt slu\u017ebu onkoTAXI, obdr\u017e\u00ed od spolku ATENA heslo, kter\u00e9 jednodu\u0161e sd\u011bl\u00ed p\u0159i objedn\u00e1vce vozu, a m\u016f\u017ee tak \u010derpat slevu na j\u00edzdn\u00e9m. \u201cPo Pardubic\u00edch je doprava do 3\u00a0km za 49\u00a0K\u010d a ka\u017ed\u00fd dal\u0161\u00ed km za 25\u00a0K\u010d. Kdyby bylo pot\u0159eba, k\u00a0dispozici je i\u00a0v\u016fz s\u00a0plo\u0161inou pro voz\u00ed\u010dk\u00e1\u0159e, \u201c informoval Ladislav Hor\u00e1k, majitel MY TAXI.<\/p>\n\n\n\n<p>Pro pana Mirka to v&nbsp;p\u0159epo\u010dtu vych\u00e1z\u00ed na p\u0159\u00edznivou cenu. &#8222;Bydl\u00edm bl\u00ed\u017e k&nbsp;Pardubic\u00edm, ne\u017e k&nbsp;Chrudimi. Tak\u017ee mi to vych\u00e1z\u00ed dob\u0159e a tuto slu\u017ebu jist\u011b vyu\u017eiji,&#8220; poznamenal.<\/p>\n\n\n\n<p>Snahou spolku je zav\u00e9st slu\u017ebu onkoTAXI po cel\u00e9 republice a pacient\u016fm tak pomoci se zaji\u0161t\u011bn\u00edm ka\u017edodenn\u00edch pot\u0159eb. U\u017e nyn\u00ed tento unik\u00e1tn\u00ed syst\u00e9m funguje nejen v&nbsp;Pardubic\u00edch a Chrudimi, ale tak\u00e9 v&nbsp;Kol\u00edn\u011b, Pod\u011bbradech a jejich okol\u00ed.<\/p>\n\n\n\n<p>Charitativn\u00ed spolek ATENA vznikl na konci roku 2023&nbsp;a jeho c\u00edlem je pomoc onkologicky nemocn\u00fdm. D\u00edky partner\u016fm, kte\u0159\u00ed spolek podporuj\u00ed,zprost\u0159edkov\u00e1v\u00e1 ATENA onkologick\u00fdm pacient\u016fm finan\u010dn\u00ed, \u010di materi\u00e1ln\u00ed pomoc, poskytuje prostory pro setk\u00e1v\u00e1n\u00ed, \u010di organizuje dlouhodob\u00e9 sb\u00edrky pro d\u011bti, kter\u00e9 p\u0159i\u0161ly kv\u016fli onkologick\u00e9mu onemocn\u011bn\u00ed o&nbsp;rodi\u010de. Sou\u010dasn\u011b vytv\u00e1\u0159\u00ed mapu pomoci, kter\u00e1 nemocn\u00fdm p\u0159in\u00e1\u0161\u00ed nejen p\u0159ehled m\u00edst, kde naleznou odbornou pomoc, ale tak\u00e9 slu\u017eby, kter\u00e9 jim usnadn\u00ed dny s&nbsp;nemoc\u00ed.<\/p>\n\n\n\n<p>Ka\u017ed\u00fd rok pak ATENA vyd\u00e1v\u00e1 kalend\u00e1\u0159, z\u00a0jeho\u017e prodeje putuje cel\u00fd v\u00fdt\u011b\u017eek na pomoc onkologicky nemocn\u00fdm. T\u00e9ma kalend\u00e1\u0159e se ka\u017ed\u00fd rok m\u011bn\u00ed, jedno ale z\u016fst\u00e1v\u00e1 &#8211; modelky a modelov\u00e9 jsou v\u017edy onkologi\u010dt\u00ed pacienti.<\/p>\n\n\n\n<p>Romana Netolick\u00e1<\/p>\n\n\n\n<p>Chrudimsk\u00fd den\u00edk<\/p>\n\n\n\n<p><a href=\"https:\/\/chrudimsky.denik.cz\/\" target=\"_blank\" rel=\"noreferrer noopener\">https:\/\/chrudimsky.denik.cz\/<\/a><\/p>\n","protected":false},"excerpt":{"rendered":"<div class=\"mh-excerpt\"><p>Kdo prod\u011blal l\u00e9\u010dbu rakoviny, v\u00ed, jakou je z\u00e1t\u011b\u017e\u00ed pro t\u011blo i\u00a0psychiku. P\u011bta\u0161edes\u00e1tilet\u00fd Mirek z\u00a0vesni\u010dky na hranici pardubick\u00e9ho a chrudimsk\u00e9ho okresu nen\u00ed po chemoterapic\u00edch schopen \u0159\u00eddit <a class=\"mh-excerpt-more\" href=\"https:\/\/www.invarena.cz\/?p=48427\" title=\"OnkoTAXI pom\u00e1h\u00e1 pacient\u016fm. Doprava za zv\u00fdhodn\u011bn\u00e9 ceny i v Chrudimi\">[&#8230;]<\/a><\/p>\n<\/div>","protected":false},"author":1,"featured_media":5054,"comment_status":"open","ping_status":"closed","sticky":false,"template":"","format":"standard","meta":{"footnotes":""},"categories":[9],"tags":[],"class_list":["post-48427","post","type-post","status-publish","format-standard","has-post-thumbnail","hentry","category-zpravy"],"_links":{"self":[{"href":"https:\/\/www.invarena.cz\/index.php?rest_route=\/wp\/v2\/posts\/48427","targetHints":{"allow":["GET"]}}],"collection":[{"href":"https:\/\/www.invarena.cz\/index.php?rest_route=\/wp\/v2\/posts"}],"about":[{"href":"https:\/\/www.invarena.cz\/index.php?rest_route=\/wp\/v2\/types\/post"}],"author":[{"embeddable":true,"href":"https:\/\/www.invarena.cz\/index.php?rest_route=\/wp\/v2\/users\/1"}],"replies":[{"embeddable":true,"href":"https:\/\/www.invarena.cz\/index.php?rest_route=%2Fwp%2Fv2%2Fcomments&post=48427"}],"version-history":[{"count":0,"href":"https:\/\/www.invarena.cz\/index.php?rest_route=\/wp\/v2\/posts\/48427\/revisions"}],"wp:featuredmedia":[{"embeddable":true,"href":"https:\/\/www.invarena.cz\/index.php?rest_route=\/wp\/v2\/media\/5054"}],"wp:attachment":[{"href":"https:\/\/www.invarena.cz\/index.php?rest_route=%2Fwp%2Fv2%2Fmedia&parent=48427"}],"wp:term":[{"taxonomy":"category","embeddable":true,"href":"https:\/\/www.invarena.cz\/index.php?rest_route=%2Fwp%2Fv2%2Fcategories&post=48427"},{"taxonomy":"post_tag","embeddable":true,"href":"https:\/\/www.invarena.cz\/index.php?rest_route=%2Fwp%2Fv2%2Ftags&post=48427"}],"curies":[{"name":"wp","href":"https:\/\/api.w.org\/{rel}","templated":true}]}}