{"id":48441,"date":"2024-04-26T19:51:30","date_gmt":"2024-04-26T17:51:30","guid":{"rendered":"https:\/\/www.invarena.cz\/?p=48441"},"modified":"2024-04-26T19:51:31","modified_gmt":"2024-04-26T17:51:31","slug":"parkovani-na-mistech-pro-invalidy-v-praze-za-tyden-skoro-600-prestupku","status":"publish","type":"post","link":"https:\/\/www.invarena.cz\/?p=48441","title":{"rendered":"Parkov\u00e1n\u00ed na m\u00edstech pro invalidy? V Praze za t\u00fdden skoro 600 p\u0159estupk\u016f"},"content":{"rendered":"\n<p>Pra\u017e\u0161t\u00ed str\u00e1\u017en\u00edci se minul\u00fd t\u00fdden zam\u011b\u0159ili na \u0159idi\u010de, kte\u0159\u00ed parkuj\u00ed na m\u00edstech pro invalidy. B\u011bhem c\u00edlen\u011b zam\u011b\u0159en\u00e9 akce odhalili 584\u00a0p\u0159estupk\u016f. Informovala o\u00a0tom mluv\u010d\u00ed m\u011bstsk\u00e9 policie Irena Seifertov\u00e1.<\/p>\n\n\n\n<p>Ve 100\u00a0p\u0159\u00edpadech ulo\u017eili str\u00e1\u017en\u00edci pokuty v\u00a0celkov\u00e9 v\u00fd\u0161i 119\u00a0300\u00a0korun, 172\u00a0p\u0159estupk\u016f oznamovali spr\u00e1vn\u00edm org\u00e1n\u016fm, 15\u00a0\u0159idi\u010d\u016f vy\u0159e\u0161ili domluvou a ostatn\u00ed \u0159idi\u010di obdr\u017eeli v\u00fdzvu k\u00a0pod\u00e1n\u00ed vysv\u011btlen\u00ed na p\u0159estupkov\u00e1 pracovi\u0161t\u011b m\u011bstsk\u00e9 policie. Nejv\u00edce p\u0159estupk\u016f bylo podle mluv\u010d\u00ed odhaleno na Praze 3, 5, 1, 9\u00a0a 10.<\/p>\n\n\n\n<p>Cel\u00fd \u010dl\u00e1nek naleznete v Pra\u017esk\u00e9m Patriotu: <a href=\"https:\/\/www.prazskypatriot.cz\/parkovani-na-mistech-pro-invalidy-v-praze-za-tyden-skoro-600-prestupku\/\" target=\"_blank\" rel=\"noreferrer noopener\">https:\/\/www.prazskypatriot.cz\/parkovani-na-mistech-pro-invalidy-v-praze-za-tyden-skoro-600-prestupku\/<\/a><\/p>\n","protected":false},"excerpt":{"rendered":"<div class=\"mh-excerpt\"><p>Pra\u017e\u0161t\u00ed str\u00e1\u017en\u00edci se minul\u00fd t\u00fdden zam\u011b\u0159ili na \u0159idi\u010de, kte\u0159\u00ed parkuj\u00ed na m\u00edstech pro invalidy. B\u011bhem c\u00edlen\u011b zam\u011b\u0159en\u00e9 akce odhalili 584\u00a0p\u0159estupk\u016f. Informovala o\u00a0tom mluv\u010d\u00ed m\u011bstsk\u00e9 policie <a class=\"mh-excerpt-more\" href=\"https:\/\/www.invarena.cz\/?p=48441\" title=\"Parkov\u00e1n\u00ed na m\u00edstech pro invalidy? V Praze za t\u00fdden skoro 600 p\u0159estupk\u016f\">[&#8230;]<\/a><\/p>\n<\/div>","protected":false},"author":1,"featured_media":9099,"comment_status":"open","ping_status":"closed","sticky":false,"template":"","format":"standard","meta":{"footnotes":""},"categories":[9],"tags":[],"class_list":["post-48441","post","type-post","status-publish","format-standard","has-post-thumbnail","hentry","category-zpravy"],"_links":{"self":[{"href":"https:\/\/www.invarena.cz\/index.php?rest_route=\/wp\/v2\/posts\/48441","targetHints":{"allow":["GET"]}}],"collection":[{"href":"https:\/\/www.invarena.cz\/index.php?rest_route=\/wp\/v2\/posts"}],"about":[{"href":"https:\/\/www.invarena.cz\/index.php?rest_route=\/wp\/v2\/types\/post"}],"author":[{"embeddable":true,"href":"https:\/\/www.invarena.cz\/index.php?rest_route=\/wp\/v2\/users\/1"}],"replies":[{"embeddable":true,"href":"https:\/\/www.invarena.cz\/index.php?rest_route=%2Fwp%2Fv2%2Fcomments&post=48441"}],"version-history":[{"count":0,"href":"https:\/\/www.invarena.cz\/index.php?rest_route=\/wp\/v2\/posts\/48441\/revisions"}],"wp:featuredmedia":[{"embeddable":true,"href":"https:\/\/www.invarena.cz\/index.php?rest_route=\/wp\/v2\/media\/9099"}],"wp:attachment":[{"href":"https:\/\/www.invarena.cz\/index.php?rest_route=%2Fwp%2Fv2%2Fmedia&parent=48441"}],"wp:term":[{"taxonomy":"category","embeddable":true,"href":"https:\/\/www.invarena.cz\/index.php?rest_route=%2Fwp%2Fv2%2Fcategories&post=48441"},{"taxonomy":"post_tag","embeddable":true,"href":"https:\/\/www.invarena.cz\/index.php?rest_route=%2Fwp%2Fv2%2Ftags&post=48441"}],"curies":[{"name":"wp","href":"https:\/\/api.w.org\/{rel}","templated":true}]}}