{"id":48459,"date":"2024-04-29T08:41:24","date_gmt":"2024-04-29T06:41:24","guid":{"rendered":"https:\/\/www.invarena.cz\/?p=48459"},"modified":"2024-04-29T08:41:39","modified_gmt":"2024-04-29T06:41:39","slug":"vlada-o-duchodove-reforme","status":"publish","type":"post","link":"https:\/\/www.invarena.cz\/?p=48459","title":{"rendered":"Vl\u00e1da o d\u016fchodov\u00e9 reform\u011b\u00a0\u00a0"},"content":{"rendered":"\n<p>\u010cT 1\u00a0&#8211; Ud\u00e1losti<br \/><br \/>V \u00fater\u00fd by vl\u00e1da m\u011bla schvalovat n\u00e1vrh chystan\u00e9 d\u016fchodov\u00e9 reformy. Materi\u00e1l, kter\u00fd mimo jin\u00e9 prodlu\u017euje v\u011bk odchodu do penze, kritizuje opozice. S jej\u00edmi z\u00e1stupci chce\u00a0<strong>ministr<\/strong>\u00a0<strong>pr\u00e1ce<\/strong>\u00a0znovu jednat. Hnut\u00ed ANO ale normu pova\u017euje za neopravitelnou. V t\u00fddnu jeho politici nav\u00edc ozn\u00e1mili, \u017ee u\u017e nebudou s vl\u00e1dou konzultovat v\u011bci strategick\u00e9ho charakteru.<br \/><br \/>M\u011blo to b\u00fdt druh\u00e9 spole\u010dn\u00e9 jedn\u00e1n\u00ed prezidenta,\u00a0<strong>ministra<\/strong>\u00a0<strong>pr\u00e1ce<\/strong>\u00a0a z\u00e1stupc\u016f hnut\u00ed ANO. Jen\u017ee \u017eidle t\u011bchto politik\u016f z\u016fstaly pr\u00e1zdn\u00e9. U\u017e na konci minul\u00e9ho t\u00fddne uvedly, \u017ee se dal\u0161\u00ed takov\u00e9 sch\u016fzky nez\u00fa\u010dastn\u00ed.<br \/><br \/>Marian Jure\u010dka,\u00a0<strong>ministr<\/strong>\u00a0<strong>pr\u00e1ce<\/strong>\u00a0a soci\u00e1ln\u00edch v\u011bc\u00ed, p\u0159edseda strany \/KDU-\u010cSL\/<br \/>&#8212;&#8212;&#8212;&#8212;&#8212;&#8212;&#8211;<br \/>Byl bych r\u00e1d, aby tady zv\u00edt\u011bzila zodpov\u011bdnost za tento st\u00e1t, za ob\u010dany nad politika\u0159en\u00edm a alibismem.<br \/><br \/>Alena SCHILLEROV\u00c1, p\u0159edsedkyn\u011b poslaneck\u00e9ho klubu \/ANO\/<br \/>&#8212;&#8212;&#8212;&#8212;&#8212;&#8212;&#8211;<br \/>Vl\u00e1da to z\u0159ejm\u011b projedn\u00e1 bez ohledu na cokoliv, Sn\u011bmovna, tam to m\u00e1 v rukou p\u011btikoalice, tak\u017ee my ur\u010dit\u011b budeme mluvit a budeme vysv\u011btlovat, pro\u010d jsme proti tomu.<br \/><br \/>redaktorka \u010cT<br \/>&#8212;&#8212;&#8212;&#8212;&#8212;&#8212;&#8211;<br \/>Poslanci by se m\u011bli n\u00e1vrhem za\u010d\u00edt zab\u00fdvat na p\u0159elomu kv\u011btna a \u010dervna,\u00a0<strong>ministr<\/strong>\u00a0<strong>pr\u00e1ce<\/strong>\u00a0o\u010dek\u00e1v\u00e1, \u017ee fin\u00e1ln\u00ed schvalov\u00e1n\u00ed bude do konce pr\u00e1zdnin. Podle premi\u00e9ra se m\u011bla reforma ud\u011blat u\u017e p\u0159ed lety.<br \/><br \/>Petr Fiala, premi\u00e9r, p\u0159edseda strany \/ODS\/<br \/>&#8212;&#8212;&#8212;&#8212;&#8212;&#8212;&#8211;<br \/>Bude-li to bez opozice, a j\u00e1 jsem byl v\u017edycky ten, kter\u00fd \u0159\u00edkal, poj\u010fme se na tom domluvit, bude to bez opozice. Ale bude to. Proto\u017ee nic jin\u00e9ho se ud\u011blat ned\u00e1.<br \/><br \/>redaktorka \u010cT<br \/>&#8212;&#8212;&#8212;&#8212;&#8212;&#8212;&#8211;<br \/>V\u00fdhrady m\u00e1 i druh\u00e9 opozi\u010dn\u00ed hnut\u00ed. Na dal\u0161\u00ed jedn\u00e1n\u00ed o podob\u011b \u00faprav jsou z\u00e1stupci SPD p\u0159ipraven\u00ed.<br \/><br \/>Lucie \u0160afr\u00e1nkov\u00e1, m\u00edstop\u0159edsedkyn\u011b sn\u011bmovn\u00edho soci\u00e1ln\u00edho v\u00fdboru \/SPD\/<br \/>&#8212;&#8212;&#8212;&#8212;&#8212;&#8212;&#8211;<br \/>Ale pokud tam bude zvy\u0161ov\u00e1n\u00ed v\u011bku odchodu do d\u016fchodu nad 65 let a sni\u017eov\u00e1n\u00ed nov\u011b p\u0159iznan\u00fdch d\u016fchod\u016f, tak tam ur\u010dit\u011b u t\u011bchto parametr\u016f budeme jednozna\u010dn\u011b navrhovat n\u00e1vrh na zam\u00edtnut\u00ed.<br \/><br \/>Pavla PIVO\u0147KA VA\u0147KOV\u00c1, m\u00edstop\u0159edsedkyn\u011b sn\u011bmovn\u00edho soci\u00e1ln\u00edho v\u00fdboru\/STAN\/<br \/>&#8212;&#8212;&#8212;&#8212;&#8212;&#8212;&#8211;<br \/>M\u011b by zaj\u00edmalo, jak\u00e9 maj\u00ed jin\u00e9 \u0159e\u0161en\u00ed. Proto\u017ee opravdu nen\u00ed jin\u00e9 \u0159e\u0161en\u00ed ne\u017e sni\u017eovat d\u016fchody nebo zv\u00fd\u0161it zdan\u011bn\u00ed, anebo posunout ten v\u011bk odchodu do d\u016fchodu.<br \/><br \/> redaktorka \u010cT<br \/>&#8212;&#8212;&#8212;&#8212;&#8212;&#8212;&#8211;<br \/>Podle\u00a0<strong>ministra<\/strong>\u00a0<strong>pr\u00e1ce<\/strong>\u00a0je \u00faprava navr\u017een\u00e9ho mechanismu mo\u017en\u00e1. Princip zvy\u0161ov\u00e1n\u00ed v\u011bku odchodu do penze je ale podle n\u011bj nevyhnuteln\u00fd. <\/p>\n\n\n\n<p>\u010cesk\u00e1 televize.<br \/><\/p>\n","protected":false},"excerpt":{"rendered":"<div class=\"mh-excerpt\"><p>\u010cT 1\u00a0&#8211; Ud\u00e1losti V \u00fater\u00fd by vl\u00e1da m\u011bla schvalovat n\u00e1vrh chystan\u00e9 d\u016fchodov\u00e9 reformy. Materi\u00e1l, kter\u00fd mimo jin\u00e9 prodlu\u017euje v\u011bk odchodu do penze, kritizuje opozice. S <a class=\"mh-excerpt-more\" href=\"https:\/\/www.invarena.cz\/?p=48459\" title=\"Vl\u00e1da o d\u016fchodov\u00e9 reform\u011b\u00a0\u00a0\">[&#8230;]<\/a><\/p>\n<\/div>","protected":false},"author":1,"featured_media":14571,"comment_status":"open","ping_status":"closed","sticky":false,"template":"","format":"standard","meta":{"footnotes":""},"categories":[6],"tags":[],"class_list":["post-48459","post","type-post","status-publish","format-standard","has-post-thumbnail","hentry","category-politika"],"_links":{"self":[{"href":"https:\/\/www.invarena.cz\/index.php?rest_route=\/wp\/v2\/posts\/48459","targetHints":{"allow":["GET"]}}],"collection":[{"href":"https:\/\/www.invarena.cz\/index.php?rest_route=\/wp\/v2\/posts"}],"about":[{"href":"https:\/\/www.invarena.cz\/index.php?rest_route=\/wp\/v2\/types\/post"}],"author":[{"embeddable":true,"href":"https:\/\/www.invarena.cz\/index.php?rest_route=\/wp\/v2\/users\/1"}],"replies":[{"embeddable":true,"href":"https:\/\/www.invarena.cz\/index.php?rest_route=%2Fwp%2Fv2%2Fcomments&post=48459"}],"version-history":[{"count":0,"href":"https:\/\/www.invarena.cz\/index.php?rest_route=\/wp\/v2\/posts\/48459\/revisions"}],"wp:featuredmedia":[{"embeddable":true,"href":"https:\/\/www.invarena.cz\/index.php?rest_route=\/wp\/v2\/media\/14571"}],"wp:attachment":[{"href":"https:\/\/www.invarena.cz\/index.php?rest_route=%2Fwp%2Fv2%2Fmedia&parent=48459"}],"wp:term":[{"taxonomy":"category","embeddable":true,"href":"https:\/\/www.invarena.cz\/index.php?rest_route=%2Fwp%2Fv2%2Fcategories&post=48459"},{"taxonomy":"post_tag","embeddable":true,"href":"https:\/\/www.invarena.cz\/index.php?rest_route=%2Fwp%2Fv2%2Ftags&post=48459"}],"curies":[{"name":"wp","href":"https:\/\/api.w.org\/{rel}","templated":true}]}}