{"id":48463,"date":"2024-04-29T08:47:31","date_gmt":"2024-04-29T06:47:31","guid":{"rendered":"https:\/\/www.invarena.cz\/?p=48463"},"modified":"2024-04-29T08:47:34","modified_gmt":"2024-04-29T06:47:34","slug":"bude-v-cr-legalni-eutanazie","status":"publish","type":"post","link":"https:\/\/www.invarena.cz\/?p=48463","title":{"rendered":"Bude v \u010cR leg\u00e1ln\u00ed eutan\u00e1zie?\u00a0\u00a0"},"content":{"rendered":"\n<p>Prima\u00a0&#8211; Hlavn\u00ed zpr\u00e1vy<br \/><br \/>Podpora uz\u00e1kon\u011bn\u00ed eutan\u00e1zie v \u010cesku st\u00e1le roste. Podle posledn\u00edch \u010d\u00edsel by ji podpo\u0159ilo 73 % lid\u00ed. Proto\u017ee ale tento zp\u016fsob ukon\u010den\u00ed \u017eivota je u n\u00e1s nez\u00e1konn\u00fd, z\u00e1jemci se obracej\u00ed hlavn\u011b na \u0160v\u00fdcarsko. Tam je asistovan\u00e1 sebevra\u017eda leg\u00e1ln\u00ed p\u0159es 80 let.<br \/><br \/>Usmrcen\u00ed na \u017e\u00e1dost je povolen\u00e9 jen v hrstce st\u00e1t\u016f sv\u011bta. I pro cizince je tato mo\u017enost dostupn\u00e1 ve \u0160v\u00fdcarsku.<br \/><br \/>Milan Hamersk\u00fd, p\u0159edseda Spolku pro uz\u00e1kon\u011bn\u00ed eutanazie<br \/>&#8212;&#8212;&#8212;&#8212;&#8212;&#8212;&#8211;<br \/>V tomto za\u0159\u00edzen\u00ed vlastn\u011b ten \u010dlov\u011bk mus\u00ed s\u00e1m prok\u00e1zat, \u017ee je schopen vyp\u00edt ten n\u00e1poj, z\u00e1rove\u0148 zopakuje na kameru, \u017ee si p\u0159eje ukon\u010dit sv\u016fj \u017eivot, no a druh\u00fd den jaksi v tom klidn\u00e9m prost\u0159ed\u00ed penzionu vle\u017ee vypije n\u00e1poj, p\u0159\u00edpadn\u011b tedy zm\u00e1\u010dkne kapa\u010dku a v \u0159\u00e1du n\u011bkolika minut vlastn\u011b usne.<br \/><br \/>z\u00e1jemkyn\u011b o eutan\u00e1zii<br \/>&#8212;&#8212;&#8212;&#8212;&#8212;&#8212;&#8211;<br \/>J\u00e1 jsem ur\u010dit\u011b z\u00e1jemce, m\u00e1m n\u011bjak\u00fd sv\u016fj mantinel, n\u011bjakou svoji hranici, za kterou v\u00edm, \u017ee pak u\u017e to utrpen\u00ed za n\u00ed zaj\u00edt je prost\u011b \u0161patn\u011b. V m\u00fdm p\u0159\u00edpad\u011b je to nepoveden\u00e1 operace s dlouhodob\u00fdmi trval\u00fdmi n\u00e1sledky bolesti.<br \/><br \/> redaktorka<br \/>&#8212;&#8212;&#8212;&#8212;&#8212;&#8212;&#8211;<br \/>Nejedn\u00e1 se o lacinou z\u00e1le\u017eitost. Nejprve je pot\u0159eba uhradit \u010dlensk\u00fd p\u0159\u00edsp\u011bvek za asi 7 000 K\u010d. Pokud n\u00e1sledn\u011b l\u00e9ka\u0159i uznaj\u00ed d\u016fvody z l\u00e9ka\u0159sk\u00e9 zpr\u00e1vy, asistovanou sebevra\u017edu p\u0159iprav\u00ed za p\u0159ibli\u017en\u011b 300 000. \u010cesk\u00e9 z\u00e1kony eutan\u00e1zii neumo\u017e\u0148uj\u00ed a trest\u00e1 se stejn\u011b jako vra\u017eda. To by mohl zm\u011bnit navrhovan\u00fd z\u00e1kon o paliativn\u00ed p\u00e9\u010di, kter\u00fd op\u011btovn\u011b otev\u0159ela sen\u00e1torka Proch\u00e1zkov\u00e1.<br \/><br \/>V\u011bra Proch\u00e1zkov\u00e1, sen\u00e1torka a l\u00e9ka\u0159ka\/ANO\/<br \/>&#8212;&#8212;&#8212;&#8212;&#8212;&#8212;&#8211;<br \/>Je ud\u011blanej pro to, abychom upravili postupy p\u0159i rozhodov\u00e1n\u00ed na konci \u017eivota, kdy\u017e u\u017e pacient nesouhlas\u00ed s tou paliativn\u00ed p\u00e9\u010d\u00ed, ale hlavn\u011b je to o tom, \u017ee ten pacient prost\u011b se rozhodne s\u00e1m.<br \/><br \/>redaktorka<br \/>&#8212;&#8212;&#8212;&#8212;&#8212;&#8212;&#8211;<br \/>Dobrovolnou \u017e\u00e1dost by mohl d\u00e1t pouze ten, kdo je plnolet\u00fd, m\u00e1 nevyl\u00e9\u010ditelnou chorobu a nen\u00ed nemocn\u00fd psychicky. Pr\u00e1vo na eutan\u00e1zii schvaluj\u00ed i n\u011bkte\u0159\u00ed l\u00e9ka\u0159i.<br \/><br \/>Pavel Pafko, chirurg<br \/>&#8212;&#8212;&#8212;&#8212;&#8212;&#8212;&#8211;<br \/>Ve 21. stolet\u00ed, kdy\u017e vid\u00edm r\u016fzn\u00e9 pokusy odej\u00edt z tohoto sv\u011bta, mn\u011b je t\u011bch lid\u00ed stra\u0161n\u011b l\u00edto. Sk\u00e1\u010dou pod vlak, z mostu, je to takov\u00e9 a\u017e ned\u016fstojn\u00e9. A v\u017edycky bych byl za to, pom\u00e1hat lidem.<br \/><br \/>edaktorka<br \/>&#8212;&#8212;&#8212;&#8212;&#8212;&#8212;&#8211;<br \/>A m\u00e1 to i \u0159adu odp\u016frc\u016f.<br \/><br \/>Tom Phillip, poslanec a l\u00e9ka\u0159 \/KDU-\u010cSL\/<br \/>&#8212;&#8212;&#8212;&#8212;&#8212;&#8212;&#8211;<br \/>My lidovci pova\u017eujeme \u017eivot za n\u011bco posv\u00e1tn\u00e9ho, n\u011bco nedotknuteln\u00e9ho, tak\u017ee my ho chr\u00e1n\u00edme od po\u010d\u00e1tku a\u017e po p\u0159irozen\u00fd konec.<br \/><br \/>V\u00e1clav Kr\u00e1sa, p\u0159edseda, N\u00e1rodn\u00ed rada osob se zdravotn\u00edm posti\u017een\u00edm \u010cR<br \/>&#8212;&#8212;&#8212;&#8212;&#8212;&#8212;&#8211;<br \/>Jsem v\u017edycky proti, proto\u017ee v\u0161echno se d\u00e1 zneu\u017e\u00edt. N\u00e1tlak psychick\u00fd na star\u00e9 lidi nebo na lidi, kte\u0159\u00ed jsou t\u011b\u017ece\u00a0<strong>zdravotn\u011b<\/strong>\u00a0<strong>posti\u017een\u00fd<\/strong>, m\u016f\u017ee b\u00fdt obrovsk\u00fd.<br \/><br \/>Milan KUBEK, prezident \u010cesk\u00e9 l\u00e9ka\u0159sk\u00e9 komory<br \/>&#8212;&#8212;&#8212;&#8212;&#8212;&#8212;&#8211;<br \/>Nestudoval jsem medic\u00ednu proto, abych vra\u017edil lidi. Studoval jsem medic\u00ednu proto, abych lidem pom\u00e1hal.<br \/><br \/>redaktorka<br \/>&#8212;&#8212;&#8212;&#8212;&#8212;&#8212;&#8211;<br \/>A\u010dkoliv na stole le\u017e\u00ed ji\u017e \u010dtvrt\u00fd n\u00e1vrh z\u00e1kona, hlavn\u00ed vl\u00e1dn\u00ed strany se k tomuto t\u00e9matu zat\u00edm stav\u00ed odm\u00edtav\u011b, a tak se k n\u011bmu Parlament dosud nedostal. <\/p>\n\n\n\n<p>CNN Prima News<\/p>\n","protected":false},"excerpt":{"rendered":"<div class=\"mh-excerpt\"><p>Prima\u00a0&#8211; Hlavn\u00ed zpr\u00e1vy Podpora uz\u00e1kon\u011bn\u00ed eutan\u00e1zie v \u010cesku st\u00e1le roste. Podle posledn\u00edch \u010d\u00edsel by ji podpo\u0159ilo 73 % lid\u00ed. Proto\u017ee ale tento zp\u016fsob ukon\u010den\u00ed \u017eivota <a class=\"mh-excerpt-more\" href=\"https:\/\/www.invarena.cz\/?p=48463\" title=\"Bude v \u010cR leg\u00e1ln\u00ed eutan\u00e1zie?\u00a0\u00a0\">[&#8230;]<\/a><\/p>\n<\/div>","protected":false},"author":1,"featured_media":46700,"comment_status":"open","ping_status":"closed","sticky":false,"template":"","format":"standard","meta":{"footnotes":""},"categories":[7],"tags":[],"class_list":["post-48463","post","type-post","status-publish","format-standard","has-post-thumbnail","hentry","category-spolecnost"],"_links":{"self":[{"href":"https:\/\/www.invarena.cz\/index.php?rest_route=\/wp\/v2\/posts\/48463","targetHints":{"allow":["GET"]}}],"collection":[{"href":"https:\/\/www.invarena.cz\/index.php?rest_route=\/wp\/v2\/posts"}],"about":[{"href":"https:\/\/www.invarena.cz\/index.php?rest_route=\/wp\/v2\/types\/post"}],"author":[{"embeddable":true,"href":"https:\/\/www.invarena.cz\/index.php?rest_route=\/wp\/v2\/users\/1"}],"replies":[{"embeddable":true,"href":"https:\/\/www.invarena.cz\/index.php?rest_route=%2Fwp%2Fv2%2Fcomments&post=48463"}],"version-history":[{"count":0,"href":"https:\/\/www.invarena.cz\/index.php?rest_route=\/wp\/v2\/posts\/48463\/revisions"}],"wp:featuredmedia":[{"embeddable":true,"href":"https:\/\/www.invarena.cz\/index.php?rest_route=\/wp\/v2\/media\/46700"}],"wp:attachment":[{"href":"https:\/\/www.invarena.cz\/index.php?rest_route=%2Fwp%2Fv2%2Fmedia&parent=48463"}],"wp:term":[{"taxonomy":"category","embeddable":true,"href":"https:\/\/www.invarena.cz\/index.php?rest_route=%2Fwp%2Fv2%2Fcategories&post=48463"},{"taxonomy":"post_tag","embeddable":true,"href":"https:\/\/www.invarena.cz\/index.php?rest_route=%2Fwp%2Fv2%2Ftags&post=48463"}],"curies":[{"name":"wp","href":"https:\/\/api.w.org\/{rel}","templated":true}]}}