{"id":48695,"date":"2024-05-06T05:01:40","date_gmt":"2024-05-06T03:01:40","guid":{"rendered":"https:\/\/www.invarena.cz\/?p=48695"},"modified":"2024-05-06T07:07:03","modified_gmt":"2024-05-06T05:07:03","slug":"slepice-a-kurata-jako-terapeuti","status":"publish","type":"post","link":"https:\/\/www.invarena.cz\/?p=48695","title":{"rendered":"Slepice a ku\u0159ata jako terapeuti\u00a0\u00a0"},"content":{"rendered":"\n<p>NOVA\u00a0&#8211; Televizn\u00ed noviny<br \/><\/p>\n\n\n\n<p>Slepice a ku\u0159ata jako odborn\u00ed terapeuti. <br \/>Alespo\u0148 v domov\u011b pro seniory v Ml\u00e9kovic\u00edch na Kol\u00ednsku. Zv\u00ed\u0159ata jim pom\u00e1haj\u00ed udr\u017eovat psychickou pohodu, kondici, ale i denn\u00ed re\u017eim.<br \/><br \/>A do zv\u00ed\u0159ec\u00ed terapie se zapojuj\u00ed v\u0161ichni senio\u0159i, kter\u00fdch je v domov\u011b kolem 250.<br \/><br \/>Slepice: nejlep\u0161\u00ed p\u0159\u00edtel \u010dlov\u011bka. Minim\u00e1ln\u011b v ml\u00e9kovick\u00e9m domov\u011b pro seniory to plat\u00ed dvojn\u00e1sob. V r\u00e1mci zv\u00ed\u0159ec\u00ed terapie maj\u00ed chov dr\u016fbe\u017ee na starosti klienti a d\u016fvod je jednoduch\u00fd. Co nejv\u00edce se p\u0159ibl\u00ed\u017eit prost\u0159ed\u00ed, ve kter\u00e9m d\u0159\u00edve \u017eili.<br \/><br \/>anketa<br \/>&#8212;&#8212;&#8212;&#8212;&#8212;&#8212;&#8211;<br \/>Star\u00e1m se, r\u00e1no v \u0161est hodin u\u017e jsem u slepi\u010dek, namo\u010d\u00edm jim chleba nebo rohl\u00ed\u010dky, hodn\u011b namo\u010den\u00fd.<br \/><br \/>Pavl\u00edna Voseck\u00e1, vrchn\u00ed sestra<br \/>&#8212;&#8212;&#8212;&#8212;&#8212;&#8212;&#8211;<br \/>Tyto slepi\u010dky jsou vlastn\u011b slepi\u010dky nehrabav\u00e9, tak\u017ee se nemus\u00edme b\u00e1t je vypustit a nerozhrabou n\u00e1m tady kr\u00e1sn\u00e9 na\u0161e z\u00e1hony, a klienti maj\u00ed zase d\u016fvod r\u00e1no vst\u00e1t, doj\u00edt je nakrmit, vym\u011bnit jim vodu, sebrat vaj\u00ed\u010dka.<br \/><br \/>redaktor<br \/>&#8212;&#8212;&#8212;&#8212;&#8212;&#8212;&#8211;<br \/>Celkov\u011b maj\u00ed v Ml\u00e9kovic\u00edch dev\u011bt takov\u00fdchto hedv\u00e1bn\u00fdch slepic a nov\u011b tak\u00e9 t\u0159i ku\u0159\u00e1tka. Na zahrad\u011b v kurn\u00edku to ale nekon\u010d\u00ed. Slepi\u010d\u00ed terapeutky pom\u00e1haj\u00ed senior\u016fm tak\u00e9 p\u0159\u00edmo v pokoj\u00edch.<br \/><br \/>anketa<br \/>&#8212;&#8212;&#8212;&#8212;&#8212;&#8212;&#8211;<br \/>Nech\u00e1me je nap\u00e1st venku, pak se jdeme na n\u011b pod\u00edvat, p\u0159id\u00e1me jim tam krmen\u00ed, no a potom nave\u010der je ulo\u017e\u00edme k sp\u00e1nku. Do jejich dome\u010dku. A m\u00e1me dom\u00e1c\u00ed vaj\u00ed\u010dka.<br \/><br \/>Mark\u00e9ta Val\u00e1\u0161kov\u00e1, pe\u010dovatelka<br \/>&#8212;&#8212;&#8212;&#8212;&#8212;&#8212;&#8211;<br \/>Chod\u00edme s nima po pokoj\u00edch, klienti si je r\u00e1di hlad\u00ed, oni vlastn\u011b maj\u00ed r\u016fzn\u00e9 stupn\u011b\u00a0<strong>posti\u017een\u00ed<\/strong>, tak\u017ee vlastn\u011b to pohlazen\u00ed pro ty klienty znamen\u00e1 velice hodn\u011b. Cvi\u010d\u00ed si s t\u00edm vlastn\u011b ty ruce.<br \/><br \/>redaktor<br \/>&#8212;&#8212;&#8212;&#8212;&#8212;&#8212;&#8211;<br \/>Krom\u011b slepic s ku\u0159\u00e1tky maj\u00ed tak\u00e9 v domov\u011b d\u016fchodc\u016f nap\u0159\u00edklad andulky anebo tak\u00e9 t\u0159eba kr\u00e1l\u00edky.<\/p>\n\n\n\n<p> televize Nova.<br \/><br \/><\/p>\n","protected":false},"excerpt":{"rendered":"<div class=\"mh-excerpt\"><p>NOVA\u00a0&#8211; Televizn\u00ed noviny Slepice a ku\u0159ata jako odborn\u00ed terapeuti. Alespo\u0148 v domov\u011b pro seniory v Ml\u00e9kovic\u00edch na Kol\u00ednsku. Zv\u00ed\u0159ata jim pom\u00e1haj\u00ed udr\u017eovat psychickou pohodu, kondici, <a class=\"mh-excerpt-more\" href=\"https:\/\/www.invarena.cz\/?p=48695\" title=\"Slepice a ku\u0159ata jako terapeuti\u00a0\u00a0\">[&#8230;]<\/a><\/p>\n<\/div>","protected":false},"author":1,"featured_media":48696,"comment_status":"open","ping_status":"closed","sticky":false,"template":"","format":"standard","meta":{"footnotes":""},"categories":[7],"tags":[],"class_list":["post-48695","post","type-post","status-publish","format-standard","has-post-thumbnail","hentry","category-spolecnost"],"_links":{"self":[{"href":"https:\/\/www.invarena.cz\/index.php?rest_route=\/wp\/v2\/posts\/48695","targetHints":{"allow":["GET"]}}],"collection":[{"href":"https:\/\/www.invarena.cz\/index.php?rest_route=\/wp\/v2\/posts"}],"about":[{"href":"https:\/\/www.invarena.cz\/index.php?rest_route=\/wp\/v2\/types\/post"}],"author":[{"embeddable":true,"href":"https:\/\/www.invarena.cz\/index.php?rest_route=\/wp\/v2\/users\/1"}],"replies":[{"embeddable":true,"href":"https:\/\/www.invarena.cz\/index.php?rest_route=%2Fwp%2Fv2%2Fcomments&post=48695"}],"version-history":[{"count":0,"href":"https:\/\/www.invarena.cz\/index.php?rest_route=\/wp\/v2\/posts\/48695\/revisions"}],"wp:featuredmedia":[{"embeddable":true,"href":"https:\/\/www.invarena.cz\/index.php?rest_route=\/wp\/v2\/media\/48696"}],"wp:attachment":[{"href":"https:\/\/www.invarena.cz\/index.php?rest_route=%2Fwp%2Fv2%2Fmedia&parent=48695"}],"wp:term":[{"taxonomy":"category","embeddable":true,"href":"https:\/\/www.invarena.cz\/index.php?rest_route=%2Fwp%2Fv2%2Fcategories&post=48695"},{"taxonomy":"post_tag","embeddable":true,"href":"https:\/\/www.invarena.cz\/index.php?rest_route=%2Fwp%2Fv2%2Ftags&post=48695"}],"curies":[{"name":"wp","href":"https:\/\/api.w.org\/{rel}","templated":true}]}}