{"id":48698,"date":"2024-05-06T06:22:22","date_gmt":"2024-05-06T04:22:22","guid":{"rendered":"https:\/\/www.invarena.cz\/?p=48698"},"modified":"2024-05-06T06:26:12","modified_gmt":"2024-05-06T04:26:12","slug":"danove-prazdniny-jako-podpora-rodin-a-porodnosti","status":"publish","type":"post","link":"https:\/\/www.invarena.cz\/?p=48698","title":{"rendered":"Da\u0148ov\u00e9 pr\u00e1zdniny\u00a0jako podpora rodin a porodnosti\u00a0\u00a0"},"content":{"rendered":"\n<p><a>Da\u0148ov\u00e9 slevy na d\u011bti&nbsp;<\/a><a>&nbsp;<\/a><\/p>\n\n\n\n<p>\u010cT 1\u00a0&#8211; Ud\u00e1losti<br \/><br \/>B\u011bhem m\u011bs\u00edce chce\u00a0<strong>ministr<\/strong>\u00a0<strong>pr\u00e1ce<\/strong>\u00a0projednat v koalici zv\u00fd\u0161en\u00ed da\u0148ov\u00e9 slevy na d\u011bti a podpo\u0159it tak rodiny, kter\u00e9 je maj\u00ed. Odpo\u010det se nem\u011bnil od roku 2021. Zbyl\u00e9 strany se debat\u011b nebr\u00e1n\u00ed, ale cht\u011bj\u00ed v\u011bd\u011bt, kde st\u00e1t na dodate\u010dn\u00e9 v\u00fddaje vezme.<br \/><br \/>Poli\u010dka na Svitavsku, m\u011bsto bojuje dlouhodob\u011b s \u00fabytkem obyvatel. Radn\u00ed cht\u011bj\u00ed trend zvr\u00e1tit. Loni seznam zdej\u0161\u00edch ob\u010dan\u016f roz\u0161\u00ed\u0159ilo na 72 novorozenc\u016f. To Emily Zahradn\u00edkov\u00e1 se mezi m\u00edstn\u00ed \u0159ad\u00ed teprve dva m\u011bs\u00edce. Podobn\u00fdm rodin\u00e1m, kter\u00e9 letos p\u0159iv\u00edtaj\u00ed nov\u00e9ho \u010dlena, te\u010f radnice nab\u00edz\u00ed p\u011btitis\u00edcov\u00fd p\u0159\u00edsp\u011bvek.<br \/><br \/>Krist\u00fdna Ptoszkov\u00e1, maminka<br \/>&#8212;&#8212;&#8212;&#8212;&#8212;&#8212;&#8211;<br \/>My jsme to brali, \u017ee to je vlastn\u011b, jsou to pen\u00edzky pro ni a my jsme j\u00ed to ulo\u017eili na spo\u0159en\u00ed, aby v budoucnu se ona potom rozhodla, co s t\u011bmi pen\u00edzky ud\u011bl\u00e1.<br \/><br \/>Jaroslav Martin\u016f, starosta, Poli\u010dka \/ODS\/<br \/>&#8212;&#8212;&#8212;&#8212;&#8212;&#8212;&#8211;<br \/>I t\u011bch 5 000 K\u010d symbolick\u00fdch, si mysl\u00edm, \u017ee t\u011bm rodi\u010d\u016fm aspo\u0148 mali\u010dko, mali\u010dko pom\u016f\u017ee.<br \/><br \/>redaktor<br \/>&#8212;&#8212;&#8212;&#8212;&#8212;&#8212;&#8211;<br \/>Pr\u00e1v\u011b v\u011bt\u0161\u00ed podpora pro rodi\u010de bude t\u00e9matem i dal\u0161\u00edch koali\u010dn\u00edch sch\u016fzek. Lidovci po\u017eaduj\u00ed r\u016fst da\u0148ov\u00e9 slevy na d\u011bti. Do jedn\u00e1n\u00ed jdou s n\u011bkolika n\u00e1vrhy. Rodiny s t\u0159emi a v\u00edce potomky by si mohli ro\u010dn\u011b polep\u0161it a\u017e o 14 400 K\u010d. Nej\u0161t\u011bd\u0159ej\u0161\u00ed varianta by podle propo\u010dt\u016f strany vy\u0161la na osm miliard.<br \/><br \/>Marian JURE\u010cKA, vicepremi\u00e9r,\u00a0<strong>ministr<\/strong>\u00a0<strong>pr\u00e1ce<\/strong>\u00a0a soci\u00e1ln\u00edch v\u011bc\u00ed, p\u0159edseda strany \/KDU-\u010cSL\/<br \/>&#8212;&#8212;&#8212;&#8212;&#8212;&#8212;&#8211;<br \/>My se jasn\u011b v tom na\u0161em n\u00e1vrhu op\u00edr\u00e1me o programov\u00e9 prohl\u00e1\u0161en\u00ed vl\u00e1dy, v kter\u00e9m jsme se v\u0161ichni zav\u00e1zali v r\u00e1mci t\u00e9to vl\u00e1dn\u00ed koalice, kdy tam jasn\u011b \u0159\u00edk\u00e1me, \u017ee chceme usilovat o zv\u00fd\u0161en\u00ed slev na d\u011bti.<br \/><br \/>Mark\u00e9ta PEKAROV\u00c1 ADAMOV\u00c1, p\u0159edsedkyn\u011b Poslaneck\u00e9 sn\u011bmovny P\u010cR \/TOP 09\/<br \/>&#8212;&#8212;&#8212;&#8212;&#8212;&#8212;&#8211;<br \/>Pokud \u0159eknou soub\u011b\u017en\u011b s t\u00edm, i kde na to vezmeme, tak se o tom bavme.<br \/><br \/>Pavla PIVO\u0147KA VA\u0147KOV\u00c1, m\u00edstop\u0159edsedkyn\u011b sn\u011bmovn\u00edho v\u00fdboru pro soci\u00e1ln\u00ed politiku \/STAN\/<br \/>&#8212;&#8212;&#8212;&#8212;&#8212;&#8212;&#8211;<br \/>My bychom podpo\u0159ili n\u011bjak\u00fd st\u0159edov\u00fd n\u00e1vrh, t\u011bch osm miliard n\u00e1m p\u0159ece jenom p\u0159ijde hodn\u011b.<br \/><br \/>redaktor<br \/>&#8212;&#8212;&#8212;&#8212;&#8212;&#8212;&#8211;<br \/>Ost\u0159e proti je naopak v\u011bt\u0161ina koali\u010dn\u00edch stran v p\u0159\u00edpad\u011b n\u00e1vrhu, kter\u00fd by o dva procentn\u00ed body zv\u00fd\u0161il odvody pro bezd\u011btn\u00e9 star\u0161\u00ed 35 let.<br \/><br \/>Marian JURE\u010cKA, vicepremi\u00e9r,\u00a0<strong>ministr<\/strong>\u00a0<strong>pr\u00e1ce<\/strong>\u00a0a soci\u00e1ln\u00edch v\u011bc\u00ed, p\u0159edseda strany \/KDU-\u010cSL\/<br \/>&#8212;&#8212;&#8212;&#8212;&#8212;&#8212;&#8211;<br \/>Budu cht\u00edt o tom jednat. Prost\u011b p\u0159ijde n\u00e1m to jako rozumn\u00e1 kombinace dvou faktor\u016f na podporu rodi\u010d\u016f.<br \/><br \/>Olga RICHTEROV\u00c1, m\u00edstop\u0159edsedkyn\u011b sn\u011bmovny \/Pir\u00e1ti\/<br \/>&#8212;&#8212;&#8212;&#8212;&#8212;&#8212;&#8211;<br \/>To je prost\u011b \u00fapln\u00e1 \u0161ikana bezd\u011btn\u00fdch, naprost\u00fd nesmysl a vy\u0161\u0161\u00ed porodnosti to nepom\u016f\u017ee.<br \/><br \/>Karel HAVL\u00cd\u010cEK, m\u00edstop\u0159edseda hnut\u00ed \/ANO\/<br \/>&#8212;&#8212;&#8212;&#8212;&#8212;&#8212;&#8211;<br \/>J\u00e1 jsem proti tomu, aby se principi\u00e1ln\u011b zvy\u0161ovaly dan\u011b, j\u00e1 jsem naopak pro to, aby se motivovalo nap\u0159\u00edklad k tomu, aby teda rodiny m\u011bly v\u00edce d\u011bt\u00ed.<br \/><br \/>redaktor<br \/>&#8212;&#8212;&#8212;&#8212;&#8212;&#8212;&#8211;<br \/>S n\u00e1vrhem na zv\u00fd\u0161en\u00ed odvod\u016f bezd\u011btn\u00fdm p\u0159i\u0161la u\u017e p\u0159ed lety tehdej\u0161\u00ed d\u016fchodov\u00e1 komise. Ministerstvo financ\u00ed a dal\u0161\u00ed rezorty ho tehdy ozna\u010dily za diskrimina\u010dn\u00ed. <\/p>\n\n\n\n<p> <\/p>\n\n\n\n<p>NOVA\u00a0&#8211; Televizn\u00ed noviny<br \/><br \/><strong>Ministr<\/strong>\u00a0<strong>pr\u00e1ce<\/strong>\u00a0a soci\u00e1ln\u00edch v\u011bc\u00ed Marian Jure\u010dka chce pro rodiny se t\u0159emi a v\u00edce d\u011btmi tzv. da\u0148ov\u00e9 pr\u00e1zdniny, a to kv\u016fli podpo\u0159e rodin a porodnosti.<br \/><br \/>Podle odborn\u00edk\u016f je ale n\u00e1vrh nesyst\u00e9mov\u00fd a podle opozice chce Jure\u010dka jen sb\u00edrat body u voli\u010d\u016f.<br \/><br \/>P\u0159ed t\u00fddnem lidovci p\u0159i\u0161li s t\u00edm, \u017ee by bezd\u011btn\u00ed m\u011bli platit vy\u0161\u0161\u00ed odvody. U koali\u010dn\u00edch partner\u016f ale narazili. Te\u010f to zkou\u0161\u00ed s dal\u0161\u00edm receptem, jak zlomit n\u00edzkou porodnost.<br \/><br \/>Marian Jure\u010dka, m\u00edstop\u0159edseda vl\u00e1dy,\u00a0<strong>ministr<\/strong>\u00a0<strong>pr\u00e1ce<\/strong>\u00a0a soci\u00e1ln\u00edch v\u011bc\u00ed \/KDU-\u010cSL\/<br \/>&#8212;&#8212;&#8212;&#8212;&#8212;&#8212;&#8211;<br \/>Zav\u00e9st da\u0148ov\u00e9 pr\u00e1zdniny pro lidi s t\u0159emi a v\u00edce d\u011btmi tak, aby tady byl ur\u010dit\u00fd strop, a rodina, kter\u00e1 pracuje, m\u00e1 leg\u00e1ln\u00ed p\u0159\u00edjmy, tak aby tady m\u011bla mo\u017enost je\u0161t\u011b vyu\u017e\u00edt i da\u0148ov\u00e9 pr\u00e1zdniny.<br \/><br \/>redaktorka<br \/>&#8212;&#8212;&#8212;&#8212;&#8212;&#8212;&#8211;<br \/>S da\u0148ov\u00fdmi pr\u00e1zdninami jako podporou rodiny po\u010d\u00edt\u00e1 dokonce i programov\u00e9 prohl\u00e1\u0161en\u00ed vl\u00e1dy.<br \/><br \/>Marian Jure\u010dka, m\u00edstop\u0159edseda vl\u00e1dy,\u00a0<strong>ministr<\/strong>\u00a0<strong>pr\u00e1ce<\/strong>\u00a0a soci\u00e1ln\u00edch v\u011bc\u00ed \/KDU-\u010cSL\/<br \/>&#8212;&#8212;&#8212;&#8212;&#8212;&#8212;&#8211;<br \/>Chci, abychom s k tomu vr\u00e1tili. J\u00e1 jsem jasn\u011b \u0159ekl, \u017ee chci te\u010f b\u011bhem m\u011bs\u00edce.<br \/><br \/>redaktorka<br \/>&#8212;&#8212;&#8212;&#8212;&#8212;&#8212;&#8211;<br \/>Takov\u00fdch rodin je podle Mariana Jure\u010dky zhruba 10 %. Z\u00e1rove\u0148 ale vychov\u00e1vaj\u00ed 30 % v\u0161ech d\u011bt\u00ed.<br \/><br \/>Michal Ku\u010dera, m\u00edstop\u0159edseda poslaneck\u00e9ho klubu \/TOP 09\/<br \/>&#8212;&#8212;&#8212;&#8212;&#8212;&#8212;&#8211;<br \/>J\u00e1 v\u00edm, \u017ee tento n\u00e1vrh existuje, \u017ee s t\u00edm pan Jure\u010dka chce p\u0159ij\u00edt na koalici, my v TOO jsme je\u0161t\u011b o tom nejednali, respektive \u010dek\u00e1me na tu podobu, se kterou pan ministr Jure\u010dka p\u0159ijde.<br \/><br \/>redaktorka<br \/>&#8212;&#8212;&#8212;&#8212;&#8212;&#8212;&#8211;<br \/>Podle Jure\u010dky se je\u0161t\u011b mus\u00ed dojednat v\u00fd\u0161e zastropov\u00e1n\u00ed.<br \/><br \/>Marian Jure\u010dka, m\u00edstop\u0159edseda vl\u00e1dy,\u00a0<strong>ministr<\/strong>\u00a0<strong>pr\u00e1ce<\/strong>\u00a0a soci\u00e1ln\u00edch v\u011bc\u00ed \/KDU-\u010cSL\/<br \/>&#8212;&#8212;&#8212;&#8212;&#8212;&#8212;&#8211;<br \/>Aby se z toho nestala t\u0159eba pro n\u011bjakou da\u0148ovou optimalizaci extr\u00e9mn\u011b vysoce p\u0159\u00edjmov\u00fdch lid\u00ed.<br \/><br \/>redaktorka<br \/>&#8212;&#8212;&#8212;&#8212;&#8212;&#8212;&#8211;<br \/>Podle ministra financ\u00ed Zby\u0148ka Stanjury je ODS p\u0159ipravena o n\u00e1vrhu jednat. Je ale skeptick\u00fd k tomu, \u017ee by se poda\u0159ilo zm\u011bnu prosadit je\u0161t\u011b v tomto volebn\u00edm obdob\u00ed.<br \/><br \/>Kl\u00e1ra Kal\u00ed\u0161kov\u00e1, ekonomka, think tank IDEA p\u0159i CERGE-EI, Fakulta informatiky a statistiky, V\u0160E<br \/>&#8212;&#8212;&#8212;&#8212;&#8212;&#8212;&#8211;<br \/>To jsou ty rodiny, kter\u00e9 u\u017e jsou dneska nejv\u00edc podporovan\u00e9 formou da\u0148ov\u00fdch slev na d\u011bti, maj\u00ed dokonce ty da\u0148ov\u00e9 slevy v\u011bt\u0161\u00ed na ka\u017ed\u00e9 to d\u00edt\u011b dal\u0161\u00ed, vlastn\u011b ty rodiny da\u0148 z p\u0159\u00edjm\u016f neplat\u00ed, tak\u017ee vlastn\u011b ty da\u0148ov\u00e9 pr\u00e1zdniny jsou tam do jist\u00e9 m\u00edry nadbyte\u010dn\u00e9. \u00dapln\u011b syst\u00e9mov\u00e9 mi to nep\u0159ipad\u00e1. Nav\u00edc se to t\u00fdk\u00e1 relativn\u011b mal\u00e9ho okruhu rodin.<br \/><br \/>redaktorka<br \/>&#8212;&#8212;&#8212;&#8212;&#8212;&#8212;&#8211;<br \/>St\u00e1tn\u00ed kasu by podle ekonom\u016f da\u0148ov\u00e1 \u00faleva vy\u0161la na jednotky miliard korun. Opozice za t\u00edm vid\u00ed dal\u0161\u00ed z\u00e1t\u011b\u017e pro rozpo\u010det a snahu Jure\u010dky zal\u00edbit se voli\u010d\u016fm.<br \/><br \/>Alena SCHILLEROV\u00c1, p\u0159edsedkyn\u011b poslaneck\u00e9ho klubu, m\u00edstop\u0159edsedkyn\u011b hnut\u00ed \/ANO\/<br \/>&#8212;&#8212;&#8212;&#8212;&#8212;&#8212;&#8211;<br \/>Toto bude zase dal\u0161\u00ed z v\u00fdk\u0159ik\u016f, mysl\u00edm si, \u017ee z toho nebude v\u016fbec nic. Jak by se nalo\u017eilo t\u0159eba s t\u011bmi, kte\u0159\u00ed d\u00edky od\u010ditateln\u00fdm polo\u017ek\u00e1m t\u0159eba ani neplat\u00ed dan\u011b? To nen\u00ed tak jednoduch\u00e9.<br \/><br \/>Ladislav Cabada, politolog<br \/>&#8212;&#8212;&#8212;&#8212;&#8212;&#8212;&#8211;<br \/>Je to politick\u00e1 formace, kter\u00e1 dlouhodob\u011b vych\u00e1z\u00ed z n\u011bjak\u00fdch tradi\u010dn\u00edch koncept\u016f, jedn\u00edm z t\u011bch tradi\u010dn\u00edch koncept\u016f je rodina, kterou tvo\u0159\u00ed mu\u017e, \u017eena a d\u011bti. A j\u00e1 mysl\u00edm, \u017ee tohle do zna\u010dn\u00e9 m\u00edry odpov\u00edd\u00e1 tomu, s \u010d\u00edm te\u010f lidovci p\u0159i\u0161li.<br \/><br \/>Kl\u00e1ra Kal\u00ed\u0161kov\u00e1, ekonomka, think tank IDEA p\u0159i CERGE-EI, Fakulta informatiky a statistiky, V\u0160E<br \/>&#8212;&#8212;&#8212;&#8212;&#8212;&#8212;&#8211;<br \/>My u\u017e dneska da\u0148ov\u011b podporujeme rodiny s d\u011btmi nadpr\u016fm\u011brn\u011b, mnohem v\u00edce ne\u017e v jin\u00fdch zem\u00edch.<br \/><br \/>moder\u00e1tor<br \/>&#8212;&#8212;&#8212;&#8212;&#8212;&#8212;&#8211;<br \/>Da\u0148ov\u00e9 pr\u00e1zdniny by \u0159ada lid\u00ed v n\u00e1ro\u010dn\u00e9 dob\u011b uv\u00edtala, ale n\u011bkte\u0159\u00ed se boj\u00ed toho, \u017ee jde pouze o kr\u00e1tkodob\u00e9 \u0159e\u0161en\u00ed, kter\u00e9 ni\u010demu nepom\u016f\u017ee. Poslechn\u011bte si te\u010f, co na to \u0159\u00edkaj\u00ed obyvatel\u00e9 Berouna, Prahy a \u00dast\u00ed nad Labem.<br \/><br \/>anketa<br \/>&#8212;&#8212;&#8212;&#8212;&#8212;&#8212;&#8211;<br \/>D\u011bti pot\u0159ebujem, to je na\u0161e budoucnost. A\u0165 plat\u00ed ty boh\u00e1\u010di.<br \/><br \/>anketa<br \/>&#8212;&#8212;&#8212;&#8212;&#8212;&#8212;&#8211;<br \/>Rodiny dneska na tom nejsou moc dob\u0159e.<br \/><br \/>anketa<br \/>&#8212;&#8212;&#8212;&#8212;&#8212;&#8212;&#8211;<br \/>J\u00e1 osobn\u011b tomu nev\u011b\u0159\u00edm.<br \/><br \/>anketa<br \/>&#8212;&#8212;&#8212;&#8212;&#8212;&#8212;&#8211;<br \/>Jak\u00fdkoliv jako \u00falevy da\u0148ov\u00fd pro mlad\u00fd nejsou v z\u00e1sad\u011b principi\u00e1ln\u011b v po\u0159\u00e1dku, ale pokud by to m\u011blo b\u00fdt nesyst\u00e9mov\u00e9 na \u00fakor n\u011bjak\u00fdch zv\u00fd\u0161en\u00fdch politick\u00fdch bod\u016f, tak to je prost\u011b naprosto bezp\u0159edm\u011btn\u00e9 a je to v\u011bc, kter\u00e1 m\u011b popud\u00ed, i kdy\u017e mi to p\u0159inese n\u011bkolik set korun nav\u00edc do kapsy.<br \/><br \/>anketa<br \/>&#8212;&#8212;&#8212;&#8212;&#8212;&#8212;&#8211;<br \/>Kdy\u017e jsou slab\u00fd, tak pokud ten st\u00e1t na to m\u00e1, tak by ano, tak by mohli.<br \/><br \/>anketa<br \/>&#8212;&#8212;&#8212;&#8212;&#8212;&#8212;&#8211;<br \/>N\u011bjak\u00e9 \u00falevy by mohly b\u00fdt, ale t\u011b\u017eko \u0159\u00edct, aby ten z\u00e1kon byl vyv\u00e1\u017een\u00fd.<br \/><br \/>anketa<br \/>&#8212;&#8212;&#8212;&#8212;&#8212;&#8212;&#8211;<br \/>Mysl\u00edm, \u017ee by mohli tro\u0161ku pomoct, no. P\u0159ece jenom nen\u00ed to \u00fapln\u011b jako jednoduch\u00fd.<br \/><br \/>anketa<br \/>&#8212;&#8212;&#8212;&#8212;&#8212;&#8212;&#8211;<br \/>V t\u00e9hle t\u011b\u017ek\u00e9 dob\u011b je ka\u017ed\u00e1 pomoc ur\u010dit\u011b v\u00edtan\u00e1, no. Je\u0161t\u011b, kdy\u017e maj\u00ed ty jako rodiny v\u00edc d\u011bt\u00ed.<br \/><br \/>anketa<br \/>&#8212;&#8212;&#8212;&#8212;&#8212;&#8212;&#8211;<br \/>Sice je to hezk\u00fd, ale je to jenom kr\u00e1tkodob\u00fd, \u017ee jo.<br \/><br \/>anketa<br \/>&#8212;&#8212;&#8212;&#8212;&#8212;&#8212;&#8211;<br \/>Podle m\u011b je fakt, \u017ee ty rodiny, kter\u00fd maj\u00ed d\u011bti, tak je to stoj\u00ed stra\u0161n\u011b pen\u011bz. Fakt je ten, \u017ee nev\u00edte, pro\u010d ty d\u011bti nemaj\u00ed. Jestli jsou nemocn\u00fd nebo k tomu maj\u00ed jin\u00fd d\u016fvody.<br \/><br \/>anketa<br \/>&#8212;&#8212;&#8212;&#8212;&#8212;&#8212;&#8211;<br \/>Tohle ur\u010dit\u011b dobr\u00fd n\u00e1pad je, proto\u017ee pro mlad\u00fd lidi se nic ned\u011bl\u00e1 a tahle vl\u00e1da nic ned\u011bl\u00e1.<br \/><br \/>anketa<br \/>&#8212;&#8212;&#8212;&#8212;&#8212;&#8212;&#8211;<br \/>Nejsem moc zast\u00e1nce tady t\u011bch \u00falev, i kdy\u017e mn\u011b t\u0159eba osobn\u011b by to jako hodn\u011b pomohlo, ale mysl\u00edm si, \u017ee pro v\u0161echny by m\u011bly platit stejn\u00fd pravidla.<br \/><br \/>anketa<br \/>&#8212;&#8212;&#8212;&#8212;&#8212;&#8212;&#8211;<br \/>N\u00e1m kles\u00e1 tak porodnost, \u017ee nebude m\u00edt kdo d\u011blat na dal\u0161\u00ed d\u016fchody, nehle\u010fme na to, \u017ee se je\u0161t\u011b prodlu\u017euje v\u011bk, ur\u010dit\u011b jo, pom\u00e1hat mlad\u00fdm lidem.<\/p>\n\n\n\n<p><\/p>\n\n\n\n<p><\/p>\n","protected":false},"excerpt":{"rendered":"<div class=\"mh-excerpt\"><p>Da\u0148ov\u00e9 slevy na d\u011bti&nbsp;&nbsp; \u010cT 1\u00a0&#8211; Ud\u00e1losti B\u011bhem m\u011bs\u00edce chce\u00a0ministr\u00a0pr\u00e1ce\u00a0projednat v koalici zv\u00fd\u0161en\u00ed da\u0148ov\u00e9 slevy na d\u011bti a podpo\u0159it tak rodiny, kter\u00e9 je maj\u00ed. Odpo\u010det <a class=\"mh-excerpt-more\" href=\"https:\/\/www.invarena.cz\/?p=48698\" title=\"Da\u0148ov\u00e9 pr\u00e1zdniny\u00a0jako podpora rodin a porodnosti\u00a0\u00a0\">[&#8230;]<\/a><\/p>\n<\/div>","protected":false},"author":1,"featured_media":18791,"comment_status":"open","ping_status":"closed","sticky":false,"template":"","format":"standard","meta":{"footnotes":""},"categories":[6],"tags":[],"class_list":["post-48698","post","type-post","status-publish","format-standard","has-post-thumbnail","hentry","category-politika"],"_links":{"self":[{"href":"https:\/\/www.invarena.cz\/index.php?rest_route=\/wp\/v2\/posts\/48698","targetHints":{"allow":["GET"]}}],"collection":[{"href":"https:\/\/www.invarena.cz\/index.php?rest_route=\/wp\/v2\/posts"}],"about":[{"href":"https:\/\/www.invarena.cz\/index.php?rest_route=\/wp\/v2\/types\/post"}],"author":[{"embeddable":true,"href":"https:\/\/www.invarena.cz\/index.php?rest_route=\/wp\/v2\/users\/1"}],"replies":[{"embeddable":true,"href":"https:\/\/www.invarena.cz\/index.php?rest_route=%2Fwp%2Fv2%2Fcomments&post=48698"}],"version-history":[{"count":0,"href":"https:\/\/www.invarena.cz\/index.php?rest_route=\/wp\/v2\/posts\/48698\/revisions"}],"wp:featuredmedia":[{"embeddable":true,"href":"https:\/\/www.invarena.cz\/index.php?rest_route=\/wp\/v2\/media\/18791"}],"wp:attachment":[{"href":"https:\/\/www.invarena.cz\/index.php?rest_route=%2Fwp%2Fv2%2Fmedia&parent=48698"}],"wp:term":[{"taxonomy":"category","embeddable":true,"href":"https:\/\/www.invarena.cz\/index.php?rest_route=%2Fwp%2Fv2%2Fcategories&post=48698"},{"taxonomy":"post_tag","embeddable":true,"href":"https:\/\/www.invarena.cz\/index.php?rest_route=%2Fwp%2Fv2%2Ftags&post=48698"}],"curies":[{"name":"wp","href":"https:\/\/api.w.org\/{rel}","templated":true}]}}