{"id":48703,"date":"2024-05-06T06:30:59","date_gmt":"2024-05-06T04:30:59","guid":{"rendered":"https:\/\/www.invarena.cz\/?p=48703"},"modified":"2024-05-06T06:31:00","modified_gmt":"2024-05-06T04:31:00","slug":"brigady-pro-ctrnactilete","status":"publish","type":"post","link":"https:\/\/www.invarena.cz\/?p=48703","title":{"rendered":"Brig\u00e1dy pro \u010dtrn\u00e1ctilet\u00e9?\u00a0\u00a0"},"content":{"rendered":"\n<p>Prima\u00a0&#8211; Hlavn\u00ed zpr\u00e1vy<br \/><br \/>\u010ctrn\u00e1ctilet\u00e9 d\u011bti by si nov\u011b, pokud budou cht\u00edt, mohly p\u0159ivyd\u011blat na brig\u00e1d\u011b. Po\u010d\u00edt\u00e1 s t\u00edm Ministerstvo pr\u00e1ce a soci\u00e1ln\u00edch v\u011bc\u00ed.<br \/><br \/>O letn\u00edch pr\u00e1zdnin\u00e1ch by tak sm\u011bly po omezenou dobu vykon\u00e1vat leh\u010d\u00ed pr\u00e1ce. Na nov\u00fdch pravidlech se vl\u00e1da shoduje s opozic\u00ed. Odborn\u00edci ale upozor\u0148uj\u00ed, \u017ee z\u00e1jem mlad\u00fdch o brig\u00e1dy celkov\u011b opad\u00e1.<br \/><br \/>Mohla by to b\u00fdt zaj\u00edmav\u00e1 zku\u0161enost. Tak hodnot\u00ed mo\u017enost j\u00edt na brig\u00e1du d\u0159\u00edv \u010dtrn\u00e1ctilet\u00e1 Anast\u00e1zie.<br \/><br \/>Anast\u00e1zie , studentka<br \/>&#8212;&#8212;&#8212;&#8212;&#8212;&#8212;&#8211;<br \/>Ur\u010dit\u011b bych to jako vyu\u017eila, i kdy\u017e si mysl\u00edm, \u017ee do m\u00fdho jakoby rozvrhu \u010dasov\u00fdho bych to t\u011b\u017ece jakoby rvala, proto\u017ee d\u011bl\u00e1m n\u011bkolikr\u00e1t t\u00fddn\u011b r\u016fzn\u00fd krou\u017eky a sporty: jsem p\u0159em\u00fd\u0161lela t\u0159eba nad \u0161atn\u00e1\u0159kou pr\u00e1v\u011b v divadle.<br \/><br \/>redaktor<br \/>&#8212;&#8212;&#8212;&#8212;&#8212;&#8212;&#8211;<br \/>To jej\u00ed patn\u00e1ctilet\u00e1 kamar\u00e1dka Karol\u00edna u\u017e m\u00e1 prvn\u00ed pracovn\u00ed zku\u0161enosti za sebou.<br \/><br \/>Karol\u00edna , studentka<br \/>&#8212;&#8212;&#8212;&#8212;&#8212;&#8212;&#8211;<br \/>J\u00e1 jsem byla v hotelu jako na sn\u00eddan\u00edch, jsem tam ukl\u00edzela vlastn\u011b n\u00e1dob\u00ed a to bylo dobr\u00fd. Ale bylo to docela n\u00e1ro\u010dn\u00fd.<br \/><br \/>redaktor<br \/>&#8212;&#8212;&#8212;&#8212;&#8212;&#8212;&#8211;<br \/>Pracovn\u00ed doba maxim\u00e1ln\u011b 35 hodin t\u00fddn\u011b a sp\u00ed\u0161 leh\u010d\u00ed pr\u00e1ce, jako je prodej zmrzliny nebo v\u00fdpomoc v kuchyni. Tak si zm\u011bny p\u0159edstavuje\u00a0<strong>ministr<\/strong>\u00a0<strong>pr\u00e1ce<\/strong>\u00a0a soci\u00e1ln\u00edch v\u011bc\u00ed Marian Jure\u010dka.<br \/><br \/>Marian JURE\u010cKA, vicepremi\u00e9r,\u00a0<strong>ministr<\/strong>\u00a0<strong>pr\u00e1ce<\/strong>\u00a0a soci\u00e1ln\u00edch v\u011bc\u00ed, p\u0159edseda strany \/KDU-\u010cSL\/<br \/>&#8212;&#8212;&#8212;&#8212;&#8212;&#8212;&#8211;<br \/>M\u00e1me sp\u00ed\u0161e mlad\u00fdm vytv\u00e1\u0159et prostor k tomu, aby mohli se aktivn\u011b zapojovat, leg\u00e1ln\u011b pracovat, vyt\u00e1hnout od po\u010d\u00edta\u010d\u016f, d\u00e1t jim tuhletu mo\u017enost.<br \/><br \/>redaktor<br \/>&#8212;&#8212;&#8212;&#8212;&#8212;&#8212;&#8211;<br \/>A jak by to bylo v p\u0159\u00edpad\u011b pr\u00e1ce s pen\u011bzi? Odpov\u011bdnost za p\u0159\u00edpadn\u00fd schodek by \u0161la \u010d\u00e1ste\u010dn\u011b za zam\u011bstnavatelem. \u010ctrn\u00e1ctilet\u00fd brig\u00e1dn\u00edk by toti\u017e za schodek zodpov\u00eddal pouze do 4,5n\u00e1sobku sv\u00e9ho pr\u016fm\u011brn\u00e9ho v\u00fdd\u011blku, pokud by ho zavinil nedbalost\u00ed. I opozice tvrd\u00ed, \u017ee n\u00e1vrh podpo\u0159\u00ed.<br \/><br \/>Ale\u0161 Juchelka, m\u00edstop\u0159edseda poslaneck\u00e9ho klubu, st\u00ednov\u00fd\u00a0<strong>ministr<\/strong>\u00a0<strong>pr\u00e1ce<\/strong>\u00a0a soci\u00e1ln\u00edch v\u011bc\u00ed \/ANO\/<br \/>&#8212;&#8212;&#8212;&#8212;&#8212;&#8212;&#8211;<br \/>Mysl\u00edm si, \u017ee ka\u017ed\u00fd \u010dtrn\u00e1ctilet\u00fd u\u017e v tuto chv\u00edli vyhl\u00ed\u017e\u00ed jakoukoliv brig\u00e1du proto, aby si mohl n\u011bkde p\u0159ivyd\u011blat.<br \/><br \/>redaktor<br \/>&#8212;&#8212;&#8212;&#8212;&#8212;&#8212;&#8211;<br \/>Personalist\u00e9 ale upozor\u0148uj\u00ed, \u017ee a\u017e praxe uk\u00e1\u017ee, jestli je zm\u011bna k n\u011b\u010demu dobr\u00e1.<br \/><br \/>Ji\u0159\u00ed Halbr\u0161t\u00e1t, mana\u017eer n\u00e1boru a marketingu spole\u010dnosti ManpowerGroup<br \/>&#8212;&#8212;&#8212;&#8212;&#8212;&#8212;&#8211;<br \/>Jestli v\u016fbec budou m\u00edt mlad\u00ed lid\u00e9 z\u00e1jem o ty brig\u00e1dy. Za posledn\u00edch 10, 15 let vid\u00edme ka\u017ed\u00fd rok \u00fabytek z\u00e1jmu student\u016f o brig\u00e1dy, zd\u00e1 se, \u017ee jsou l\u00e9pe zabezpe\u010den\u00ed ze strany rodi\u010d\u016f a nemaj\u00ed takovou pot\u0159ebu na brig\u00e1dy chodit.<br \/><br \/>redaktor<br \/>&#8212;&#8212;&#8212;&#8212;&#8212;&#8212;&#8211;<br \/>Novela z\u00e1kon\u00edku pr\u00e1ce, kter\u00e1 p\u0159in\u00e1\u0161\u00ed zm\u011bny v zam\u011bstn\u00e1v\u00e1n\u00ed mlad\u00fdch, je aktu\u00e1ln\u011b v p\u0159ipom\u00ednkov\u00e9m \u0159\u00edzen\u00ed. Nov\u00e1 pravidla by m\u011bla za\u010d\u00edt platit od ledna p\u0159\u00ed\u0161t\u00edho roku. <\/p>\n\n\n\n<p>CNN Prima News.<\/p>\n\n\n\n<p><\/p>\n","protected":false},"excerpt":{"rendered":"<div class=\"mh-excerpt\"><p>Prima\u00a0&#8211; Hlavn\u00ed zpr\u00e1vy \u010ctrn\u00e1ctilet\u00e9 d\u011bti by si nov\u011b, pokud budou cht\u00edt, mohly p\u0159ivyd\u011blat na brig\u00e1d\u011b. Po\u010d\u00edt\u00e1 s t\u00edm Ministerstvo pr\u00e1ce a soci\u00e1ln\u00edch v\u011bc\u00ed. O letn\u00edch <a class=\"mh-excerpt-more\" href=\"https:\/\/www.invarena.cz\/?p=48703\" title=\"Brig\u00e1dy pro \u010dtrn\u00e1ctilet\u00e9?\u00a0\u00a0\">[&#8230;]<\/a><\/p>\n<\/div>","protected":false},"author":1,"featured_media":14285,"comment_status":"open","ping_status":"closed","sticky":false,"template":"","format":"standard","meta":{"footnotes":""},"categories":[9],"tags":[],"class_list":["post-48703","post","type-post","status-publish","format-standard","has-post-thumbnail","hentry","category-zpravy"],"_links":{"self":[{"href":"https:\/\/www.invarena.cz\/index.php?rest_route=\/wp\/v2\/posts\/48703","targetHints":{"allow":["GET"]}}],"collection":[{"href":"https:\/\/www.invarena.cz\/index.php?rest_route=\/wp\/v2\/posts"}],"about":[{"href":"https:\/\/www.invarena.cz\/index.php?rest_route=\/wp\/v2\/types\/post"}],"author":[{"embeddable":true,"href":"https:\/\/www.invarena.cz\/index.php?rest_route=\/wp\/v2\/users\/1"}],"replies":[{"embeddable":true,"href":"https:\/\/www.invarena.cz\/index.php?rest_route=%2Fwp%2Fv2%2Fcomments&post=48703"}],"version-history":[{"count":0,"href":"https:\/\/www.invarena.cz\/index.php?rest_route=\/wp\/v2\/posts\/48703\/revisions"}],"wp:featuredmedia":[{"embeddable":true,"href":"https:\/\/www.invarena.cz\/index.php?rest_route=\/wp\/v2\/media\/14285"}],"wp:attachment":[{"href":"https:\/\/www.invarena.cz\/index.php?rest_route=%2Fwp%2Fv2%2Fmedia&parent=48703"}],"wp:term":[{"taxonomy":"category","embeddable":true,"href":"https:\/\/www.invarena.cz\/index.php?rest_route=%2Fwp%2Fv2%2Fcategories&post=48703"},{"taxonomy":"post_tag","embeddable":true,"href":"https:\/\/www.invarena.cz\/index.php?rest_route=%2Fwp%2Fv2%2Ftags&post=48703"}],"curies":[{"name":"wp","href":"https:\/\/api.w.org\/{rel}","templated":true}]}}