{"id":48706,"date":"2024-05-06T06:20:46","date_gmt":"2024-05-06T04:20:46","guid":{"rendered":"https:\/\/www.invarena.cz\/?p=48706"},"modified":"2024-05-06T07:05:15","modified_gmt":"2024-05-06T05:05:15","slug":"pro-a-proti-marian-jurecka-kdu-csl-pavla-pivonka-vankova-stan","status":"publish","type":"post","link":"https:\/\/www.invarena.cz\/?p=48706","title":{"rendered":"Pro a proti: Marian Jure\u010dka (KDU-\u010cSL), Pavla Pivo\u0148ka Va\u0148kov\u00e1 (STAN)\u00a0\u00a0"},"content":{"rendered":"\n<p>\u010cRo Plus\u00a0&#8211; Pro a proti<br \/><br \/>M\u011bl by st\u00e1t finan\u010dn\u011b odm\u011b\u0148ovat lidi, kte\u0159\u00ed maj\u00ed v\u00edce d\u011bt\u00ed? Koali\u010dn\u00ed lidovci p\u0159i\u0161li s n\u00e1vrhem na sn\u00ed\u017een\u00ed soci\u00e1ln\u00edho poji\u0161t\u011bn\u00ed pro rodiny s d\u011btmi a naopak jeho zv\u00fd\u0161en\u00ed pro bezd\u011btn\u00e9 lidi nad 35 let. Proti tomu se ale ozvali z\u00e1stupci jin\u00fdch vl\u00e1dn\u00edch stran, podle kter\u00fdch by to znamenalo, \u017ee st\u00e1t by trestal ty, kdo d\u011bti nem\u016f\u017eou nebo necht\u011bj\u00ed m\u00edt. Bylo by spravedliv\u00e9 v\u00edce danit ty, kdo nevychov\u00e1vaj\u00ed budouc\u00edho da\u0148ov\u00e9ho poplatn\u00edka? Hosty Pro a proti v na\u0161em sn\u011bmovn\u00edm studiu jsou\u00a0<strong>ministr<\/strong>\u00a0<strong>pr\u00e1ce<\/strong>\u00a0a soci\u00e1ln\u00edch v\u011bc\u00ed, p\u0159edseda KDU-\u010cSL, vicepremi\u00e9r Marian Jure\u010dka. Dobr\u00fd den.<br \/><br \/>A m\u00edstop\u0159edsedkyn\u011b sn\u011bmovn\u00edho v\u00fdboru pro soci\u00e1ln\u00ed politiku Pavla Pivo\u0148ka Va\u0148kov\u00e1 z hnut\u00ed STAN. V\u00edt\u00e1m v\u00e1s. Dobr\u00fd den.<br \/><br \/>Pane vicepremi\u00e9re, co je hlavn\u00edm motivac\u00ed pro otev\u0159en\u00ed v\u016fbec t\u00e9 debaty nad zv\u00fd\u0161en\u00edm plateb pro lidi, kte\u0159\u00ed nemaj\u00ed d\u011bti?<br \/><br \/>Marian JURE\u010cKA, vicepremi\u00e9r,\u00a0<strong>ministr<\/strong>\u00a0<strong>pr\u00e1ce<\/strong>\u00a0a soci\u00e1ln\u00edch v\u011bc\u00ed, p\u0159edseda strany \/KDU-\u010cSL\/<br \/>&#8212;&#8212;&#8212;&#8212;&#8212;&#8212;&#8211;<br \/>To, \u017ee v \u010cesk\u00e9 republice vid\u00edme za posledn\u00ed roky propad porodnosti, vid\u00edme, \u017ee ten demografick\u00fd probl\u00e9m, kter\u00fd tady m\u00e1me 30 let, se n\u00e1m te\u010f za\u010d\u00edn\u00e1 je\u0161t\u011b zhor\u0161ovat a vlastn\u011b hled\u00e1me cesty, jak podpo\u0159it rodi\u010de v tom, aby i v t\u00e9 ekonomick\u00e9 oblasti m\u011bli v\u011bt\u0161\u00ed podporu od st\u00e1tu, oni ji dneska maj\u00ed v r\u00e1mci da\u0148ov\u00fdch slev, slev na d\u011bti a da\u0148ov\u00fdch bonus\u016f, ale za n\u00e1s, za lidovce si mysl\u00edme, \u017ee bychom v tomto jako st\u00e1t m\u011bli rodi\u010de podpo\u0159it je\u0161t\u011b v\u00edce, a proto jsme vlastn\u011b p\u0159i\u0161li je\u0161t\u011b s t\u00edm roz\u0161\u00ed\u0159en\u00edm toho principu, kter\u00fd u\u017e dneska m\u00e1me, nejenom v t\u00e9 da\u0148ov\u00e9 oblasti, ale i na tu oblast slev na soci\u00e1ln\u00edm poji\u0161t\u011bn\u00ed, tak\u017ee ta investice toho rodi\u010de je dneska p\u0159i d\u00edt\u011bti, kter\u00e9 vychov\u00e1v\u00e1 do vysok\u00e9 \u0161koly, zhruba 4 000 000 K\u010d. A my chceme toho rodi\u010de podpo\u0159it a vlastn\u011b \u010d\u00e1ste\u010dn\u011b mu odb\u0159emenit v t\u011bch vysok\u00fdch n\u00e1kladech, kter\u00e9 dneska s v\u00fdchovou d\u011bt\u00ed jsou spojen\u00e9.<br \/><br \/>moder\u00e1tor<br \/>&#8212;&#8212;&#8212;&#8212;&#8212;&#8212;&#8211;<br \/>Pan\u00ed Va\u0148kov\u00e1, pro v\u00e1s je to kategoricky nep\u0159ijateln\u00fd n\u00e1vrh, nebo je tam n\u011bco, o \u010dem se z va\u0161eho pohledu d\u00e1 jednat?<br \/><br \/>Pavla PIVO\u0147KA VA\u0147KOV\u00c1, poslankyn\u011b, \u010dlenka v\u00fdboru pro soci\u00e1ln\u00ed politiku \/STAN\/<br \/>&#8212;&#8212;&#8212;&#8212;&#8212;&#8212;&#8211;<br \/>Tak j\u00e1 osobn\u011b za Starosty jsem tro\u0161ku te\u010f v schizofrenn\u00ed situaci, proto\u017ee v\u011bt\u0161inou v\u0161echny n\u00e1vrhy, kter\u00e9 vych\u00e1zej\u00ed od KDU-\u010cSL, podporuji, ale zdan\u011bn\u00ed bezd\u011btn\u00fdch je pro n\u00e1s opravdu n\u011bco, co u\u017e je za \u010d\u00e1rou, proto\u017ee n\u00e1m to p\u0159ijde velmi diskrimina\u010dn\u00ed a je to v\u011bc, kterou ur\u010dit\u011b podporovat nebudeme. O \u010dem jsme ochotni se bavit a budeme se bavit r\u00e1di, tak je nav\u00fd\u0161en\u00ed da\u0148ov\u00fdch slev pro rodi\u010de s d\u011btmi a tak\u00e9 o n\u011bjak\u00e9 variant\u011b t\u0159eba i slev na soci\u00e1ln\u00edm poji\u0161t\u011bn\u00ed.<br \/><br \/>moder\u00e1tor<br \/>&#8212;&#8212;&#8212;&#8212;&#8212;&#8212;&#8211;<br \/>Pane Jure\u010dko, to, co te\u010f \u0159\u00edkala pan\u00ed poslankyn\u011b Pivo\u0148ka Va\u0148kov\u00e1, jste ur\u010dit\u011b \u010detl i v nejr\u016fzn\u011bj\u0161\u00edch m\u00e9di\u00edch, vy chcete t\u00edm n\u00e1vrhem trestat ty, kdo nemaj\u00ed d\u011bti?<br \/><br \/>Marian JURE\u010cKA, vicepremi\u00e9r,\u00a0<strong>ministr<\/strong>\u00a0<strong>pr\u00e1ce<\/strong>\u00a0a soci\u00e1ln\u00edch v\u011bc\u00ed, p\u0159edseda strany \/KDU-\u010cSL\/<br \/>&#8212;&#8212;&#8212;&#8212;&#8212;&#8212;&#8211;<br \/>Ne, j\u00e1 to opravdu takto nevn\u00edm\u00e1m a odm\u00edt\u00e1m \u0159\u00edkat, \u017ee my n\u011bkoho trest\u00e1me, proto\u017ee u\u017e dneska ten da\u0148ov\u00fd syst\u00e9m vlastn\u011b dlouhodob\u011b m\u00e1 nastaven\u00e9 to, \u017ee kdy\u017e nem\u00e1m d\u011bti, tak nemohu uplatnit da\u0148ovou slevu ani da\u0148ov\u00fd bonus na d\u00edt\u011b a tud\u00ed\u017e plat\u00edm vy\u0161\u0161\u00ed dan\u011b v \u010cesk\u00e9 republice. Jestli\u017ee d\u011bti m\u00e1m, tak m\u011b st\u00e1t u\u017e dlouhodob\u011b podporuje t\u00edm, \u017ee tu da\u0148ovou slevu si mohu uplatnit, \u017ee mohu j\u00edt do toho bonusu, kdy mi ten st\u00e1t dokonce, pokud m\u00e1m n\u00edzk\u00e9 p\u0159\u00edjmy, ty pen\u00edze vr\u00e1t\u00ed a vlastn\u011b mi ten stejn\u00fd princip, o kter\u00e9m te\u010f tady mluv\u00edm, kter\u00fd za m\u011b nen\u00ed o trest\u00e1n\u00ed, ale o podpo\u0159e, tak ho chceme vlastn\u011b roz\u0161\u00ed\u0159it na tu oblast slevy na pojistn\u00e9m v odvodu na soci\u00e1ln\u00ed poji\u0161t\u011bn\u00ed.<br \/><br \/> moder\u00e1tor<br \/>&#8212;&#8212;&#8212;&#8212;&#8212;&#8212;&#8211;<br \/>Ale z\u00e1rove\u0148, pardon, \u017ee do toho vstupuji, vy byste z\u00e1rove\u0148 t\u011bm bezd\u011btn\u00fdm zv\u00fd\u0161il soci\u00e1ln\u00ed odvody, nebo ne?<br \/><br \/>Marian JURE\u010cKA, vicepremi\u00e9r,\u00a0<strong>ministr<\/strong>\u00a0<strong>pr\u00e1ce<\/strong>\u00a0a soci\u00e1ln\u00edch v\u011bc\u00ed, p\u0159edseda strany \/KDU-\u010cSL\/<br \/>&#8212;&#8212;&#8212;&#8212;&#8212;&#8212;&#8211;<br \/>Do\u0161lo by tam ke zv\u00fd\u0161en\u00ed 2% bod\u016f, pokud bych byl v situaci, bylo by mn\u011b 35 let a v\u00edce a d\u00edt\u011b bych nevychov\u00e1val, nem\u011bl k tomu vy\u017eivovac\u00ed povinnost, tak potom by ten odvod byl zv\u00fd\u0161en\u00fd o 2% body. A beru to tak, \u017ee je vlastn\u011b v bytostn\u00e9m z\u00e1jmu n\u00e1s v\u0161ech ob\u010dan\u016f t\u00e9to zem\u011b, abychom podporovali rodi\u010de, rodiny, kter\u00e9 maj\u00ed d\u011bti, proto\u017ee jednou ty d\u011bti budou platit sv\u00fdmi odvody na d\u016fchody, na zdravotn\u00ed poji\u0161t\u011bn\u00ed a do da\u0148ov\u00e9ho syst\u00e9mu a ty jejich pen\u00edze p\u016fjdou na pot\u0159eby lid\u00ed bez ohledu na to, jestli ty lidi m\u011bli d\u011bti nebo nem\u011bli. Tak\u017ee d\u00edv\u00e1m se na to optikou, \u017ee ta spole\u010dnost by m\u011bla prost\u011b maxim\u00e1ln\u011b podporovat rodi\u010de.<br \/><br \/>moder\u00e1tor<br \/>&#8212;&#8212;&#8212;&#8212;&#8212;&#8212;&#8211;<br \/>Pan\u00ed Va\u0148kov\u00e1, jak se d\u00edv\u00e1te na tohle vysv\u011btlen\u00ed? M\u00e1 ten n\u00e1vrh svou logiku v tom, \u017ee ty dne\u0161n\u00ed d\u011bti pravd\u011bpodobn\u011b opravdu budou p\u0159isp\u00edvat do soci\u00e1ln\u00edho syst\u00e9mu v budoucnu?<br \/><br \/>Pavla PIVO\u0147KA VA\u0147KOV\u00c1, poslankyn\u011b, \u010dlenka v\u00fdboru pro soci\u00e1ln\u00ed politiku \/STAN\/<br \/>&#8212;&#8212;&#8212;&#8212;&#8212;&#8212;&#8211;<br \/>Tak to nesporn\u011b budou, ale n\u00e1m to logick\u00e9 nep\u0159ijde, proto\u017ee ti, co nemaj\u00ed d\u011bti, tak p\u0159ece u\u017e te\u010f obecn\u011b maj\u00ed vy\u0161\u0161\u00ed p\u0159\u00edjmy, to znamen\u00e1 vy\u0161\u0161\u00ed odvody do st\u00e1tn\u00edho rozpo\u010dtu, jak da\u0148ov\u00e9, tak i na soci\u00e1ln\u00edm poji\u0161t\u011bn\u00ed, a to, \u017ee d\u011bti nemaj\u00ed tak vlastn\u011b i ten st\u00e1t vynakl\u00e1d\u00e1 m\u00e9n\u011b prost\u0159edk\u016f na to, aby se vzd\u011bl\u00e1vali, na zdravotn\u00ed p\u00e9\u010di a tak d\u00e1le, tak\u017ee to nejsou \u017e\u00e1dn\u00fd parazituj\u00edc\u00ed lidi na na\u0161em syst\u00e9mu da\u0148ov\u00e9m, i soci\u00e1ln\u00edm. Mysl\u00edm si, \u017ee opravdu to je i proti n\u011bjak\u00fdm \u00fastavn\u00edm pravidl\u016fm, nev\u00edm, jestli KDU m\u00e1 toto konzultov\u00e1no s \u00fastavn\u00edmi pr\u00e1vn\u00edky, jestli to opravdu nen\u00ed diskrimina\u010dn\u00ed, proto\u017ee za n\u00e1s, ano, motivujme lidi k tomu, aby m\u011bli v\u00edce d\u011bt\u00ed a aby ten syst\u00e9m se nastartoval, d\u011blejme prorodinn\u00e1 opat\u0159en\u00ed, to jsme opravdu jako velmi za, ale netrestejme a nesna\u017eme se u t\u00e9 skupiny, kter\u00e1 d\u011bti nem\u016f\u017ee m\u00edt z r\u016fzn\u00fdch d\u016fvod\u016f, m\u016f\u017ee to b\u00fdt zdravotn\u00ed d\u016fvod, m\u016f\u017ee to b\u00fdt n\u011bjak\u00e1, n\u011bjak\u00e9 psychick\u00e9 onemocn\u011bn\u00ed. Tak\u017ee ne v\u017edycky je to jejich svobodn\u00e9 rozhodnut\u00ed. Tak p\u0159esta\u0148me tu motivaci d\u011blat takto negativn\u011b.<br \/><br \/>Jan BUMBA, moder\u00e1tor<br \/>&#8212;&#8212;&#8212;&#8212;&#8212;&#8212;&#8211;<br \/>Pane Jure\u010dko, pros\u00edm, jenom kr\u00e1tkou reakci, m\u00e1te konzultov\u00e1no s \u00fastavn\u00edmi pr\u00e1vn\u00edky, zda to nen\u00ed diskrimina\u010dn\u00ed?<br \/><br \/>Marian JURE\u010cKA, vicepremi\u00e9r,\u00a0<strong>ministr<\/strong>\u00a0<strong>pr\u00e1ce<\/strong>\u00a0a soci\u00e1ln\u00edch v\u011bc\u00ed, p\u0159edseda strany \/KDU-\u010cSL\/<br \/>&#8212;&#8212;&#8212;&#8212;&#8212;&#8212;&#8211;<br \/>My samoz\u0159ejm\u011b i toto jsme si prob\u00edrali intern\u011b s na\u0161imi legislativci, pr\u00e1vn\u00edky, my v tom nevid\u00edme to, \u017ee by to bylo diskrimina\u010dn\u00ed a samoz\u0159ejm\u011b j\u00e1 se chci vr\u00e1tit je\u0161t\u011b k jedn\u00e9 v\u011bci, vemte si,&#8230;<br \/><br \/>Jan BUMBA, moder\u00e1tor<br \/>&#8212;&#8212;&#8212;&#8212;&#8212;&#8212;&#8211;<br \/>Pardon, jenom, to v\u00e1m \u0159ekli tedy va\u0161i pr\u00e1vn\u00edci, ne n\u011bjac\u00ed jin\u00ed?<br \/><br \/>Marian JURE\u010cKA, vicepremi\u00e9r,\u00a0<strong>ministr<\/strong>\u00a0<strong>pr\u00e1ce<\/strong>\u00a0a soci\u00e1ln\u00edch v\u011bc\u00ed, p\u0159edseda strany \/KDU-\u010cSL\/<br \/>&#8212;&#8212;&#8212;&#8212;&#8212;&#8212;&#8211;<br \/>Tak j\u00e1 v\u017edycky konzultuju ty v\u011bci, kter\u00e9 m\u00e1me v na\u0161em lidoveck\u00e9m programu s lidmi, kte\u0159\u00ed maj\u00ed legislativn\u00ed pr\u00e1vn\u00ed zku\u0161enosti, m\u00e1me je ve sv\u00fdch \u0159ad\u00e1ch, tak\u017ee samoz\u0159ejm\u011b tyto v\u011bci jsme konzultovali a jsou to lid\u00e9, kte\u0159\u00ed tu oblast opravdu aktivn\u011b pr\u00e1vn\u011b sleduj\u00ed a \u0159e\u0161\u00ed. Ot\u00e1zka \u00fastavnosti, v\u017edycky je jenom jako ot\u00e1zka diskusn\u00ed, to v\u017edycky ve fin\u00e1le rozhodne a\u017e ten \u00dastavn\u00ed soud, ale j\u00e1 tady chci \u0159\u00edct jednu podstatnou v\u011bc, vemte si, \u017ee v \u010cesk\u00e9 republice m\u00e1te 80\u201390 % rodi\u010d\u016f, kte\u0159\u00ed v\u0161echno, co vyd\u011blaj\u00ed, daj\u00ed do d\u011bt\u00ed, daj\u00ed jako investici do d\u011bt\u00ed a ta investice je n\u011bkolikan\u00e1sobn\u011b v\u011bt\u0161\u00ed v tom, co oni vkl\u00e1daj\u00ed do t\u00e9 budoucnosti a ten st\u00e1t, ten tady nem\u00e1, jako nem\u016f\u017eeme na to pou\u017e\u00edt, \u017ee st\u00e1t m\u00e1 n\u00e1klad s t\u00edm, \u017ee m\u00e1me my jako rodi\u010de d\u011bti, i pro ten st\u00e1t je to investice do t\u00e9 budoucnosti, aby ten st\u00e1t a spole\u010dnost mohly fungovat, proto\u017ee tady budou ti budouc\u00ed pl\u00e1tci. Zkusme se na to d\u00edvat touto optikou.<br \/><br \/>Pavla PIVO\u0147KA VA\u0147KOV\u00c1, poslankyn\u011b, \u010dlenka v\u00fdboru pro soci\u00e1ln\u00ed politiku \/STAN\/<br \/>&#8212;&#8212;&#8212;&#8212;&#8212;&#8212;&#8211;<br \/>S t\u00edm j\u00e1 samoz\u0159ejm\u011b souhlas\u00edm, proto\u017ee, pardon, sama m\u00e1m 3 d\u011bti a v\u00edm, kolik to stoj\u00ed a jak ty n\u00e1klady velk\u00e9 jsou, ale m\u00e1m tak\u00e9 ve sv\u00e9m okol\u00ed spoustu p\u00e1r\u016f, kter\u00e9, jak u\u017e jsem \u0159\u00edkala, d\u011bti m\u00edt nemohou z n\u011bjak\u00fdch zdravotn\u00edch a jin\u00fdch indikac\u00ed. A KDU nem\u00e1 domy\u0161len\u00fd ten syst\u00e9m, jak tyto lidi vy\u010dlenit, proto\u017ee i slovy va\u0161eho \u010dlena pana Kohajdy v n\u011bkter\u00fdch medi\u00e1ln\u00edch vystoupen\u00ed, prost\u011b nem\u00e1te namy\u0161len\u00fd to, jak tyto lidi z tohoto syst\u00e9mu vy\u010dlenit.<br \/><br \/>Jan BUMBA, moder\u00e1tor<br \/>&#8212;&#8212;&#8212;&#8212;&#8212;&#8212;&#8211;<br \/>Ano, pane Jure\u010dko, ti lid\u00e9, kte\u0159\u00ed prost\u011b d\u011bti m\u00edt nem\u016f\u017eou.<br \/><br \/>Marian JURE\u010cKA, <br \/>&#8212;&#8212;&#8212;&#8212;&#8212;&#8212;&#8211;<br \/>J\u00e1 jsem, a tady mn\u011b bylo malinko jako nep\u0159\u00edmo vlo\u017eeno n\u011bco do \u00fast, co jsem j\u00e1 nikdy ne\u0159ekl.<br \/><br \/>Pavla PIVO\u0147KA VA\u0147KOV\u00c1, <br \/>&#8212;&#8212;&#8212;&#8212;&#8212;&#8212;&#8211;<br \/>\u0158\u00edkal to pan Kohajda.<br \/><br \/>Marian JURE\u010cKA, <br \/>A jsem jako \u010dlov\u011bk, kter\u00fd samoz\u0159ejm\u011b vn\u00edm\u00e1m ty lidsk\u00e9 p\u0159\u00edb\u011bhy a n\u011bkdy jsou to v\u011bci, kdy ti lid\u00e9 velmi cht\u011bj\u00ed, ale bohu\u017eel nemohou a n\u011bkdy jsou to rozhodnut\u00ed opravdu jako z vlastn\u00edho p\u0159esv\u011bd\u010den\u00ed.<br \/><br \/>Jan BUMBA, moder\u00e1tor<br \/>&#8212;&#8212;&#8212;&#8212;&#8212;&#8212;&#8211;<br \/>A ti, kte\u0159\u00ed tedy by cht\u011bli a nem\u016f\u017eou1, tak stejn\u011b byste jim napa\u0159il ta 2 % nav\u00edc.<br \/><br \/>Marian JURE\u010cKA, <br \/>Ale j\u00e1 to chci dopov\u011bd\u011bt, ale je to v\u017edycky jako, j\u00e1 se na to te\u010f d\u00edv\u00e1m tou optikou toho, \u017ee jestli\u017ee ty d\u011bti m\u00e1m, tak tu investici d\u011bl\u00e1m a je obrovsk\u00e1, jestli\u017ee to d\u00edt\u011b nem\u00e1m, a te\u010f nechci hodnotit, z jak\u00e9ho d\u016fvodu a z jak\u00e9 p\u0159\u00ed\u010diny to je, tak tu investici nem\u00e1m. Ty pen\u00edze, kter\u00e9 vyd\u011bl\u00e1v\u00e1m, tak mn\u011b z\u016fst\u00e1vaj\u00ed pro, ne vlastn\u00ed rozhodnut\u00ed, kam a jak chci je vyu\u017e\u00edt. Jako rodi\u010d v z\u00e1sad\u011b 80, 90 % je prost\u0159edku je dop\u0159edu v\u00e1zan\u00fdch na tu v\u00fdchovu d\u011bt\u00ed. A znovu se vrac\u00edm k tomu obecn\u00e9mu principu, \u017ee tady je vlastn\u011b sd\u00edlen\u00e1 solidarita, sd\u00edlen\u00e1 solidarita vlastn\u011b v\u0161ech, a\u0165 u\u017e ty d\u011bti m\u00e1me nebo nem\u00e1me ve prosp\u011bch t\u00e9 budoucnosti, \u017ee o\u010dek\u00e1v\u00e1me, \u017ee ty d\u011bti budou a \u017ee budou v t\u011bch sv\u00fdch odvodech jednou se pod\u00edlet na financov\u00e1n\u00ed n\u00e1s v\u0161ech, bez rozd\u00edlu na to, jestli jsme n\u011bkdo d\u00edt\u011b m\u011bli nebo nem\u011bli.<br \/><br \/>Jan BUMBA, moder\u00e1tor<br \/>&#8212;&#8212;&#8212;&#8212;&#8212;&#8212;&#8211;<br \/>Pan\u00ed Va\u0148kov\u00e1, souhlas\u00edte s t\u00edm, co tak\u00e9 \u0159\u00edkal pan vicepremi\u00e9r, \u017ee st\u00e1t by m\u011bl jaksi motivovat lidi k vy\u0161\u0161\u00ed porodnosti, je to \u00faloha st\u00e1tu?<br \/><br \/>Pavla PIVO\u0147KA VA\u0147KOV\u00c1, <br \/>Ur\u010dit\u011b ano, ta opat\u0159en\u00ed prorodinn\u00e9 politiky v r\u00e1mci v\u0161ech legislativ, kter\u00e9 p\u0159ipravujeme, tak se d\u011bj\u00ed, sna\u017e\u00edme se prosadit legislativu na dostupn\u00e9 bydlen\u00ed, proto\u017ee za m\u011b zvy\u0161ov\u00e1n\u00ed i t\u0159eba slev da\u0148ov\u00fdch na d\u011bti, okay, o tom se bavit, jak jsem \u0159\u00edkala, budeme, ale ti rodi\u010de v\u00e1m \u0159eknou, my hlavn\u011b pot\u0159ebujeme zajistit tu p\u00e9\u010di a pot\u0159ebujeme zajistit dostupn\u00e9 bydlen\u00ed tak, abychom mohli na za\u010d\u00e1tku t\u00e9 partnersk\u00e9 dr\u00e1hy a vlastn\u011b t\u00e9 \u017eivotn\u00ed etapy, kdy chceme m\u00edt d\u011bti a rozhodujeme se o tom, m\u011bli kde bydlet a m\u011bli jsme o ty d\u011bti pot\u00e9 postar\u00e1no, abysme \u00fapln\u011b nevypadli t\u0159eba z pracovn\u00edho trhu a neztratili ten kontakt. Tak\u017ee ty v\u011bci, kter\u00e9 se p\u0159ipravuj\u00ed, tak tu prorodinnou politiku akcentuj\u00ed a akcentuj\u00ed j\u00ed velmi dob\u0159e, a proto n\u00e1m p\u0159ijde nesmysln\u00fd je\u0161t\u011b do toho p\u0159isp\u00edvat takovouhle negativn\u00ed motivac\u00ed a opravdu jako diskriminac\u00ed a my to za n\u00e1s jako diskrimina\u010dn\u00ed pova\u017eujeme a pova\u017eovat budeme.<br \/><br \/>Jan BUMBA, moder\u00e1tor<br \/>&#8212;&#8212;&#8212;&#8212;&#8212;&#8212;&#8211;<br \/>Poslouch\u00e1te Pro a proti, jeho hosty jsou m\u00edstop\u0159edsedkyn\u011b sn\u011bmovn\u00edho v\u00fdboru pro soci\u00e1ln\u00ed politiku Pavla Pivo\u0148ka Va\u0148kov\u00e1 z hnut\u00ed STAN a\u00a0<strong>ministr<\/strong>\u00a0<strong>pr\u00e1ce<\/strong>\u00a0a soci\u00e1ln\u00edch v\u011bc\u00ed, p\u0159edseda KDU-\u010cSL Marian Jure\u010dka. Pan\u00ed poslankyn\u011b Va\u0148kov\u00e1, j\u00e1 s dovolen\u00edm nav\u00e1\u017eu na to, o \u010dem jste mluvila p\u0159ed chvili\u010dkou a zept\u00e1m se, jestli si mysl\u00edte, \u017ee va\u0161e vl\u00e1dn\u00ed koalice u\u017e realizovala n\u011bco z t\u011bch opat\u0159en\u00ed, kter\u00e1 by pomohla opravdu lidem s mal\u00fdmi d\u011btmi a pomohla jim t\u0159eba v\u00edc ne\u017e ta \u00faprava soci\u00e1ln\u00edho pojistn\u00e9ho?<br \/><br \/>Pavla PIVO\u0147KA VA\u0147KOV\u00c1, <br \/>&#8212;&#8212;&#8212;&#8212;&#8212;&#8212;&#8211;<br \/>Ur\u010dit\u011b ano, t\u011bch opat\u0159en\u00ed u\u017e se p\u0159ijalo n\u011bkolik, zvy\u0161ovali jsme rodi\u010dovsk\u00fd p\u0159\u00edsp\u011bvek, m\u00e1me, nebo bude p\u0159ich\u00e1zet do sn\u011bmovny z\u00e1kon o dostupn\u00e9m bydlen\u00ed, dal\u0161\u00ed v\u011bc, kter\u00e1 se chyst\u00e1 a u\u017e prob\u011bhla i vl\u00e1dou, je novela z\u00e1kona o d\u011btsk\u00fdch skupin\u00e1ch, kter\u00e1 pr\u00e1v\u011b poskytuje i nov\u00e9 modely p\u00e9\u010de o ty nejmen\u0161\u00ed d\u011bti a dal\u0161\u00ed v\u011bci se samoz\u0159ejm\u011b p\u0159ipravovat i budou a d\u00e1l prosazovat. Co je d\u016fle\u017eit\u00e9, aby ti rodi\u010de m\u011bli pocit, \u017ee opravdu ten st\u00e1t jim zajist\u00ed to, co pro to, aby mohli m\u00edt d\u011bti, pot\u0159ebuj\u00ed, to znamen\u00e1 kvalitn\u00ed p\u00e9\u010de, dostupn\u00e9 bydlen\u00ed, jak jsem \u0159\u00edkala v p\u0159edchoz\u00edm vstupu.<br \/><br \/>Jan BUMBA, moder\u00e1tor<br \/>&#8212;&#8212;&#8212;&#8212;&#8212;&#8212;&#8211;<br \/>Pane minist\u0159e, vy to vid\u00edte tak, \u017ee ta opat\u0159en\u00ed, o kter\u00fdch te\u010f jsme hovo\u0159ili, nejsou d\u016fle\u017eit\u011bj\u0161\u00ed a mo\u017en\u00e1 v\u00fdznamn\u011bj\u0161\u00ed i pro tu podporu porodnosti, o kter\u00e9 jste hovo\u0159il, \u017ee je tak d\u016fle\u017eit\u00e1.<br \/><br \/>Marian JURE\u010cKA, vicepremi\u00e9r,\u00a0<strong>ministr<\/strong>\u00a0<strong>pr\u00e1ce<\/strong>\u00a0a soci\u00e1ln\u00edch v\u011bc\u00ed, p\u0159edseda strany \/KDU-\u010cSL\/<br \/>&#8212;&#8212;&#8212;&#8212;&#8212;&#8212;&#8211;<br \/>J\u00e1 mysl\u00edm, \u017ee nen\u00ed \u017e\u00e1dn\u00e9 opat\u0159en\u00ed, kter\u00e9 by bylo takov\u00e9, \u017ee d\u00edky tomu, \u017ee ho zavedete, \u017ee se rodi\u010de rozhodnou a te\u010f budeme m\u00edt d\u011bti, tak si mysl\u00edm, \u017ee to fakt nefunguje. J\u00e1 jsem dalek d\u011blat tady n\u011bjak\u00e9 soci\u00e1ln\u00ed in\u017een\u00fdrstv\u00ed, ale co d\u011bl\u00e1m jako\u00a0<strong>ministr<\/strong>\u00a0<strong>pr\u00e1ce<\/strong>\u00a0a soci\u00e1ln\u00ed v\u011bc\u00ed, je odstra\u0148ovat bari\u00e9ry, odstra\u0148ovat p\u0159ek\u00e1\u017eky a vytv\u00e1\u0159et p\u0159\u00e1telskou spole\u010dnost, p\u0159\u00e1telsk\u00fd st\u00e1t v\u016f\u010di rodi\u010d\u016fm, a\u0165 u\u017e to, co tady zmi\u0148ovala kolegyn\u011b, tak kdy\u017e to jenom roz\u0161\u00ed\u0159\u00edm, \u010d\u00e1ste\u010dn\u00e9 \u00favazky podporovan\u00e9 i pr\u00e1v\u011b pro rodi\u010de, co pe\u010duj\u00ed o d\u011bti, vytv\u00e1\u0159en\u00ed kapacit p\u0159ed\u0161koln\u00edch vzd\u011bl\u00e1vac\u00edch za\u0159\u00edzen\u00ed, aby d\u011bti byly kam um\u00edstiteln\u00e9, kdy\u017e rodi\u010de se pot\u0159ebuj\u00ed vracet do pr\u00e1ce. Zase ne\u0159\u00edkejme rodi\u010d\u016fm, kdy se p\u0159esn\u011b maj\u00ed vracet do pr\u00e1ce a nechme to na nich, nechme to na t\u00e9 rodin\u011b, oni se rozhodnou, jak pot\u0159ebuj\u00ed. A v tomhle jako st\u00e1t a jako sou\u010dasn\u00e1 vl\u00e1dn\u00ed koalice jsme ud\u011blali celou \u0159adu, mysl\u00edm si, \u017ee docela d\u016fle\u017eit\u00fdch prosp\u011b\u0161n\u00fdch krok\u016f.<br \/><br \/>Jan BUMBA, moder\u00e1tor<br \/>&#8212;&#8212;&#8212;&#8212;&#8212;&#8212;&#8211;<br \/>A vy si mysl\u00edte, \u017ee opravdu za va\u0161\u00ed vl\u00e1dy se zv\u00fd\u0161ila dostupnost bydlen\u00ed, pane Jure\u010dko?<br \/><br \/>Marian JURE\u010cKA, <br \/>Pokud jde o bydlen\u00ed, tak to mus\u00edm \u0159\u00edct na rovinu, to je specifick\u00e1, slo\u017eit\u00e1 v\u011bc, kterou v\u00edme v\u0161ichni, \u017ee nevy\u0159e\u0161\u00edme z roku na rok, ale te\u010f m\u00e1me p\u0159ed sebou 1. \u010dervenec, start nov\u00e9ho stavebn\u00edho z\u00e1kona, kter\u00fd by m\u011bl p\u0159in\u00e9st rychlej\u0161\u00ed stavebn\u00ed \u0159\u00edzen\u00ed a tak\u00e9 i t\u00edm rychleji realizovanou bytovou v\u00fdstavbu, samoz\u0159ejm\u011b v t\u011bch v\u011bcech mus\u00edme ud\u011blat je\u0161t\u011b n\u011bkter\u00e9 dal\u0161\u00ed kroky, my samoz\u0159ejm\u011b te\u010f jako vl\u00e1da jsme se rozhodli uvolnit pozemky pro bytovou v\u00fdstavbu ze strany st\u00e1tu, kter\u00e9 by obce dost\u00e1valy, obce, m\u011bsta bez\u00faplatn\u00fdm p\u0159evodem a dal\u0161\u00ed kroky, v\u010detn\u011b investi\u010dn\u00ed, finan\u010dn\u00ed podpory.<br \/><br \/>Jan BUMBA, moder\u00e1tor<br \/>&#8212;&#8212;&#8212;&#8212;&#8212;&#8212;&#8211;<br \/>Pan\u00ed Va\u0148kov\u00e1, vy si taky mysl\u00edte, \u017ee to sta\u010d\u00ed, ta podpora bydlen\u00ed, mysl\u00edte si, \u017ee za va\u0161\u00ed vl\u00e1dy se to zlep\u0161ilo?<br \/><br \/>Pavla PIVO\u0147KA VA\u0147KOV\u00c1, <br \/>&#8212;&#8212;&#8212;&#8212;&#8212;&#8212;&#8211;<br \/>Tak tato vl\u00e1da je, nebo vl\u00e1dne 2,5 roku, pokud chcete reformovat syst\u00e9m, kter\u00fd byl dlouhodob\u011b zanedban\u00fd, tak na to pot\u0159ebujete n\u011bjak\u00fd \u010das, na to tu legislativu vyjednat a na to tu legislativu i prosadit v r\u00e1mci jedn\u00e1n\u00ed Poslaneck\u00e9 sn\u011bmovny, tak\u017ee samoz\u0159ejm\u011b se o to sna\u017e\u00edme, byli jsme si v\u011bdomi toho od za\u010d\u00e1tku, \u017ee tento probl\u00e9m m\u00e1me a \u017ee ho posouvat mus\u00edme, a to tak\u00e9 d\u011bl\u00e1me. A samoz\u0159ejm\u011b, a\u017e se n\u00e1m poda\u0159\u00ed p\u0159es ty neust\u00e1l\u00e9 obstrukce, kter\u00e9 tady ve sn\u011bmovn\u011b prob\u00edhaj\u00ed, z\u00e1konn\u00e9 dostupn\u00e9 bydlen\u00ed prosadit, tak je\u0161t\u011b to bude trvat roky, ne\u017e se z\u00faro\u010d\u00ed a ne\u017e uvid\u00edme tu efektivitu, proto\u017ee samoz\u0159ejm\u011b tam nastavujeme ty procesy, ale pot\u0159ebuje to v\u0161echno vlastn\u011b \u010das. My starostov\u00e9 poch\u00e1z\u00edme ze samospr\u00e1v a tam v komun\u00e1le se zastupitelstvo rozhodne, \u017ee n\u011bco zm\u011bn\u00ed a za p\u016fl roku to za\u010dne realizovat. Tady to samoz\u0159ejm\u011b tak jednoduch\u00e9 na \u00farovni sn\u011bmovn\u00ed nen\u00ed a bohu\u017eel je to tak.<br \/><br \/>Jan BUMBA, moder\u00e1tor<br \/>&#8212;&#8212;&#8212;&#8212;&#8212;&#8212;&#8211;<br \/>Jin\u00fdmi slovy, jin\u00fdmi slovy, zat\u00edm se to nestalo, ale sna\u017e\u00edte se.<br \/><br \/>Pavla PIVO\u0147KA VA\u0147KOV\u00c1, poslankyn\u011b, \u010dlenka v\u00fdboru pro soci\u00e1ln\u00ed politiku \/STAN\/<br \/>&#8212;&#8212;&#8212;&#8212;&#8212;&#8212;&#8211;<br \/>Ne, ne, to se stane, to se re\u00e1ln\u011b stane, proto\u017ee u\u017e je to ve f\u00e1zi, kdy u\u017e opravdu se to za\u010dne schvalovat.<br \/><br \/>Jan BUMBA, moder\u00e1tor<br \/>&#8212;&#8212;&#8212;&#8212;&#8212;&#8212;&#8211;<br \/>Poj\u010fme, pros\u00edm, zp\u00e1tky k tomu n\u00e1vrhu na zm\u011bny sazeb v soci\u00e1ln\u00edm poji\u0161t\u011bn\u00ed, pane minist\u0159e, ono to nen\u00ed, co se n\u00e1vrh na n\u011bjak\u00e9 vy\u0161\u0161\u00ed zdan\u011bn\u00ed bezd\u011btn\u00fdch lid\u00ed v \u010desk\u00e9 politice objevil. Pro\u010d pr\u00e1v\u011b te\u010f, pro\u010d ho pr\u00e1v\u011b te\u010f vrac\u00edte zase do hry?<br \/><br \/>Marian JURE\u010cKA, vicepremi\u00e9r,\u00a0<strong>ministr<\/strong>\u00a0<strong>pr\u00e1ce<\/strong>\u00a0a soci\u00e1ln\u00edch v\u011bc\u00ed, p\u0159edseda strany \/KDU-\u010cSL\/<br \/>&#8212;&#8212;&#8212;&#8212;&#8212;&#8212;&#8211;<br \/>Proto\u017ee te\u010f ta situace je opravdu alarmuj\u00edc\u00ed. My jsme v situaci, kdy n\u00e1m kles\u00e1 porodnost, vid\u00edme, \u017ee se propadly po\u010dty narozen\u00fdch d\u011bt\u00ed n\u011bkde na polovinu toho, co bylo v letech, n\u011bkdy kolem roku 1970 za na\u0161ich rodi\u010d\u016f, a to je obrovsk\u00fd probl\u00e9m do budoucna, kter\u00fd, kdy\u017e ho nedok\u00e1\u017eeme aktivn\u011b \u0159e\u0161it a vytv\u00e1\u0159et to p\u0159\u00e1telsk\u00e9, stimuluj\u00edc\u00ed, podporuj\u00edc\u00ed prost\u0159ed\u00ed, tak za t\u011bch 20, 30 let ty probl\u00e9my budou je\u0161t\u011b v\u011bt\u0161\u00ed, ne\u017e jsou dnes, tak\u017ee proto p\u0159ich\u00e1z\u00edme s t\u00edm na\u0161\u00edm n\u00e1vrhem, kdy kombinujeme to zv\u00fd\u0161en\u00ed slevy na d\u011bti, s t\u00edmto n\u00e1strojem, o kter\u00e9m tady dneska mluv\u00edme, kdy\u017e se aspo\u0148 n\u011bco z toho poda\u0159\u00ed. A j\u00e1 v\u011b\u0159\u00edm, \u017ee ano, proto\u017ee programov\u00e9 prohl\u00e1\u0161en\u00ed vl\u00e1dy jasn\u011b \u0159\u00edk\u00e1, \u017ee chceme zv\u00fd\u0161it slevy na d\u011bti, na poplatn\u00edka a zav\u00e9st da\u0148ov\u00e9 pr\u00e1zdniny pro d\u011bti, pro rodi\u010de, kte\u0159\u00ed maj\u00ed 3 a v\u00edce d\u011bt\u00ed. Tak\u017ee v t\u00e9 ekonomick\u00e9 oblasti a da\u0148ov\u00e9 oblasti je pot\u0159eba tyto n\u00e1stroje, abysme dot\u00e1hli do konce a j\u00e1 za lidovce jednozna\u010dn\u011b \u0159\u00edk\u00e1m, \u017ee toto dot\u00e1hnout chci.<br \/><br \/>Jan BUMBA, moder\u00e1tor<br \/>&#8212;&#8212;&#8212;&#8212;&#8212;&#8212;&#8211;<br \/>Kdy\u017e jste \u0159\u00edkal asi p\u0159ed 4 minutami, \u017ee nechcete praktikovat \u017e\u00e1dn\u00e9 soci\u00e1ln\u00ed in\u017een\u00fdrstv\u00ed, nejsou ty va\u0161e posledn\u00ed v\u011bty jaksi v rozporu?<br \/><br \/>Marian JURE\u010cKA, <br \/>Nejsou. Ty v\u011bty, kter\u00e9 tady \u0159\u00edk\u00e1m, ta opat\u0159en\u00ed jsou o svobodn\u00e9 volb\u011b \u010dlov\u011bka. Ka\u017ed\u00fd z n\u00e1s se m\u016f\u017ee rozhodnout a \u0159\u00edci si, jak s t\u00edm \u017eivotem chce nalo\u017eit, jakou strategii zvol\u00ed. Samoz\u0159ejm\u011b ano, n\u011bkdy do toho vstoup\u00ed je\u0161t\u011b n\u011bjak\u00e9 okolnosti, jako je t\u0159eba zm\u011bna zdravotn\u00edho stavu. Ale obecn\u011b vzato ta spole\u010dnost pot\u0159ebuje od toho st\u00e1tu i v t\u011bchto ekonomick\u00fdch n\u00e1stroj\u00edch sly\u0161et, kdy\u017e se chov\u00e1te jako zodpov\u011bdn\u00fd rodi\u010d, pracujete, leg\u00e1ln\u011b pracujete, tak my v\u00e1s ocen\u00edme, proto\u017ee to pot\u0159ebujeme, proto\u017ee je to d\u016fle\u017eit\u00e9 pro budoucnost.<br \/><br \/>Jan BUMBA, moder\u00e1tor<br \/>&#8212;&#8212;&#8212;&#8212;&#8212;&#8212;&#8211;<br \/>Pan\u00ed poslankyn\u011b Va\u0148kov\u00e1, vy jste \u0159\u00edkala hned v \u00favodu, \u017ee jste v takov\u00e9 slo\u017eit\u00e9 pozici, proto\u017ee jste koali\u010dn\u00ed poslankyn\u011b a z\u00e1rove\u0148 ten n\u00e1vrh je pro v\u00e1s problematick\u00fd, on v\u00e1s p\u0159ekvapil, vy jste nev\u011bd\u011bla, \u017ee lidovci n\u011bco takov\u00e9ho chystaj\u00ed, jako tento n\u00e1vrh?<br \/><br \/>Pavla PIVO\u0147KA VA\u0147KOV\u00c1, <br \/>&#8212;&#8212;&#8212;&#8212;&#8212;&#8212;&#8211;<br \/>Tak to nev\u011bd\u011bl nikdo z n\u00e1s. To jsme se dozv\u011bd\u011bli a\u017e v r\u00e1mci vystoupen\u00ed pana ministra na jejich konferenci k podpo\u0159e prorodinn\u00e9 politiky. Pr\u00e1v\u011b ta svobodn\u00e1 volba tam pro n\u00e1s prost\u011b nen\u00ed, proto\u017ee objektivn\u011b tam mohou b\u00fdt p\u0159\u00ed\u010diny, kter\u00e9 si ty lidi nevyb\u00edraj\u00ed, tak\u017ee v tomhle tom ur\u010dit\u011b souhlasit nebudeme, ale v t\u011bch ostatn\u00edch opat\u0159en\u00edch, slevov\u00fdch a tak d\u00e1le, tak tam si mysl\u00edm, \u017ee tu shodu najdeme, proto\u017ee ta prorodinn\u00e1 politika je pot\u0159eba, aby se prosazovala a my jako koali\u010dn\u00ed strany m\u00e1me ty opat\u0159en\u00ed t\u00e9 prorodinn\u00e9 politiky a v tom se shodujeme, ale prost\u011b v\u011bt\u0161\u00ed zdan\u011bn\u00ed bezd\u011btn\u00fdch opravdu nen\u00ed pro n\u00e1s v\u011bc, kterou bychom m\u011bli prosazovat a u kter\u00e9 bude podpora Starost\u016f.<br \/><br \/>Jan BUMBA, moder\u00e1tor<br \/>&#8212;&#8212;&#8212;&#8212;&#8212;&#8212;&#8211;<br \/>Nebylo by to, pan\u00ed poslankyn\u011b, ale opravdu tak, \u017ee to vy\u0161\u0161\u00ed zdan\u011bn\u00ed bezd\u011btn\u00fdch by bylo jak\u00fdmsi v\u00fdrazem solidarity s rodi\u010di d\u011bt\u00ed, kte\u0159\u00ed maj\u00ed v\u00edc starost\u00ed a mnohem v\u00edc prost\u0159edk\u016f prost\u011b musej\u00ed v\u011bnovat na v\u00fdchovu t\u011bch d\u011bt\u00ed. Nebylo by to tak?<br \/><br \/>Pavla PIVO\u0147KA VA\u0147KOV\u00c1, <br \/>Ta solidarita u\u017e prob\u00edh\u00e1. J\u00e1 jsem na za\u010d\u00e1tku \u0159\u00edkala, \u017ee obecn\u011b bezd\u011btn\u00ed maj\u00ed vy\u0161\u0161\u00ed p\u0159\u00edjmy, odv\u00e1d\u011bj\u00ed v\u011bt\u0161\u00ed dan\u011b, odv\u00e1d\u011bj\u00ed v\u011bt\u0161\u00ed pojistn\u00e9 a tak\u00e9 n\u00e1m nevypad\u00e1vaj\u00ed z toho trhu pr\u00e1ce v r\u00e1mci p\u00e9\u010de o d\u011bti, tak\u017ee oni u\u017e tomu st\u00e1tu odv\u00e1d\u011bj\u00ed v\u00edc. A zase se vrac\u00edm k tomu, \u017ee prost\u011b lidi se nerozhodujou, jestli ty d\u011bti \u010dasto budou m\u00edt, nebo nebudou.<br \/><br \/>Jan BUMBA, moder\u00e1tor<br \/>&#8212;&#8212;&#8212;&#8212;&#8212;&#8212;&#8211;<br \/>Pane Jure\u010dko, p\u0159em\u00fd\u0161l\u00edte, ano, pros\u00edm, cht\u011bl jste reagovat?<br \/><br \/>Marian JURE\u010cKA, vicepremi\u00e9r,\u00a0<strong>ministr<\/strong>\u00a0<strong>pr\u00e1ce<\/strong>\u00a0a soci\u00e1ln\u00edch v\u011bc\u00ed, p\u0159edseda strany \/KDU-\u010cSL\/<br \/>&#8212;&#8212;&#8212;&#8212;&#8212;&#8212;&#8211;<br \/>Jestli mohu jenom kr\u00e1tkou reakci. J\u00e1 p\u0159izn\u00e1m se, t\u00e9 argumentaci principu nerozum\u00edm, proto\u017ee jestli u t\u00e9 da\u0148ov\u00e9 oblasti, u t\u011bch da\u0148ov\u00fdch slev a da\u0148ov\u00fdch bonus\u016f \u0159\u00edk\u00e1m, \u017ee to je v po\u0159\u00e1dku, \u017ee tam nikdo nediskriminujeme a v\u00edme v\u0161ichni, \u017ee tam ten \u010dlov\u011bk, kter\u00fd nem\u00e1 ty d\u011bti, tak tyto instituty nem\u016f\u017ee uplatnit, tud\u00ed\u017e m\u00e1 vy\u0161\u0161\u00ed da\u0148ov\u00e9 zat\u00ed\u017een\u00ed, m\u00e1 ten vy\u0161\u0161\u00ed odvod, tak nerozum\u00edm tomu, \u017ee v t\u00e9to oblasti je to v po\u0159\u00e1dku a \u017ee vlastn\u011b v principu je to toto\u017en\u00e9, navrhujeme v t\u00e9 oblasti odvodu na soci\u00e1ln\u00ed poji\u0161t\u011bn\u00ed, tak u\u017e to v po\u0159\u00e1dku nen\u00ed, ale to je v\u011bc jako \u00fahlu pohledu. J\u00e1 jenom \u0159\u00edk\u00e1m, \u017ee ty principy jsou vlastn\u011b \u00fapln\u011b stejn\u00e9.<br \/><br \/>Pavla PIVO\u0147KA VA\u0147KOV\u00c1, <br \/>Jasn\u011b, ale te\u010f m\u00e1 vy\u0161\u0161\u00ed odvod a my chceme, aby m\u011bli je\u0161t\u011b vy\u0161\u0161\u00ed, nebo vy chcete.<br \/><br \/>Marian JURE\u010cKA, <br \/>A z\u00e1rove\u0148 v r\u00e1mci solidarity \u0159\u00edk\u00e1m, \u017ee u t\u011bch, kte\u0159\u00ed maj\u00ed d\u011bti, stejn\u011b jako v t\u00e9 dan\u00e9 oblasti, ten odvod vlastn\u011b sn\u00ed\u017e\u00edm na \u010dist\u00fd vy\u0161\u0161\u00ed p\u0159\u00edjem.<br \/><\/p>\n\n\n\n<p>&#8212;&#8212;&#8212;&#8212;&#8212;&#8212;&#8211;<br \/>Pane vicepremi\u00e9re, p\u0159em\u00fd\u0161l\u00edte i o jin\u00fdch mo\u017enostech, jak, v uvozovk\u00e1ch, odm\u011bnit lidi za to, \u017ee vychovali nov\u00e9ho da\u0148ov\u00e9ho poplatn\u00edka, t\u0159eba jim zv\u00fd\u0161it d\u016fchody?<br \/><br \/>Marian JURE\u010cKA, vicepremi\u00e9r,\u00a0<strong>ministr<\/strong>\u00a0<strong>pr\u00e1ce<\/strong>\u00a0a soci\u00e1ln\u00edch v\u011bc\u00ed, p\u0159edseda strany \/KDU-\u010cSL\/<br \/>&#8212;&#8212;&#8212;&#8212;&#8212;&#8212;&#8211;<br \/>Takhle, my se sna\u017e\u00edme te\u010f i v r\u00e1mci n\u00e1vrhu d\u016fchodov\u00e9 reformy vlastn\u011b prov\u00e1zat tu odpov\u011bdnost t\u011bch rodi\u010d\u016f a ocen\u011bn\u00ed t\u011bch rodi\u010d\u016f v t\u011bch dal\u0161\u00edch souvislostech, proto\u017ee dneska t\u0159eba ten d\u016fchodov\u00fd syst\u00e9m v\u00e1s ocen\u00ed jenom za to, jak dlouho pracujete a za va\u0161i v\u00fd\u0161i v\u00fdd\u011blku, ale v\u016fbec v\u00e1s neocen\u00ed a nehodnot\u00ed to, \u017ee jste vychov\u00e1val d\u00edt\u011b, \u017ee ta maminka byla s n\u00edm doma, ob\u011btovala \u010d\u00e1st kari\u00e9ry, p\u0159i\u0161la o \u010d\u00e1st v\u00fdd\u011blku, ten syst\u00e9m v\u00e1s vlastn\u011b dneska paradoxn\u011b za to potrest\u00e1, proto v t\u00e9 d\u016fchodov\u00e9 reform\u011b ten rodinn\u00fd vym\u011b\u0159ovac\u00ed z\u00e1klad, kter\u00fd oce\u0148uje i tu rodi\u010dovstv\u00ed, ale t\u0159eba i tu p\u00e9\u010di, kdy\u017e t\u0159eba pe\u010dujete o man\u017eela, man\u017eelku, o sv\u00e9 rodi\u010de, to jsou v\u0161echno v\u011bci, kter\u00e9 jsou d\u016fle\u017eit\u00e9 pro to fungov\u00e1n\u00ed rodin a pro ty mezilidsk\u00e9 vztahy a jsem r\u00e1d, \u017ee ten st\u00e1t a tato koali\u010dn\u00ed vl\u00e1da, \u017ee to spole\u010dn\u011b vlastn\u011b napravujeme.<br \/><br \/>Jan BUMBA, moder\u00e1tor<br \/>&#8212;&#8212;&#8212;&#8212;&#8212;&#8212;&#8211;<br \/>Pan\u00ed poslankyn\u011b, pokud tedy ta \u00faprava sazeb soci\u00e1ln\u00edho poji\u0161t\u011bn\u00ed nen\u00ed pro v\u00e1s spr\u00e1vn\u00e1 cesta, vid\u00edte n\u011bjakou jinou, jak lidi odm\u011bnit za to, \u017ee vychovaj\u00ed d\u00edt\u011b a tedy p\u0159iprav\u00ed pro st\u00e1t da\u0148ov\u00e9ho poplatn\u00edka?<br \/><br \/>Pavla PIVO\u0147KA VA\u0147KOV\u00c1, poslankyn\u011b, \u010dlenka v\u00fdboru pro soci\u00e1ln\u00ed politiku \/STAN\/<br \/>&#8212;&#8212;&#8212;&#8212;&#8212;&#8212;&#8211;<br \/>J\u00e1 se tady p\u0159id\u00e1m, samoz\u0159ejm\u011b jsme r\u00e1di za to, \u017ee tato opat\u0159en\u00ed jsou v r\u00e1mci d\u016fchodov\u00e9 reformy, a to je ta dobr\u00e1 zpr\u00e1va, proto\u017ee medi\u00e1ln\u011b se \u010dasto d\u016fchodov\u00e1 reforma soust\u0159ed\u00ed jenom na zv\u00fd\u0161en\u00ed odchodu do d\u016fchodu, ale u\u017e se neakcentuj\u00ed ty pozitivn\u00ed zpr\u00e1vy, kter\u00e9 jdou pr\u00e1v\u011b sm\u011brem k pe\u010duj\u00edc\u00edm. A jak \u0159\u00edkal pan ministr, to, \u017ee je jedno z opat\u0159en\u00ed d\u016fchodov\u00e9 reformy rodinn\u00fd vym\u011b\u0159ovac\u00ed z\u00e1klad, je p\u0159ece skv\u011bl\u00fd, \u017ee \u017eeny prim\u00e1rn\u011b, kter\u00e9 vypad\u00e1vaj\u00ed z trhu pr\u00e1ce a staraj\u00ed se nejprve o d\u011bti a pak v dal\u0161\u00ed \u017eivotn\u00ed f\u00e1zi t\u0159eba o sv\u00e9 rodi\u010de, tak nebudou biti na v\u00fdm\u011b\u0159e d\u016fchodu. Tak\u017ee to je v\u011bc, kter\u00e1 ur\u010dit\u011b akcentuje zase to prorodinn\u00e9 t\u00e9ma a za to jsme r\u00e1di, a to velmi podporujeme a na tom jsme se, jak \u0159\u00edk\u00e1 pan ministr, i koali\u010dn\u011b shodli.<br \/><br \/>Jan BUMBA, moder\u00e1tor<br \/>&#8212;&#8212;&#8212;&#8212;&#8212;&#8212;&#8211;<br \/>Pane Jure\u010dko, je\u0161t\u011b jedna v\u011bc, v t\u011bch rozborech va\u0161eho n\u00e1vrhu jsme mohli \u010d\u00edst tak\u00e9 to, \u017ee podle n\u011bkter\u00fdch ekonom\u016f by ten n\u00e1vrh pomohl jen t\u011bm rodin\u00e1m, kter\u00e9 u\u017e te\u010f maj\u00ed v\u00edce d\u011bt\u00ed, ale t\u011b\u017eko by p\u0159im\u011bl n\u011bkoho k tomu, aby si d\u011bti po\u0159\u00eddil. Co na to \u0159\u00edk\u00e1te?<br \/><br \/>Marian JURE\u010cKA, <br \/>J\u00e1 se p\u0159izn\u00e1m, j\u00e1 jsem hrozn\u011b dalek pou\u017e\u00edvat slovo po\u0159\u00eddit si d\u00edt\u011b. J\u00e1 jsem tady \u0159\u00edkal&#8230;<br \/><br \/>Jan BUMBA, moder\u00e1tor<br \/>&#8212;&#8212;&#8212;&#8212;&#8212;&#8212;&#8211;<br \/>Aby d\u011bti m\u011bl, omlouv\u00e1m se.<br \/><br \/>Marian JURE\u010cKA, <br \/>&#8212;&#8212;&#8212;&#8212;&#8212;&#8212;&#8211;<br \/>J\u00e1 tvrd\u00edm, \u017ee my jako st\u00e1t m\u00e1me vytvo\u0159it podporu, podporuj\u00edc\u00ed prost\u0159ed\u00ed, odstranit bari\u00e9ry, ale fakt to rozhodnut\u00ed v\u017edycky bude to individu\u00e1ln\u00ed, osobn\u00ed na t\u011bch dvou rodi\u010d\u00edch. A j\u00e1 bych si samoz\u0159ejm\u011b hrozn\u011b p\u0159\u00e1l, aby ten, kdo m\u00e1 dneska jedno d\u00edt\u011b, aby to zv\u00e1\u017eil a \u0159ekl, hele, tak zvl\u00e1dneme to druh\u00e9 je\u0161t\u011b, anebo ten, kdo m\u00e1 dv\u011b, \u0159ekl, tak zvl\u00e1dneme je\u0161t\u011b to t\u0159et\u00ed. Toto, kdyby jako se poda\u0159ilo v t\u00e9 praxi, tak by bylo skv\u011bl\u00fd. A ten st\u00e1t ale na to nem\u00e1 \u017e\u00e1dn\u00fd geni\u00e1ln\u00ed n\u00e1stroj, jak tohle zaaplikovat, my m\u00e1me jenom n\u00e1stroje, kter\u00fdmi m\u016f\u017eeme vytv\u00e1\u0159et n\u011bjak\u00e9 odstra\u0148ov\u00e1n\u00ed je\u0161t\u011b n\u011bjak\u00fdch bari\u00e9r, kter\u00e9 z\u016fst\u00e1vaj\u00ed v t\u00e9 ekonomick\u00e9 oblasti, \u0159\u00edct, ale kdy\u017e m\u00e1te d\u011bti, tak prost\u011b to nebude o tom, \u017ee chudnete, \u017ee se dostanete do n\u011bjak\u00e9 obt\u00ed\u017en\u00e9 \u017eivotn\u00ed situace. Ne, st\u00e1t na to bude pamatovat a st\u00e1t v\u00e1m v\u017edycky dok\u00e1\u017ee pomoci.<br \/><br \/>Jan BUMBA, moder\u00e1tor<br \/>&#8212;&#8212;&#8212;&#8212;&#8212;&#8212;&#8211;<br \/>Pan\u00ed poslankyn\u011b, mohl by to b\u00fdt prvek, kter\u00fd by motivoval lidi k tomu, aby m\u011bli v\u00edce d\u011bt\u00ed, anebo taky souhlas\u00edte tedy s tou argumentac\u00ed, kterou jsem p\u0159edest\u0159el, tedy, \u017ee by to vyu\u017e\u00edvali a pomohlo by to jenom t\u011bm rodin\u00e1m, kter\u00e9 u\u017e te\u010f v\u00edce d\u011bt\u00ed maj\u00ed.<br \/><br \/>Pavla PIVO\u0147KA VA\u0147KOV\u00c1, <br \/>Tak mn\u011b trochu p\u0159ipad\u00e1, \u017ee KDU c\u00edl\u00ed na \u00fapln\u00e9, pouze na \u00fapln\u00e9 rodiny, kter\u00e9 jsou na ur\u010dit\u00e9 p\u0159\u00edjmov\u00e9 v\u00fd\u0161i. Mus\u00edme si ale uv\u011bdomit, \u017ee d\u011bti nevychov\u00e1vaj\u00ed jenom p\u00e1ry a \u00fapln\u00e9 rodiny, ale i samo\u017eivitel\u00e9, a ty \u00fapln\u011b nejsou v t\u00fd komfortn\u00ed situaci, \u017ee si mohou slevu na d\u00edt\u011b uplatnit v takov\u00e9 \u0161\u00ed\u0159i jako t\u0159eba p\u00e1r.<br \/><br \/>Jan BUMBA, moder\u00e1tor<br \/>&#8212;&#8212;&#8212;&#8212;&#8212;&#8212;&#8211;<br \/>Jin\u00fdmi slovy, to je pro v\u00e1s dal\u0161\u00ed argument proti.<br \/><br \/>Pavla PIVO\u0147KA VA\u0147KOV\u00c1, poslankyn\u011b, \u010dlenka v\u00fdboru pro soci\u00e1ln\u00ed politiku \/STAN\/<br \/>&#8212;&#8212;&#8212;&#8212;&#8212;&#8212;&#8211;<br \/>Ano. D\u00e1l n\u00e1s tam zar\u00e1\u017e\u00ed je\u0161t\u011b ta hranice t\u011bch 35 let v\u011bku, proto\u017ee jsme nikde nedostali \u017e\u00e1dn\u00fd p\u00edsemn\u00fd podklad, tak i m\u011b samotnou zaj\u00edm\u00e1, jak vlastn\u011b do\u0161li k t\u00e9to v\u011bkov\u00e9 hranici, proto\u017ee do 35 je teda v po\u0159\u00e1dku d\u011bti nem\u00edt a od 35 u\u017e bychom m\u011bli teda ty lidi perzekuovat n\u011bjak\u00fdm zv\u00fd\u0161en\u00fdm odvodem.<br \/><br \/><br \/>&#8212;&#8212;&#8212;&#8212;&#8212;&#8212;&#8211;<br \/>My budeme samoz\u0159ejm\u011b osud toho n\u00e1vrhu d\u00e1le sledovat, zaj\u00edm\u00e1 n\u00e1s, jak to nakonec dopadne. D\u011bkuji pro tuto chv\u00edli ob\u011bma za diskuzi. Hosty Pro a proti byli m\u00edstop\u0159edsedkyn\u011b s sn\u011bmovn\u00edho soci\u00e1ln\u00edho v\u00fdboru Pavla Pivo\u0148ka Va\u0148kov\u00e1 z hnut\u00ed STAN. Na shledanou.<br \/><br \/><\/p>\n","protected":false},"excerpt":{"rendered":"<div class=\"mh-excerpt\"><p>\u010cRo Plus\u00a0&#8211; Pro a proti M\u011bl by st\u00e1t finan\u010dn\u011b odm\u011b\u0148ovat lidi, kte\u0159\u00ed maj\u00ed v\u00edce d\u011bt\u00ed? Koali\u010dn\u00ed lidovci p\u0159i\u0161li s n\u00e1vrhem na sn\u00ed\u017een\u00ed soci\u00e1ln\u00edho poji\u0161t\u011bn\u00ed pro <a class=\"mh-excerpt-more\" href=\"https:\/\/www.invarena.cz\/?p=48706\" title=\"Pro a proti: Marian Jure\u010dka (KDU-\u010cSL), Pavla Pivo\u0148ka Va\u0148kov\u00e1 (STAN)\u00a0\u00a0\">[&#8230;]<\/a><\/p>\n<\/div>","protected":false},"author":1,"featured_media":48708,"comment_status":"open","ping_status":"closed","sticky":false,"template":"","format":"standard","meta":{"footnotes":""},"categories":[9],"tags":[],"class_list":["post-48706","post","type-post","status-publish","format-standard","has-post-thumbnail","hentry","category-zpravy"],"_links":{"self":[{"href":"https:\/\/www.invarena.cz\/index.php?rest_route=\/wp\/v2\/posts\/48706","targetHints":{"allow":["GET"]}}],"collection":[{"href":"https:\/\/www.invarena.cz\/index.php?rest_route=\/wp\/v2\/posts"}],"about":[{"href":"https:\/\/www.invarena.cz\/index.php?rest_route=\/wp\/v2\/types\/post"}],"author":[{"embeddable":true,"href":"https:\/\/www.invarena.cz\/index.php?rest_route=\/wp\/v2\/users\/1"}],"replies":[{"embeddable":true,"href":"https:\/\/www.invarena.cz\/index.php?rest_route=%2Fwp%2Fv2%2Fcomments&post=48706"}],"version-history":[{"count":0,"href":"https:\/\/www.invarena.cz\/index.php?rest_route=\/wp\/v2\/posts\/48706\/revisions"}],"wp:featuredmedia":[{"embeddable":true,"href":"https:\/\/www.invarena.cz\/index.php?rest_route=\/wp\/v2\/media\/48708"}],"wp:attachment":[{"href":"https:\/\/www.invarena.cz\/index.php?rest_route=%2Fwp%2Fv2%2Fmedia&parent=48706"}],"wp:term":[{"taxonomy":"category","embeddable":true,"href":"https:\/\/www.invarena.cz\/index.php?rest_route=%2Fwp%2Fv2%2Fcategories&post=48706"},{"taxonomy":"post_tag","embeddable":true,"href":"https:\/\/www.invarena.cz\/index.php?rest_route=%2Fwp%2Fv2%2Ftags&post=48706"}],"curies":[{"name":"wp","href":"https:\/\/api.w.org\/{rel}","templated":true}]}}