{"id":48777,"date":"2024-05-08T14:18:47","date_gmt":"2024-05-08T12:18:47","guid":{"rendered":"https:\/\/www.invarena.cz\/?p=48777"},"modified":"2024-05-08T14:18:48","modified_gmt":"2024-05-08T12:18:48","slug":"gang-migrantu-rozseva-strach-v-nemeckem-meste","status":"publish","type":"post","link":"https:\/\/www.invarena.cz\/?p=48777","title":{"rendered":"Gang migrant\u016f rozs\u00e9v\u00e1 strach v\u00a0n\u011bmeck\u00e9m m\u011bst\u011b.\u00a0"},"content":{"rendered":"\n<p>V Ahausu ve\u00a0spolkov\u00e9 zemi Severn\u00ed Por\u00fdn\u00ed-Vestf\u00e1lsko u\u017e n\u011bkolik m\u011bs\u00edc\u016f \u0159\u00e1d\u00ed zlo\u010dineck\u00fd gang mlad\u00edk\u016f. Tlupa mladistv\u00fdch migrant\u016f p\u00e1ch\u00e1 trestnou \u010dinnost ve \u0161kol\u00e1ch, v\u00a0z\u00e1meck\u00e9 zahrad\u011b a\u00a0kolem n\u00e1dra\u017e\u00ed.<\/p>\n\n\n\n<p>\u201eM\u00e1me co do \u010din\u011bn\u00ed se&nbsp;skupinou 23&nbsp;d\u011bt\u00ed a&nbsp;mlad\u00fdch lid\u00ed ve v\u011bku od dev\u00edti do 17&nbsp;let, kte\u0159\u00ed se potloukaj\u00ed po centru m\u011bsta,\u201c p\u0159ipustil v&nbsp;den\u00edku&nbsp;<a target=\"_blank\" rel=\"noreferrer noopener\" href=\"https:\/\/www.bild.de\/regional\/ruhrgebiet\/nrw-jugendbande-terrorisiert-kleinstadt-ahaus-15-gegen-einen-6635000e763a460859c0f24d\">Bild&nbsp;<\/a>policejn\u00ed mluv\u010d\u00ed Thorsten Ohm.<\/p>\n\n\n\n<p>Mladistv\u00ed podle sv\u011bdk\u016f obt\u011b\u017euj\u00ed spolu\u017e\u00e1ky a\u00a0vyhro\u017euj\u00ed jim. Seznam jejich p\u0159estupk\u016f je v\u0161ak del\u0161\u00ed: rva\u010dky, pron\u00e1sledov\u00e1n\u00ed, vyd\u00edr\u00e1n\u00ed pomoc\u00ed filmov\u00fdch z\u00e1znam\u016f, poni\u017eov\u00e1n\u00ed, po\u0161kozov\u00e1n\u00ed majetku, ru\u0161en\u00ed no\u010dn\u00edho klidu a\u00a0vniknut\u00ed na ciz\u00ed pozemek.<\/p>\n\n\n\n<p>Dvan\u00e1ctilet\u00e9mu, jeho\u017e vy\u0161et\u0159ovatel\u00e9 pova\u017euj\u00ed za v\u016fdce gangu, dok\u00e1zala policie p\u0159i\u0159adit 50&nbsp;trestn\u00fdch \u010din\u016f. \u201eObvin\u011bn\u00ed v&nbsp;jeho p\u0159\u00edpad\u011b sahaj\u00ed od t\u011b\u017ek\u00e9ho ubl\u00ed\u017een\u00ed na zdrav\u00ed a\u017e po ur\u00e1\u017eky a&nbsp;vyhro\u017eov\u00e1n\u00ed,\u201c up\u0159esnil Ohm.<\/p>\n\n\n\n<p>Pachatel\u00e9 jsou si velmi dob\u0159e v\u011bdomi faktu, \u017ee je na n\u011b z\u00e1kon kr\u00e1tk\u00fd. \u201eVid\u00edm to p\u0159i sv\u00e9 ka\u017edodenn\u00ed pr\u00e1ci ve \u0161kol\u00e1ch. Nezletil\u00ed pachatel\u00e9 v\u011bd\u00ed, \u017ee nebudou potrest\u00e1ni. Proto nep\u0159estanou,\u201c vysv\u011btlil Carsten Stahl (51), psycholog zab\u00fdvaj\u00edc\u00ed se \u0161ikanou.<\/p>\n\n\n\n<p>T\u0159in\u00e1ctilet\u00e9ho syna zdravotn\u00edka Mikea Jugela (48) gang n\u011bkolikr\u00e1t napadl. \u201eJednou ho vyzvali na souboj. Jindy ho obkl\u00ed\u010dili. Donutili ho bezd\u016fvodn\u011b pokleknout p\u0159ed v\u016fdcem a&nbsp;omluvit se mu. P\u0159itom si ho nat\u00e1\u010deli na video. Podali jsme st\u00ed\u017enost a&nbsp;se\u0161li jsme se s&nbsp;dal\u0161\u00edmi rodi\u010di ob\u011bt\u00ed. Tohle u\u017e mus\u00ed p\u0159estat,\u201c rozho\u0159\u010duje se.<\/p>\n\n\n\n<p>\u201ePak ho znovu p\u0159epadli. Zase jich bylo n\u011bkolik, samoz\u0159ejm\u011b. Plivali na n\u011bj, bili ho zezadu do hlavy, kopali ho do zad,\u201c p\u0159idala se v\u00a0televizi\u00a0<a href=\"https:\/\/www1.wdr.de\/nachrichten\/westfalen-lippe\/gruppe-bedroht-jugendliche-ahaus-100.html\" target=\"_blank\" rel=\"noreferrer noopener\">Westdeutscher Rundfunk\u00a0<\/a>chlapcova matka Bianca Jugelov\u00e1 (41).<\/p>\n\n\n\n<p>\u201eJednomu z&nbsp;na\u0161ich star\u0161\u00edch z\u00e1kazn\u00edk\u016f nad\u00e1vali do nacistick\u00fdch svin\u00ed. Plivali kolem sebe a&nbsp;rozhazovali odpadkov\u00e9 ko\u0161e,\u201c l\u00ed\u010d\u00ed Antonia H. (26) z&nbsp;pek\u00e1rny v&nbsp;srdci m\u011bsta.<\/p>\n\n\n\n<p>D\u016fchodce Theo S. (75&nbsp;let) se tak\u00e9 boj\u00ed, kdy\u017e vid\u00ed v&nbsp;centru m\u011bsta hlu\u010dnou, sebejistou a&nbsp;agresivn\u00ed partu mlad\u00edk\u016f.: \u201eUh\u00fdb\u00e1m jim z&nbsp;cesty, kdy\u017e mus\u00edm, p\u0159ejdu ulici. M\u00e1m strach,\u201c netaj\u00ed se.<\/p>\n\n\n\n<h2 class=\"wp-block-heading\">Starostka: Nen\u00ed to tak zl\u00e9<\/h2>\n\n\n\n<p>Phobe U. (15) spolu se spolu\u017e\u00e1ky vid\u011bla, jak v&nbsp;z\u00e1meck\u00e9m parku asi 15&nbsp;teenager\u016f ml\u00e1tilo jednoho chlapce. \u201eZas\u00e1hli jsme a&nbsp;oni n\u00e1m pak nad\u00e1vali do kurev a&nbsp;svin\u00ed. Kdy\u017e jsem zavolala dal\u0161\u00ed kamar\u00e1dy na pomoc, utekli pry\u010d,\u201c l\u00ed\u010d\u00ed.<\/p>\n\n\n\n<p>Policie je v&nbsp;kontaktu s&nbsp;m\u011bstem, \u00fa\u0159adem p\u00e9\u010de o&nbsp;ml\u00e1de\u017e a&nbsp;\u0161kolami. P\u0159esto starostka Karola Vosseov\u00e1 (61) nevid\u00ed situaci nijak dramaticky.<\/p>\n\n\n\n<p>\u201eZ m\u00e9ho pohledu to nen\u00ed tak zl\u00e9,\u201c \u0159ekla Bildu. \u201eAle samoz\u0159ejm\u011b to st\u00e1le bereme v\u00e1\u017en\u011b. Policie m\u00e1 zv\u00fd\u0161enou p\u0159\u00edtomnost na ur\u010dit\u00fdch m\u00edstech, kde se mlad\u00ed lid\u00e9 \u010dasto zdr\u017euj\u00ed. Jedn\u00e1me tak\u00e9 se \u0161kolami a&nbsp;zva\u017eujeme, jak situaci \u0159e\u0161it,\u201c dodala.<\/p>\n\n\n\n<p> <\/p>\n","protected":false},"excerpt":{"rendered":"<div class=\"mh-excerpt\"><p>V Ahausu ve\u00a0spolkov\u00e9 zemi Severn\u00ed Por\u00fdn\u00ed-Vestf\u00e1lsko u\u017e n\u011bkolik m\u011bs\u00edc\u016f \u0159\u00e1d\u00ed zlo\u010dineck\u00fd gang mlad\u00edk\u016f. Tlupa mladistv\u00fdch migrant\u016f p\u00e1ch\u00e1 trestnou \u010dinnost ve \u0161kol\u00e1ch, v\u00a0z\u00e1meck\u00e9 zahrad\u011b a\u00a0kolem n\u00e1dra\u017e\u00ed. <a class=\"mh-excerpt-more\" href=\"https:\/\/www.invarena.cz\/?p=48777\" title=\"Gang migrant\u016f rozs\u00e9v\u00e1 strach v\u00a0n\u011bmeck\u00e9m m\u011bst\u011b.\u00a0\">[&#8230;]<\/a><\/p>\n<\/div>","protected":false},"author":1,"featured_media":48778,"comment_status":"open","ping_status":"closed","sticky":false,"template":"","format":"standard","meta":{"footnotes":""},"categories":[7],"tags":[],"class_list":["post-48777","post","type-post","status-publish","format-standard","has-post-thumbnail","hentry","category-spolecnost"],"_links":{"self":[{"href":"https:\/\/www.invarena.cz\/index.php?rest_route=\/wp\/v2\/posts\/48777","targetHints":{"allow":["GET"]}}],"collection":[{"href":"https:\/\/www.invarena.cz\/index.php?rest_route=\/wp\/v2\/posts"}],"about":[{"href":"https:\/\/www.invarena.cz\/index.php?rest_route=\/wp\/v2\/types\/post"}],"author":[{"embeddable":true,"href":"https:\/\/www.invarena.cz\/index.php?rest_route=\/wp\/v2\/users\/1"}],"replies":[{"embeddable":true,"href":"https:\/\/www.invarena.cz\/index.php?rest_route=%2Fwp%2Fv2%2Fcomments&post=48777"}],"version-history":[{"count":0,"href":"https:\/\/www.invarena.cz\/index.php?rest_route=\/wp\/v2\/posts\/48777\/revisions"}],"wp:featuredmedia":[{"embeddable":true,"href":"https:\/\/www.invarena.cz\/index.php?rest_route=\/wp\/v2\/media\/48778"}],"wp:attachment":[{"href":"https:\/\/www.invarena.cz\/index.php?rest_route=%2Fwp%2Fv2%2Fmedia&parent=48777"}],"wp:term":[{"taxonomy":"category","embeddable":true,"href":"https:\/\/www.invarena.cz\/index.php?rest_route=%2Fwp%2Fv2%2Fcategories&post=48777"},{"taxonomy":"post_tag","embeddable":true,"href":"https:\/\/www.invarena.cz\/index.php?rest_route=%2Fwp%2Fv2%2Ftags&post=48777"}],"curies":[{"name":"wp","href":"https:\/\/api.w.org\/{rel}","templated":true}]}}