{"id":48787,"date":"2024-05-08T15:11:03","date_gmt":"2024-05-08T13:11:03","guid":{"rendered":"https:\/\/www.invarena.cz\/?p=48787"},"modified":"2024-05-08T15:11:03","modified_gmt":"2024-05-08T13:11:03","slug":"skolaci-ze-zdaru-vymysleli-chytre-bryle-pro-nevidome-svet-meni-ve-zvuk","status":"publish","type":"post","link":"https:\/\/www.invarena.cz\/?p=48787","title":{"rendered":"\u0160kol\u00e1ci ze \u017d\u010f\u00e1ru vymysleli chytr\u00e9 br\u00fdle pro nevidom\u00e9, sv\u011bt m\u011bn\u00ed ve zvuk"},"content":{"rendered":"\n<p>St\u0159edo\u0161kol\u00e1ci ze \u017d\u010f\u00e1ru navrhli chytr\u00e9 br\u00fdle pro nevidom\u00e9, kter\u00e9 okoln\u00ed sv\u011bt p\u0159ev\u00e1d\u00ed na zvuk. Unik\u00e1tn\u00ed projekt jim vynesl v\u00edt\u011bzstv\u00ed v celost\u00e1tn\u00ed sout\u011b\u017ei.<\/p>\n\n\n\n<p>\u017d\u010f\u00e1r\u0161t\u00ed studenti zv\u00edt\u011bzili v sout\u011b\u017ei Solve for Tomorrow, v\u011bnovan\u00e9 technologick\u00fdm projekt\u016fm se soci\u00e1ln\u00edm p\u0159esahem.<\/p>\n\n\n\n<p>V\u00edt\u011bzstv\u00ed vybojovali studenti VO\u0160 a SP\u0160 \u017d\u010f\u00e1r nad S\u00e1zavou pot\u00e9 co, b\u011bhem p\u016fl roku vymysleli a sestavili prototyp chytr\u00fdch br\u00fdl\u00ed pro nevidom\u00e9. \u201cVyu\u017e\u00edvaj\u00ed vsazenou kameru a um\u011blou inteligenci k p\u0159evodu okoln\u00edho prost\u0159ed\u00ed na zvuk,\u201d uvedla medi\u00e1ln\u00ed z\u00e1stupkyn\u011b sout\u011b\u017ee Eli\u0161ka Crkovsk\u00e1.<\/p>\n\n\n\n<p>O kone\u010dn\u00e9m po\u0159ad\u00ed finalist\u016f rozhodla odborn\u00e1 porota na konci dubna v Praze.<\/p>\n\n\n\n<p>Na sv\u00fdch technologick\u00fdch \u0159e\u0161en\u00edch pro \u201esmart future\u201c studenti pracovali p\u016fl roku, do fin\u00e1le se dostalo top 10 z celkov\u00e9ho po\u010dtu 72 p\u0159ihl\u00e1\u0161en\u00fdch t\u00fdm\u016f z \u010ceska a Slovenska.<\/p>\n\n\n\n<p>\u201eVe fin\u00e1le se se\u0161lo r\u016fznorod\u00e9 spektrum projekt\u016f, od aplikac\u00ed, softwar\u016f, webov\u00fdch slu\u017eeb a\u017e po fyzick\u00e9 produkty nebo cel\u00e9 ekosyst\u00e9my. Porota to m\u011bla o to t\u011b\u017e\u0161\u00ed, \u017ee ka\u017ed\u00e1 z inovac\u00ed byla v n\u011b\u010dem unik\u00e1tn\u00ed, odli\u0161n\u00e1 od ostatn\u00edch a studenti je prezentovali na vysok\u00e9 \u00farovni,\u201d uvedla Zuzana Mrav\u00edk Zelenick\u00e1, mana\u017eerka CSR program\u016f spole\u010dnosti Samsung, kter\u00e1 glob\u00e1ln\u00ed sout\u011b\u017e v tuzemsku iniciuje.<\/p>\n\n\n\n<p>Za p\u00e1r m\u011bs\u00edc\u016f se v\u0161ichni finalist\u00e9 propracovali od p\u0159edstav a\u017e k funk\u010dn\u00edm prototyp\u016fm a testov\u00e1n\u00ed. \u201cA pr\u00e1v\u011b ti, kte\u0159\u00ed dok\u00e1zali sv\u016fj projekt neust\u00e1le rozv\u00edjet a formovat podle v\u00fdsledk\u016f testov\u00e1n\u00ed, zp\u011btn\u00fdch vazeb a zji\u0161\u0165ov\u00e1n\u00ed skute\u010dn\u00fdch pot\u0159eb c\u00edlov\u00e9 skupiny, v programu usp\u011bli. Takov\u00fd produkt obstoj\u00ed a m\u016f\u017ee b\u00fdt prosp\u011b\u0161n\u00fd statis\u00edc\u016fm lid\u00ed,\u201c dodala Zuzana Mrav\u00edk Zelenick\u00e1.<\/p>\n\n\n\n<p>Druhou p\u0159\u00ed\u010dku v sout\u011b\u017ei obsadila studentka pra\u017esk\u00e9ho Gymn\u00e1zia Arabsk\u00e1, kter\u00e1 naprogramovala aplikaci pro snadn\u011bj\u0161\u00ed dorozum\u011bn\u00ed s neverb\u00e1ln\u00edmi autisty, a na t\u0159et\u00ed pozici se um\u00edstili studenti St\u0159edn\u00ed pr\u016fmyslov\u00e9 \u0161koly v Brn\u011b s novou soci\u00e1ln\u00ed s\u00edt\u00ed sdru\u017euj\u00edc\u00ed tren\u00e9ry, fitness centra a lidi s chut\u00ed cvi\u010dit.<\/p>\n\n\n\n<p>V\u00cdT\u011aZOV\u00c9 PROGRAMU SOLVE FOR TOMORROW 2023\/24 a jejich projekty<\/p>\n\n\n\n<p>1. t\u00fdm VisionNex, VO\u0160 a SP\u0160 \u017d\u010f\u00e1r nad S\u00e1zavou: chytr\u00e9 br\u00fdle, kter\u00e9 vyu\u017e\u00edvaj\u00ed vsazenou kameru a um\u011blou inteligenci k p\u0159evodu okoln\u00edho prost\u0159ed\u00ed na zvuk<\/p>\n\n\n\n<p>2. t\u00fdm DOMLUV SE!, Gymn\u00e1zium Arabsk\u00e1, Praha 6: Android aplikace, kter\u00e1 umo\u017e\u0148uje jednoduchou a rychlou pr\u00e1ci s obr\u00e1zkov\u00fdmi karti\u010dkami pro komunikaci<\/p>\n\n\n\n<p>3. t\u00fdm GYMSPACE, St\u0159edn\u00ed pr\u016fmyslov\u00e1 \u0161kola Brno, Purky\u0148ova: aplikace slou\u017e\u00edc\u00ed k budov\u00e1n\u00ed fitness komunit, tzn. propojov\u00e1n\u00ed nov\u00e1\u010dk\u016f, tren\u00e9r\u016f, fitness center pro vy\u0161\u0161\u00ed edukaci a motivaci<\/p>\n\n\n\n<p>Ond\u0159ej \u0160v\u00e1ra<\/p>\n\n\n\n<p>\u017d\u010f\u00e1rsk\u00fd den\u00edk<\/p>\n\n\n\n<p><a href=\"https:\/\/zdarsky.denik.cz\" target=\"_blank\" rel=\"noreferrer noopener\">https:\/\/zdarsky.denik.cz<\/a><\/p>\n","protected":false},"excerpt":{"rendered":"<div class=\"mh-excerpt\"><p>St\u0159edo\u0161kol\u00e1ci ze \u017d\u010f\u00e1ru navrhli chytr\u00e9 br\u00fdle pro nevidom\u00e9, kter\u00e9 okoln\u00ed sv\u011bt p\u0159ev\u00e1d\u00ed na zvuk. Unik\u00e1tn\u00ed projekt jim vynesl v\u00edt\u011bzstv\u00ed v celost\u00e1tn\u00ed sout\u011b\u017ei. \u017d\u010f\u00e1r\u0161t\u00ed studenti zv\u00edt\u011bzili <a class=\"mh-excerpt-more\" href=\"https:\/\/www.invarena.cz\/?p=48787\" title=\"\u0160kol\u00e1ci ze \u017d\u010f\u00e1ru vymysleli chytr\u00e9 br\u00fdle pro nevidom\u00e9, sv\u011bt m\u011bn\u00ed ve zvuk\">[&#8230;]<\/a><\/p>\n<\/div>","protected":false},"author":1,"featured_media":783,"comment_status":"open","ping_status":"closed","sticky":false,"template":"","format":"standard","meta":{"footnotes":""},"categories":[9],"tags":[],"class_list":["post-48787","post","type-post","status-publish","format-standard","has-post-thumbnail","hentry","category-zpravy"],"_links":{"self":[{"href":"https:\/\/www.invarena.cz\/index.php?rest_route=\/wp\/v2\/posts\/48787","targetHints":{"allow":["GET"]}}],"collection":[{"href":"https:\/\/www.invarena.cz\/index.php?rest_route=\/wp\/v2\/posts"}],"about":[{"href":"https:\/\/www.invarena.cz\/index.php?rest_route=\/wp\/v2\/types\/post"}],"author":[{"embeddable":true,"href":"https:\/\/www.invarena.cz\/index.php?rest_route=\/wp\/v2\/users\/1"}],"replies":[{"embeddable":true,"href":"https:\/\/www.invarena.cz\/index.php?rest_route=%2Fwp%2Fv2%2Fcomments&post=48787"}],"version-history":[{"count":0,"href":"https:\/\/www.invarena.cz\/index.php?rest_route=\/wp\/v2\/posts\/48787\/revisions"}],"wp:featuredmedia":[{"embeddable":true,"href":"https:\/\/www.invarena.cz\/index.php?rest_route=\/wp\/v2\/media\/783"}],"wp:attachment":[{"href":"https:\/\/www.invarena.cz\/index.php?rest_route=%2Fwp%2Fv2%2Fmedia&parent=48787"}],"wp:term":[{"taxonomy":"category","embeddable":true,"href":"https:\/\/www.invarena.cz\/index.php?rest_route=%2Fwp%2Fv2%2Fcategories&post=48787"},{"taxonomy":"post_tag","embeddable":true,"href":"https:\/\/www.invarena.cz\/index.php?rest_route=%2Fwp%2Fv2%2Ftags&post=48787"}],"curies":[{"name":"wp","href":"https:\/\/api.w.org\/{rel}","templated":true}]}}