{"id":4881,"date":"2013-05-13T23:30:47","date_gmt":"2013-05-13T21:30:47","guid":{"rendered":"http:\/\/www.invarena.cz\/?p=4881"},"modified":"2013-05-16T10:27:46","modified_gmt":"2013-05-16T08:27:46","slug":"duvera-v-kone-a-jejich-nepoznane-schopnosti","status":"publish","type":"post","link":"https:\/\/www.invarena.cz\/?p=4881","title":{"rendered":"D\u016fv\u011bra v kon\u011b a jejich nepoznan\u00e9 schopnosti"},"content":{"rendered":"<p><strong>Ka\u017ed\u00fd v\u00ed, \u017ee nevidom\u00fdm pom\u00e1haj\u00ed vodic\u00ed psi. M\u00e1lokdo u\u017e ale tu\u0161\u00ed, \u017ee srovnatelnou pomoc mohou zrakov\u011b posti\u017een\u00fdm nab\u00eddnout i kon\u011b. Jak bezpe\u010dn\u011b se zcela nevidom\u00fd \u010dlov\u011bk c\u00edt\u00ed, kdy\u017e ho takov\u00fd k\u016f\u0148 vede a to i p\u0159es frekventovan\u00e1 m\u00edsta, se m\u016f\u017eete do\u010d\u00edst v na\u0161em \u010dl\u00e1nku.<\/strong><br \/>\n<!--more--><br \/>\n\u0158\u00edk\u00e1te si, \u017ee k\u016f\u0148 a nevidom\u00fd, to nejde moc k sob\u011b. Opak je pravdou. Spousta nevidom\u00fdch lid\u00ed se o kon\u011b zaj\u00edm\u00e1, mnoz\u00ed dokonce i na koni jezd\u00ed. Tv\u016frce n\u00e1padu v Americe napadlo, \u017ee kdy\u017e se kon\u011b daj\u00ed vycvi\u010dit pro nejr\u016fzn\u011bj\u0161\u00ed hereck\u00e1 p\u0159edstaven\u00ed, tak pro\u010d by nemohli zvl\u00e1dnout v\u00fdcvik na pomocn\u00edka pro nevidom\u00e9. V\u00fdsledky pokusu byly \u0161okuj\u00edc\u00ed. Vhodn\u00fd k\u016f\u0148 dok\u00e1\u017ee vodit nevidom\u00e9ho u\u017e po \u010dty\u0159ech m\u011bs\u00edc\u00edch v\u00fdcviku, tedy mnohem d\u0159\u00edve ne\u017e by toho byl kdy schopen pes.<\/p>\n<p><strong>A jak\u00fd k\u016f\u0148 je vhodn\u00fd?<\/strong><\/p>\n<p>Zat\u00edm se cvi\u010d\u00ed jen kon\u011b plemene Mini Horse. Kon\u00edk, kter\u00fd se bez probl\u00e9m\u016f vejde do dopravn\u00edho prost\u0159edku, d\u00e1 se s n\u00edm j\u00edt po chodn\u00edku a proj\u00edt u\u017e\u0161\u00edm prostorem.<\/p>\n<p>I kdy\u017e se jedn\u00e1 o unik\u00e1tn\u00ed projekt a jen v USA dos\u00e1hl n\u011bjak\u00fdch v\u00fdsledk\u016f, pokud se d\u00e1 o devaten\u00e1cti vycvi\u010den\u00fdch kon\u00edc\u00edch mluvit jako o slu\u0161n\u00fdch v\u00fdsledc\u00edch, tak v \u010cR se m\u016f\u017eeme setkat s jedinou perfektn\u011b vycvi\u010denou kobylkou Katrijn na sv\u011bt\u011b mimo USA.<\/p>\n<p>Za to, \u017ee ji zde m\u00e1me vd\u011b\u010d\u00edme Zuzan\u011b Dau\u0161ov\u00e9, \u0159editelce v\u00fdcvikov\u00e9ho centra vodic\u00edch a asisten\u010dn\u00edch ps\u016f Helppes o.s., kter\u00e9 s\u00eddl\u00ed v Praze.<\/p>\n<p><strong>Pan\u00ed Dau\u0161ov\u00e1 se m\u016f\u017ee py\u0161nit sv\u00fdmi v\u00fdborn\u011b vycvi\u010den\u00fdmi psy, ale co ji vedlo k vycvi\u010den\u00ed Katrijn?<\/strong><\/p>\n<p>&#8222;Zjistila jsem na internetu, \u017ee v Americe pro nevidom\u00e9 cvi\u010d\u00ed kon\u011b. Vid\u011bla jsem n\u011bjak\u00e1 videa z jejich v\u00fdcviku a \u0159ekla jsem si, \u017ee kdy\u017e to zvl\u00e1dli Ameri\u010dani, tak my p\u0159ece nejsme takov\u00ed pitomci, abychom to tak\u00e9 nezvl\u00e1dli. A proto\u017ee j\u00e1, co si vezmu do hlavy, to uskute\u010dn\u00edm, tak jsme hned za\u010dali hledat vhodn\u00e9ho kon\u00edka,&#8220; popisuje \u00fapln\u00e9 za\u010d\u00e1tky projektu v \u010cR Zuzana Dau\u0161ov\u00e1. A nezapom\u00edn\u00e1 si post\u011b\u017eovat, \u017ee by v\u0161e mo\u017en\u00e1 \u0161lo sn\u00e1ze, kdyby Ameri\u010dan\u00e9, kte\u0159\u00ed u\u017e s v\u00fdcvikem m\u011bli zku\u0161enosti, komunikovali. Z jejich strany ale nebyl z\u00e1jem o v\u00fdm\u011bnu informac\u00ed s n\u011bjak\u00fdmi \u010cechy.<\/p>\n<p>Podle n\u00ed trvalo asi p\u016fl roku, ne\u017e se poda\u0159ilo vybrat vhodnou kobylku. Katrijn je dovezena z Holandska, kde cel\u00fd sv\u016fj dosavadn\u00ed \u017eivot tr\u00e1vila na travnat\u00fdch pl\u00e1n\u00edch, byla tedy naprosto nesocializovan\u00e1. Kdy\u017e Zuzan\u011b Dau\u0161ov\u00e9 jej\u00ed poradci, kte\u0159\u00ed byli z \u0159ad ko\u0148\u00e1k\u016f, radili, \u017ee Katrijn je pr\u00e1v\u011b ta spr\u00e1vn\u00e1 kobylka, ptala se jich, jestli si mysl\u00ed, \u017ee tak divok\u00e1 kobyla bude schopna chodit t\u0159eba po V\u00e1clav\u00e1ku. Tenkr\u00e1t j\u00ed tvrdili, \u017ee j\u00ed mus\u00ed d\u00e1t tak \u010dtrn\u00e1ct dn\u00ed a u\u017e ji ani nepozn\u00e1, jak snadno se socializuje. Pan\u00ed Dau\u0161ov\u00e1 jedn\u00edm dechem dod\u00e1v\u00e1, \u017ee m\u011bli naprostou pravdu.<\/p>\n<p>Tak\u00e9 informace od Ameri\u010dan\u016f, \u017ee je mo\u017en\u00e9 kon\u011b vycvi\u010dit za pouh\u00e9 \u010dty\u0159i m\u011bs\u00edce nebyla l\u017eiv\u00e1. &#8222;Katrijn, i kdy\u017e nebyla ze za\u010d\u00e1tku v\u016fbec socializovan\u00e1, vedla bez probl\u00e9m\u016f prvn\u00edho nevidom\u00e9ho po \u010dty\u0159ech a p\u016fl m\u011bs\u00edc\u00edch,&#8220; \u0159\u00edk\u00e1 Dau\u0161ov\u00e1.<\/p>\n<p><strong>A jak bezpe\u010dn\u011b jsem se c\u00edtil, kdy\u017e mne Katrijn vedla?<\/strong><\/p>\n<p>Z\u00e1\u017eitkem bylo u\u017e jen, kdy\u017e si to Katrijn p\u0159icv\u00e1lala, p\u0159ecejen kon\u00edk plemene Mini Horse se nevid\u00ed ka\u017ed\u00fd den. Z po\u010d\u00e1tku to sice vypadalo, \u017ee si kobylka mysl\u00ed sv\u00e9, proto\u017ee by si jist\u011b rad\u011bji pochutn\u00e1vala na \u0161\u0165av\u0148a\u0165ou\u010dk\u00e9 travi\u010dce n\u011bkde na pastv\u011b, ale kdy\u017e dostala postroj, v\u011bd\u011bla, \u017ee ji \u010dek\u00e1 pr\u00e1ce.<\/p>\n<p>Katrijn se hned tak\u00e9 p\u0159edvedla, jak\u00e9 asisten\u010dn\u00ed schopnosti m\u00e1. Cokoli pan\u00ed Dau\u0161ov\u00e9 upadlo, Katrijn ochotn\u011b podala.<\/p>\n<p>Je\u0161t\u011b dostala nezbytn\u00e9 boti\u010dky, kter\u00e9 pot\u0159ebuje, aby neuklouzla po kluzk\u00e9m povrchu a u\u017e se mohlo vyrazit.<\/p>\n<p>Vzal jsem si do ruky tzv. vodi\u010d, kter\u00fdm mi Katrijn naprosto z\u0159eteln\u011b nazna\u010dovala, jak\u00fdm sm\u011brem te\u010f p\u016fjdeme. Obrovskou v\u00fdhodou je, \u017ee kobylka reaguje na stejn\u00e9 povely jako vodic\u00ed psi. Kdy\u017e chceme j\u00edt, \u0159ekneme vp\u0159ed. Pokud pot\u0159ebujeme nal\u00e9zt dve\u0159e, \u0159ekneme dve\u0159e. A reaguje i na zm\u011bnu sm\u011bru doleva pota\u017emo doprava. V\u0161echny p\u0159\u00edkazy vykonala s naprostou jistotou a lehkost\u00ed.<\/p>\n<p>Zuzana Dau\u0161ov\u00e1 m\u011b b\u011bhem na\u0161\u00ed proch\u00e1zky upozor\u0148ovala na nejv\u011bt\u0161\u00ed p\u0159ednosti, kter\u00e9 oproti ps\u016fm Katrijn m\u00e1:<\/p>\n<p>&#8222;Katrijn je \u00fa\u017easn\u00e1 v tom, \u017ee kdy\u017e vede, tak se naprosto soust\u0159ed\u00ed na toho nevidom\u00e9ho. J\u00e1 jako jej\u00ed tren\u00e9r jsem j\u00ed naprosto ukraden\u00e1, klidn\u011b m\u011b nacpe n\u011bkam do trn\u00ed, hlavn\u011b, kdy\u017e ten nevidom\u00fd nenaraz\u00ed do sloupu. To u psa neexistuje, ten je na tren\u00e9ra hodn\u011b fixovan\u00fd a v\u017edy se bude hodn\u011b soust\u0159edit na tren\u00e9ra. Dal\u0161\u00ed neocenitelnou v\u00fdhodou vodic\u00edho kon\u011b je, \u017ee Katrijn si velice dob\u0159e uv\u011bdomuje toho nevidom\u00e9ho vedle sebe. Nikdy tak nevejde do m\u00edsta, kam by se oba neve\u0161li.&#8220;<\/p>\n<p>Vysv\u011btluje to nap\u0159\u00edklad na p\u0159\u00edpadu, kdy jdete po obchodn\u00edm centru a uprost\u0159ed uli\u010dky bude vyskl\u00e1dan\u00e9 zbo\u017e\u00ed. Nebude tam dostatek prostoru, aby oba pro\u0161li. Katrijn situaci bleskov\u011b vyhodnot\u00ed a zahne a\u017e do dal\u0161\u00ed uli\u010dky a cel\u00e9 m\u00edsto obejde.<\/p>\n<p>Zat\u00edmco pes by podle pan\u00ed Dau\u0161ov\u00e9 zahnul do uli\u010dky s vyskl\u00e1dan\u00fdm zbo\u017e\u00edm a pak by se oba n\u011bjak slo\u017eit\u011b vraceli, pes nedok\u00e1\u017ee na d\u00e1lku vyhodnotit, zda se tam s nevidom\u00fdm vejde, \u010di ne.<\/p>\n<p>Kdy\u017e m\u011b kobylka vedla, c\u00edtil jsem se velice bezpe\u010dn\u011b. Z po\u010d\u00e1tku jsem si samoz\u0159ejm\u011b v\u00edce hl\u00eddal svou pravou stranu b\u00edlou hol\u00ed. To i z d\u016fvodu, \u017ee mi chvilku trvalo, ne\u017e jsem si zvykl na zm\u011bny sm\u011bru, kter\u00e9 mi Katrijn vodi\u010dem nazna\u010dovala. Po chv\u00edli u\u017e jsem se ale zcela nechal v\u00e9st a d\u016fv\u011b\u0159oval jsem j\u00ed.<\/p>\n<p>J\u00e1 s\u00e1m vn\u00edm\u00e1m jako velkou v\u00fdhodu, \u017ee Katrijn je sice mal\u00fd kon\u00edk, ale po\u0159\u00e1d mnohem vy\u0161\u0161\u00ed ne\u017e kter\u00fdkoli pes vycvi\u010diteln\u00fd pro nevidom\u00e9. Je velice uklid\u0148uj\u00edc\u00ed, kdy\u017e vedle v\u00e1s jde k\u016f\u0148, kter\u00fd v\u00e1m d\u00e1v\u00e1 najevo zm\u011bnu sm\u011bru vodi\u010dem, ale i pohybem sv\u00e9ho t\u011bla, je\u017e je doopravdy mohutn\u00e9.<\/p>\n<p>Podle Zuzany Dau\u0161ov\u00e9 je tak\u00e9 obrovskou v\u00fdhodou, \u017ee \u010dlov\u011bk, kter\u00fd se pot\u0159ebuje ob\u010das o kon\u011b op\u0159\u00edt, m\u00e1 u Katrijn mo\u017enost. \u017d\u00e1dn\u00fd pes by n\u011bjak\u00e9 op\u00edr\u00e1n\u00ed kv\u016fli sv\u00e9 stavb\u011b p\u00e1te\u0159e dlouhodob\u011b nevydr\u017eel.<\/p>\n<p>Katrijn je dokonce nau\u010den\u00e1, stejn\u011b jako vodic\u00ed psi, \u017ee na za\u010d\u00e1tku a konci ka\u017ed\u00e9ho p\u0159echodu se m\u00e1 zastavit, d\u00e1 tak najevo nevidom\u00e9mu, \u017ee za\u010d\u00edn\u00e1 nebo kon\u010d\u00ed p\u0159echod, a \u017ee m\u016f\u017ee n\u00e1sledovat obrubn\u00edk.<\/p>\n<p>S\u00e1m jsem m\u011bl trochu strach z toho, jak kobylka zvl\u00e1dne schody. K m\u00e9mu p\u0159ekvapen\u00ed s t\u00edm nem\u011bla v\u016fbec \u017e\u00e1dn\u00fd probl\u00e9m. A znovu, na za\u010d\u00e1tku a konci schod\u016f se zastavila, aby o tom nevidom\u00fd v\u011bd\u011bl. Podle jej\u00ed cvi\u010ditelky pr\u00e1v\u011b schody ale ze za\u010d\u00e1tku v\u00fdcviku d\u011blaly Katrijn pot\u00ed\u017ee.<\/p>\n<p>&#8222;Katrijn m\u011bla tendence schody vyskakovat a nebo seskakovat, hlavn\u011b tedy t\u0159eba ty v tramvaji, autobusu apod. Bylo to pro ni prost\u011b p\u0159irozen\u00e9.&#8220; J\u00e1 v\u0161ak mohu \u0159\u00edci, \u017ee schody u\u017e te\u010f Katrijn zvl\u00e1d\u00e1 brilantn\u011b.<\/p>\n<p><strong>Pro koho by byl vodic\u00ed k\u016f\u0148 vhodn\u00fd?<\/strong><\/p>\n<p>Po proch\u00e1zce s Katrijn jsem se s pan\u00ed Dau\u0161ovou bavil o budoucnosti cel\u00e9ho projektu v \u010cR, pro koho by byla ochotna kon\u011b vycvi\u010dit a zda by si na to v\u016fbec znovu troufla.<\/p>\n<p>&#8222;Mysl\u00edm si, \u017ee vodic\u00ed k\u016f\u0148 je vhodn\u00fd pro \u010dlov\u011bka, kter\u00fd mu dok\u00e1\u017ee v prv\u00e9 \u0159ad\u011b zajistit vhodn\u00e9 podm\u00ednky k \u017eit\u00ed. Klient by musel minim\u00e1ln\u011b m\u00edt domek s dostate\u010dn\u011b velkou zahradou. Je\u0161t\u011b d\u016fle\u017eit\u011bj\u0161\u00ed v\u0161ak je, aby m\u011bl hlubok\u00fd vztah ke kon\u00edm.<\/p>\n<p>&#8222;\u00dapln\u011b ide\u00e1ln\u00ed by pro kobylku byl n\u011bjak\u00fd oslepl\u00fd ko\u0148\u00e1k, pro takov\u00e9ho \u010dlov\u011bka by vodic\u00ed k\u016f\u0148 byl ur\u010dit\u011b nejv\u011bt\u0161\u00edm p\u0159\u00ednosem. Je tak\u00e9 d\u016fle\u017eit\u00e9 si uv\u011bdomit, \u017ee k\u016f\u0148 plemene Mini Horse \u017eije \u010dty\u0159icet a\u017e pades\u00e1t let, klient by cel\u00e9 rozhodnut\u00ed musel velice zva\u017eovat. To byl tak\u00e9 d\u016fvod, pro\u010d si to p\u00e1n, kter\u00fd m\u011bl o Katrijn z\u00e1jem, nakonec rozmyslel. Na druhou stranu je takov\u00fd k\u016f\u0148 vhodn\u00fd pro \u010dlov\u011bka, kter\u00fd t\u011b\u017ece nese smrt sv\u00e9ho ps\u00edho pomocn\u00edka,&#8220; vysv\u011btluje Zuzana Dau\u0161ov\u00e1.<\/p>\n<p>Na mou ot\u00e1zku, zda by si troufla vycvi\u010dit dal\u0161\u00edho kon\u011b, nezav\u00e1hala ihned odpov\u011bd\u011bt, \u017ee ano. Sama by v\u0161ak pova\u017eovala za obrovsk\u00fd \u00fasp\u011bch, kdyby se na\u0161el jeden z\u00e1jemce alespo\u0148 ka\u017ed\u00fdch deset let.<\/p>\n<p>Klient by podle n\u00ed musel proj\u00edt velice tvrd\u00fdmi testy, mnohem t\u011b\u017e\u0161\u00edmi, ne\u017e z\u00e1jemci o psa. Cht\u011bla by toti\u017e m\u00edt naprostou jistotu, \u017ee kon\u00edk p\u016fjde do t\u011bch spr\u00e1vn\u00fdch rukou.<\/p>\n<p>Z osobn\u00ed zku\u0161enosti mohu \u0159\u00edci, \u017ee Zuzana Dau\u0161ov\u00e1 m\u00e1 Katrijn doopravdy perfektn\u011b vycvi\u010denou a nen\u00ed pochyb, \u017ee by dal\u0161\u00edho kon\u00edka dok\u00e1zala vycvi\u010dit stejn\u011b dob\u0159e, mo\u017en\u00e1 dokonce i d\u00edky nasb\u00edran\u00fdm zku\u0161enostem l\u00e9pe. P\u0159ejme j\u00ed tak, aby se n\u011bjak\u00fd z\u00e1jemce o kon\u00edka na\u0161el a projekt vodic\u00edch kon\u00ed m\u011bl v \u010cR pokra\u010dov\u00e1n\u00ed.<\/p>\n<p>Ji\u0159\u00ed Marek<br \/>\ninvArena<\/p>\n","protected":false},"excerpt":{"rendered":"<div class=\"mh-excerpt\"><p>Ka\u017ed\u00fd v\u00ed, \u017ee nevidom\u00fdm pom\u00e1haj\u00ed vodic\u00ed psi. M\u00e1lokdo u\u017e ale tu\u0161\u00ed, \u017ee srovnatelnou pomoc mohou zrakov\u011b posti\u017een\u00fdm nab\u00eddnout i kon\u011b. Jak bezpe\u010dn\u011b se zcela nevidom\u00fd <a class=\"mh-excerpt-more\" href=\"https:\/\/www.invarena.cz\/?p=4881\" title=\"D\u016fv\u011bra v kon\u011b a jejich nepoznan\u00e9 schopnosti\">[&#8230;]<\/a><\/p>\n<\/div>","protected":false},"author":3,"featured_media":4899,"comment_status":"open","ping_status":"open","sticky":false,"template":"","format":"standard","meta":{"footnotes":""},"categories":[7],"tags":[],"class_list":["post-4881","post","type-post","status-publish","format-standard","has-post-thumbnail","hentry","category-spolecnost"],"_links":{"self":[{"href":"https:\/\/www.invarena.cz\/index.php?rest_route=\/wp\/v2\/posts\/4881","targetHints":{"allow":["GET"]}}],"collection":[{"href":"https:\/\/www.invarena.cz\/index.php?rest_route=\/wp\/v2\/posts"}],"about":[{"href":"https:\/\/www.invarena.cz\/index.php?rest_route=\/wp\/v2\/types\/post"}],"author":[{"embeddable":true,"href":"https:\/\/www.invarena.cz\/index.php?rest_route=\/wp\/v2\/users\/3"}],"replies":[{"embeddable":true,"href":"https:\/\/www.invarena.cz\/index.php?rest_route=%2Fwp%2Fv2%2Fcomments&post=4881"}],"version-history":[{"count":0,"href":"https:\/\/www.invarena.cz\/index.php?rest_route=\/wp\/v2\/posts\/4881\/revisions"}],"wp:featuredmedia":[{"embeddable":true,"href":"https:\/\/www.invarena.cz\/index.php?rest_route=\/wp\/v2\/media\/4899"}],"wp:attachment":[{"href":"https:\/\/www.invarena.cz\/index.php?rest_route=%2Fwp%2Fv2%2Fmedia&parent=4881"}],"wp:term":[{"taxonomy":"category","embeddable":true,"href":"https:\/\/www.invarena.cz\/index.php?rest_route=%2Fwp%2Fv2%2Fcategories&post=4881"},{"taxonomy":"post_tag","embeddable":true,"href":"https:\/\/www.invarena.cz\/index.php?rest_route=%2Fwp%2Fv2%2Ftags&post=4881"}],"curies":[{"name":"wp","href":"https:\/\/api.w.org\/{rel}","templated":true}]}}