{"id":48853,"date":"2024-05-10T00:09:03","date_gmt":"2024-05-09T22:09:03","guid":{"rendered":"https:\/\/www.invarena.cz\/?p=48853"},"modified":"2024-05-10T00:09:04","modified_gmt":"2024-05-09T22:09:04","slug":"koreni-do-chutne-smesi-velke-ceny-mesta-pardubic-primichali-wimmer-a-horacek","status":"publish","type":"post","link":"https:\/\/www.invarena.cz\/?p=48853","title":{"rendered":"Ko\u0159en\u00ed do chutn\u00e9 sm\u011bsi Velk\u00e9 ceny m\u011bsta Pardubic p\u0159im\u00edchali Wimmer a Hor\u00e1\u010dek"},"content":{"rendered":"\n<p>Sv\u00e1tek v\u00edt\u011bzstv\u00ed. Pro dva nov\u00e9 \u010desk\u00e9 rekordmany byl 27. ro\u010dn\u00edk Velk\u00e9 ceny m\u011bsta Pardubic v PARA atletice sv\u00e1tkem a z\u00e1rove\u0148 i v\u00edt\u011bzstv\u00edm. Michal Wimmer by se mohl p\u0159ejmenovat na Winner. S Tom\u00e1\u0161em Hor\u00e1\u010dkem u\u017e to je ve slovn\u00edch p\u0159esmy\u010dk\u00e1ch podstatn\u011b hor\u0161\u00ed\u2026 Z\u00e1vody si u\u017eili rovn\u011b\u017e ostatn\u00ed, kte\u0159\u00ed na tuto tradi\u010dn\u00ed akci zav\u00edtali. V leto\u0161n\u00edm roce handicapovan\u00ed sportovci ze t\u0159\u00ed zem\u00ed, tud\u00ed\u017e dostala p\u0159\u00edvlastek mezin\u00e1rodn\u00ed.<\/p>\n\n\n\n<p>Tady jsou doma. Ji\u017e posedmadvac\u00e1t\u00e9 se na M\u011bstsk\u00e9m atletick\u00e9m stadionu v Pardubic\u00edch na Dukle se\u0161li PARA sportovci, aby pom\u011b\u0159ili sv\u00e9 s\u00edly v atletick\u00fdch discipl\u00edn\u00e1ch v poli i na dr\u00e1ze. Velk\u00e1 cena Pardubic v PARA atletice je ji\u017e tradi\u010dn\u00ed a velmi obl\u00edbenou sportovn\u00ed akc\u00ed. Pat\u0159\u00ed mezi vybran\u00e9 v\u00fdznamn\u00e9 podniky podporovan\u00e9 N\u00e1rodn\u00ed sportovn\u00ed agenturou. Jak ji\u017e tradice p\u0159edpov\u00edd\u00e1, nebyla zde nouze o rekordy ani letos.<\/p>\n\n\n\n<p>Po\u0159adatel\u016fm z dom\u00e1c\u00edho spolku Atletika Bez Bari\u00e9r Pardubice se do tohoto z\u00e1vodu p\u0159ihl\u00e1silo p\u0159es 140 z\u00e1vodn\u00edk\u016f ve v\u00edce ne\u017e 300 jednotliv\u00fdch startech. \u00da\u010dastnili se \u010de\u0161t\u00ed reprezentanti, ale tak\u00e9 \u00fapln\u00ed nov\u00e1\u010dci. Startovala i PARA atletick\u00e1 ml\u00e1de\u017e v r\u00e1mci vlo\u017een\u00e9ho prvn\u00edho kola Juniorsk\u00e9ho poh\u00e1ru. Na start z\u00e1vod\u016f se ale postavili sportovci ze sedmn\u00e1cti atletick\u00fdch klub\u016f, ale tak\u00e9 ze t\u0159\u00ed zem\u00ed \u2013 \u010cesk\u00e9 republiky, Slovenska a Ma\u010farska.<\/p>\n\n\n\n<p>V r\u00e1mci Velk\u00e9 ceny byly p\u0159ekon\u00e1ny dva \u010desk\u00e9 rekordy. O prvn\u00ed se postaral Michal Vimmer z TJ Halma Plze\u0148, kdy\u017e v hodu diskem poprv\u00e9 p\u0159ekonal \u010dty\u0159icetimetrovou hranici, a to o \u0161est centimetr\u016f. Podruh\u00e9 se p\u0159episovaly tabulky \u010desk\u00fdch rekord\u016f kv\u016fli Tom\u00e1\u0161i Hor\u00e1\u010dkovi z SC JU Praha, kter\u00fd v hodu diskem skupiny posti\u017een\u00ed F 34 p\u0159edvedl v\u00fdkon 26,66 m.<\/p>\n\n\n\n<p>Z\u00e1vody byly oko\u0159en\u011bn\u00e9 celou \u0159adou skv\u011bl\u00fdch v\u00fdkon\u016f a osobn\u00edch zlep\u0161en\u00ed. Po z\u00e1sluze putovaly do rukou t\u011bch nejlep\u0161\u00edch origin\u00e1ln\u00ed medaile, diplomy i d\u00e1rky. Je t\u0159eba zm\u00ednit, \u017ee z\u00e1vod byl sankcionovan\u00fd, tak\u017ee v\u00fdsledky atlet\u016f s licenc\u00ed poputuj\u00ed do sv\u011btov\u00e9ho \u017eeb\u0159\u00ed\u010dku. Sportovci odj\u00ed\u017ed\u011bli spokojen\u00ed a po\u0159adatel\u00e9 z Atletiky Bez Bari\u00e9r Pardubice byli t\u00e9\u017e spokojeni. Stovky hodin p\u0159\u00edprav se rozhodn\u011b vyplatily.<\/p>\n\n\n\n<p>Zden\u011bk Zamastil<\/p>\n\n\n\n<p>Pardubick\u00fd den\u00edk<\/p>\n\n\n\n<p><a href=\"https:\/\/pardubicky.denik.cz\" target=\"_blank\" rel=\"noreferrer noopener\">https:\/\/pardubicky.denik.cz<\/a><\/p>\n","protected":false},"excerpt":{"rendered":"<div class=\"mh-excerpt\"><p>Sv\u00e1tek v\u00edt\u011bzstv\u00ed. Pro dva nov\u00e9 \u010desk\u00e9 rekordmany byl 27. ro\u010dn\u00edk Velk\u00e9 ceny m\u011bsta Pardubic v PARA atletice sv\u00e1tkem a z\u00e1rove\u0148 i v\u00edt\u011bzstv\u00edm. Michal Wimmer by <a class=\"mh-excerpt-more\" href=\"https:\/\/www.invarena.cz\/?p=48853\" title=\"Ko\u0159en\u00ed do chutn\u00e9 sm\u011bsi Velk\u00e9 ceny m\u011bsta Pardubic p\u0159im\u00edchali Wimmer a Hor\u00e1\u010dek\">[&#8230;]<\/a><\/p>\n<\/div>","protected":false},"author":1,"featured_media":6904,"comment_status":"open","ping_status":"closed","sticky":false,"template":"","format":"standard","meta":{"footnotes":""},"categories":[9],"tags":[],"class_list":["post-48853","post","type-post","status-publish","format-standard","has-post-thumbnail","hentry","category-zpravy"],"_links":{"self":[{"href":"https:\/\/www.invarena.cz\/index.php?rest_route=\/wp\/v2\/posts\/48853","targetHints":{"allow":["GET"]}}],"collection":[{"href":"https:\/\/www.invarena.cz\/index.php?rest_route=\/wp\/v2\/posts"}],"about":[{"href":"https:\/\/www.invarena.cz\/index.php?rest_route=\/wp\/v2\/types\/post"}],"author":[{"embeddable":true,"href":"https:\/\/www.invarena.cz\/index.php?rest_route=\/wp\/v2\/users\/1"}],"replies":[{"embeddable":true,"href":"https:\/\/www.invarena.cz\/index.php?rest_route=%2Fwp%2Fv2%2Fcomments&post=48853"}],"version-history":[{"count":0,"href":"https:\/\/www.invarena.cz\/index.php?rest_route=\/wp\/v2\/posts\/48853\/revisions"}],"wp:featuredmedia":[{"embeddable":true,"href":"https:\/\/www.invarena.cz\/index.php?rest_route=\/wp\/v2\/media\/6904"}],"wp:attachment":[{"href":"https:\/\/www.invarena.cz\/index.php?rest_route=%2Fwp%2Fv2%2Fmedia&parent=48853"}],"wp:term":[{"taxonomy":"category","embeddable":true,"href":"https:\/\/www.invarena.cz\/index.php?rest_route=%2Fwp%2Fv2%2Fcategories&post=48853"},{"taxonomy":"post_tag","embeddable":true,"href":"https:\/\/www.invarena.cz\/index.php?rest_route=%2Fwp%2Fv2%2Ftags&post=48853"}],"curies":[{"name":"wp","href":"https:\/\/api.w.org\/{rel}","templated":true}]}}