{"id":48952,"date":"2024-05-15T07:25:23","date_gmt":"2024-05-15T05:25:23","guid":{"rendered":"https:\/\/www.invarena.cz\/?p=48952"},"modified":"2024-05-15T07:25:24","modified_gmt":"2024-05-15T05:25:24","slug":"praktici-chceme-aby-se-dodrzovala-pravidla-pro-zbrojaky","status":"publish","type":"post","link":"https:\/\/www.invarena.cz\/?p=48952","title":{"rendered":"Praktici: Chceme, aby se dodr\u017eovala pravidla pro \u201ezbroj\u00e1ky\u201c"},"content":{"rendered":"\n<p><em>V\u00e1zne v\u0161ak p\u0159ed\u00e1v\u00e1n\u00ed informac\u00ed mezi l\u00e9ka\u0159i<\/em><\/p>\n\n\n\n<p><strong>Povinn\u00e9 psychologick\u00e9 vy\u0161et\u0159en\u00ed p\u0159i \u017e\u00e1dosti o zbrojn\u00ed pr\u016fkaz? Nen\u00ed t\u0159eba. \u010ce\u0161t\u00ed prakti\u010dt\u00ed l\u00e9ka\u0159i se shoduj\u00ed, \u017ee na pravidlech pro zdravotn\u00ed zp\u016fsobilost nen\u00ed nutn\u00e9 nic m\u011bnit. Dosavadn\u00ed praxe tak z\u016fst\u00e1v\u00e1 platn\u00e1 a praktick\u00fd l\u00e9ka\u0159 m\u016f\u017ee poslat \u017eadatele na vy\u0161et\u0159en\u00ed k\u00a0jin\u00e9mu odborn\u00edkovi, pokud to uzn\u00e1 za vhodn\u00e9. <\/strong><\/p>\n\n\n\n<p><strong>Praktici v\u0161ak volaj\u00ed po dodr\u017eov\u00e1n\u00ed pravidel \u2013 \u010dasto se k\u00a0nim toti\u017e nedostanou informace o tom, zda pacient u\u017e vy\u0161et\u0159en\u00ed podstoupil nebo jestli se l\u00e9\u010d\u00ed u jin\u00e9ho specialisty. I to bude jedn\u00edm z\u00a0t\u00e9mat nadch\u00e1zej\u00edc\u00ed XVIII. jarn\u00ed interaktivn\u00ed konference Spole\u010dnosti v\u0161eobecn\u00e9ho l\u00e9ka\u0159stv\u00ed (SVL) \u010cLS JEP ve Slovansk\u00e9m dom\u011b v\u00a0Praze.<\/strong><\/p>\n\n\n\n<p>Vyd\u00e1n\u00ed kladn\u00e9ho posudku zdravotn\u00ed zp\u016fsobilosti dnes le\u017e\u00ed v\u00fdhradn\u011b v\u00a0rukou praktick\u00e9ho l\u00e9ka\u0159e. Ten si ov\u0161em v\u00a0p\u0159\u00edpad\u011b jak\u00fdchkoliv nejasnost\u00ed nebo podez\u0159en\u00ed m\u016f\u017ee vy\u017e\u00e1dat dal\u0161\u00ed vy\u0161et\u0159en\u00ed. <em>\u201eNap\u0159\u00edklad od o\u010dn\u00edho l\u00e9ka\u0159e nebo jin\u00e9ho specialisty. Psychick\u00fd stav pacienta a\u00a0p\u0159\u00edpadn\u00e1 du\u0161evn\u00ed onemocn\u011bn\u00ed se v\u0161ak p\u0159i kr\u00e1tk\u00e9 prohl\u00eddce neposuzuj\u00ed snadno, i proto m\u00e1 praktik tuto mo\u017enost a v\u00a0p\u0159\u00edpad\u011b, kdy to uzn\u00e1 za vhodn\u00e9, by ji m\u011bl vyu\u017e\u00edt a nechat pacienta proj\u00edt psychologick\u00fdm testem,\u201c<\/em> \u0159\u00edk\u00e1 MUDr. Pavel Brejn\u00edk, praktick\u00fd l\u00e9ka\u0159 a \u010dlen v\u00fdboru SVL. <\/p>\n\n\n\n<p>Povinn\u00e9 psychologick\u00e9 testy v\u0161ak podle praktik\u016f v\u00a0sou\u010dasn\u00e9 situaci nutn\u00e9 nejsou. <em>\u201eNa z\u00e1klad\u011b \u010dinu jednoho \u0161\u00edlence nemus\u00edme hned volat po zm\u011bn\u00e1ch jinak funk\u010dn\u00edho syst\u00e9mu. Z\u00e1rove\u0148 bych v\u0161ak z\u00a0psychologick\u00e9ho vy\u0161et\u0159en\u00ed ned\u011blal n\u011bjak\u00e9ho stra\u0161\u00e1ka a do budoucna se m\u016f\u017eeme bavit o tom, zda by mohlo b\u00fdt b\u011b\u017enou sou\u010d\u00e1st\u00ed procesu zisku zbrojn\u00edho pr\u016fkazu,\u201c <\/em>\u0159\u00edk\u00e1 MUDr. Cyril Mucha, m\u00edstop\u0159edseda SVL. Pr\u00e1v\u011b on ve sv\u00e9 ordinaci vyzn\u00e1v\u00e1 pravidlo, \u017ee ka\u017ed\u00fd dr\u017eitel zbrojn\u00edho pr\u016fkazu mezi jeho pacienty by m\u011bl za \u017eivot psychologick\u00e9 vy\u0161et\u0159en\u00ed alespo\u0148 jednou absolvovat. <em>\u201eNajdou se tac\u00ed, kter\u00fdm se to nel\u00edb\u00ed. Ve v\u011bt\u0161in\u011b p\u0159\u00edpad\u016f s\u00a0t\u00edm ale pacienti nemaj\u00ed probl\u00e9m, naopak si \u010dasto pochvaluj\u00ed, \u017ee to bylo zaj\u00edmav\u00e9 a n\u011bco se o sob\u011b dozv\u011bd\u011bli,\u201c <\/em>\u0159\u00edk\u00e1 MUDr. Mucha. <\/p>\n\n\n\n<p>Co by v\u0161ak praktici ocenili, je plynulej\u0161\u00ed tok informac\u00ed o pacientech od ostatn\u00edch specialist\u016f. <em>\u201eVyd\u00e1v\u00e1n\u00ed posudk\u016f zdravotn\u00ed zp\u016fsobilosti nen\u00ed jen raz\u00edtko. Za to rozhodnut\u00ed neseme zodpov\u011bdnost my \u2013 praktici. Jak ale m\u016f\u017eeme ud\u011blat skute\u010dn\u011b kvalifikovan\u00e9 rozhodnut\u00ed, kdy\u017e nev\u00edme, \u017ee se n\u00e1m pacient l\u00e9\u010d\u00ed u psychiatra s psychickou poruchou a ne\u0159ekl n\u00e1m o tom?\u201c<\/em> pokra\u010duje MUDr. Mucha a dod\u00e1v\u00e1: <em>\u201eKa\u017ed\u00fd l\u00e9ka\u0159, kter\u00fd pe\u010duje o n\u011bjak\u00e9ho pacienta, m\u00e1 ji\u017e dnes povinnost ze z\u00e1kona p\u0159edat registruj\u00edc\u00edmu praktikovi informaci o t\u00e9to p\u00e9\u010di. Ne v\u017edy se tak ale d\u011bje a dodr\u017eov\u00e1n\u00ed na\u0159\u00edzen\u00ed nikdo nevym\u00e1h\u00e1. L\u00e9ka\u0159i p\u0159itom maj\u00ed dnes k\u00a0dispozici \u0159adu komunika\u010dn\u00edch kan\u00e1l\u016f a n\u00e1stroj\u016f, jak bezpe\u010dn\u011b p\u0159edat informace sv\u00fdm koleg\u016fm.\u201c<\/em><\/p>\n\n\n\n<p>Ned\u00e1vn\u00e1 novela z\u00e1kona o dr\u017een\u00ed zbran\u00ed pak podle expert\u016f pro praktiky mnoho nov\u00e9ho nep\u0159inese. <em>\u201ePrakti\u010dt\u00ed l\u00e9ka\u0159i by nov\u011b m\u011bli m\u00edt p\u0159\u00edstup do Centr\u00e1ln\u00edho registru zbran\u00ed, nicm\u00e9n\u011b to n\u00e1m nep\u0159in\u00e1\u0161\u00ed \u017e\u00e1dn\u00e9 nov\u00e9 informace. O dr\u017eitel\u00edch zbran\u00ed mezi na\u0161imi pacienty v\u00edme, proto\u017ee jsme jim vyd\u00e1vali zdravotn\u00ed posudek. A pokud k&nbsp;n\u00e1m p\u0159ijde n\u011bkdo nov\u00fd od jin\u00e9ho l\u00e9ka\u0159e, tato informace by m\u011bla b\u00fdt sou\u010d\u00e1st\u00ed jeho zdravotn\u00ed dokumentace,\u201c <\/em>dod\u00e1v\u00e1 doc.&nbsp;MUDr.&nbsp;Svatopluk B\u00fdma, CSc., p\u0159edseda SVL \u010cLS JEP.<\/p>\n","protected":false},"excerpt":{"rendered":"<div class=\"mh-excerpt\"><p>V\u00e1zne v\u0161ak p\u0159ed\u00e1v\u00e1n\u00ed informac\u00ed mezi l\u00e9ka\u0159i Povinn\u00e9 psychologick\u00e9 vy\u0161et\u0159en\u00ed p\u0159i \u017e\u00e1dosti o zbrojn\u00ed pr\u016fkaz? Nen\u00ed t\u0159eba. \u010ce\u0161t\u00ed prakti\u010dt\u00ed l\u00e9ka\u0159i se shoduj\u00ed, \u017ee na pravidlech pro <a class=\"mh-excerpt-more\" href=\"https:\/\/www.invarena.cz\/?p=48952\" title=\"Praktici: Chceme, aby se dodr\u017eovala pravidla pro \u201ezbroj\u00e1ky\u201c\">[&#8230;]<\/a><\/p>\n<\/div>","protected":false},"author":1,"featured_media":45499,"comment_status":"open","ping_status":"closed","sticky":false,"template":"","format":"standard","meta":{"footnotes":""},"categories":[9],"tags":[],"class_list":["post-48952","post","type-post","status-publish","format-standard","has-post-thumbnail","hentry","category-zpravy"],"_links":{"self":[{"href":"https:\/\/www.invarena.cz\/index.php?rest_route=\/wp\/v2\/posts\/48952","targetHints":{"allow":["GET"]}}],"collection":[{"href":"https:\/\/www.invarena.cz\/index.php?rest_route=\/wp\/v2\/posts"}],"about":[{"href":"https:\/\/www.invarena.cz\/index.php?rest_route=\/wp\/v2\/types\/post"}],"author":[{"embeddable":true,"href":"https:\/\/www.invarena.cz\/index.php?rest_route=\/wp\/v2\/users\/1"}],"replies":[{"embeddable":true,"href":"https:\/\/www.invarena.cz\/index.php?rest_route=%2Fwp%2Fv2%2Fcomments&post=48952"}],"version-history":[{"count":0,"href":"https:\/\/www.invarena.cz\/index.php?rest_route=\/wp\/v2\/posts\/48952\/revisions"}],"wp:featuredmedia":[{"embeddable":true,"href":"https:\/\/www.invarena.cz\/index.php?rest_route=\/wp\/v2\/media\/45499"}],"wp:attachment":[{"href":"https:\/\/www.invarena.cz\/index.php?rest_route=%2Fwp%2Fv2%2Fmedia&parent=48952"}],"wp:term":[{"taxonomy":"category","embeddable":true,"href":"https:\/\/www.invarena.cz\/index.php?rest_route=%2Fwp%2Fv2%2Fcategories&post=48952"},{"taxonomy":"post_tag","embeddable":true,"href":"https:\/\/www.invarena.cz\/index.php?rest_route=%2Fwp%2Fv2%2Ftags&post=48952"}],"curies":[{"name":"wp","href":"https:\/\/api.w.org\/{rel}","templated":true}]}}