{"id":48962,"date":"2024-05-15T07:25:06","date_gmt":"2024-05-15T05:25:06","guid":{"rendered":"https:\/\/www.invarena.cz\/?p=48962"},"modified":"2024-05-15T07:27:47","modified_gmt":"2024-05-15T05:27:47","slug":"s-chronickym-unavovym-syndromem-zije-v-cesku-zhruba-50-000-lidi","status":"publish","type":"post","link":"https:\/\/www.invarena.cz\/?p=48962","title":{"rendered":"S chronick\u00fdm \u00fanavov\u00fdm syndromem \u017eije v \u010cesku zhruba 50\u00a0000 lid\u00ed\u00a0\u00a0"},"content":{"rendered":"\n<p>NOVA\u00a0&#8211; Televizn\u00ed noviny<br \/><br \/>S chronick\u00fdm \u00fanavov\u00fdm syndromem \u017eije v \u010cesku zhruba 50 000 lid\u00ed a st\u00e1le jich p\u0159ib\u00fdv\u00e1. Podle nov\u00e9 studie se ale jen t\u0159etina z nich setkala s l\u00e9ka\u0159em, kter\u00fd m\u00e1 s takov\u00fdm onemocn\u011bn\u00edm zku\u0161enosti. V \u010cesku pr\u00fd nav\u00edc tato nemoc nen\u00ed uznan\u00e1, a tak pacienti b\u00fdvaj\u00ed ozna\u010dov\u00e1ni za lenochy.<br \/><br \/>Dlouhotrvaj\u00edc\u00ed \u00fanava, vy\u010derp\u00e1n\u00ed a p\u0159\u00edznaky podobn\u00e9 ch\u0159ipce. Tak se nej\u010dast\u011bji projevuje \u00fanavov\u00fd syndrom.<br \/><br \/>Marianna , pacientka<br \/>&#8212;&#8212;&#8212;&#8212;&#8212;&#8212;&#8211;<br \/>U m\u011b konkr\u00e9tn\u011b vlastn\u011b ty nejsiln\u011bj\u0161\u00ed symptomy jsou bolesti sval\u016f a kloub\u016f nebo pocity jako po ch\u0159ipce. \u010clov\u011bk vlastn\u011b nem\u016f\u017ee ani jako vst\u00e1t z postele.<br \/><br \/>redaktorka<br \/>&#8212;&#8212;&#8212;&#8212;&#8212;&#8212;&#8211;<br \/>Syndrom se u Marianny, stejn\u011b jako u mnoha ostatn\u00edch pacient\u016f, projevil po prod\u011bl\u00e1n\u00ed infek\u010dn\u00edho onemocn\u011bn\u00ed.<br \/><br \/>Marianna , pacientka<br \/>&#8212;&#8212;&#8212;&#8212;&#8212;&#8212;&#8211;<br \/>V dev\u00edti letech jsem prod\u011blala infek\u010dn\u00ed mononukle\u00f3zu, co\u017e mi pat\u0159i\u010dn\u011b sn\u00ed\u017eilo imunitu, tak\u017ee vlastn\u011b ty probl\u00e9my poci\u0165uju ji\u017e od d\u011btstv\u00ed.<br \/><br \/> redaktorka<br \/>&#8212;&#8212;&#8212;&#8212;&#8212;&#8212;&#8211;<br \/>Diagnostikovat chronickou \u00fanavu ale nen\u00ed jednoduch\u00e9. L\u00e9ka\u0159i ji \u010dasto ani nepoznaj\u00ed.<br \/><br \/>Tom\u00e1\u0161 PLUHA\u0158, internista, V\u0161eobecn\u00e1 fakultn\u00ed nemocnice Praha<br \/>&#8212;&#8212;&#8212;&#8212;&#8212;&#8212;&#8211;<br \/>Bohu\u017eel se mus\u00edme st\u00e1le spol\u00e9hat na anamn\u00e9zu, kterou odeb\u00edr\u00e1me od pacienta. On \u010dasto dok\u00e1\u017ee identifikovat ten za\u010d\u00e1tek toho sv\u00e9ho onemocn\u011bn\u00ed. V sou\u010dasn\u00e9 dob\u011b je to nej\u010dast\u011bji po prod\u011bl\u00e1n\u00ed covidu.<br \/><br \/>redaktorka<br \/>&#8212;&#8212;&#8212;&#8212;&#8212;&#8212;&#8211;<br \/>Pacienti s t\u00edmto onemocn\u011bn\u00edm se v \u010cesku nach\u00e1zej\u00ed v syst\u00e9mov\u00e9m vzduchopr\u00e1zdnu. Pomoc m\u00e1 i osv\u011btov\u00e1 kampa\u0148 Milion Missing.<br \/><br \/>\u0160imon PROCH\u00c1ZKA, spoluzakladatel nada\u010dn\u00edho fondu Ne\u00fanavn\u00ed<br \/>&#8212;&#8212;&#8212;&#8212;&#8212;&#8212;&#8211;<br \/>By bylo ide\u00e1ln\u00ed vytvo\u0159it n\u011bjakou infrastrukturu, kter\u00e1 by zvy\u0161ovala pov\u011bdom\u00ed i mezi l\u00e9ka\u0159i, i t\u0159eba v r\u00e1mci n\u011bjak\u00e9ho vzd\u011bl\u00e1vac\u00edho syst\u00e9mu. A tak\u00e9 t\u0159eba i n\u011bjakou informa\u010dn\u00ed kampa\u0148, kter\u00e1 by informovala ve\u0159ejnost o tom, co ta nemoc je za\u010d, jak se t\u0159eba chovat k t\u011bm nemocn\u00fdm, \u010d\u00edm si proch\u00e1z\u00ed.<br \/><br \/>Tom\u00e1\u0161 PLUHA\u0158, internista, V\u0161eobecn\u00e1 fakultn\u00ed nemocnice Praha<br \/>&#8212;&#8212;&#8212;&#8212;&#8212;&#8212;&#8211;<br \/>Ur\u010dit\u011b je dobr\u00e9 o tom mluvit a nastavit pro pacienty n\u011bjak\u00e9 p\u0159ijateln\u00e9 podm\u00ednky, aby byly t\u0159eba ty z\u00e1va\u017en\u011bj\u0161\u00ed p\u0159\u00edpady, aby dos\u00e1hly na\u00a0<strong>invalidn\u00ed<\/strong>\u00a0d\u016fchod, na p\u0159\u00edsp\u011bvek o p\u00e9\u010di a podobn\u011b.<br \/><br \/> redaktorka<br \/>&#8212;&#8212;&#8212;&#8212;&#8212;&#8212;&#8211;<br \/>L\u00e9ky na chronickou \u00fanavu zat\u00edm neexistuj\u00ed. Podle l\u00e9ka\u0159\u016f jde sp\u00ed\u0161e o re\u017eim a prevenci. N\u011bkter\u00fdm lidem se poda\u0159\u00ed \u00fanavov\u00e9ho syndromu \u00fapln\u011b zbavit. Jedn\u00e1 se ale o b\u011bh na dlouhou tra\u0165. <\/p>\n\n\n\n<p>televize Nova<\/p>\n\n\n\n<p><\/p>\n\n\n\n<p>,\u00a0<\/p>\n","protected":false},"excerpt":{"rendered":"<div class=\"mh-excerpt\"><p>NOVA\u00a0&#8211; Televizn\u00ed noviny S chronick\u00fdm \u00fanavov\u00fdm syndromem \u017eije v \u010cesku zhruba 50 000 lid\u00ed a st\u00e1le jich p\u0159ib\u00fdv\u00e1. Podle nov\u00e9 studie se ale jen t\u0159etina <a class=\"mh-excerpt-more\" href=\"https:\/\/www.invarena.cz\/?p=48962\" title=\"S chronick\u00fdm \u00fanavov\u00fdm syndromem \u017eije v \u010cesku zhruba 50\u00a0000 lid\u00ed\u00a0\u00a0\">[&#8230;]<\/a><\/p>\n<\/div>","protected":false},"author":1,"featured_media":39890,"comment_status":"open","ping_status":"closed","sticky":false,"template":"","format":"standard","meta":{"footnotes":""},"categories":[11],"tags":[],"class_list":["post-48962","post","type-post","status-publish","format-standard","has-post-thumbnail","hentry","category-zdravi"],"_links":{"self":[{"href":"https:\/\/www.invarena.cz\/index.php?rest_route=\/wp\/v2\/posts\/48962","targetHints":{"allow":["GET"]}}],"collection":[{"href":"https:\/\/www.invarena.cz\/index.php?rest_route=\/wp\/v2\/posts"}],"about":[{"href":"https:\/\/www.invarena.cz\/index.php?rest_route=\/wp\/v2\/types\/post"}],"author":[{"embeddable":true,"href":"https:\/\/www.invarena.cz\/index.php?rest_route=\/wp\/v2\/users\/1"}],"replies":[{"embeddable":true,"href":"https:\/\/www.invarena.cz\/index.php?rest_route=%2Fwp%2Fv2%2Fcomments&post=48962"}],"version-history":[{"count":0,"href":"https:\/\/www.invarena.cz\/index.php?rest_route=\/wp\/v2\/posts\/48962\/revisions"}],"wp:featuredmedia":[{"embeddable":true,"href":"https:\/\/www.invarena.cz\/index.php?rest_route=\/wp\/v2\/media\/39890"}],"wp:attachment":[{"href":"https:\/\/www.invarena.cz\/index.php?rest_route=%2Fwp%2Fv2%2Fmedia&parent=48962"}],"wp:term":[{"taxonomy":"category","embeddable":true,"href":"https:\/\/www.invarena.cz\/index.php?rest_route=%2Fwp%2Fv2%2Fcategories&post=48962"},{"taxonomy":"post_tag","embeddable":true,"href":"https:\/\/www.invarena.cz\/index.php?rest_route=%2Fwp%2Fv2%2Ftags&post=48962"}],"curies":[{"name":"wp","href":"https:\/\/api.w.org\/{rel}","templated":true}]}}