{"id":49084,"date":"2024-05-18T08:18:05","date_gmt":"2024-05-18T06:18:05","guid":{"rendered":"https:\/\/www.invarena.cz\/?p=49084"},"modified":"2024-05-18T14:55:16","modified_gmt":"2024-05-18T12:55:16","slug":"pabitele-priblizi-v-obrazech-svuj-svet","status":"publish","type":"post","link":"https:\/\/www.invarena.cz\/?p=49084","title":{"rendered":"P\u00e1bitel\u00e9 p\u0159ibl\u00ed\u017e\u00ed v obrazech sv\u016fj sv\u011bt\u00a0\u00a0"},"content":{"rendered":"\n<p>Jihlavsk\u00e9 listy<br \/><br \/>&#8211; \u017d\u00e1ci Z\u00e1kladn\u00ed \u0161koly speci\u00e1ln\u00ed a Praktick\u00e9 \u0161koly Jihlava budou po cel\u00fd kv\u011bten vystavovat sv\u00e9 obrazy v budov\u011b B krajsk\u00e9ho \u00fa\u0159adu v Jihlav\u011b.<br \/>V\u00fdstava s titulem P\u00e1ben\u00ed nab\u00eddne od 2. do 31. 5. n\u00e1v\u0161t\u011bvn\u00edk\u016fm zejm\u00e9na abstraktn\u00ed malby. Jak uv\u00e1d\u00ed jedna z jej\u00edch organiz\u00e1torek Veronika Brtn\u00edkov\u00e1, jsou autory prac\u00ed \u017e\u00e1ci, kter\u00fdm osud zt\u00ed\u017eil \u017eivotn\u00ed cestu st\u0159edn\u00edm a t\u011b\u017ek\u00fdm ment\u00e1ln\u00edm posti\u017een\u00edm, soub\u011b\u017en\u00fdm posti\u017een\u00edm v\u00edce vadami nebo poruchou autistick\u00e9ho spektra. &#8222;\u0160kola se sna\u017e\u00ed ve v\u0161ech ohledech tento fakt kompenzovat poskytnut\u00edm bezpe\u010dn\u00e9ho a podn\u011btn\u00e9ho prost\u0159ed\u00ed, kter\u00e9 nab\u00edz\u00ed \u0161irok\u00e9 mo\u017enosti pro celistv\u00fd rozvoj osobnosti, d\u00e1le rozvoj schopnost\u00ed, v\u011bdomost\u00ed i dovednost\u00ed \u017e\u00e1k\u016f. To v\u0161echno jim usnadn\u00ed cestu ke zvl\u00e1d\u00e1n\u00ed b\u011b\u017en\u00fdch \u017eivotn\u00edch situac\u00ed, upevn\u00ed jejich sebev\u011bdom\u00ed a dopom\u016f\u017ee k vytvo\u0159en\u00ed v\u011bdom\u00ed vlastn\u00ed hodnoty,&#8220; vysv\u011btluje Brtn\u00edkov\u00e1. Do obraz\u016f se tak prom\u00edtaj\u00ed obrovsk\u00e1 snaha a p\u00edle, zdol\u00e1v\u00e1n\u00ed p\u0159ek\u00e1\u017eek a radost z \u00fasp\u011bchu. Jako t\u00e9ma pro v\u00fdstavu zvolili tv\u016frci hrabalovsk\u00fd pojem a fenom\u00e9n P\u00e1ben\u00ed.<br \/>&#8222;P\u00e1biteli naz\u00fdval Bohumil Hrabal osobit\u00e9 vyprav\u011b\u010de zcela pono\u0159en\u00e9 do proudu \u0159e\u010di a zvl\u00e1\u0161tn\u00edm zp\u016fsobem miluj\u00edc\u00ed \u017eivot. Ve sv\u00fdch vypr\u00e1v\u011bn\u00edch vytv\u00e1\u0159ej\u00ed sv\u011bt, kde si dom\u00fd\u0161lej\u00ed realitu, zkresluj\u00ed ji a hledaj\u00ed tak kr\u00e1su ve v\u0161ednostech a nejz\u00e1kladn\u011bj\u0161\u00edch projevech a v\u011bcech lidsk\u00e9ho \u017eivota,&#8220; p\u0159ibli\u017euje tento pojem Brtn\u00edkov\u00e1.<br \/>Auto\u0159i vystaven\u00fdch d\u011bl jsou podle n\u00ed jednozna\u010dn\u011b takov\u00fdmi hrabalovsk\u00fdmi p\u00e1biteli. Sv\u00e9 p\u0159\u00edb\u011bhy vypr\u00e1v\u011bj\u00ed skrze v\u00fdtvarn\u00e9 vyj\u00e1d\u0159en\u00ed vn\u00edm\u00e1n\u00ed reality zkreslen\u00e9 r\u016fzn\u00fdm typem\u00a0<strong>posti\u017een\u00ed<\/strong>.<br \/><strong>Posti\u017een\u00ed<\/strong>\u00a0podle V. Brtn\u00edkov\u00e9 propojuje v\u0161echny autory v\u00fdstavy: &#8222;Zt\u011b\u017euje jim komunikaci s okol\u00edm, proto se pro n\u011b jedn\u00edm z v\u00fdrazov\u00fdch prost\u0159edk\u016f st\u00e1v\u00e1 hra s barvami a pr\u00e1ce s dal\u0161\u00edmi v\u00fdtvarn\u00fdmi materi\u00e1ly.&#8220;Malby, kter\u00e9 ve\u0159ejnost uvid\u00ed, vytvo\u0159ili \u017e\u00e1ci s vyu\u017eit\u00edm rozmanit\u00fdch v\u00fdtvarn\u00fdch technik. Podle Brtn\u00edkov\u00e9 vznikaly obrazy b\u011bhem v\u00fdtvarn\u00e9 v\u00fdchovy protkan\u00e9 prvky arteterapie a postaven\u00e9 na principu spole\u010dn\u00e9 komunikativn\u00ed tvorby.<br \/>Pro laick\u00e9ho div\u00e1ka v sob\u011b skr\u00fdvaj\u00ed mnoho zd\u00e1nliv\u011b ne\u010diteln\u00fdch odkaz\u016f. Ty mohou poodhalit z\u00e1kulis\u00ed mysli, pro\u017eitk\u016f a emo\u010dn\u00edho lad\u011bn\u00ed t\u011bchto tv\u016frc\u016f. &#8222;V\u00fdtvarn\u00e9 vyj\u00e1d\u0159en\u00ed jim pom\u00e1h\u00e1 zprost\u0159edkovat jejich vn\u00edm\u00e1n\u00ed sv\u011bta, \u017eivota v n\u011bm, a vypr\u00e1v\u011bt tak i jejich p\u0159\u00edb\u011bh,&#8220; vysv\u011btluje Brtn\u00edkov\u00e1.<br \/>\u017d\u00e1ci jihlavsk\u00e9 \u0161koly maj\u00ed na kont\u011b ocen\u011bn\u00ed z v\u00fdtvarn\u00fdch sout\u011b\u017e\u00ed, jejich obrazy byly prezentov\u00e1ny na n\u011bkolika v\u00fdstav\u00e1ch. K nejz\u00e1sadn\u011bj\u0161\u00edm z nich \u0159ad\u00ed odborn\u00ed pedagogov\u00e9 \u0161koly v\u00fdstavy Pocity 1 a 2 v Galerii Hor\u00e1ck\u00e9ho divadla v letech 2007 a 2013.<br \/>Jedn\u00edm z nejv\u011bt\u0161\u00edch \u00fasp\u011bch\u016f je pak podle V. Brtn\u00edkov\u00e9 v\u00edt\u011bzstv\u00ed velkoform\u00e1tov\u00fdch pl\u00e1ten s n\u00e1zvem Perseidy v sout\u011b\u017ei k v\u00fdzdob\u011b ob\u0159adn\u00ed s\u00edn\u011b v B\u0159eznici v roce 2004. Tato pl\u00e1tna v sou\u010dasn\u00e9 dob\u011b zdob\u00ed prostory M\u011bstsk\u00e9 knihovny v Jihlav\u011b.<\/p>\n","protected":false},"excerpt":{"rendered":"<div class=\"mh-excerpt\"><p>Jihlavsk\u00e9 listy &#8211; \u017d\u00e1ci Z\u00e1kladn\u00ed \u0161koly speci\u00e1ln\u00ed a Praktick\u00e9 \u0161koly Jihlava budou po cel\u00fd kv\u011bten vystavovat sv\u00e9 obrazy v budov\u011b B krajsk\u00e9ho \u00fa\u0159adu v Jihlav\u011b.V\u00fdstava <a class=\"mh-excerpt-more\" href=\"https:\/\/www.invarena.cz\/?p=49084\" title=\"P\u00e1bitel\u00e9 p\u0159ibl\u00ed\u017e\u00ed v obrazech sv\u016fj sv\u011bt\u00a0\u00a0\">[&#8230;]<\/a><\/p>\n<\/div>","protected":false},"author":1,"featured_media":17310,"comment_status":"open","ping_status":"closed","sticky":false,"template":"","format":"standard","meta":{"footnotes":""},"categories":[17],"tags":[],"class_list":["post-49084","post","type-post","status-publish","format-standard","has-post-thumbnail","hentry","category-kultura"],"_links":{"self":[{"href":"https:\/\/www.invarena.cz\/index.php?rest_route=\/wp\/v2\/posts\/49084","targetHints":{"allow":["GET"]}}],"collection":[{"href":"https:\/\/www.invarena.cz\/index.php?rest_route=\/wp\/v2\/posts"}],"about":[{"href":"https:\/\/www.invarena.cz\/index.php?rest_route=\/wp\/v2\/types\/post"}],"author":[{"embeddable":true,"href":"https:\/\/www.invarena.cz\/index.php?rest_route=\/wp\/v2\/users\/1"}],"replies":[{"embeddable":true,"href":"https:\/\/www.invarena.cz\/index.php?rest_route=%2Fwp%2Fv2%2Fcomments&post=49084"}],"version-history":[{"count":0,"href":"https:\/\/www.invarena.cz\/index.php?rest_route=\/wp\/v2\/posts\/49084\/revisions"}],"wp:featuredmedia":[{"embeddable":true,"href":"https:\/\/www.invarena.cz\/index.php?rest_route=\/wp\/v2\/media\/17310"}],"wp:attachment":[{"href":"https:\/\/www.invarena.cz\/index.php?rest_route=%2Fwp%2Fv2%2Fmedia&parent=49084"}],"wp:term":[{"taxonomy":"category","embeddable":true,"href":"https:\/\/www.invarena.cz\/index.php?rest_route=%2Fwp%2Fv2%2Fcategories&post=49084"},{"taxonomy":"post_tag","embeddable":true,"href":"https:\/\/www.invarena.cz\/index.php?rest_route=%2Fwp%2Fv2%2Ftags&post=49084"}],"curies":[{"name":"wp","href":"https:\/\/api.w.org\/{rel}","templated":true}]}}