{"id":49117,"date":"2024-05-20T05:17:21","date_gmt":"2024-05-20T03:17:21","guid":{"rendered":"https:\/\/www.invarena.cz\/?p=49117"},"modified":"2024-05-20T05:17:25","modified_gmt":"2024-05-20T03:17:25","slug":"spor-o-vypoved-bez-udani-duvodu","status":"publish","type":"post","link":"https:\/\/www.invarena.cz\/?p=49117","title":{"rendered":"Spor o v\u00fdpov\u011b\u010f bez ud\u00e1n\u00ed d\u016fvodu\u00a0\u00a0"},"content":{"rendered":"\n<p>NOVA\u00a0&#8211; Televizn\u00ed noviny<br \/><br \/>V\u00fdpov\u011b\u010f bez ud\u00e1n\u00ed d\u016fvodu v novele z\u00e1kon\u00edku pr\u00e1ce nen\u00ed a nebude. Ozn\u00e1mil to\u00a0<strong>ministr<\/strong>\u00a0<strong>pr\u00e1ce<\/strong>\u00a0a soci\u00e1ln\u00edch v\u011bc\u00ed Marian Jure\u010dka, pod jeho\u017e rezort resort agenda spad\u00e1.<\/p>\n\n\n\n<p>Jen\u017ee to vypad\u00e1, \u017ee proti sv\u00e9mu koali\u010dn\u00edmu partnerovi budou ob\u010dan\u0161t\u00ed demokrat\u00e9 a v\u00fdpov\u011b\u010f bez ud\u00e1n\u00ed d\u016fvodu se budou sna\u017eit prosadit.<br \/><br \/>Podle m\u00edstop\u0159edsedy ODS Jana Skope\u010dka by tahle zm\u011bna m\u011bla rozh\u00fdbat n\u00e1\u0161 pracovn\u00ed trh.<br \/><br \/>V\u00fdpov\u011b\u010f bez ud\u00e1n\u00ed d\u016fvodu roz\u0161t\u011bpila koalici. Zvedla ze \u017eidle odborn\u00edky i \u0161ir\u0161\u00ed ve\u0159ejnost. Te\u010f ale\u00a0<strong>ministr<\/strong>\u00a0<strong>pr\u00e1ce<\/strong>\u00a0tvrd\u00ed, \u017ee sou\u010d\u00e1st\u00ed novely z\u00e1kon\u00edku pr\u00e1ce nakonec nebude.<br \/><br \/>Marian JURE\u010cKA,\u00a0<strong>ministr<\/strong>\u00a0<strong>pr\u00e1ce<\/strong>\u00a0a soci\u00e1ln\u00edch v\u011bc\u00ed \/KDU-\u010cSL\/<br \/>&#8212;&#8212;&#8212;&#8212;&#8212;&#8212;&#8211;<br \/>Tohle t\u00e9ma na stole nen\u00ed. Nen\u00ed obsahem n\u00e1vrhu z\u00e1kon\u00edku pr\u00e1ce. J\u00e1 jsem jasn\u011b \u0159ekl, \u017ee tam nebylo, nen\u00ed a ani nebude.<br \/><br \/>Josef St\u0159edula, p\u0159edseda \u010ceskomoravsk\u00e9 konfederace odborov\u00fdch svaz\u016f<br \/>&#8212;&#8212;&#8212;&#8212;&#8212;&#8212;&#8211;<br \/>Je to naprosto nesmysl, a dokonce nebezpe\u010dn\u00fd. Mohlo by se st\u00e1t, \u017ee bude pou\u017eita n\u011bkolikan\u00e1sobn\u00e1 diskriminace. V\u016fbec nez\u00e1le\u017e\u00ed na tom, zda to pan ministr d\u00e1, \u010di ned\u00e1 do novely. D\u016fle\u017eit\u00e9 je to, co se odehraje v Poslaneck\u00e9 sn\u011bmovn\u011b.<br \/><br \/>redaktorka<br \/>&#8212;&#8212;&#8212;&#8212;&#8212;&#8212;&#8211;<br \/>Koali\u010dn\u00ed partner ODS toti\u017e nejsp\u00ed\u0161 i p\u0159es Jure\u010dk\u016fv odpor pl\u00e1nuje ve sn\u011bmovn\u011b p\u0159edlo\u017eit pozm\u011b\u0148ovac\u00ed n\u00e1vrhy, kter\u00e9 by v\u00fdpov\u011b\u010f bez ud\u00e1n\u00ed d\u016fvodu obsahovaly.<br \/><br \/>Jan Skope\u010dek, m\u00edstop\u0159edseda Poslaneck\u00e9 sn\u011bmovny \/ODS\/<br \/>&#8212;&#8212;&#8212;&#8212;&#8212;&#8212;&#8211;<br \/>Mysl\u00edm si, \u017ee je pot\u0159eba nestra\u0161it ve\u0159ejnost. Vysv\u011btlit pozitivn\u00ed aspekty toho opat\u0159en\u00ed. P\u0159edev\u0161\u00edm vysv\u011btlovat to, \u017ee v\u00fdpov\u011b\u010f bez ud\u00e1n\u00ed d\u016fvodu je tro\u0161ku ne\u0161\u0165astn\u011b pojmenovan\u00e1, proto\u017ee samoz\u0159ejm\u011b d\u016fvody by proto zam\u011bstnavatel m\u011bl. Jenom to nejsou d\u016fvody, kter\u00e9 jsou dneska obsa\u017eeny v z\u00e1kon\u00edku pr\u00e1ce. P\u0159\u00edpadn\u00e1 v\u00fdpov\u011b\u010f bez ud\u00e1n\u00ed d\u016fvodu by byla kompenzov\u00e1na daleko vy\u0161\u0161\u00edm odstupn\u00fdm.<br \/><br \/>Luk\u00e1\u0161 JEL\u00cdNEK, politolog<br \/>&#8212;&#8212;&#8212;&#8212;&#8212;&#8212;&#8211;<br \/>Marian Jure\u010dka m\u00e1 silnou motivaci k tomu, aby zabr\u00e1nil v\u00fdpov\u011bd\u00edm bez ud\u00e1n\u00ed d\u016fvod\u016f, proto\u017ee hraje o svoji politickou budoucnost. V minulosti jsme zaznamenali nespokojenost lidovc\u016f s jeho osobou zejm\u00e9na po ne\u0161\u0165astn\u00e9m kontroverzn\u00edm ve\u010d\u00edrk\u016f na ministerstvu pr\u00e1ce v dob\u011b, kdy se st\u0159\u00edlelo na Filozofick\u00e9 fakult\u011b. A od t\u00e9 doby to m\u00e1 Marian Jure\u010dka v KDU-\u010cSL nahnut\u00e9. On v tuto chv\u00edli se pot\u0159ebuje uk\u00e1zat jako siln\u00fd a z\u00e1sadov\u00fd politik.<br \/><br \/>Milan \u0160KOLN\u00cdK, politolog, Provozn\u011b ekonomick\u00e1 fakulta \u010cZU v Praze<br \/>&#8212;&#8212;&#8212;&#8212;&#8212;&#8212;&#8211;<br \/>M\u016f\u017ee za t\u00edm b\u00fdt ur\u010dit\u00e1 politick\u00e1 strategie, \u0159ekn\u011bme, vypou\u0161t\u011bt balonky a prozkoum\u00e1vat ter\u00e9n.<br \/><br \/>Ale\u0161 JUCHELKA, poslanec, \u010dlen sn\u011bmovn\u00edho soci\u00e1ln\u00edho v\u00fdboru \/ANO\/<br \/>&#8212;&#8212;&#8212;&#8212;&#8212;&#8212;&#8211;<br \/>Tak my jsme na ty jednotliv\u00e9 balonky v r\u00e1mci vl\u00e1dn\u00ed koalice v\u016f\u010di nejen samoz\u0159ejm\u011b Poslaneck\u00e9 sn\u011bmovn\u011b, ale hlavn\u011b v\u016f\u010di ob\u010dan\u016fm zvykl\u00ed. Vid\u00edme to vlastn\u011b u ka\u017ed\u00e9ho n\u011bjak\u00e9ho jejich n\u00e1vrhu, kter\u00fd se t\u00fdk\u00e1 soci\u00e1ln\u00edch v\u011bc\u00ed. V tuto chv\u00edli j\u00e1 se domn\u00edv\u00e1m, \u017ee prost\u011b ta v\u00fdpov\u011b\u010f bez ud\u00e1n\u00ed d\u016fvodu je mrtv\u00fd p\u0159\u00edb\u011bh.<br \/><br \/>redaktorka<br \/>&#8212;&#8212;&#8212;&#8212;&#8212;&#8212;&#8211;<br \/>Prosadit ve sn\u011bmovn\u011b v\u00fdpov\u011b\u010f bez ud\u00e1n\u00ed d\u016fvodu se proti v\u016fli koali\u010dn\u00edch partner\u016f nepovede. Pozm\u011b\u0148ovac\u00ed n\u00e1vrh lze toti\u017e p\u0159ijmout pouze ve chv\u00edli, kdy na n\u011bm panuje koali\u010dn\u00ed shoda a m\u00e1 souhlas ges\u010dn\u00edho ministra, v tomto p\u0159\u00edpad\u011b Mariana Jure\u010dky. <\/p>\n\n\n\n<p>televize Nova.<\/p>\n\n\n\n<p><\/p>\n","protected":false},"excerpt":{"rendered":"<div class=\"mh-excerpt\"><p>NOVA\u00a0&#8211; Televizn\u00ed noviny V\u00fdpov\u011b\u010f bez ud\u00e1n\u00ed d\u016fvodu v novele z\u00e1kon\u00edku pr\u00e1ce nen\u00ed a nebude. Ozn\u00e1mil to\u00a0ministr\u00a0pr\u00e1ce\u00a0a soci\u00e1ln\u00edch v\u011bc\u00ed Marian Jure\u010dka, pod jeho\u017e rezort resort agenda <a class=\"mh-excerpt-more\" href=\"https:\/\/www.invarena.cz\/?p=49117\" title=\"Spor o v\u00fdpov\u011b\u010f bez ud\u00e1n\u00ed d\u016fvodu\u00a0\u00a0\">[&#8230;]<\/a><\/p>\n<\/div>","protected":false},"author":1,"featured_media":13966,"comment_status":"open","ping_status":"closed","sticky":false,"template":"","format":"standard","meta":{"footnotes":""},"categories":[6],"tags":[],"class_list":["post-49117","post","type-post","status-publish","format-standard","has-post-thumbnail","hentry","category-politika"],"_links":{"self":[{"href":"https:\/\/www.invarena.cz\/index.php?rest_route=\/wp\/v2\/posts\/49117","targetHints":{"allow":["GET"]}}],"collection":[{"href":"https:\/\/www.invarena.cz\/index.php?rest_route=\/wp\/v2\/posts"}],"about":[{"href":"https:\/\/www.invarena.cz\/index.php?rest_route=\/wp\/v2\/types\/post"}],"author":[{"embeddable":true,"href":"https:\/\/www.invarena.cz\/index.php?rest_route=\/wp\/v2\/users\/1"}],"replies":[{"embeddable":true,"href":"https:\/\/www.invarena.cz\/index.php?rest_route=%2Fwp%2Fv2%2Fcomments&post=49117"}],"version-history":[{"count":0,"href":"https:\/\/www.invarena.cz\/index.php?rest_route=\/wp\/v2\/posts\/49117\/revisions"}],"wp:featuredmedia":[{"embeddable":true,"href":"https:\/\/www.invarena.cz\/index.php?rest_route=\/wp\/v2\/media\/13966"}],"wp:attachment":[{"href":"https:\/\/www.invarena.cz\/index.php?rest_route=%2Fwp%2Fv2%2Fmedia&parent=49117"}],"wp:term":[{"taxonomy":"category","embeddable":true,"href":"https:\/\/www.invarena.cz\/index.php?rest_route=%2Fwp%2Fv2%2Fcategories&post=49117"},{"taxonomy":"post_tag","embeddable":true,"href":"https:\/\/www.invarena.cz\/index.php?rest_route=%2Fwp%2Fv2%2Ftags&post=49117"}],"curies":[{"name":"wp","href":"https:\/\/api.w.org\/{rel}","templated":true}]}}