{"id":49133,"date":"2024-05-20T05:47:31","date_gmt":"2024-05-20T03:47:31","guid":{"rendered":"https:\/\/www.invarena.cz\/?p=49133"},"modified":"2024-05-20T05:47:36","modified_gmt":"2024-05-20T03:47:36","slug":"pozadavky-ministru-na-zmeny-v-rozpoctu","status":"publish","type":"post","link":"https:\/\/www.invarena.cz\/?p=49133","title":{"rendered":"Po\u017eadavky ministr\u016f na zm\u011bny v rozpo\u010dtu\u00a0\u00a0"},"content":{"rendered":"\n<p>\u00a0\u010cT 1<\/p>\n\n\n\n<p><br \/>Zv\u00fd\u0161it celkov\u00e9 leto\u0161n\u00ed v\u00fddaje ministerstev a\u017e o 40 miliard korun navrhuj\u00ed \u010dlenov\u00e9 vl\u00e1dy. Zjistila to \u010cesk\u00e1 televize. V\u00edc pen\u011bz po\u017eaduj\u00ed minist\u0159i t\u0159eba pro \u0161kolstv\u00ed, soci\u00e1ln\u00ed d\u00e1vky nebo na investice do m\u00e9n\u011b rozvinut\u00fdch region\u016f.<br \/><br \/>Ministr financ\u00ed Zbyn\u011bk Stanjura jim ale minul\u00e9 pond\u011bl\u00ed na neform\u00e1ln\u00edm rozpo\u010dtov\u00e9m jedn\u00e1n\u00ed vl\u00e1dy \u0159ekl, \u017ee zat\u00edm s \u017e\u00e1dn\u00fdmi v\u00fdrazn\u011bj\u0161\u00edmi p\u0159esuny ve st\u00e1tn\u00ed kase nesouhlas\u00ed. V tom m\u00e1 podporu i od premi\u00e9ra Petra Fialy.<br \/><br \/>Petr Fiala, premi\u00e9r, p\u0159edseda strany \/ODS\/<br \/>&#8212;&#8212;&#8212;&#8212;&#8212;&#8212;&#8211;<br \/>U rozpo\u010dtu na leto\u0161n\u00ed rok nep\u0159edpokl\u00e1d\u00e1m \u017e\u00e1dn\u00e9 velk\u00e9 zm\u011bny, bude-li se rozpo\u010det, a to uvid\u00edme v p\u016flce roku, vyv\u00edjet n\u011bjak mimo\u0159\u00e1dn\u011b pozitivn\u011b, tak se samoz\u0159ejm\u011b budeme bavit o tom, kam m\u016f\u017eeme t\u0159eba ty prost\u0159edky sm\u011b\u0159ovat, ale znovu \u0159\u00edk\u00e1m, \u017e\u00e1dn\u00e9 dramatick\u00e9 zm\u011bny v rozpo\u010dtu pro leto\u0161n\u00ed rok nikdo o\u010dek\u00e1vat nem\u016f\u017ee.<br \/><br \/>Hlavn\u011b minist\u0159i z hnut\u00ed STAN a z Pir\u00e1tsk\u00e9 strany ale otev\u0159en\u011b usiluj\u00ed o to, aby kabinet jejich rozpo\u010dty je\u0161t\u011b b\u011bhem leto\u0161ka pos\u00edlil o miliardy korun. Argumentuj\u00ed t\u00edm, \u017ee vl\u00e1da p\u0159i lo\u0148sk\u00e9m podzimn\u00edm schvalov\u00e1n\u00ed n\u00e1vrhu rozpo\u010dtu v jejich rezortech \u0161krtala nejv\u00edc. Naopak l\u00edd\u0159i ODS a TOP 09 cht\u011bj\u00ed, aby kabinet leto\u0161n\u00ed rozpo\u010det m\u011bnil co nejm\u00e9n\u011b.<br \/><br \/>P\u00e1tek 12. dubna. Poslanci s platnost\u00ed od 1. \u010dervence schvaluj\u00ed zv\u00fd\u0161en\u00ed p\u0159\u00edsp\u011bvku na p\u00e9\u010di pro lidi s vy\u0161\u0161\u00edmi stupni\u00a0<strong>posti\u017een\u00ed<\/strong>. Vl\u00e1da za vy\u0161\u0161\u00ed d\u00e1vky zaplat\u00ed do konce roku nav\u00edc 3,5 miliardy, kter\u00e9 v rozpo\u010dtu nem\u011bla.<br \/><br \/>Marian JURE\u010cKA, vicepremi\u00e9r,\u00a0<strong>ministr<\/strong>\u00a0<strong>pr\u00e1ce<\/strong>\u00a0a soci\u00e1ln\u00edch v\u011bc\u00ed, p\u0159edseda strany \/KDU-\u010cSL\/<br \/>&#8212;&#8212;&#8212;&#8212;&#8212;&#8212;&#8211;<br \/>V\u00fdrazn\u011b zvy\u0161ujeme tu \u010d\u00e1stku pro ty lidi, kte\u0159\u00ed jsou v tom dom\u00e1c\u00edm prost\u0159ed\u00ed.<br \/><br \/>redaktor<br \/>&#8212;&#8212;&#8212;&#8212;&#8212;&#8212;&#8211;<br \/>Pr\u00e1v\u011b leto\u0161n\u00ed r\u016fst p\u0159\u00edsp\u011bvku na p\u00e9\u010di je zat\u00edm nejv\u011bt\u0161\u00edm leto\u0161n\u00edm rozpo\u010dtov\u00fdm p\u0159esunem, na kter\u00e9m se vl\u00e1da shodla. Minul\u00e9 pond\u011bl\u00ed neform\u00e1ln\u011b jednala o po\u017eadavc\u00edch ministr\u016f na zv\u00fd\u0161en\u00ed v\u00fddaj\u016f o zhruba 40 miliard. Zat\u00edm bez v\u00fdsledku. T\u0159eba ministr Mikul\u00e1\u0161 Bek chce letos p\u0159idat t\u0159i miliardy na platy nepedagog\u016f. Ministr vnitra V\u00edt Raku\u0161an po\u017eaduje p\u0159es dv\u011b miliardy na pos\u00edlen\u00ed vnit\u0159n\u00ed bezpe\u010dnosti.<br \/><br \/>Mikul\u00e1\u0161 Bek, ministr \u0161kolstv\u00ed, ml\u00e1de\u017ee a t\u011blov\u00fdchovy \/STAN\/<br \/>&#8212;&#8212;&#8212;&#8212;&#8212;&#8212;&#8211;<br \/>J\u00e1 bych si myslel, \u017ee nejm\u00e9n\u011b o 5 % by m\u011bly ty tarify v pr\u016fm\u011bru r\u016fst.<br \/><br \/>V\u00edt Raku\u0161an, 1. vicepremi\u00e9r, ministr vnitra, p\u0159edseda hnut\u00ed \/STAN\/<br \/>&#8212;&#8212;&#8212;&#8212;&#8212;&#8212;&#8211;<br \/>V\u0161ichni vn\u00edmaj\u00ed, \u017ee vnit\u0159n\u00ed bezpe\u010dnost je v t\u00e9hle dob\u011b prioritou a i t\u0159eba to, aby bylo mo\u017en\u00e9, jak jsem policist\u016fm sl\u00edbil, u\u017e od \u010dervence vr\u00e1tit stravovac\u00ed p\u0159\u00edsp\u011bvek.<br \/><br \/>Ivan Barto\u0161, vicepremi\u00e9r pro digitalizaci, ministr pro m\u00edstn\u00ed rozvoj, p\u0159edseda strany \/Pir\u00e1ti\/<br \/>&#8212;&#8212;&#8212;&#8212;&#8212;&#8212;&#8211;<br \/>My jsme m\u011bli p\u0159isl\u00edbeno ve st\u0159edn\u011bdob\u00e9m v\u00fdhledu 3,2 miliardy, nakonec to nedopadlo, by\u0165 jsme ty programy na to p\u0159ipravovali.<br \/><br \/>redaktor<br \/>&#8212;&#8212;&#8212;&#8212;&#8212;&#8212;&#8211;<br \/>Ministr Jan Lipavsk\u00fd pak varuje, \u017ee kv\u016fli \u00faspor\u00e1m nem\u00e1 jeho rezort dost pen\u011bz na opravy \u010desk\u00fdch velvyslanectv\u00ed v zahrani\u010d\u00ed.<br \/><br \/>Jan LIPAVSK\u00dd, ministr zahrani\u010d\u00ed \/Pir\u00e1ti\/<br \/>&#8212;&#8212;&#8212;&#8212;&#8212;&#8212;&#8211;<br \/>Odkl\u00e1daj\u00ed se nap\u0159\u00edklad investice na opravu n\u011bkter\u00fdch budov, neprob\u00edhaj\u00ed projekty, co\u017e se projev\u00ed sp\u00ed\u0161e dlouhodob\u011b.<br \/><br \/>redaktor<br \/>&#8212;&#8212;&#8212;&#8212;&#8212;&#8212;&#8211;<br \/>T\u0159eba ministr zdravotnictv\u00ed Vlastimil V\u00e1lek by r\u00e1d letos z\u00edskal do rozpo\u010dtu sv\u00e9ho rezortu dal\u0161\u00ed a\u017e dv\u011b miliardy korun, a to v p\u0159\u00edpad\u011b, \u017ee jeho ministerstvo stihne p\u0159ipravit reformu p\u00e9\u010de o seniory.<br \/><br \/>Vlastimil V\u00e1lek, ministr zdravotnictv\u00ed, 1. m\u00edstop\u0159edseda strany \/TOP 09\/<br \/>&#8212;&#8212;&#8212;&#8212;&#8212;&#8212;&#8211;<br \/>Principi\u00e1ln\u011b chceme pos\u00edlit transformaci akutn\u00edch l\u016f\u017eek na l\u016f\u017eka pro seniory.<br \/><br \/>redaktor<br \/>&#8212;&#8212;&#8212;&#8212;&#8212;&#8212;&#8211;<br \/>\u0160\u00e9fka TOP 09 Mark\u00e9ta Pekarov\u00e1 Adamov\u00e1 ale zvy\u0161ov\u00e1n\u00ed v\u00fddaj\u016f ministerstev nepodporuje.<br \/><br \/>Mark\u00e9ta Pekarov\u00e1 Adamov\u00e1, p\u0159edsedkyn\u011b Poslaneck\u00e9 sn\u011bmovny, p\u0159edsedkyn\u011b strany \/TOP 09\/<br \/>&#8212;&#8212;&#8212;&#8212;&#8212;&#8212;&#8211;<br \/>Probudit se v pr\u016fb\u011bhu roku s t\u00edm, \u017ee m\u00e1me dal\u0161\u00ed des\u00edtky miliard \u017e\u00e1dost\u00ed, je nep\u0159ijateln\u00e9, pokud nejsou kryty z\u00e1rove\u0148 \u00fasporami na jin\u00e9 stran\u011b.<br \/><br \/>Zbyn\u011bk STANJURA, ministr financ\u00ed, 1. m\u00edstop\u0159edseda strany \/ODS\/<br \/>&#8212;&#8212;&#8212;&#8212;&#8212;&#8212;&#8211;<br \/>Mus\u00ed to rozhodnout vl\u00e1da. My jsme v t\u00e9to chv\u00edli ud\u011blali seznam po\u017eadavk\u016f jednotliv\u00fdch ministerstev.<br \/><br \/>Alena SCHILLEROV\u00c1, p\u0159edsedkyn\u011b poslaneck\u00e9ho klubu, m\u00edstop\u0159edsedkyn\u011b hnut\u00ed \/ANO\/<br \/>&#8212;&#8212;&#8212;&#8212;&#8212;&#8212;&#8211;<br \/>Logicky se stane, \u017ee se mohou objevit n\u011bjak\u00e9 nov\u00e9 probl\u00e9my, ale 40 miliard? U rozpo\u010dtu, kter\u00fd je schv\u00e1len\u00fd a vyjednan\u00fd? Naprosto nep\u0159edstaviteln\u00e9.<br \/><br \/>redaktor<br \/>&#8212;&#8212;&#8212;&#8212;&#8212;&#8212;&#8211;<br \/>O konkr\u00e9tn\u00edch rozpo\u010dtov\u00fdch p\u0159esunech chce \u010desk\u00e1 vl\u00e1da rozhodnout v l\u00e9t\u011b. Pot\u00e9, co vyhodnot\u00ed v\u00fdvoj st\u00e1tn\u00edho rozpo\u010dtu v prvn\u00ed polovin\u011b leto\u0161n\u00edho roku. <br \/><br \/>Vl\u00e1da po schv\u00e1len\u00ed \u00fasporn\u00e9ho bal\u00ed\u010dku hospoda\u0159\u00ed v leto\u0161n\u00edm roce s ni\u017e\u0161\u00edm deficitem ne\u017e v roce minul\u00e9m. K 10. kv\u011btnu dos\u00e1hl podle dat Ministerstva financ\u00ed zas\u00edlan\u00fdch poslanc\u016fm ze sn\u011bmovn\u00edho rozpo\u010dtov\u00e9ho v\u00fdboru schodek st\u00e1tn\u00edho rozpo\u010dtu necel\u00fdch 203 miliard korun. Loni byl ke stejn\u00e9mu dni deficit t\u00e9m\u011b\u0159 o 44 miliard vy\u0161\u0161\u00ed. Celkem letos rozpo\u010det po\u010d\u00edt\u00e1 se schodkem 252 miliard korun. Na dan\u00edch a dal\u0161\u00edch odvodech chce kabinet vybrat bilion a 940 miliard. V\u00fddaje pak maj\u00ed dos\u00e1hnout dvou bilion\u016f a 192 miliard korun. Ministr financ\u00ed Zbyn\u011bk Stanjura letos n\u011bkolikr\u00e1t zopakoval, \u017ee dodr\u017een\u00ed leto\u0161n\u00edho pl\u00e1novan\u00e9ho schodku je kl\u00ed\u010dovou prioritou cel\u00e9 vl\u00e1dy.<\/p>\n\n\n\n<p><\/p>\n","protected":false},"excerpt":{"rendered":"<div class=\"mh-excerpt\"><p>\u00a0\u010cT 1 Zv\u00fd\u0161it celkov\u00e9 leto\u0161n\u00ed v\u00fddaje ministerstev a\u017e o 40 miliard korun navrhuj\u00ed \u010dlenov\u00e9 vl\u00e1dy. Zjistila to \u010cesk\u00e1 televize. V\u00edc pen\u011bz po\u017eaduj\u00ed minist\u0159i t\u0159eba pro <a class=\"mh-excerpt-more\" href=\"https:\/\/www.invarena.cz\/?p=49133\" title=\"Po\u017eadavky ministr\u016f na zm\u011bny v rozpo\u010dtu\u00a0\u00a0\">[&#8230;]<\/a><\/p>\n<\/div>","protected":false},"author":1,"featured_media":29653,"comment_status":"open","ping_status":"closed","sticky":false,"template":"","format":"standard","meta":{"footnotes":""},"categories":[1,9],"tags":[],"class_list":["post-49133","post","type-post","status-publish","format-standard","has-post-thumbnail","hentry","category-nezarazene","category-zpravy"],"_links":{"self":[{"href":"https:\/\/www.invarena.cz\/index.php?rest_route=\/wp\/v2\/posts\/49133","targetHints":{"allow":["GET"]}}],"collection":[{"href":"https:\/\/www.invarena.cz\/index.php?rest_route=\/wp\/v2\/posts"}],"about":[{"href":"https:\/\/www.invarena.cz\/index.php?rest_route=\/wp\/v2\/types\/post"}],"author":[{"embeddable":true,"href":"https:\/\/www.invarena.cz\/index.php?rest_route=\/wp\/v2\/users\/1"}],"replies":[{"embeddable":true,"href":"https:\/\/www.invarena.cz\/index.php?rest_route=%2Fwp%2Fv2%2Fcomments&post=49133"}],"version-history":[{"count":0,"href":"https:\/\/www.invarena.cz\/index.php?rest_route=\/wp\/v2\/posts\/49133\/revisions"}],"wp:featuredmedia":[{"embeddable":true,"href":"https:\/\/www.invarena.cz\/index.php?rest_route=\/wp\/v2\/media\/29653"}],"wp:attachment":[{"href":"https:\/\/www.invarena.cz\/index.php?rest_route=%2Fwp%2Fv2%2Fmedia&parent=49133"}],"wp:term":[{"taxonomy":"category","embeddable":true,"href":"https:\/\/www.invarena.cz\/index.php?rest_route=%2Fwp%2Fv2%2Fcategories&post=49133"},{"taxonomy":"post_tag","embeddable":true,"href":"https:\/\/www.invarena.cz\/index.php?rest_route=%2Fwp%2Fv2%2Ftags&post=49133"}],"curies":[{"name":"wp","href":"https:\/\/api.w.org\/{rel}","templated":true}]}}