{"id":4923,"date":"2013-05-14T17:15:16","date_gmt":"2013-05-14T15:15:16","guid":{"rendered":"http:\/\/www.invarena.cz\/?p=4923"},"modified":"2014-10-20T20:12:59","modified_gmt":"2014-10-20T18:12:59","slug":"plzenan-tyral-i-zenu-na-voziku-musi-do-basy","status":"publish","type":"post","link":"https:\/\/www.invarena.cz\/?p=4923","title":{"rendered":"Plze\u0148an t\u00fdral \u017eenu na voz\u00edku. Mus\u00ed do basy"},"content":{"rendered":"<p><strong>Mu\u017e v invalidn\u00edm d\u016fchodu se dlouh\u00e9 roky choval jako zr\u016fda. T\u00fdral svou \u017eenu na invalidn\u00edm voz\u00edku a ze sv\u00fdch ohavn\u00fdch praktik nevynech\u00e1val ani d\u011bti. Ke sv\u00fdm \u010din\u016fm se odm\u00edtl p\u0159iznat.<\/strong><br \/>\n<!--more--><br \/>\n\u0160kol\u00e1k st\u00e1l v mrazu p\u016fl hodiny nah\u00fd na balkon\u011b. Jindy d\u00edt\u011b str\u00e1vilo celou noc zav\u0159en\u00e9 v mal\u00e9m prostoru se stoupa\u010dkami panel\u00e1kov\u00e9ho bytu. Kluka dr\u017eel za nohy, spou\u0161t\u011bl ho do z\u00e1chodu a p\u0159i tom splachoval. Topil d\u00edt\u011b ve van\u011b, dokud neztratilo v\u011bdom\u00ed.<\/p>\n<p>K tomu nepo\u010d\u00edtan\u011b ran, kopanc\u016f a sprost\u00fdch nad\u00e1vek, je\u017e krom\u011b kluka dost\u00e1vala i jeho sestra a matka obou d\u011bt\u00ed, kter\u00e1 je posledn\u00ed \u010dty\u0159i roky na invalidn\u00edm voz\u00edku.<\/p>\n<p>&#8222;Nic z toho nen\u00ed pravda,&#8220; h\u00e1jil se po celou dobu souzen\u00fd \u0161estat\u0159icetilet\u00fd invalidn\u00ed d\u016fchodce s k\u0159estn\u00edm jm\u00e9nem Gabriel. Loni na podzim mu to neuv\u011b\u0159ili soudci Okresn\u00edho soudu Plze\u0148-m\u011bsto. O sv\u00e9 nevin\u011b v\u010dera nep\u0159esv\u011bd\u010dil ani odvolac\u00ed soud.<\/p>\n<p>Zvl\u00e1\u0161\u0165, kdy\u017e za n\u011bco podobn\u00e9ho byl Gabriel u\u017e v minulosti odsouzen.<\/p>\n<p>Tehdy do v\u011bzen\u00ed nemusel, te\u010f se cele nevyhne. Za sedm let tr\u00fdzn\u011bn\u00ed dru\u017eky i jej\u00edch d\u011bt\u00ed mus\u00ed s definitivn\u00ed platnost\u00ed na 4,5 roku do v\u011bzen\u00ed. Nav\u00edc tohle v\u0161e se odehr\u00e1valo v dob\u011b, kdy byl v podm\u00ednce.<\/p>\n<p>Kv\u016fli ochran\u011b ob\u011bt\u00ed z\u00e1kon neumo\u017e\u0148uje zve\u0159ejnit jejich identitu.<\/p>\n<p>Matka i ob\u011b d\u011bti m\u011bly na mu\u017ee v rodin\u011b sm\u016flu. Otec d\u011bt\u00ed byl v minulosti odsouzen za jejich t\u00fdr\u00e1n\u00ed. Ani nov\u00fd \u017eenin partner, jak te\u010f potvrdily soudy, nebyl o moc lep\u0161\u00ed. &#8222;Jsem nevinn\u00fd, zprost\u011bte m\u011b v\u0161ech obvin\u011bn\u00ed. Matka na v\u00fdchovu d\u011bt\u00ed nesta\u010dila, chodily za \u0161kolu. D\u011bti m\u011b m\u011bly jako t\u00e1tu. V\u017edy\u0165 k n\u00e1m chodily soci\u00e1ln\u00ed pracovnice, pro\u010d si \u00fadajn\u00e9ho t\u00fdr\u00e1n\u00ed nev\u0161imly?&#8220; Takov\u00e9 pou\u017eil argumenty v odvol\u00e1n\u00ed, kter\u00e9 m\u011bly v\u010dera zvr\u00e1tit verdikt soudu.<\/p>\n<p>Gabrielem t\u00fdran\u00e1 \u017eena v\u010dera k jedn\u00e1n\u00ed p\u0159ijela na invalidn\u00edm voz\u00ed\u010dku. &#8222;Mysl\u00edm, \u017ee prvn\u00ed soud rozhodl spr\u00e1vn\u011b,&#8220; odv\u011btila p\u0159edsedovi sen\u00e1tu, kdy\u017e se j\u00ed tak\u00e9 ptal, jak maj\u00ed o odvol\u00e1n\u00ed rozhodnout.<\/p>\n<p>Pro\u010d o n\u00e1sil\u00ed v rodin\u011b d\u011bti \u0159ekly soci\u00e1ln\u00edm pracovnic\u00edm a\u017e v roce 2011, kdy\u017e za nimi p\u0159i\u0161ly do \u0161koly? Podle spisu to bylo poprv\u00e9, kdy pobl\u00ed\u017e nebyl souzen\u00fd mu\u017e.<\/p>\n<p>&#8222;Je obvykl\u00e9, \u017ee ob\u011bti takov\u00e9 jedn\u00e1n\u00ed ze strachu skr\u00fdvaj\u00ed,&#8220; citovali soudci ze spisu. \u017dena podle znalc\u016f ml\u010dela i z obavy, aby d\u011bti neskon\u010dily v \u00fastavu.<\/p>\n<p>Mlad\u00e1 fronta DNES<\/p>\n","protected":false},"excerpt":{"rendered":"<div class=\"mh-excerpt\"><p>Mu\u017e v invalidn\u00edm d\u016fchodu se dlouh\u00e9 roky choval jako zr\u016fda. T\u00fdral svou \u017eenu na invalidn\u00edm voz\u00edku a ze sv\u00fdch ohavn\u00fdch praktik nevynech\u00e1val ani d\u011bti. Ke <a class=\"mh-excerpt-more\" href=\"https:\/\/www.invarena.cz\/?p=4923\" title=\"Plze\u0148an t\u00fdral \u017eenu na voz\u00edku. Mus\u00ed do basy\">[&#8230;]<\/a><\/p>\n<\/div>","protected":false},"author":1,"featured_media":1346,"comment_status":"open","ping_status":"open","sticky":false,"template":"","format":"standard","meta":{"footnotes":""},"categories":[7],"tags":[],"class_list":["post-4923","post","type-post","status-publish","format-standard","has-post-thumbnail","hentry","category-spolecnost"],"_links":{"self":[{"href":"https:\/\/www.invarena.cz\/index.php?rest_route=\/wp\/v2\/posts\/4923","targetHints":{"allow":["GET"]}}],"collection":[{"href":"https:\/\/www.invarena.cz\/index.php?rest_route=\/wp\/v2\/posts"}],"about":[{"href":"https:\/\/www.invarena.cz\/index.php?rest_route=\/wp\/v2\/types\/post"}],"author":[{"embeddable":true,"href":"https:\/\/www.invarena.cz\/index.php?rest_route=\/wp\/v2\/users\/1"}],"replies":[{"embeddable":true,"href":"https:\/\/www.invarena.cz\/index.php?rest_route=%2Fwp%2Fv2%2Fcomments&post=4923"}],"version-history":[{"count":0,"href":"https:\/\/www.invarena.cz\/index.php?rest_route=\/wp\/v2\/posts\/4923\/revisions"}],"wp:featuredmedia":[{"embeddable":true,"href":"https:\/\/www.invarena.cz\/index.php?rest_route=\/wp\/v2\/media\/1346"}],"wp:attachment":[{"href":"https:\/\/www.invarena.cz\/index.php?rest_route=%2Fwp%2Fv2%2Fmedia&parent=4923"}],"wp:term":[{"taxonomy":"category","embeddable":true,"href":"https:\/\/www.invarena.cz\/index.php?rest_route=%2Fwp%2Fv2%2Fcategories&post=4923"},{"taxonomy":"post_tag","embeddable":true,"href":"https:\/\/www.invarena.cz\/index.php?rest_route=%2Fwp%2Fv2%2Ftags&post=4923"}],"curies":[{"name":"wp","href":"https:\/\/api.w.org\/{rel}","templated":true}]}}