{"id":4932,"date":"2013-05-14T17:32:30","date_gmt":"2013-05-14T15:32:30","guid":{"rendered":"http:\/\/www.invarena.cz\/?p=4932"},"modified":"2013-05-15T11:37:43","modified_gmt":"2013-05-15T09:37:43","slug":"alena-jancikova-ziskala-cenu-olgy-havlove","status":"publish","type":"post","link":"https:\/\/www.invarena.cz\/?p=4932","title":{"rendered":"Alena Jan\u010d\u00edkov\u00e1 z\u00edskala cenu Olgy Havlov\u00e9"},"content":{"rendered":"<p><strong>V\u00fdbor dobr\u00e9 v\u016fle &#8211; Nadace Olgy Havlov\u00e9 ka\u017edoro\u010dn\u011b ud\u011bluje cenu lidem, kte\u0159\u00ed navzdory sv\u00e9mu handicapu jdou d\u00e1l a nemysl\u00ed jen na sebe. Sna\u017e\u00ed se pom\u00e1hat i druh\u00fdm. Letos cenu obdr\u017eela Alena Jan\u010d\u00edkov\u00e1 (foto), \u0159editelka \u010cesk\u00e9 asociace paraplegik\u016f.<\/strong><br \/>\n<!--more--><br \/>\nSlavnostn\u00ed vyhl\u00e1\u0161en\u00ed prob\u011bhlo v\u010dera v pra\u017esk\u00e9m muzeu Kampa a Alenu Jan\u010d\u00edkovou ocen\u011bn\u00ed pot\u011b\u0161ilo. Je pro n\u00ed dal\u0161\u00ed motivac\u00ed v pr\u00e1ci za zlep\u0161en\u00ed podm\u00ednek t\u011blesn\u011b posti\u017een\u00fdch. &#8222;N\u011bkdy m\u00e1 \u010dlov\u011bk pocit, \u017ee u\u017e hod\u00ed flintu do \u017eita. Cena ale ukazuje, \u017ee \u00fasil\u00ed m\u00e1 smysl a \u017ee si toho lid\u00e9 tak\u00e9 v\u0161\u00edmaj\u00ed,&#8220; uvedla Jan\u010d\u00edkov\u00e1.<\/p>\n<p>&#8222;Leto\u0161n\u00ed nositelka ceny ochrnula n\u00e1sledkem t\u011b\u017ek\u00e9ho \u00farazu, p\u0159esto p\u0159ijala opravdovou v\u00fdzvu a velice \u00fasp\u011b\u0161n\u011b \u0159\u00edd\u00ed sdru\u017een\u00ed s celorepublikovou p\u016fsobnost\u00ed,&#8220; \u0159ekla \u0159editelka v\u00fdboru Milena \u010cern\u00e1.<\/p>\n<p>Jan\u010d\u00edkov\u00e1 v osmn\u00e1cti letech spadla ze stromu. Po p\u00e1du utrp\u011bla \u00faraz m\u00edchy s n\u00e1sledkem ochrnut\u00ed. S handicapem se v\u0161ak vyrovnala a dok\u00e1zala dokon\u010dit st\u0159edn\u00ed \u0161kolu. N\u00e1sledn\u011b z\u00edskala pr\u00e1ci na M\u011bstsk\u00e9m \u00fa\u0159ad\u011b v Brunt\u00e1le. A pak p\u0159e\u0161la do pra\u017esk\u00e9ho centra Paraple. Kdy\u017e se j\u00ed naskytla mo\u017enost, aby se stala \u0159editelkou \u010cesk\u00e9 asociace paraplegik\u016f, nezav\u00e1hala.<\/p>\n<p>&#8222;Jako \u0159editelka asociace lid\u00ed ochrnut\u00fdch po po\u0161kozen\u00ed m\u00edchy, kter\u00e1 m\u00e1 vlastn\u00ed zku\u0161enost s m\u00ed\u0161n\u00edm \u00farazem a dal\u0161\u00edm \u017eivotem na voz\u00edku, nastavuje a otev\u00edr\u00e1 nov\u00e9 projekty t\u00e9to organizace,&#8220; uvedla \u010cern\u00e1.<\/p>\n<p>Ji\u0159\u00ed Marek<br \/>\ninvArena<\/p>\n","protected":false},"excerpt":{"rendered":"<div class=\"mh-excerpt\"><p>V\u00fdbor dobr\u00e9 v\u016fle &#8211; Nadace Olgy Havlov\u00e9 ka\u017edoro\u010dn\u011b ud\u011bluje cenu lidem, kte\u0159\u00ed navzdory sv\u00e9mu handicapu jdou d\u00e1l a nemysl\u00ed jen na sebe. Sna\u017e\u00ed se pom\u00e1hat <a class=\"mh-excerpt-more\" href=\"https:\/\/www.invarena.cz\/?p=4932\" title=\"Alena Jan\u010d\u00edkov\u00e1 z\u00edskala cenu Olgy Havlov\u00e9\">[&#8230;]<\/a><\/p>\n<\/div>","protected":false},"author":3,"featured_media":4941,"comment_status":"open","ping_status":"open","sticky":false,"template":"","format":"standard","meta":{"footnotes":""},"categories":[7],"tags":[],"class_list":["post-4932","post","type-post","status-publish","format-standard","has-post-thumbnail","hentry","category-spolecnost"],"_links":{"self":[{"href":"https:\/\/www.invarena.cz\/index.php?rest_route=\/wp\/v2\/posts\/4932","targetHints":{"allow":["GET"]}}],"collection":[{"href":"https:\/\/www.invarena.cz\/index.php?rest_route=\/wp\/v2\/posts"}],"about":[{"href":"https:\/\/www.invarena.cz\/index.php?rest_route=\/wp\/v2\/types\/post"}],"author":[{"embeddable":true,"href":"https:\/\/www.invarena.cz\/index.php?rest_route=\/wp\/v2\/users\/3"}],"replies":[{"embeddable":true,"href":"https:\/\/www.invarena.cz\/index.php?rest_route=%2Fwp%2Fv2%2Fcomments&post=4932"}],"version-history":[{"count":0,"href":"https:\/\/www.invarena.cz\/index.php?rest_route=\/wp\/v2\/posts\/4932\/revisions"}],"wp:featuredmedia":[{"embeddable":true,"href":"https:\/\/www.invarena.cz\/index.php?rest_route=\/wp\/v2\/media\/4941"}],"wp:attachment":[{"href":"https:\/\/www.invarena.cz\/index.php?rest_route=%2Fwp%2Fv2%2Fmedia&parent=4932"}],"wp:term":[{"taxonomy":"category","embeddable":true,"href":"https:\/\/www.invarena.cz\/index.php?rest_route=%2Fwp%2Fv2%2Fcategories&post=4932"},{"taxonomy":"post_tag","embeddable":true,"href":"https:\/\/www.invarena.cz\/index.php?rest_route=%2Fwp%2Fv2%2Ftags&post=4932"}],"curies":[{"name":"wp","href":"https:\/\/api.w.org\/{rel}","templated":true}]}}